{"id":57427,"date":"2021-05-24T18:09:54","date_gmt":"2021-05-24T18:09:54","guid":{"rendered":"http:\/\/www.noticiasradioreflejos.com.ar\/2021\/?p=57427"},"modified":"2021-05-24T18:09:54","modified_gmt":"2021-05-24T18:09:54","slug":"informacion-para-pacientes-acerca-del-seguimiento-telefonico-de-casos-covid-19-positivos-leves","status":"publish","type":"post","link":"https:\/\/www.noticiasradioreflejos.com.ar\/2021\/informacion-para-pacientes-acerca-del-seguimiento-telefonico-de-casos-covid-19-positivos-leves\/","title":{"rendered":"Informaci\u00f3n para pacientes acerca del seguimiento telef\u00f3nico de casos Covid-19 Positivos Leves."},"content":{"rendered":"<p><span style=\"font-weight: 400;\">La Secretar\u00eda de Salud Municipal, pone en conocimiento de la poblaci\u00f3n el procedimiento\u00a0 del sistema de seguimientos telef\u00f3nicos de pacientes Covid-19 POSITIVOS de casos LEVES.<\/span><!--more--><\/p>\n<p><span style=\"font-weight: 400;\">Est\u00e1 destinado al control de aquellos casos que sean LEVES (no requieren internaci\u00f3n) y es una forma de contacto peri\u00f3dico de los mismos con el sistema de salud a trav\u00e9s de algunos de los agentes de salud asignados a dicha labor.\u00a0<\/span><\/p>\n<p><span style=\"font-weight: 400;\">Los objetivos del sistema son:<\/span><\/p>\n<ul>\n<li style=\"font-weight: 400;\" aria-level=\"1\"><span style=\"font-weight: 400;\">Orientar a los pacientes acerca de las formas de aislamiento requeridas para cada situaci\u00f3n.<\/span><\/li>\n<li style=\"font-weight: 400;\" aria-level=\"1\"><span style=\"font-weight: 400;\">Colaborar con el cumplimiento del mismo, a trav\u00e9s de la orientaci\u00f3n para acceder a los recursos b\u00e1sicos (alimento, medicaci\u00f3n, etc) para aquellas personas que no cuenten con apoyo de acompa\u00f1antes solidarios o familiares\u00a0 no aislados que se los puedan alcanzar.<\/span><\/li>\n<li style=\"font-weight: 400;\" aria-level=\"1\"><span style=\"font-weight: 400;\">\u00a0Detectar s\u00edntomas en forma precoz, que requieran iniciar alg\u00fan tratamiento, o necesidad de asistencia en un centro de salud.<\/span><\/li>\n<li style=\"font-weight: 400;\" aria-level=\"1\"><span style=\"font-weight: 400;\">Activar servicio de emergencia para traslado de casos en los que el paciente presente un cuadro urgente, o no cuente con medios para acercarse al centro de atenci\u00f3n porque se\u00a0 encuentre solo, sin veh\u00edculo para trasladarse y requiera una evaluaci\u00f3n.<\/span><\/li>\n<\/ul>\n<p><b>MODALIDAD DE CONTROLES:<\/b><\/p>\n<p><b>CONTACTO INICIAL<\/b><span style=\"font-weight: 400;\">: al momento de ser notificado del resultado POSITIVO recibir\u00e1, adjunto a este instructivo, una planilla con:<\/span><\/p>\n<ol>\n<li style=\"font-weight: 400;\" aria-level=\"1\"><span style=\"font-weight: 400;\">la notificaci\u00f3n de dicho resultado.<\/span><\/li>\n<li style=\"font-weight: 400;\" aria-level=\"1\"><span style=\"font-weight: 400;\">los tel\u00e9fonos para\u00a0 seguimiento y notificaci\u00f3n de contactos.\u00a0<\/span><\/li>\n<li style=\"font-weight: 400;\" aria-level=\"1\"><span style=\"font-weight: 400;\">una planilla con los datos necesarios establecer\u00a0 tanto el aislamiento familiar como el de los contactos estrechos. Es MUY IMPORTANTE que en dicha planilla ponga CLARAMENTE la fecha de inicio de s\u00edntomas y la fecha en que estuvo por \u00faltima vez\u00a0 con dichos contactos.<\/span><\/li>\n<\/ol>\n<p><span style=\"font-weight: 400;\">La planilla deber\u00e1 ser completada con letra clara y legible, con TODOS LOS DATOS SOLICITADOS y enviada por foto al tel\u00e9fono que se indica.<\/span><\/p>\n<p><span style=\"font-weight: 400;\">En caso de no disponer de WhatsApp, debe avisarlo al momento del hisopado, y la informaci\u00f3n le ser\u00e1 solicitada por\u00a0 tel\u00e9fono.<\/span><\/p>\n<p><b>SEGUIMIENTO DIARIO<\/b><span style=\"font-weight: 400;\">: El aislamiento por ser positivo, ser\u00e1 de <\/span><b>10 d\u00edas a partir del inicio de los s\u00edntomas. <\/b><span style=\"font-weight: 400;\">Cada 48 hs el servicio de seguimiento Covid, har\u00e1 contacto por WhatsApp o por tel\u00e9fono, seg\u00fan la disponibilidad del paciente (hay pacientes que solo poseen wifi, particularmente en las zonas serranas y rurales).<\/span><\/p>\n<p><span style=\"font-weight: 400;\">En general, los mensajes de audio de WhatsApp, suelen ser la manera m\u00e1s segura de que el mensaje sea recibido completo, ya que tanto\u00a0 video llamadas como llamadas por wtspp presentan dificultades de conexi\u00f3n por la se\u00f1al de internet.\u00a0\u00a0<\/span><\/p>\n<p><span style=\"font-weight: 400;\">Las personas que no tengan WhatsApp , ser\u00e1n contactadas por tel\u00e9fono con igual frecuencia al igual que aquellas que no respondan al mensaje de WhatsApp.<\/span><\/p>\n<p><span style=\"font-weight: 400;\">Seg\u00fan la situaci\u00f3n cl\u00ednica de cada caso, ser\u00e1n orientados por alguno de los m\u00e9dicos de seguimiento al inicio de un tratamiento o se les sugerir\u00e1 concurrencia a un centro de atenci\u00f3n cercano para una evaluaci\u00f3n (control de signos vitales y saturaci\u00f3n de ox\u00edgeno, realizaci\u00f3n de radiograf\u00edas o an\u00e1lisis de laboratorio seg\u00fan se considere en cada caso) ya que los mismos NO PUEDEN REALIZARSE POR VIA TELEFONICA.<\/span><\/p>\n<p><span style=\"font-weight: 400;\">Si surgiera dicha necesidad, en caso de encontrarse solo o no poseer veh\u00edculo, se gestionara un veh\u00edculo de salud para facilitar su traslado.\u00a0<\/span><\/p>\n<p><span style=\"font-weight: 400;\">Si durante los d\u00edas de su aislamiento, tiene una duda, inquietud o s\u00edntoma nuevo, podr\u00e1 comunicarse a la <\/span><b>GUARDIA TELEFONICA COVID<\/b><span style=\"font-weight: 400;\"> que se detalla en la planilla adjunta, por tel\u00e9fono\u00a0 o whatsApp.\u00a0<\/span><\/p>\n<p><b>EN CASO DE TENER UNA EMERGENCIA, CONTACTESE DIRECTAMENTE CON LOS CENTROS DE ATENCION DE EMERGENCIAS CERCANO A SU CASA:<\/b><\/p>\n<p><span style=\"font-weight: 400;\">-HOSPITAL MUNICIPAL DE TORNQUIST: 107 desde tel\u00e9fono fijo; o 4941020\/4940647\/4940667<\/span><\/p>\n<p><span style=\"font-weight: 400;\">-SALA DE SIERRA DE LA VENTANA: 4915030<\/span><\/p>\n","protected":false},"excerpt":{"rendered":"<p>La Secretar\u00eda de Salud Municipal, pone en conocimiento de la poblaci\u00f3n el procedimiento\u00a0 del sistema de seguimientos telef\u00f3nicos de pacientes Covid-19 POSITIVOS de casos LEVES.<\/p>\n","protected":false},"author":3,"featured_media":0,"comment_status":"closed","ping_status":"closed","sticky":false,"template":"","format":"standard","meta":{"footnotes":""},"categories":[28,30],"tags":[],"class_list":["post-57427","post","type-post","status-publish","format-standard","hentry","category-municipales","category-salud"],"yoast_head":"<!-- This site is optimized with the Yoast SEO plugin v25.9 - https:\/\/yoast.com\/wordpress\/plugins\/seo\/ -->\n<title>Informaci\u00f3n para pacientes acerca del seguimiento telef\u00f3nico de casos Covid-19 Positivos Leves. - Noticias Radio Reflejos<\/title>\n<meta name=\"robots\" content=\"index, follow, max-snippet:-1, max-image-preview:large, max-video-preview:-1\" \/>\n<link rel=\"canonical\" href=\"https:\/\/www.noticiasradioreflejos.com.ar\/2021\/informacion-para-pacientes-acerca-del-seguimiento-telefonico-de-casos-covid-19-positivos-leves\/\" \/>\n<meta property=\"og:locale\" content=\"es_ES\" \/>\n<meta property=\"og:type\" content=\"article\" \/>\n<meta property=\"og:title\" content=\"Informaci\u00f3n para pacientes acerca del seguimiento telef\u00f3nico de casos Covid-19 Positivos Leves. - Noticias Radio Reflejos\" \/>\n<meta property=\"og:description\" content=\"La Secretar\u00eda de Salud Municipal, pone en conocimiento de la poblaci\u00f3n el procedimiento\u00a0 del sistema de seguimientos telef\u00f3nicos de pacientes Covid-19 POSITIVOS de casos LEVES.\" \/>\n<meta property=\"og:url\" content=\"https:\/\/www.noticiasradioreflejos.com.ar\/2021\/informacion-para-pacientes-acerca-del-seguimiento-telefonico-de-casos-covid-19-positivos-leves\/\" \/>\n<meta property=\"og:site_name\" content=\"Noticias Radio Reflejos\" \/>\n<meta property=\"article:published_time\" content=\"2021-05-24T18:09:54+00:00\" \/>\n<meta property=\"og:image\" content=\"https:\/\/www.noticiasradioreflejos.com.ar\/2021\/wp-content\/uploads\/2020\/12\/Coronavirus-5-696x348-1.jpg\" \/>\n\t<meta property=\"og:image:width\" content=\"696\" \/>\n\t<meta property=\"og:image:height\" content=\"348\" \/>\n\t<meta property=\"og:image:type\" content=\"image\/jpeg\" \/>\n<meta name=\"author\" content=\"Arnaldo Botto\" \/>\n<meta name=\"twitter:card\" content=\"summary_large_image\" \/>\n<script type=\"application\/ld+json\" class=\"yoast-schema-graph\">{\"@context\":\"https:\/\/schema.org\",\"@graph\":[{\"@type\":\"WebPage\",\"@id\":\"https:\/\/www.noticiasradioreflejos.com.ar\/2021\/informacion-para-pacientes-acerca-del-seguimiento-telefonico-de-casos-covid-19-positivos-leves\/\",\"url\":\"https:\/\/www.noticiasradioreflejos.com.ar\/2021\/informacion-para-pacientes-acerca-del-seguimiento-telefonico-de-casos-covid-19-positivos-leves\/\",\"name\":\"Informaci\u00f3n para pacientes acerca del seguimiento telef\u00f3nico de casos Covid-19 Positivos Leves. - Noticias Radio Reflejos\",\"isPartOf\":{\"@id\":\"https:\/\/www.noticiasradioreflejos.com.ar\/2021\/#website\"},\"datePublished\":\"2021-05-24T18:09:54+00:00\",\"author\":{\"@id\":\"https:\/\/www.noticiasradioreflejos.com.ar\/2021\/#\/schema\/person\/ad82545263dcc5ec0996818884fd5fb1\"},\"breadcrumb\":{\"@id\":\"https:\/\/www.noticiasradioreflejos.com.ar\/2021\/informacion-para-pacientes-acerca-del-seguimiento-telefonico-de-casos-covid-19-positivos-leves\/#breadcrumb\"},\"inLanguage\":\"es\",\"potentialAction\":[{\"@type\":\"ReadAction\",\"target\":[\"https:\/\/www.noticiasradioreflejos.com.ar\/2021\/informacion-para-pacientes-acerca-del-seguimiento-telefonico-de-casos-covid-19-positivos-leves\/\"]}]},{\"@type\":\"BreadcrumbList\",\"@id\":\"https:\/\/www.noticiasradioreflejos.com.ar\/2021\/informacion-para-pacientes-acerca-del-seguimiento-telefonico-de-casos-covid-19-positivos-leves\/#breadcrumb\",\"itemListElement\":[{\"@type\":\"ListItem\",\"position\":1,\"name\":\"Portada\",\"item\":\"https:\/\/www.noticiasradioreflejos.com.ar\/2021\/\"},{\"@type\":\"ListItem\",\"position\":2,\"name\":\"Informaci\u00f3n para pacientes acerca del seguimiento telef\u00f3nico de casos Covid-19 Positivos Leves.\"}]},{\"@type\":\"WebSite\",\"@id\":\"https:\/\/www.noticiasradioreflejos.com.ar\/2021\/#website\",\"url\":\"https:\/\/www.noticiasradioreflejos.com.ar\/2021\/\",\"name\":\"Noticias Radio Reflejos\",\"description\":\"Las noticias de mi comarca\",\"potentialAction\":[{\"@type\":\"SearchAction\",\"target\":{\"@type\":\"EntryPoint\",\"urlTemplate\":\"https:\/\/www.noticiasradioreflejos.com.ar\/2021\/?s={search_term_string}\"},\"query-input\":{\"@type\":\"PropertyValueSpecification\",\"valueRequired\":true,\"valueName\":\"search_term_string\"}}],\"inLanguage\":\"es\"},{\"@type\":\"Person\",\"@id\":\"https:\/\/www.noticiasradioreflejos.com.ar\/2021\/#\/schema\/person\/ad82545263dcc5ec0996818884fd5fb1\",\"name\":\"Arnaldo Botto\",\"image\":{\"@type\":\"ImageObject\",\"inLanguage\":\"es\",\"@id\":\"https:\/\/www.noticiasradioreflejos.com.ar\/2021\/#\/schema\/person\/image\/\",\"url\":\"https:\/\/secure.gravatar.com\/avatar\/55cb5e37c1efa326397366e6974cb338056df65cb50e7d64d1cf314e87504837?s=96&d=mm&r=g\",\"contentUrl\":\"https:\/\/secure.gravatar.com\/avatar\/55cb5e37c1efa326397366e6974cb338056df65cb50e7d64d1cf314e87504837?s=96&d=mm&r=g\",\"caption\":\"Arnaldo Botto\"},\"url\":\"https:\/\/www.noticiasradioreflejos.com.ar\/2021\/author\/arnaldo\/\"}]}<\/script>\n<!-- \/ Yoast SEO plugin. -->","yoast_head_json":{"title":"Informaci\u00f3n para pacientes acerca del seguimiento telef\u00f3nico de casos Covid-19 Positivos Leves. - Noticias Radio Reflejos","robots":{"index":"index","follow":"follow","max-snippet":"max-snippet:-1","max-image-preview":"max-image-preview:large","max-video-preview":"max-video-preview:-1"},"canonical":"https:\/\/www.noticiasradioreflejos.com.ar\/2021\/informacion-para-pacientes-acerca-del-seguimiento-telefonico-de-casos-covid-19-positivos-leves\/","og_locale":"es_ES","og_type":"article","og_title":"Informaci\u00f3n para pacientes acerca del seguimiento telef\u00f3nico de casos Covid-19 Positivos Leves. - Noticias Radio Reflejos","og_description":"La Secretar\u00eda de Salud Municipal, pone en conocimiento de la poblaci\u00f3n el procedimiento\u00a0 del sistema de seguimientos telef\u00f3nicos de pacientes Covid-19 POSITIVOS de casos LEVES.","og_url":"https:\/\/www.noticiasradioreflejos.com.ar\/2021\/informacion-para-pacientes-acerca-del-seguimiento-telefonico-de-casos-covid-19-positivos-leves\/","og_site_name":"Noticias Radio Reflejos","article_published_time":"2021-05-24T18:09:54+00:00","og_image":[{"width":696,"height":348,"url":"https:\/\/www.noticiasradioreflejos.com.ar\/2021\/wp-content\/uploads\/2020\/12\/Coronavirus-5-696x348-1.jpg","type":"image\/jpeg"}],"author":"Arnaldo Botto","twitter_card":"summary_large_image","schema":{"@context":"https:\/\/schema.org","@graph":[{"@type":"WebPage","@id":"https:\/\/www.noticiasradioreflejos.com.ar\/2021\/informacion-para-pacientes-acerca-del-seguimiento-telefonico-de-casos-covid-19-positivos-leves\/","url":"https:\/\/www.noticiasradioreflejos.com.ar\/2021\/informacion-para-pacientes-acerca-del-seguimiento-telefonico-de-casos-covid-19-positivos-leves\/","name":"Informaci\u00f3n para pacientes acerca del seguimiento telef\u00f3nico de casos Covid-19 Positivos Leves. - Noticias Radio Reflejos","isPartOf":{"@id":"https:\/\/www.noticiasradioreflejos.com.ar\/2021\/#website"},"datePublished":"2021-05-24T18:09:54+00:00","author":{"@id":"https:\/\/www.noticiasradioreflejos.com.ar\/2021\/#\/schema\/person\/ad82545263dcc5ec0996818884fd5fb1"},"breadcrumb":{"@id":"https:\/\/www.noticiasradioreflejos.com.ar\/2021\/informacion-para-pacientes-acerca-del-seguimiento-telefonico-de-casos-covid-19-positivos-leves\/#breadcrumb"},"inLanguage":"es","potentialAction":[{"@type":"ReadAction","target":["https:\/\/www.noticiasradioreflejos.com.ar\/2021\/informacion-para-pacientes-acerca-del-seguimiento-telefonico-de-casos-covid-19-positivos-leves\/"]}]},{"@type":"BreadcrumbList","@id":"https:\/\/www.noticiasradioreflejos.com.ar\/2021\/informacion-para-pacientes-acerca-del-seguimiento-telefonico-de-casos-covid-19-positivos-leves\/#breadcrumb","itemListElement":[{"@type":"ListItem","position":1,"name":"Portada","item":"https:\/\/www.noticiasradioreflejos.com.ar\/2021\/"},{"@type":"ListItem","position":2,"name":"Informaci\u00f3n para pacientes acerca del seguimiento telef\u00f3nico de casos Covid-19 Positivos Leves."}]},{"@type":"WebSite","@id":"https:\/\/www.noticiasradioreflejos.com.ar\/2021\/#website","url":"https:\/\/www.noticiasradioreflejos.com.ar\/2021\/","name":"Noticias Radio Reflejos","description":"Las noticias de mi comarca","potentialAction":[{"@type":"SearchAction","target":{"@type":"EntryPoint","urlTemplate":"https:\/\/www.noticiasradioreflejos.com.ar\/2021\/?s={search_term_string}"},"query-input":{"@type":"PropertyValueSpecification","valueRequired":true,"valueName":"search_term_string"}}],"inLanguage":"es"},{"@type":"Person","@id":"https:\/\/www.noticiasradioreflejos.com.ar\/2021\/#\/schema\/person\/ad82545263dcc5ec0996818884fd5fb1","name":"Arnaldo Botto","image":{"@type":"ImageObject","inLanguage":"es","@id":"https:\/\/www.noticiasradioreflejos.com.ar\/2021\/#\/schema\/person\/image\/","url":"https:\/\/secure.gravatar.com\/avatar\/55cb5e37c1efa326397366e6974cb338056df65cb50e7d64d1cf314e87504837?s=96&d=mm&r=g","contentUrl":"https:\/\/secure.gravatar.com\/avatar\/55cb5e37c1efa326397366e6974cb338056df65cb50e7d64d1cf314e87504837?s=96&d=mm&r=g","caption":"Arnaldo Botto"},"url":"https:\/\/www.noticiasradioreflejos.com.ar\/2021\/author\/arnaldo\/"}]}},"_links":{"self":[{"href":"https:\/\/www.noticiasradioreflejos.com.ar\/2021\/wp-json\/wp\/v2\/posts\/57427","targetHints":{"allow":["GET"]}}],"collection":[{"href":"https:\/\/www.noticiasradioreflejos.com.ar\/2021\/wp-json\/wp\/v2\/posts"}],"about":[{"href":"https:\/\/www.noticiasradioreflejos.com.ar\/2021\/wp-json\/wp\/v2\/types\/post"}],"author":[{"embeddable":true,"href":"https:\/\/www.noticiasradioreflejos.com.ar\/2021\/wp-json\/wp\/v2\/users\/3"}],"replies":[{"embeddable":true,"href":"https:\/\/www.noticiasradioreflejos.com.ar\/2021\/wp-json\/wp\/v2\/comments?post=57427"}],"version-history":[{"count":1,"href":"https:\/\/www.noticiasradioreflejos.com.ar\/2021\/wp-json\/wp\/v2\/posts\/57427\/revisions"}],"predecessor-version":[{"id":57428,"href":"https:\/\/www.noticiasradioreflejos.com.ar\/2021\/wp-json\/wp\/v2\/posts\/57427\/revisions\/57428"}],"wp:attachment":[{"href":"https:\/\/www.noticiasradioreflejos.com.ar\/2021\/wp-json\/wp\/v2\/media?parent=57427"}],"wp:term":[{"taxonomy":"category","embeddable":true,"href":"https:\/\/www.noticiasradioreflejos.com.ar\/2021\/wp-json\/wp\/v2\/categories?post=57427"},{"taxonomy":"post_tag","embeddable":true,"href":"https:\/\/www.noticiasradioreflejos.com.ar\/2021\/wp-json\/wp\/v2\/tags?post=57427"}],"curies":[{"name":"wp","href":"https:\/\/api.w.org\/{rel}","templated":true}]}}