{"id":57422,"date":"2021-05-24T16:56:21","date_gmt":"2021-05-24T16:56:21","guid":{"rendered":"http:\/\/www.noticiasradioreflejos.com.ar\/2021\/?p=57422"},"modified":"2021-05-26T13:36:49","modified_gmt":"2021-05-26T13:36:49","slug":"seran-mas-estrictos-los-controles-para-el-cierre-de-comercios-a-las-18-horas","status":"publish","type":"post","link":"https:\/\/www.noticiasradioreflejos.com.ar\/2021\/seran-mas-estrictos-los-controles-para-el-cierre-de-comercios-a-las-18-horas\/","title":{"rendered":"Ser\u00e1n mas estrictos los controles para el cierre de comercios a las 18 horas."},"content":{"rendered":"<p>El Secretario de Gobierno y Seguridad, Ezequiel Gabella, dialogo con este medio sobre el alcance de las medidas impuestas desde provincia en el marco de las nuevas restricciones para mitigar el impacto de la segunda ola de Covid-19.<!--more--><\/p>\n<p>Luego de las palabras del Presidente de la Naci\u00f3n, Alberto Fern\u00e1ndez, el confinamiento estricto tendr\u00e1 un plazo de 9 d\u00edas, desde las 00 Hs del pasado s\u00e1bado hasta el domingo 30 inclusive.<\/p>\n<p>&nbsp;<\/p>\n<p>Las restricciones, que apuntan a descomprimir el sistema sanitario ante el crecimiento de casos, han recibido \u201cun fuerte acatamiento pese a las quejas y malestar\u201d, afirm\u00f3 Gabella.<\/p>\n<p>&nbsp;<\/p>\n<p>La normativa indica que \u00fanicamente personal esencial puede circular con el permiso debido, solicitado a trav\u00e9s de la aplicaci\u00f3n CuidAR, luego de las 18 Hs. Sin dudas, es un duro golpe al comercio, que debe cerrar sus puertas nuevamente.<\/p>\n<p>&nbsp;<\/p>\n<p>En cuanto a las dudas generadas, Gabella explic\u00f3 que \u201cen los pueblos hay una gran ventaja porque uno como funcionario puede comunicarse de forma directa con los vecinos, intentamos mantener un margen horario para que la actividad pueda desarrollarse, evitando los conglomerados, pero tuvimos que acatar la medida sin objeci\u00f3n que baj\u00f3 desde Provincia\u201d.<\/p>\n<p>&nbsp;<\/p>\n<p>El horario de circulaci\u00f3n permitido para no esenciales se encuentra dentro de la franja horaria de 6 a 18 Hs: \u201cTodo comercio no exceptuado tiene que cerrar, las actividades deportivas en lugares cerrados y espacios abiertos de manera grupal, tambi\u00e9n. Equivocadas o no, tenemos que cumplir con las normativas\u201d, indic\u00f3.<\/p>\n<p>&nbsp;<\/p>\n<p>Y agreg\u00f3: \u201cQue los comerciantes entiendan que no es algo que manejamos nosotros. Nos toca cumplir una orden de Provincia que no podemos objetar. En este momento es esencial cuidar la salud y al odio tenemos que dejarlo para otro momento. Nos tenemos que cuidar aun sabiendo que se sufre, pero estamos preparados con un buen sistema de salud\u201d.<\/p>\n<p>&nbsp;<\/p>\n<p>Las fuerzas de seguridad controlar\u00e1n que se cumplan las medidas, aunque \u201cnadie va a ir preso\u201d, ya que en los primeros d\u00edas del confinamiento se busca concientizar a la gente.<\/p>\n<p>&nbsp;<\/p>\n<p>\u201cLa gente que necesita y debe salir a trabajar, puede hacerlo respetando el horario de circulaci\u00f3n\u201d, detall\u00f3, ante la duda de muchos trabajadores informales.<\/p>\n<p>&nbsp;<\/p>\n<p>Siendo las reuniones sociales el principal motivo del aumento de casos, el paquete de medidas del nuevo confinamiento indica que se encuentran prohibidas todas reuniones sociales en espacios cerrados y p\u00fablicos: \u201cSabemos que la gente se junta y pagan los platos rotos los comerciantes\u201d, sostuvo.<\/p>\n<p>&nbsp;<\/p>\n<p>Al momento, el n\u00famero total de activos dentro del Distrito de Tornquist es de 150 casos, ubicando a la localidad de Tornquist y Sierra de la Ventana como focos principales: \u201cEstamos en un momento muy cr\u00edtico, pero de estas situaciones se sale respetando las medidas, tal y como lo demostr\u00f3 Saldungaray\u201d.<\/p>\n<p>&nbsp;<\/p>\n<p>Con un \u201cbuen ritmo de vacunaci\u00f3n\u201d, nuevas dosis han llegado al Distrito, posibilitando continuar con las inoculaciones. Al momento, todos los mayores de 60 a\u00f1os que se han inscripto en la campa\u00f1a, han recibido, al menos, la primera dosis.<\/p>\n<p>&nbsp;<\/p>\n<p>\u201cLa gente est\u00e1 muy conforme y sabemos que la vacuna es una de las principales claves para enfrentar de forma eficiente al virus. Ya estamos vacunando a la poblaci\u00f3n que se encuentra en la franja etaria de 50 a 60 a\u00f1os\u201d, concluy\u00f3.<\/p>\n<p><iframe loading=\"lazy\" src=\"https:\/\/w.soundcloud.com\/player\/?url=https%3A\/\/api.soundcloud.com\/tracks\/1056010213&amp;color=%23ff5500&amp;auto_play=false&amp;hide_related=false&amp;show_comments=true&amp;show_user=true&amp;show_reposts=false&amp;show_teaser=true\" width=\"100%\" height=\"166\" frameborder=\"no\" scrolling=\"no\"><\/iframe><\/p>\n<div style=\"font-size: 10px; color: #cccccc; line-break: anywhere; word-break: normal; overflow: hidden; white-space: nowrap; text-overflow: ellipsis; font-family: Interstate,Lucida Grande,Lucida Sans Unicode,Lucida Sans,Garuda,Verdana,Tahoma,sans-serif; font-weight: 100;\"><a style=\"color: #cccccc; text-decoration: none;\" title=\"fmreflejos 103.7\" href=\"https:\/\/soundcloud.com\/fmreflejos-103-7\" target=\"_blank\" rel=\"noopener\">fmreflejos 103.7<\/a> \u00b7 <a style=\"color: #cccccc; text-decoration: none;\" title=\"Nota - Ezequiel - Gabella - 240521.mp3 Original\" href=\"https:\/\/soundcloud.com\/fmreflejos-103-7\/nota-ezequiel-gabella-240521mp3-original\" target=\"_blank\" rel=\"noopener\">Nota &#8211; Ezequiel &#8211; Gabella &#8211; 240521.mp3 Original<\/a><\/div>\n","protected":false},"excerpt":{"rendered":"<p>El Secretario de Gobierno y Seguridad, Ezequiel Gabella, dialogo con este medio sobre el alcance de las medidas impuestas desde provincia en el marco de las nuevas restricciones para mitigar el impacto de la segunda ola de Covid-19.<\/p>\n","protected":false},"author":3,"featured_media":0,"comment_status":"closed","ping_status":"closed","sticky":false,"template":"","format":"standard","meta":{"footnotes":""},"categories":[28,24],"tags":[48],"class_list":["post-57422","post","type-post","status-publish","format-standard","hentry","category-municipales","category-politica","tag-destacada"],"yoast_head":"<!-- This site is optimized with the Yoast SEO plugin v25.9 - https:\/\/yoast.com\/wordpress\/plugins\/seo\/ -->\n<title>Ser\u00e1n mas estrictos los controles para el cierre de comercios a las 18 horas. - Noticias Radio Reflejos<\/title>\n<meta name=\"robots\" content=\"index, follow, max-snippet:-1, max-image-preview:large, max-video-preview:-1\" \/>\n<link rel=\"canonical\" href=\"https:\/\/www.noticiasradioreflejos.com.ar\/2021\/seran-mas-estrictos-los-controles-para-el-cierre-de-comercios-a-las-18-horas\/\" \/>\n<meta property=\"og:locale\" content=\"es_ES\" \/>\n<meta property=\"og:type\" content=\"article\" \/>\n<meta property=\"og:title\" content=\"Ser\u00e1n mas estrictos los controles para el cierre de comercios a las 18 horas. - Noticias Radio Reflejos\" \/>\n<meta property=\"og:description\" content=\"El Secretario de Gobierno y Seguridad, Ezequiel Gabella, dialogo con este medio sobre el alcance de las medidas impuestas desde provincia en el marco de las nuevas restricciones para mitigar el impacto de la segunda ola de Covid-19.\" \/>\n<meta property=\"og:url\" content=\"https:\/\/www.noticiasradioreflejos.com.ar\/2021\/seran-mas-estrictos-los-controles-para-el-cierre-de-comercios-a-las-18-horas\/\" \/>\n<meta property=\"og:site_name\" content=\"Noticias Radio Reflejos\" \/>\n<meta property=\"article:published_time\" content=\"2021-05-24T16:56:21+00:00\" \/>\n<meta property=\"article:modified_time\" content=\"2021-05-26T13:36:49+00:00\" \/>\n<meta property=\"og:image\" content=\"https:\/\/www.noticiasradioreflejos.com.ar\/2021\/wp-content\/uploads\/2021\/07\/logosol300x200.png\" \/>\n\t<meta property=\"og:image:width\" content=\"300\" \/>\n\t<meta property=\"og:image:height\" content=\"200\" \/>\n\t<meta property=\"og:image:type\" content=\"image\/png\" \/>\n<meta name=\"author\" content=\"Arnaldo Botto\" \/>\n<meta name=\"twitter:card\" content=\"summary_large_image\" \/>\n<script type=\"application\/ld+json\" class=\"yoast-schema-graph\">{\"@context\":\"https:\/\/schema.org\",\"@graph\":[{\"@type\":\"WebPage\",\"@id\":\"https:\/\/www.noticiasradioreflejos.com.ar\/2021\/seran-mas-estrictos-los-controles-para-el-cierre-de-comercios-a-las-18-horas\/\",\"url\":\"https:\/\/www.noticiasradioreflejos.com.ar\/2021\/seran-mas-estrictos-los-controles-para-el-cierre-de-comercios-a-las-18-horas\/\",\"name\":\"Ser\u00e1n mas estrictos los controles para el cierre de comercios a las 18 horas. - Noticias Radio Reflejos\",\"isPartOf\":{\"@id\":\"https:\/\/www.noticiasradioreflejos.com.ar\/2021\/#website\"},\"datePublished\":\"2021-05-24T16:56:21+00:00\",\"dateModified\":\"2021-05-26T13:36:49+00:00\",\"author\":{\"@id\":\"https:\/\/www.noticiasradioreflejos.com.ar\/2021\/#\/schema\/person\/ad82545263dcc5ec0996818884fd5fb1\"},\"breadcrumb\":{\"@id\":\"https:\/\/www.noticiasradioreflejos.com.ar\/2021\/seran-mas-estrictos-los-controles-para-el-cierre-de-comercios-a-las-18-horas\/#breadcrumb\"},\"inLanguage\":\"es\",\"potentialAction\":[{\"@type\":\"ReadAction\",\"target\":[\"https:\/\/www.noticiasradioreflejos.com.ar\/2021\/seran-mas-estrictos-los-controles-para-el-cierre-de-comercios-a-las-18-horas\/\"]}]},{\"@type\":\"BreadcrumbList\",\"@id\":\"https:\/\/www.noticiasradioreflejos.com.ar\/2021\/seran-mas-estrictos-los-controles-para-el-cierre-de-comercios-a-las-18-horas\/#breadcrumb\",\"itemListElement\":[{\"@type\":\"ListItem\",\"position\":1,\"name\":\"Portada\",\"item\":\"https:\/\/www.noticiasradioreflejos.com.ar\/2021\/\"},{\"@type\":\"ListItem\",\"position\":2,\"name\":\"Ser\u00e1n mas estrictos los controles para el cierre de comercios a las 18 horas.\"}]},{\"@type\":\"WebSite\",\"@id\":\"https:\/\/www.noticiasradioreflejos.com.ar\/2021\/#website\",\"url\":\"https:\/\/www.noticiasradioreflejos.com.ar\/2021\/\",\"name\":\"Noticias Radio Reflejos\",\"description\":\"Las noticias de mi comarca\",\"potentialAction\":[{\"@type\":\"SearchAction\",\"target\":{\"@type\":\"EntryPoint\",\"urlTemplate\":\"https:\/\/www.noticiasradioreflejos.com.ar\/2021\/?s={search_term_string}\"},\"query-input\":{\"@type\":\"PropertyValueSpecification\",\"valueRequired\":true,\"valueName\":\"search_term_string\"}}],\"inLanguage\":\"es\"},{\"@type\":\"Person\",\"@id\":\"https:\/\/www.noticiasradioreflejos.com.ar\/2021\/#\/schema\/person\/ad82545263dcc5ec0996818884fd5fb1\",\"name\":\"Arnaldo Botto\",\"image\":{\"@type\":\"ImageObject\",\"inLanguage\":\"es\",\"@id\":\"https:\/\/www.noticiasradioreflejos.com.ar\/2021\/#\/schema\/person\/image\/\",\"url\":\"https:\/\/secure.gravatar.com\/avatar\/55cb5e37c1efa326397366e6974cb338056df65cb50e7d64d1cf314e87504837?s=96&d=mm&r=g\",\"contentUrl\":\"https:\/\/secure.gravatar.com\/avatar\/55cb5e37c1efa326397366e6974cb338056df65cb50e7d64d1cf314e87504837?s=96&d=mm&r=g\",\"caption\":\"Arnaldo Botto\"},\"url\":\"https:\/\/www.noticiasradioreflejos.com.ar\/2021\/author\/arnaldo\/\"}]}<\/script>\n<!-- \/ Yoast SEO plugin. -->","yoast_head_json":{"title":"Ser\u00e1n mas estrictos los controles para el cierre de comercios a las 18 horas. - Noticias Radio Reflejos","robots":{"index":"index","follow":"follow","max-snippet":"max-snippet:-1","max-image-preview":"max-image-preview:large","max-video-preview":"max-video-preview:-1"},"canonical":"https:\/\/www.noticiasradioreflejos.com.ar\/2021\/seran-mas-estrictos-los-controles-para-el-cierre-de-comercios-a-las-18-horas\/","og_locale":"es_ES","og_type":"article","og_title":"Ser\u00e1n mas estrictos los controles para el cierre de comercios a las 18 horas. - Noticias Radio Reflejos","og_description":"El Secretario de Gobierno y Seguridad, Ezequiel Gabella, dialogo con este medio sobre el alcance de las medidas impuestas desde provincia en el marco de las nuevas restricciones para mitigar el impacto de la segunda ola de Covid-19.","og_url":"https:\/\/www.noticiasradioreflejos.com.ar\/2021\/seran-mas-estrictos-los-controles-para-el-cierre-de-comercios-a-las-18-horas\/","og_site_name":"Noticias Radio Reflejos","article_published_time":"2021-05-24T16:56:21+00:00","article_modified_time":"2021-05-26T13:36:49+00:00","og_image":[{"width":300,"height":200,"url":"https:\/\/www.noticiasradioreflejos.com.ar\/2021\/wp-content\/uploads\/2021\/07\/logosol300x200.png","type":"image\/png"}],"author":"Arnaldo Botto","twitter_card":"summary_large_image","schema":{"@context":"https:\/\/schema.org","@graph":[{"@type":"WebPage","@id":"https:\/\/www.noticiasradioreflejos.com.ar\/2021\/seran-mas-estrictos-los-controles-para-el-cierre-de-comercios-a-las-18-horas\/","url":"https:\/\/www.noticiasradioreflejos.com.ar\/2021\/seran-mas-estrictos-los-controles-para-el-cierre-de-comercios-a-las-18-horas\/","name":"Ser\u00e1n mas estrictos los controles para el cierre de comercios a las 18 horas. - Noticias Radio Reflejos","isPartOf":{"@id":"https:\/\/www.noticiasradioreflejos.com.ar\/2021\/#website"},"datePublished":"2021-05-24T16:56:21+00:00","dateModified":"2021-05-26T13:36:49+00:00","author":{"@id":"https:\/\/www.noticiasradioreflejos.com.ar\/2021\/#\/schema\/person\/ad82545263dcc5ec0996818884fd5fb1"},"breadcrumb":{"@id":"https:\/\/www.noticiasradioreflejos.com.ar\/2021\/seran-mas-estrictos-los-controles-para-el-cierre-de-comercios-a-las-18-horas\/#breadcrumb"},"inLanguage":"es","potentialAction":[{"@type":"ReadAction","target":["https:\/\/www.noticiasradioreflejos.com.ar\/2021\/seran-mas-estrictos-los-controles-para-el-cierre-de-comercios-a-las-18-horas\/"]}]},{"@type":"BreadcrumbList","@id":"https:\/\/www.noticiasradioreflejos.com.ar\/2021\/seran-mas-estrictos-los-controles-para-el-cierre-de-comercios-a-las-18-horas\/#breadcrumb","itemListElement":[{"@type":"ListItem","position":1,"name":"Portada","item":"https:\/\/www.noticiasradioreflejos.com.ar\/2021\/"},{"@type":"ListItem","position":2,"name":"Ser\u00e1n mas estrictos los controles para el cierre de comercios a las 18 horas."}]},{"@type":"WebSite","@id":"https:\/\/www.noticiasradioreflejos.com.ar\/2021\/#website","url":"https:\/\/www.noticiasradioreflejos.com.ar\/2021\/","name":"Noticias Radio Reflejos","description":"Las noticias de mi comarca","potentialAction":[{"@type":"SearchAction","target":{"@type":"EntryPoint","urlTemplate":"https:\/\/www.noticiasradioreflejos.com.ar\/2021\/?s={search_term_string}"},"query-input":{"@type":"PropertyValueSpecification","valueRequired":true,"valueName":"search_term_string"}}],"inLanguage":"es"},{"@type":"Person","@id":"https:\/\/www.noticiasradioreflejos.com.ar\/2021\/#\/schema\/person\/ad82545263dcc5ec0996818884fd5fb1","name":"Arnaldo Botto","image":{"@type":"ImageObject","inLanguage":"es","@id":"https:\/\/www.noticiasradioreflejos.com.ar\/2021\/#\/schema\/person\/image\/","url":"https:\/\/secure.gravatar.com\/avatar\/55cb5e37c1efa326397366e6974cb338056df65cb50e7d64d1cf314e87504837?s=96&d=mm&r=g","contentUrl":"https:\/\/secure.gravatar.com\/avatar\/55cb5e37c1efa326397366e6974cb338056df65cb50e7d64d1cf314e87504837?s=96&d=mm&r=g","caption":"Arnaldo Botto"},"url":"https:\/\/www.noticiasradioreflejos.com.ar\/2021\/author\/arnaldo\/"}]}},"_links":{"self":[{"href":"https:\/\/www.noticiasradioreflejos.com.ar\/2021\/wp-json\/wp\/v2\/posts\/57422","targetHints":{"allow":["GET"]}}],"collection":[{"href":"https:\/\/www.noticiasradioreflejos.com.ar\/2021\/wp-json\/wp\/v2\/posts"}],"about":[{"href":"https:\/\/www.noticiasradioreflejos.com.ar\/2021\/wp-json\/wp\/v2\/types\/post"}],"author":[{"embeddable":true,"href":"https:\/\/www.noticiasradioreflejos.com.ar\/2021\/wp-json\/wp\/v2\/users\/3"}],"replies":[{"embeddable":true,"href":"https:\/\/www.noticiasradioreflejos.com.ar\/2021\/wp-json\/wp\/v2\/comments?post=57422"}],"version-history":[{"count":2,"href":"https:\/\/www.noticiasradioreflejos.com.ar\/2021\/wp-json\/wp\/v2\/posts\/57422\/revisions"}],"predecessor-version":[{"id":57502,"href":"https:\/\/www.noticiasradioreflejos.com.ar\/2021\/wp-json\/wp\/v2\/posts\/57422\/revisions\/57502"}],"wp:attachment":[{"href":"https:\/\/www.noticiasradioreflejos.com.ar\/2021\/wp-json\/wp\/v2\/media?parent=57422"}],"wp:term":[{"taxonomy":"category","embeddable":true,"href":"https:\/\/www.noticiasradioreflejos.com.ar\/2021\/wp-json\/wp\/v2\/categories?post=57422"},{"taxonomy":"post_tag","embeddable":true,"href":"https:\/\/www.noticiasradioreflejos.com.ar\/2021\/wp-json\/wp\/v2\/tags?post=57422"}],"curies":[{"name":"wp","href":"https:\/\/api.w.org\/{rel}","templated":true}]}}