{"id":57417,"date":"2021-05-24T15:51:00","date_gmt":"2021-05-24T15:51:00","guid":{"rendered":"http:\/\/www.noticiasradioreflejos.com.ar\/2021\/?p=57417"},"modified":"2021-05-24T15:51:00","modified_gmt":"2021-05-24T15:51:00","slug":"alto-acatamiento-y-poca-circulacion-asi-se-viven-los-primeros-dias-de-restricciones","status":"publish","type":"post","link":"https:\/\/www.noticiasradioreflejos.com.ar\/2021\/alto-acatamiento-y-poca-circulacion-asi-se-viven-los-primeros-dias-de-restricciones\/","title":{"rendered":"Alto acatamiento y poca circulaci\u00f3n, as\u00ed se viven los primeros d\u00edas de restricciones"},"content":{"rendered":"<div class=\"head-content\">\n<p>Las autoridades de Seguridad de Naci\u00f3n sostienen que el acatamiento fue alt\u00edsimo y gener\u00f3 un \u00abalto consenso en la sociedad\u00bb. En el AMBA se labraron 133 infracciones promedio por d\u00eda y disminuy\u00f3 m\u00e1s del 75% el tr\u00e1nsito en rutas hacia la Costa.<\/p>\n<\/div>\n<p><!--more--><\/p>\n<div class=\"main-content-block\">\n<div class=\"main-box clearfix\">\n<div class=\"wrapper-main-section clearfix\">\n<div class=\"wrapper-editable-content\">\n<div class=\"editable-content clearfix\">\nUn promedio de 133 personas fueron infraccionadas en los primeros dos d\u00edas de las nuevas restricciones en los controles vehiculares desplegados en el \u00c1rea Metropolitana de Buenos Aires por circular sin el certificado habilitante, y el tr\u00e1nsito en las rutas hacia la Costa Atl\u00e1ntica disminuy\u00f3 m\u00e1s del 75 por ciento respecto a fines de semanas anteriores, seg\u00fan datos oficiales.<\/p>\n<p>\u00abEl movimiento de veh\u00edculos en los peajes del Sistema Vial Integral del Atl\u00e1ntico, que componen las rutas que van hacia la Costa Atl\u00e1ntica, registr\u00f3 el d\u00eda s\u00e1bado apenas el 10 por ciento de movimiento en relaci\u00f3n al fin de semana pasado\u00bb, dijo a T\u00e9lam el secretario de Articulaci\u00f3n Federal de Seguridad, Gabriel Fucks.<\/p>\n<p>Para las m\u00e1ximas autoridades de Seguridad de la Naci\u00f3n, el acatamiento a las restricciones dispuestas en el \u00faltimo decreto firmado por el presidente Alberto Fern\u00e1ndez para mitigar los contagios del coronavirus fue \u00abalt\u00edsimo\u00bb y gener\u00f3 \u00abun alto consenso en la sociedad\u00bb.<\/p>\n<div id=\"image\" class=\"image\"><img decoding=\"async\" title=\"El s\u00e1bado y el domingo se labraron un promedio de 133 personas infraccionadas por d\u00eda porque no ten\u00edan los certificados habilitantes.\" src=\"https:\/\/www.telam.com.ar\/advf\/imagenes\/2021\/05\/60aba5a49a8b0_1004x565.jpg\" alt=\"El s\u00e1bado y el domingo se labraron un promedio de 133 personas infraccionadas por d\u00eda porque no ten\u00edan los certificados habilitantes.\" \/><\/p>\n<div class=\"epigrafe\">El s\u00e1bado y el domingo se labraron un promedio de 133 personas infraccionadas por d\u00eda porque no ten\u00edan los certificados habilitantes.<\/div>\n<\/div>\n<p>\u00abEl cumplimiento fue excelente, no solo en el AMBA, sino que hemos tenido comunicaci\u00f3n permanente con todas las provincias y el resultado fue alt\u00edsimo, como por ejemplo en C\u00f3rdoba, en Corrientes. Ha habido un esfuerzo muy grande por sostener el cumplimiento estricto de las restricciones en todo el pa\u00eds\u00bb, dijo el funcionario nacional.<\/p>\n<p>Seg\u00fan un relevamiento realizado por las distintas fuerzas de seguridad federales, el pasado s\u00e1bado en la Autopista Buenos Aires-La Plata se registr\u00f3 una ca\u00edda en la circulaci\u00f3n de veh\u00edculos del 66 por ciento respecto al s\u00e1bado anterior, y en las rutas que van hacia la Costa, del 75 por ciento.<\/p>\n<div id=\"image\" class=\"image\"><img decoding=\"async\" title=\"Las personas a las que se les labren infracciones son pasibles a ser sometidas a una causa judicial.\" src=\"https:\/\/www.telam.com.ar\/advf\/imagenes\/2021\/05\/60aba5a493492_1004x565.jpg\" alt=\"Las personas a las que se les labren infracciones son pasibles a ser sometidas a una causa judicial.\" \/><\/p>\n<div class=\"epigrafe\">Las personas a las que se les labren infracciones son pasibles a ser sometidas a una causa judicial.<\/div>\n<\/div>\n<p>Adem\u00e1s, seg\u00fan ese informe al que accedi\u00f3 T\u00e9lam, el s\u00e1bado y el domingo se labraron un promedio de 133 personas infraccionadas por d\u00eda porque no ten\u00edan los certificados habilitantes para poder circular y apenas se secuestraron 7 autos que fueron remitidos al sedes judiciales.<\/p>\n<p>El secretario de Seguridad de la Naci\u00f3n, Eduardo Villalba, asegur\u00f3 que las personas a las que se les labren infracciones son pasibles a ser sometidas a una causa judicial.<\/p>\n<div id=\"image\" class=\"image\"><img decoding=\"async\" title=\"En el Sistema Vial Integral del Atl\u00e1ntico el s\u00e1bado se registr\u00f3 apenas el 10 % de movimiento en relaci\u00f3n al fin de semana pasado.\" src=\"https:\/\/www.telam.com.ar\/advf\/imagenes\/2021\/05\/60aba5a4a1655_1004x565.jpg\" alt=\"En el Sistema Vial Integral del Atl\u00e1ntico el s\u00e1bado se registr\u00f3 apenas el 10 % de movimiento en relaci\u00f3n al fin de semana pasado.\" \/><\/p>\n<div class=\"epigrafe\">En el Sistema Vial Integral del Atl\u00e1ntico el s\u00e1bado se registr\u00f3 apenas el 10 % de movimiento en relaci\u00f3n al fin de semana pasado.<\/div>\n<\/div>\n<p>\u00abCada juzgado act\u00faa de acuerdo a cada circunstancia y si hay una retenci\u00f3n del veh\u00edculo puede permanecer retenido y bajo custodia de la autoridad pertinente. Luego, adem\u00e1s, ser\u00e1n sometidas a causas judiciales y podr\u00e1n recibir las sanciones que establece el c\u00f3digo penal para los delitos que forman parte del decreto\u00bb, explic\u00f3 Villalba.<\/p>\n<p>Seg\u00fan el funcionario, este fin de semana el movimiento vehicular fue muy bajo y destac\u00f3 que los controles ser\u00e1n extremos a partir del mi\u00e9rcoles, tras el fin de semana largo.<\/p><\/div>\n<\/div>\n<\/div>\n<\/div>\n<\/div>\n","protected":false},"excerpt":{"rendered":"<p>Las autoridades de Seguridad de Naci\u00f3n sostienen que el acatamiento fue alt\u00edsimo y gener\u00f3 un \u00abalto consenso en la sociedad\u00bb. En el AMBA se labraron 133 infracciones promedio por d\u00eda y disminuy\u00f3 m\u00e1s del 75% el tr\u00e1nsito en rutas hacia la Costa.<\/p>\n","protected":false},"author":3,"featured_media":0,"comment_status":"closed","ping_status":"closed","sticky":false,"template":"","format":"standard","meta":{"footnotes":""},"categories":[24],"tags":[],"class_list":["post-57417","post","type-post","status-publish","format-standard","hentry","category-politica"],"yoast_head":"<!-- This site is optimized with the Yoast SEO plugin v25.9 - https:\/\/yoast.com\/wordpress\/plugins\/seo\/ -->\n<title>Alto acatamiento y poca circulaci\u00f3n, as\u00ed se viven los primeros d\u00edas de restricciones - Noticias Radio Reflejos<\/title>\n<meta name=\"robots\" content=\"index, follow, max-snippet:-1, max-image-preview:large, max-video-preview:-1\" \/>\n<link rel=\"canonical\" href=\"https:\/\/www.noticiasradioreflejos.com.ar\/2021\/alto-acatamiento-y-poca-circulacion-asi-se-viven-los-primeros-dias-de-restricciones\/\" \/>\n<meta property=\"og:locale\" content=\"es_ES\" \/>\n<meta property=\"og:type\" content=\"article\" \/>\n<meta property=\"og:title\" content=\"Alto acatamiento y poca circulaci\u00f3n, as\u00ed se viven los primeros d\u00edas de restricciones - Noticias Radio Reflejos\" \/>\n<meta property=\"og:description\" content=\"Las autoridades de Seguridad de Naci\u00f3n sostienen que el acatamiento fue alt\u00edsimo y gener\u00f3 un \u00abalto consenso en la sociedad\u00bb. En el AMBA se labraron 133 infracciones promedio por d\u00eda y disminuy\u00f3 m\u00e1s del 75% el tr\u00e1nsito en rutas hacia la Costa.\" \/>\n<meta property=\"og:url\" content=\"https:\/\/www.noticiasradioreflejos.com.ar\/2021\/alto-acatamiento-y-poca-circulacion-asi-se-viven-los-primeros-dias-de-restricciones\/\" \/>\n<meta property=\"og:site_name\" content=\"Noticias Radio Reflejos\" \/>\n<meta property=\"article:published_time\" content=\"2021-05-24T15:51:00+00:00\" \/>\n<meta property=\"og:image\" content=\"https:\/\/www.telam.com.ar\/advf\/imagenes\/2021\/05\/60aba5a49a8b0_1004x565.jpg\" \/>\n<meta name=\"author\" content=\"Arnaldo Botto\" \/>\n<meta name=\"twitter:card\" content=\"summary_large_image\" \/>\n<script type=\"application\/ld+json\" class=\"yoast-schema-graph\">{\"@context\":\"https:\/\/schema.org\",\"@graph\":[{\"@type\":\"WebPage\",\"@id\":\"https:\/\/www.noticiasradioreflejos.com.ar\/2021\/alto-acatamiento-y-poca-circulacion-asi-se-viven-los-primeros-dias-de-restricciones\/\",\"url\":\"https:\/\/www.noticiasradioreflejos.com.ar\/2021\/alto-acatamiento-y-poca-circulacion-asi-se-viven-los-primeros-dias-de-restricciones\/\",\"name\":\"Alto acatamiento y poca circulaci\u00f3n, as\u00ed se viven los primeros d\u00edas de restricciones - Noticias Radio Reflejos\",\"isPartOf\":{\"@id\":\"https:\/\/www.noticiasradioreflejos.com.ar\/2021\/#website\"},\"primaryImageOfPage\":{\"@id\":\"https:\/\/www.noticiasradioreflejos.com.ar\/2021\/alto-acatamiento-y-poca-circulacion-asi-se-viven-los-primeros-dias-de-restricciones\/#primaryimage\"},\"image\":{\"@id\":\"https:\/\/www.noticiasradioreflejos.com.ar\/2021\/alto-acatamiento-y-poca-circulacion-asi-se-viven-los-primeros-dias-de-restricciones\/#primaryimage\"},\"thumbnailUrl\":\"https:\/\/www.telam.com.ar\/advf\/imagenes\/2021\/05\/60aba5a49a8b0_1004x565.jpg\",\"datePublished\":\"2021-05-24T15:51:00+00:00\",\"author\":{\"@id\":\"https:\/\/www.noticiasradioreflejos.com.ar\/2021\/#\/schema\/person\/ad82545263dcc5ec0996818884fd5fb1\"},\"breadcrumb\":{\"@id\":\"https:\/\/www.noticiasradioreflejos.com.ar\/2021\/alto-acatamiento-y-poca-circulacion-asi-se-viven-los-primeros-dias-de-restricciones\/#breadcrumb\"},\"inLanguage\":\"es\",\"potentialAction\":[{\"@type\":\"ReadAction\",\"target\":[\"https:\/\/www.noticiasradioreflejos.com.ar\/2021\/alto-acatamiento-y-poca-circulacion-asi-se-viven-los-primeros-dias-de-restricciones\/\"]}]},{\"@type\":\"ImageObject\",\"inLanguage\":\"es\",\"@id\":\"https:\/\/www.noticiasradioreflejos.com.ar\/2021\/alto-acatamiento-y-poca-circulacion-asi-se-viven-los-primeros-dias-de-restricciones\/#primaryimage\",\"url\":\"https:\/\/www.telam.com.ar\/advf\/imagenes\/2021\/05\/60aba5a49a8b0_1004x565.jpg\",\"contentUrl\":\"https:\/\/www.telam.com.ar\/advf\/imagenes\/2021\/05\/60aba5a49a8b0_1004x565.jpg\"},{\"@type\":\"BreadcrumbList\",\"@id\":\"https:\/\/www.noticiasradioreflejos.com.ar\/2021\/alto-acatamiento-y-poca-circulacion-asi-se-viven-los-primeros-dias-de-restricciones\/#breadcrumb\",\"itemListElement\":[{\"@type\":\"ListItem\",\"position\":1,\"name\":\"Portada\",\"item\":\"https:\/\/www.noticiasradioreflejos.com.ar\/2021\/\"},{\"@type\":\"ListItem\",\"position\":2,\"name\":\"Alto acatamiento y poca circulaci\u00f3n, as\u00ed se viven los primeros d\u00edas de restricciones\"}]},{\"@type\":\"WebSite\",\"@id\":\"https:\/\/www.noticiasradioreflejos.com.ar\/2021\/#website\",\"url\":\"https:\/\/www.noticiasradioreflejos.com.ar\/2021\/\",\"name\":\"Noticias Radio Reflejos\",\"description\":\"Las noticias de mi comarca\",\"potentialAction\":[{\"@type\":\"SearchAction\",\"target\":{\"@type\":\"EntryPoint\",\"urlTemplate\":\"https:\/\/www.noticiasradioreflejos.com.ar\/2021\/?s={search_term_string}\"},\"query-input\":{\"@type\":\"PropertyValueSpecification\",\"valueRequired\":true,\"valueName\":\"search_term_string\"}}],\"inLanguage\":\"es\"},{\"@type\":\"Person\",\"@id\":\"https:\/\/www.noticiasradioreflejos.com.ar\/2021\/#\/schema\/person\/ad82545263dcc5ec0996818884fd5fb1\",\"name\":\"Arnaldo Botto\",\"image\":{\"@type\":\"ImageObject\",\"inLanguage\":\"es\",\"@id\":\"https:\/\/www.noticiasradioreflejos.com.ar\/2021\/#\/schema\/person\/image\/\",\"url\":\"https:\/\/secure.gravatar.com\/avatar\/55cb5e37c1efa326397366e6974cb338056df65cb50e7d64d1cf314e87504837?s=96&d=mm&r=g\",\"contentUrl\":\"https:\/\/secure.gravatar.com\/avatar\/55cb5e37c1efa326397366e6974cb338056df65cb50e7d64d1cf314e87504837?s=96&d=mm&r=g\",\"caption\":\"Arnaldo Botto\"},\"url\":\"https:\/\/www.noticiasradioreflejos.com.ar\/2021\/author\/arnaldo\/\"}]}<\/script>\n<!-- \/ Yoast SEO plugin. -->","yoast_head_json":{"title":"Alto acatamiento y poca circulaci\u00f3n, as\u00ed se viven los primeros d\u00edas de restricciones - Noticias Radio Reflejos","robots":{"index":"index","follow":"follow","max-snippet":"max-snippet:-1","max-image-preview":"max-image-preview:large","max-video-preview":"max-video-preview:-1"},"canonical":"https:\/\/www.noticiasradioreflejos.com.ar\/2021\/alto-acatamiento-y-poca-circulacion-asi-se-viven-los-primeros-dias-de-restricciones\/","og_locale":"es_ES","og_type":"article","og_title":"Alto acatamiento y poca circulaci\u00f3n, as\u00ed se viven los primeros d\u00edas de restricciones - Noticias Radio Reflejos","og_description":"Las autoridades de Seguridad de Naci\u00f3n sostienen que el acatamiento fue alt\u00edsimo y gener\u00f3 un \u00abalto consenso en la sociedad\u00bb. En el AMBA se labraron 133 infracciones promedio por d\u00eda y disminuy\u00f3 m\u00e1s del 75% el tr\u00e1nsito en rutas hacia la Costa.","og_url":"https:\/\/www.noticiasradioreflejos.com.ar\/2021\/alto-acatamiento-y-poca-circulacion-asi-se-viven-los-primeros-dias-de-restricciones\/","og_site_name":"Noticias Radio Reflejos","article_published_time":"2021-05-24T15:51:00+00:00","og_image":[{"url":"https:\/\/www.telam.com.ar\/advf\/imagenes\/2021\/05\/60aba5a49a8b0_1004x565.jpg","type":"","width":"","height":""}],"author":"Arnaldo Botto","twitter_card":"summary_large_image","schema":{"@context":"https:\/\/schema.org","@graph":[{"@type":"WebPage","@id":"https:\/\/www.noticiasradioreflejos.com.ar\/2021\/alto-acatamiento-y-poca-circulacion-asi-se-viven-los-primeros-dias-de-restricciones\/","url":"https:\/\/www.noticiasradioreflejos.com.ar\/2021\/alto-acatamiento-y-poca-circulacion-asi-se-viven-los-primeros-dias-de-restricciones\/","name":"Alto acatamiento y poca circulaci\u00f3n, as\u00ed se viven los primeros d\u00edas de restricciones - Noticias Radio Reflejos","isPartOf":{"@id":"https:\/\/www.noticiasradioreflejos.com.ar\/2021\/#website"},"primaryImageOfPage":{"@id":"https:\/\/www.noticiasradioreflejos.com.ar\/2021\/alto-acatamiento-y-poca-circulacion-asi-se-viven-los-primeros-dias-de-restricciones\/#primaryimage"},"image":{"@id":"https:\/\/www.noticiasradioreflejos.com.ar\/2021\/alto-acatamiento-y-poca-circulacion-asi-se-viven-los-primeros-dias-de-restricciones\/#primaryimage"},"thumbnailUrl":"https:\/\/www.telam.com.ar\/advf\/imagenes\/2021\/05\/60aba5a49a8b0_1004x565.jpg","datePublished":"2021-05-24T15:51:00+00:00","author":{"@id":"https:\/\/www.noticiasradioreflejos.com.ar\/2021\/#\/schema\/person\/ad82545263dcc5ec0996818884fd5fb1"},"breadcrumb":{"@id":"https:\/\/www.noticiasradioreflejos.com.ar\/2021\/alto-acatamiento-y-poca-circulacion-asi-se-viven-los-primeros-dias-de-restricciones\/#breadcrumb"},"inLanguage":"es","potentialAction":[{"@type":"ReadAction","target":["https:\/\/www.noticiasradioreflejos.com.ar\/2021\/alto-acatamiento-y-poca-circulacion-asi-se-viven-los-primeros-dias-de-restricciones\/"]}]},{"@type":"ImageObject","inLanguage":"es","@id":"https:\/\/www.noticiasradioreflejos.com.ar\/2021\/alto-acatamiento-y-poca-circulacion-asi-se-viven-los-primeros-dias-de-restricciones\/#primaryimage","url":"https:\/\/www.telam.com.ar\/advf\/imagenes\/2021\/05\/60aba5a49a8b0_1004x565.jpg","contentUrl":"https:\/\/www.telam.com.ar\/advf\/imagenes\/2021\/05\/60aba5a49a8b0_1004x565.jpg"},{"@type":"BreadcrumbList","@id":"https:\/\/www.noticiasradioreflejos.com.ar\/2021\/alto-acatamiento-y-poca-circulacion-asi-se-viven-los-primeros-dias-de-restricciones\/#breadcrumb","itemListElement":[{"@type":"ListItem","position":1,"name":"Portada","item":"https:\/\/www.noticiasradioreflejos.com.ar\/2021\/"},{"@type":"ListItem","position":2,"name":"Alto acatamiento y poca circulaci\u00f3n, as\u00ed se viven los primeros d\u00edas de restricciones"}]},{"@type":"WebSite","@id":"https:\/\/www.noticiasradioreflejos.com.ar\/2021\/#website","url":"https:\/\/www.noticiasradioreflejos.com.ar\/2021\/","name":"Noticias Radio Reflejos","description":"Las noticias de mi comarca","potentialAction":[{"@type":"SearchAction","target":{"@type":"EntryPoint","urlTemplate":"https:\/\/www.noticiasradioreflejos.com.ar\/2021\/?s={search_term_string}"},"query-input":{"@type":"PropertyValueSpecification","valueRequired":true,"valueName":"search_term_string"}}],"inLanguage":"es"},{"@type":"Person","@id":"https:\/\/www.noticiasradioreflejos.com.ar\/2021\/#\/schema\/person\/ad82545263dcc5ec0996818884fd5fb1","name":"Arnaldo Botto","image":{"@type":"ImageObject","inLanguage":"es","@id":"https:\/\/www.noticiasradioreflejos.com.ar\/2021\/#\/schema\/person\/image\/","url":"https:\/\/secure.gravatar.com\/avatar\/55cb5e37c1efa326397366e6974cb338056df65cb50e7d64d1cf314e87504837?s=96&d=mm&r=g","contentUrl":"https:\/\/secure.gravatar.com\/avatar\/55cb5e37c1efa326397366e6974cb338056df65cb50e7d64d1cf314e87504837?s=96&d=mm&r=g","caption":"Arnaldo Botto"},"url":"https:\/\/www.noticiasradioreflejos.com.ar\/2021\/author\/arnaldo\/"}]}},"_links":{"self":[{"href":"https:\/\/www.noticiasradioreflejos.com.ar\/2021\/wp-json\/wp\/v2\/posts\/57417","targetHints":{"allow":["GET"]}}],"collection":[{"href":"https:\/\/www.noticiasradioreflejos.com.ar\/2021\/wp-json\/wp\/v2\/posts"}],"about":[{"href":"https:\/\/www.noticiasradioreflejos.com.ar\/2021\/wp-json\/wp\/v2\/types\/post"}],"author":[{"embeddable":true,"href":"https:\/\/www.noticiasradioreflejos.com.ar\/2021\/wp-json\/wp\/v2\/users\/3"}],"replies":[{"embeddable":true,"href":"https:\/\/www.noticiasradioreflejos.com.ar\/2021\/wp-json\/wp\/v2\/comments?post=57417"}],"version-history":[{"count":1,"href":"https:\/\/www.noticiasradioreflejos.com.ar\/2021\/wp-json\/wp\/v2\/posts\/57417\/revisions"}],"predecessor-version":[{"id":57419,"href":"https:\/\/www.noticiasradioreflejos.com.ar\/2021\/wp-json\/wp\/v2\/posts\/57417\/revisions\/57419"}],"wp:attachment":[{"href":"https:\/\/www.noticiasradioreflejos.com.ar\/2021\/wp-json\/wp\/v2\/media?parent=57417"}],"wp:term":[{"taxonomy":"category","embeddable":true,"href":"https:\/\/www.noticiasradioreflejos.com.ar\/2021\/wp-json\/wp\/v2\/categories?post=57417"},{"taxonomy":"post_tag","embeddable":true,"href":"https:\/\/www.noticiasradioreflejos.com.ar\/2021\/wp-json\/wp\/v2\/tags?post=57417"}],"curies":[{"name":"wp","href":"https:\/\/api.w.org\/{rel}","templated":true}]}}