{"id":57414,"date":"2021-05-24T15:47:07","date_gmt":"2021-05-24T15:47:07","guid":{"rendered":"http:\/\/www.noticiasradioreflejos.com.ar\/2021\/?p=57414"},"modified":"2021-05-24T15:47:07","modified_gmt":"2021-05-24T15:47:07","slug":"coro-de-clarinetes-carmelo-azzolina-un-pionero-que-cumple-15-anos","status":"publish","type":"post","link":"https:\/\/www.noticiasradioreflejos.com.ar\/2021\/coro-de-clarinetes-carmelo-azzolina-un-pionero-que-cumple-15-anos\/","title":{"rendered":"Coro de Clarinetes Carmelo Azzolina: un pionero que cumple 15 a\u00f1os!!!"},"content":{"rendered":"<div>\n<p align=\"justify\"><span style=\"font-family: Arial Narrow, sans-serif;\">Integrado por alumnos del Conservatorio de M\u00fasica de Bah\u00eda Blanca y (tiempo m\u00e1s tarde) incorporando a instrumentistas aficionados, alumnos particulares y m\u00fasicos profesionales, el\u00a0<b>Coro de Clarinetes Carmelo Azzolina\u00a0<\/b>fue fundado en 2006 por iniciativa del profesor Gustavo Kamerbeek. El nombre de\u00a0<b>\u201cCarmelo Azzolina\u201d<\/b>\u00a0fue tomado como una forma de recordar y homenajear a quien fuera el primer profesor de clarinete en el conservatorio local y &#8211; en su nombre &#8211; a los pioneros del ambiente musical bahiense.<!--more--><\/span><\/p>\n<p align=\"justify\"><span style=\"font-family: Arial Narrow, sans-serif;\">En\u00a0<\/span><span style=\"font-family: Arial Narrow, sans-serif;\">2008 realiza una\u00a0<\/span><span style=\"font-family: Arial Narrow, sans-serif;\">puesta,\u00a0<\/span><span style=\"font-family: Arial Narrow, sans-serif;\">\u00fanica en el mundo<\/span><span style=\"font-family: Arial Narrow, sans-serif;\">,<\/span><span style=\"font-family: Arial Narrow, sans-serif;\">\u00a0sobre el singspiel\u00a0<\/span><span style=\"font-family: Arial Narrow, sans-serif;\">(o \u201ccuento cantado\u201d)\u00a0<\/span><span style=\"font-family: Arial Narrow, sans-serif;\"><b>Basti\u00e1n y Bastiana\u00a0<\/b><\/span><span style=\"font-family: Arial Narrow, sans-serif;\">(<\/span><span style=\"font-family: Arial Narrow, sans-serif;\">de W<\/span><span style=\"font-family: Arial Narrow, sans-serif;\">olfgang Amadeus\u00a0<\/span><span style=\"font-family: Arial Narrow, sans-serif;\">Mozart<\/span><span style=\"font-family: Arial Narrow, sans-serif;\">)<\/span><span style=\"font-family: Arial Narrow, sans-serif;\"><b>\u00a0<\/b><\/span><span style=\"font-family: Arial Narrow, sans-serif;\">con direcci\u00f3n\u00a0<\/span><span style=\"font-family: Arial Narrow, sans-serif;\">musical\u00a0<\/span><span style=\"font-family: Arial Narrow, sans-serif;\">de Gustavo Gallo y\u00a0<\/span><span style=\"font-family: Arial Narrow, sans-serif;\">direcci\u00f3n esc\u00e9nica de\u00a0<\/span><span style=\"font-family: Arial Narrow, sans-serif;\">Felipe Hirschfeld; obra que (10 a\u00f1os despu\u00e9s) repone bajo la direcci\u00f3n de Gustavo Kamerbeek,\u00a0<\/span><span style=\"font-family: Arial Narrow, sans-serif;\">presentando\u00a0<\/span><span style=\"font-family: Arial Narrow, sans-serif;\">una \u201c<\/span><span style=\"font-family: Arial Narrow, sans-serif;\">muy actual\u201d\u00a0<\/span><span style=\"font-family: Arial Narrow, sans-serif;\">puesta\u00a0<\/span><span style=\"font-family: Arial Narrow, sans-serif;\">con\u00a0<\/span><span style=\"font-family: Arial Narrow, sans-serif;\">la participaci\u00f3n de\u00a0<\/span><span style=\"font-family: Arial Narrow, sans-serif;\">cantantes\u00a0<\/span><span style=\"font-family: Arial Narrow, sans-serif;\">solistas\u00a0<\/span><span style=\"font-family: Arial Narrow, sans-serif;\">y coro de voces\u00a0<\/span><span style=\"font-family: Arial Narrow, sans-serif;\">del taller de opera del Conservatorio de M\u00fasica de Bah\u00eda Blanca.<\/span><\/p>\n<p align=\"justify\"><span style=\"font-family: Arial Narrow, sans-serif;\">En 2019, con direcci\u00f3n de Eleonora Pino y un elenco integrado por dicho taller, se present\u00f3 una versi\u00f3n (tambi\u00e9n in\u00e9dita) para Coro de Clarinetes e instrumentistas invitados de la \u00f3pera\u00a0<b>\u201cPorgy &amp; Bess\u201d<\/b>\u00a0(de George Gershwin).<\/span><\/p>\n<p align=\"justify\"><span style=\"font-family: Arial Narrow, sans-serif;\">Como grupo anfitri\u00f3n particip\u00f3 en todas las ediciones del Encuentro Internacional de Clarinetes de Bah\u00eda Blanca (actividad organizada por la Asociaci\u00f3n Filarm\u00f3nica de Bah\u00eda Blanca) present\u00e1ndose en distintos escenarios e instituciones culturales y educativas de nuestra ciudad, la regi\u00f3n y provincias como La Pampa, Neuqu\u00e9n y Tucum\u00e1n.<\/span><\/p>\n<p align=\"justify\">\u201c<span style=\"font-family: Arial Narrow, sans-serif;\">El Coro de Clarinetes Carmelo Azzolina es reconocido como el primero en ser creado en toda Latinoam\u00e9rica, posicion\u00e1ndose en nuestro pa\u00eds como un verdadero pionero\u201d.<\/span><\/p>\n<p align=\"justify\"><span style=\"font-family: Arial Narrow, sans-serif;\">Su primera presentaci\u00f3n tuvo lugar el\u00a0<b>domingo 28 de mayo de 2006<\/b>\u00a0en la Iglesia Anglicana de nuestra ciudad, considerando a esta fecha un motivo para celebrar nuestros primeros 15 a\u00f1os de vida.<\/span><\/p>\n<p align=\"justify\"><b>QUEREMOS FESTEJARLO CON TODA LA COMUNIDAD BAHIENSE!!!<\/b><\/p>\n<\/div>\n<p>&nbsp;<\/p>\n<div><\/div>\n<p>&nbsp;<\/p>\n<div dir=\"ltr\">\n<div dir=\"ltr\">\n<div dir=\"ltr\">\n<div dir=\"ltr\">\n<div><span style=\"font-size: xx-small;\"><b>Eduardo A. Gonz\u00e1lez Mart\u00ednez<\/b><\/span><\/div>\n<div>Asociaci\u00f3n Filarm\u00f3nica de Bah\u00eda Blanca (AFBB)<span style=\"font-size: xx-small;\"><b><br \/>\n<\/b><\/span><\/div>\n<div>Coro de Clarinetes Carmelo Azzolina (CCCA)<\/div>\n<div><span style=\"font-size: xx-small;\">Banda Sinf\u00f3nica de Bah\u00eda Blanca (BSBB)<\/span><\/div>\n<\/div>\n<\/div>\n<\/div>\n<\/div>\n","protected":false},"excerpt":{"rendered":"<p>Integrado por alumnos del Conservatorio de M\u00fasica de Bah\u00eda Blanca y (tiempo m\u00e1s tarde) incorporando a instrumentistas aficionados, alumnos particulares y m\u00fasicos profesionales, el\u00a0Coro de Clarinetes Carmelo Azzolina\u00a0fue fundado en 2006 por iniciativa del profesor Gustavo Kamerbeek. El nombre de\u00a0\u201cCarmelo Azzolina\u201d\u00a0fue tomado como una forma de recordar y homenajear a quien fuera el primer profesor [&hellip;]<\/p>\n","protected":false},"author":3,"featured_media":0,"comment_status":"closed","ping_status":"closed","sticky":false,"template":"","format":"standard","meta":{"footnotes":""},"categories":[35],"tags":[],"class_list":["post-57414","post","type-post","status-publish","format-standard","hentry","category-cultura"],"yoast_head":"<!-- This site is optimized with the Yoast SEO plugin v25.9 - https:\/\/yoast.com\/wordpress\/plugins\/seo\/ -->\n<title>Coro de Clarinetes Carmelo Azzolina: un pionero que cumple 15 a\u00f1os!!! - Noticias Radio Reflejos<\/title>\n<meta name=\"robots\" content=\"index, follow, max-snippet:-1, max-image-preview:large, max-video-preview:-1\" \/>\n<link rel=\"canonical\" href=\"https:\/\/www.noticiasradioreflejos.com.ar\/2021\/coro-de-clarinetes-carmelo-azzolina-un-pionero-que-cumple-15-anos\/\" \/>\n<meta property=\"og:locale\" content=\"es_ES\" \/>\n<meta property=\"og:type\" content=\"article\" \/>\n<meta property=\"og:title\" content=\"Coro de Clarinetes Carmelo Azzolina: un pionero que cumple 15 a\u00f1os!!! - Noticias Radio Reflejos\" \/>\n<meta property=\"og:description\" content=\"Integrado por alumnos del Conservatorio de M\u00fasica de Bah\u00eda Blanca y (tiempo m\u00e1s tarde) incorporando a instrumentistas aficionados, alumnos particulares y m\u00fasicos profesionales, el\u00a0Coro de Clarinetes Carmelo Azzolina\u00a0fue fundado en 2006 por iniciativa del profesor Gustavo Kamerbeek. El nombre de\u00a0\u201cCarmelo Azzolina\u201d\u00a0fue tomado como una forma de recordar y homenajear a quien fuera el primer profesor [&hellip;]\" \/>\n<meta property=\"og:url\" content=\"https:\/\/www.noticiasradioreflejos.com.ar\/2021\/coro-de-clarinetes-carmelo-azzolina-un-pionero-que-cumple-15-anos\/\" \/>\n<meta property=\"og:site_name\" content=\"Noticias Radio Reflejos\" \/>\n<meta property=\"article:published_time\" content=\"2021-05-24T15:47:07+00:00\" \/>\n<meta property=\"og:image\" content=\"https:\/\/www.noticiasradioreflejos.com.ar\/2021\/wp-content\/uploads\/2021\/07\/logosol300x200.png\" \/>\n\t<meta property=\"og:image:width\" content=\"300\" \/>\n\t<meta property=\"og:image:height\" content=\"200\" \/>\n\t<meta property=\"og:image:type\" content=\"image\/png\" \/>\n<meta name=\"author\" content=\"Arnaldo Botto\" \/>\n<meta name=\"twitter:card\" content=\"summary_large_image\" \/>\n<script type=\"application\/ld+json\" class=\"yoast-schema-graph\">{\"@context\":\"https:\/\/schema.org\",\"@graph\":[{\"@type\":\"WebPage\",\"@id\":\"https:\/\/www.noticiasradioreflejos.com.ar\/2021\/coro-de-clarinetes-carmelo-azzolina-un-pionero-que-cumple-15-anos\/\",\"url\":\"https:\/\/www.noticiasradioreflejos.com.ar\/2021\/coro-de-clarinetes-carmelo-azzolina-un-pionero-que-cumple-15-anos\/\",\"name\":\"Coro de Clarinetes Carmelo Azzolina: un pionero que cumple 15 a\u00f1os!!! - Noticias Radio Reflejos\",\"isPartOf\":{\"@id\":\"https:\/\/www.noticiasradioreflejos.com.ar\/2021\/#website\"},\"datePublished\":\"2021-05-24T15:47:07+00:00\",\"author\":{\"@id\":\"https:\/\/www.noticiasradioreflejos.com.ar\/2021\/#\/schema\/person\/ad82545263dcc5ec0996818884fd5fb1\"},\"breadcrumb\":{\"@id\":\"https:\/\/www.noticiasradioreflejos.com.ar\/2021\/coro-de-clarinetes-carmelo-azzolina-un-pionero-que-cumple-15-anos\/#breadcrumb\"},\"inLanguage\":\"es\",\"potentialAction\":[{\"@type\":\"ReadAction\",\"target\":[\"https:\/\/www.noticiasradioreflejos.com.ar\/2021\/coro-de-clarinetes-carmelo-azzolina-un-pionero-que-cumple-15-anos\/\"]}]},{\"@type\":\"BreadcrumbList\",\"@id\":\"https:\/\/www.noticiasradioreflejos.com.ar\/2021\/coro-de-clarinetes-carmelo-azzolina-un-pionero-que-cumple-15-anos\/#breadcrumb\",\"itemListElement\":[{\"@type\":\"ListItem\",\"position\":1,\"name\":\"Portada\",\"item\":\"https:\/\/www.noticiasradioreflejos.com.ar\/2021\/\"},{\"@type\":\"ListItem\",\"position\":2,\"name\":\"Coro de Clarinetes Carmelo Azzolina: un pionero que cumple 15 a\u00f1os!!!\"}]},{\"@type\":\"WebSite\",\"@id\":\"https:\/\/www.noticiasradioreflejos.com.ar\/2021\/#website\",\"url\":\"https:\/\/www.noticiasradioreflejos.com.ar\/2021\/\",\"name\":\"Noticias Radio Reflejos\",\"description\":\"Las noticias de mi comarca\",\"potentialAction\":[{\"@type\":\"SearchAction\",\"target\":{\"@type\":\"EntryPoint\",\"urlTemplate\":\"https:\/\/www.noticiasradioreflejos.com.ar\/2021\/?s={search_term_string}\"},\"query-input\":{\"@type\":\"PropertyValueSpecification\",\"valueRequired\":true,\"valueName\":\"search_term_string\"}}],\"inLanguage\":\"es\"},{\"@type\":\"Person\",\"@id\":\"https:\/\/www.noticiasradioreflejos.com.ar\/2021\/#\/schema\/person\/ad82545263dcc5ec0996818884fd5fb1\",\"name\":\"Arnaldo Botto\",\"image\":{\"@type\":\"ImageObject\",\"inLanguage\":\"es\",\"@id\":\"https:\/\/www.noticiasradioreflejos.com.ar\/2021\/#\/schema\/person\/image\/\",\"url\":\"https:\/\/secure.gravatar.com\/avatar\/55cb5e37c1efa326397366e6974cb338056df65cb50e7d64d1cf314e87504837?s=96&d=mm&r=g\",\"contentUrl\":\"https:\/\/secure.gravatar.com\/avatar\/55cb5e37c1efa326397366e6974cb338056df65cb50e7d64d1cf314e87504837?s=96&d=mm&r=g\",\"caption\":\"Arnaldo Botto\"},\"url\":\"https:\/\/www.noticiasradioreflejos.com.ar\/2021\/author\/arnaldo\/\"}]}<\/script>\n<!-- \/ Yoast SEO plugin. -->","yoast_head_json":{"title":"Coro de Clarinetes Carmelo Azzolina: un pionero que cumple 15 a\u00f1os!!! - Noticias Radio Reflejos","robots":{"index":"index","follow":"follow","max-snippet":"max-snippet:-1","max-image-preview":"max-image-preview:large","max-video-preview":"max-video-preview:-1"},"canonical":"https:\/\/www.noticiasradioreflejos.com.ar\/2021\/coro-de-clarinetes-carmelo-azzolina-un-pionero-que-cumple-15-anos\/","og_locale":"es_ES","og_type":"article","og_title":"Coro de Clarinetes Carmelo Azzolina: un pionero que cumple 15 a\u00f1os!!! - Noticias Radio Reflejos","og_description":"Integrado por alumnos del Conservatorio de M\u00fasica de Bah\u00eda Blanca y (tiempo m\u00e1s tarde) incorporando a instrumentistas aficionados, alumnos particulares y m\u00fasicos profesionales, el\u00a0Coro de Clarinetes Carmelo Azzolina\u00a0fue fundado en 2006 por iniciativa del profesor Gustavo Kamerbeek. El nombre de\u00a0\u201cCarmelo Azzolina\u201d\u00a0fue tomado como una forma de recordar y homenajear a quien fuera el primer profesor [&hellip;]","og_url":"https:\/\/www.noticiasradioreflejos.com.ar\/2021\/coro-de-clarinetes-carmelo-azzolina-un-pionero-que-cumple-15-anos\/","og_site_name":"Noticias Radio Reflejos","article_published_time":"2021-05-24T15:47:07+00:00","og_image":[{"width":300,"height":200,"url":"https:\/\/www.noticiasradioreflejos.com.ar\/2021\/wp-content\/uploads\/2021\/07\/logosol300x200.png","type":"image\/png"}],"author":"Arnaldo Botto","twitter_card":"summary_large_image","schema":{"@context":"https:\/\/schema.org","@graph":[{"@type":"WebPage","@id":"https:\/\/www.noticiasradioreflejos.com.ar\/2021\/coro-de-clarinetes-carmelo-azzolina-un-pionero-que-cumple-15-anos\/","url":"https:\/\/www.noticiasradioreflejos.com.ar\/2021\/coro-de-clarinetes-carmelo-azzolina-un-pionero-que-cumple-15-anos\/","name":"Coro de Clarinetes Carmelo Azzolina: un pionero que cumple 15 a\u00f1os!!! - Noticias Radio Reflejos","isPartOf":{"@id":"https:\/\/www.noticiasradioreflejos.com.ar\/2021\/#website"},"datePublished":"2021-05-24T15:47:07+00:00","author":{"@id":"https:\/\/www.noticiasradioreflejos.com.ar\/2021\/#\/schema\/person\/ad82545263dcc5ec0996818884fd5fb1"},"breadcrumb":{"@id":"https:\/\/www.noticiasradioreflejos.com.ar\/2021\/coro-de-clarinetes-carmelo-azzolina-un-pionero-que-cumple-15-anos\/#breadcrumb"},"inLanguage":"es","potentialAction":[{"@type":"ReadAction","target":["https:\/\/www.noticiasradioreflejos.com.ar\/2021\/coro-de-clarinetes-carmelo-azzolina-un-pionero-que-cumple-15-anos\/"]}]},{"@type":"BreadcrumbList","@id":"https:\/\/www.noticiasradioreflejos.com.ar\/2021\/coro-de-clarinetes-carmelo-azzolina-un-pionero-que-cumple-15-anos\/#breadcrumb","itemListElement":[{"@type":"ListItem","position":1,"name":"Portada","item":"https:\/\/www.noticiasradioreflejos.com.ar\/2021\/"},{"@type":"ListItem","position":2,"name":"Coro de Clarinetes Carmelo Azzolina: un pionero que cumple 15 a\u00f1os!!!"}]},{"@type":"WebSite","@id":"https:\/\/www.noticiasradioreflejos.com.ar\/2021\/#website","url":"https:\/\/www.noticiasradioreflejos.com.ar\/2021\/","name":"Noticias Radio Reflejos","description":"Las noticias de mi comarca","potentialAction":[{"@type":"SearchAction","target":{"@type":"EntryPoint","urlTemplate":"https:\/\/www.noticiasradioreflejos.com.ar\/2021\/?s={search_term_string}"},"query-input":{"@type":"PropertyValueSpecification","valueRequired":true,"valueName":"search_term_string"}}],"inLanguage":"es"},{"@type":"Person","@id":"https:\/\/www.noticiasradioreflejos.com.ar\/2021\/#\/schema\/person\/ad82545263dcc5ec0996818884fd5fb1","name":"Arnaldo Botto","image":{"@type":"ImageObject","inLanguage":"es","@id":"https:\/\/www.noticiasradioreflejos.com.ar\/2021\/#\/schema\/person\/image\/","url":"https:\/\/secure.gravatar.com\/avatar\/55cb5e37c1efa326397366e6974cb338056df65cb50e7d64d1cf314e87504837?s=96&d=mm&r=g","contentUrl":"https:\/\/secure.gravatar.com\/avatar\/55cb5e37c1efa326397366e6974cb338056df65cb50e7d64d1cf314e87504837?s=96&d=mm&r=g","caption":"Arnaldo Botto"},"url":"https:\/\/www.noticiasradioreflejos.com.ar\/2021\/author\/arnaldo\/"}]}},"_links":{"self":[{"href":"https:\/\/www.noticiasradioreflejos.com.ar\/2021\/wp-json\/wp\/v2\/posts\/57414","targetHints":{"allow":["GET"]}}],"collection":[{"href":"https:\/\/www.noticiasradioreflejos.com.ar\/2021\/wp-json\/wp\/v2\/posts"}],"about":[{"href":"https:\/\/www.noticiasradioreflejos.com.ar\/2021\/wp-json\/wp\/v2\/types\/post"}],"author":[{"embeddable":true,"href":"https:\/\/www.noticiasradioreflejos.com.ar\/2021\/wp-json\/wp\/v2\/users\/3"}],"replies":[{"embeddable":true,"href":"https:\/\/www.noticiasradioreflejos.com.ar\/2021\/wp-json\/wp\/v2\/comments?post=57414"}],"version-history":[{"count":1,"href":"https:\/\/www.noticiasradioreflejos.com.ar\/2021\/wp-json\/wp\/v2\/posts\/57414\/revisions"}],"predecessor-version":[{"id":57415,"href":"https:\/\/www.noticiasradioreflejos.com.ar\/2021\/wp-json\/wp\/v2\/posts\/57414\/revisions\/57415"}],"wp:attachment":[{"href":"https:\/\/www.noticiasradioreflejos.com.ar\/2021\/wp-json\/wp\/v2\/media?parent=57414"}],"wp:term":[{"taxonomy":"category","embeddable":true,"href":"https:\/\/www.noticiasradioreflejos.com.ar\/2021\/wp-json\/wp\/v2\/categories?post=57414"},{"taxonomy":"post_tag","embeddable":true,"href":"https:\/\/www.noticiasradioreflejos.com.ar\/2021\/wp-json\/wp\/v2\/tags?post=57414"}],"curies":[{"name":"wp","href":"https:\/\/api.w.org\/{rel}","templated":true}]}}