{"id":57408,"date":"2021-05-24T13:41:07","date_gmt":"2021-05-24T13:41:07","guid":{"rendered":"http:\/\/www.noticiasradioreflejos.com.ar\/2021\/?p=57408"},"modified":"2021-05-24T13:41:07","modified_gmt":"2021-05-24T13:41:07","slug":"el-radicalismo-propuso-una-reforma-tributaria-para-terminar-con-la-inflacion","status":"publish","type":"post","link":"https:\/\/www.noticiasradioreflejos.com.ar\/2021\/el-radicalismo-propuso-una-reforma-tributaria-para-terminar-con-la-inflacion\/","title":{"rendered":"El radicalismo propuso una reforma tributaria para terminar con la inflaci\u00f3n"},"content":{"rendered":"<div class=\"head-content\">\n<p>La Comisi\u00f3n de Econom\u00eda de la Convenci\u00f3n Nacional de la UCR sostiene que un cambio en el sistema de contribuciones podr\u00eda ayudar a terminar con la suba de precios y retomar la senda del crecimiento sostenido con equidad.<\/p>\n<\/div>\n<p><!--more--><\/p>\n<div class=\"main-content-block\">\n<div class=\"main-box clearfix\">\n<div class=\"wrapper-main-section clearfix\">\n<div class=\"wrapper-editable-content\">\n<div class=\"editable-content clearfix\">\n<div id=\"image\" class=\"image\">\n<div class=\"epigrafe\">La <strong>Comisi\u00f3n de Econom\u00eda de la Convenci\u00f3n Nacional<\/strong>\u00a0del radicalismo sostuvo este domingo que la \u00ab<strong>inflaci\u00f3n es un impuesto m\u00e1s<\/strong>\u00bb y por ende el \u00ab<strong>c\u00edrculo vicioso de alto d\u00e9ficit fiscal, alta inflaci\u00f3n y endeudamiento creciente<\/strong>\u00bb que solo podr\u00e1 romperse con una profunda \u00abreforma tributaria establecida sobre la base de un amplio consenso pol\u00edtico y social\u00bb.<\/div>\n<\/div>\n<p>\u00abLa inflaci\u00f3n es un impuesto m\u00e1s, el m\u00e1s regresivo y el m\u00e1s injusto por afectar con mayor virulencia a los que menos tienen, que es aplicada por el Estado ante su incapacidad para lograr el equilibrio fiscal y recaudar de manera eficiente\u00bb, opin\u00f3 a trav\u00e9s de un comunicado la Comisi\u00f3n de Econom\u00eda de la Convenci\u00f3n Nacional de la UCR que preside Jorge Sappia.<\/p>\n<p>En ese contexto, se plante\u00f3 la necesidad de \u00ab<strong>atacar de ra\u00edz las causas de la inflaci\u00f3n,<\/strong>\u00a0terminar con esta regresividad y poder iniciar un c\u00edrculo virtuoso de est\u00edmulo a la inversi\u00f3n, la producci\u00f3n y la creaci\u00f3n de empleo digno\u00bb.<\/p>\n<p>\u00abEl c\u00edrculo vicioso de alto d\u00e9ficit fiscal, alta inflaci\u00f3n y endeudamiento creciente solo puede romperse con una reforma profunda que adem\u00e1s de una nueva estructura impositiva establezca una pol\u00edtica cambiaria coherente que permita implementar una pol\u00edtica industrial competitiva, creadora de empleos y fuertemente exportadora\u00bb.<\/p>\n<div id=\"image\" class=\"image\"><img decoding=\"async\" title=\"El titular de la Convenci\u00f3n de la UCR, Jorge Sappia, fue uno de los firmantes del comunicado\" src=\"https:\/\/www.telam.com.ar\/advf\/imagenes\/2018\/05\/5afc182a50bbd_1004x565.jpg\" alt=\"El titular de la Convenci\u00f3n de la UCR, Jorge Sappia, fue uno de los firmantes del comunicado\" \/><\/p>\n<div class=\"epigrafe\">El titular de la Convenci\u00f3n de la UCR, Jorge Sappia, fue uno de los firmantes del comunicado<\/div>\n<\/div>\n<p>Pero una \u00abreforma tributaria de tal dimensi\u00f3n solo ser\u00eda posible sobre la base de un\u00a0<strong>amplio consenso pol\u00edtico y social<\/strong>, dif\u00edcil de imaginar en un a\u00f1o electoral como este\u00bb, argumentaron en el documento que adem\u00e1s de Sappia firma el coordinador de la Comisi\u00f3n de Econom\u00eda, Miguel Ponce.<\/p>\n<p>Tambi\u00e9n se analiz\u00f3 el resultado de la gira del presidente\u00a0<strong>Alberto Fern\u00e1ndez<\/strong>\u00a0y del ministro de Econom\u00eda,\u00a0<strong>Mart\u00edn Guzm\u00e1n<\/strong>, por Europa, y se concluy\u00f3 que trajeron \u00abvarios anuncios que pueden considerarse auspiciosos\u00bb.<\/p>\n<p>En el comunicado hicieron un punteo dando cuenta que consiguieron \u00ab<strong>apoyos m\u00e1s o menos expl\u00edcitos de cuatro pa\u00edses a lograr una mayor flexibilidad por parte del FMI<\/strong>; el relanzamiento de las negociaciones con ese organismo por un programa de facilidades extendidas; una mirada m\u00e1s benevolente ante la aplicaci\u00f3n de sobre tasas la deuda existente con el FMI; la hip\u00f3tesis de evitar intereses punitorios por parte del club de Paris y la emisi\u00f3n de un monto importante de Derechos Especiales de Giro por parte del FMI en agosto\u00bb.<\/p>\n<p>Sobre este \u00faltimo punto consideraron que los Derechos Especiales de Giro implicar\u00edan \u00ab<strong>el agregado del equivalente a unos 4.200 millones de d\u00f3lares a las reservas nominales del Banco Central<\/strong>\u00ab.<\/p>\n<div class=\"js-code\">\n<div class=\"twitter-tweet twitter-tweet-rendered\"><iframe id=\"twitter-widget-0\" class=\"\" title=\"Twitter Tweet\" src=\"https:\/\/platform.twitter.com\/embed\/Tweet.html?creatorScreenName=agenciatelam&amp;dnt=false&amp;embedId=twitter-widget-0&amp;features=eyJ0ZndfZXhwZXJpbWVudHNfY29va2llX2V4cGlyYXRpb24iOnsiYnVja2V0IjoxMjA5NjAwLCJ2ZXJzaW9uIjpudWxsfSwidGZ3X2hvcml6b25fdHdlZXRfZW1iZWRfOTU1NSI6eyJidWNrZXQiOiJodGUiLCJ2ZXJzaW9uIjpudWxsfSwidGZ3X3R3ZWV0X2VtYmVkX2NsaWNrYWJpbGl0eV8xMjEwMiI6eyJidWNrZXQiOiJjb250cm9sIiwidmVyc2lvbiI6bnVsbH19&amp;frame=false&amp;hideCard=false&amp;hideThread=false&amp;id=1396513958794874885&amp;lang=en&amp;origin=https%3A%2F%2Fwww.telam.com.ar%2Fnotas%2F202105%2F555266-ucr-reforma-tributaria-propuesta.html&amp;sessionId=471b08e840463d5ee86afab2b4256fd903e61ee5&amp;siteScreenName=agenciatelam&amp;theme=light&amp;widgetsVersion=82e1070%3A1619632193066&amp;width=550px\" frameborder=\"0\" scrolling=\"no\" allowfullscreen=\"allowfullscreen\" data-tweet-id=\"1396513958794874885\" data-mce-fragment=\"1\"><\/iframe><\/div>\n<\/div>\n<p>Desde la Comisi\u00f3n de Econom\u00eda sostienen que el FMI reclama al Gobierno \u00abun ancla cre\u00edble para la inflaci\u00f3n\u00bb.<\/p>\n<p>Y reclaman al Gobierno que elabore en consenso con la oposici\u00f3n \u00abun plan econ\u00f3mico sustentable y plurianual que comience por plantear todas las medidas necesarias para que haya convergencia con las previsiones del presupuesto 2021 aprobado por el Congreso Nacional\u00bb.<\/p><\/div>\n<\/div>\n<\/div>\n<\/div>\n<\/div>\n","protected":false},"excerpt":{"rendered":"<p>La Comisi\u00f3n de Econom\u00eda de la Convenci\u00f3n Nacional de la UCR sostiene que un cambio en el sistema de contribuciones podr\u00eda ayudar a terminar con la suba de precios y retomar la senda del crecimiento sostenido con equidad.<\/p>\n","protected":false},"author":3,"featured_media":0,"comment_status":"closed","ping_status":"closed","sticky":false,"template":"","format":"standard","meta":{"footnotes":""},"categories":[24],"tags":[],"class_list":["post-57408","post","type-post","status-publish","format-standard","hentry","category-politica"],"yoast_head":"<!-- This site is optimized with the Yoast SEO plugin v25.9 - https:\/\/yoast.com\/wordpress\/plugins\/seo\/ -->\n<title>El radicalismo propuso una reforma tributaria para terminar con la inflaci\u00f3n - Noticias Radio Reflejos<\/title>\n<meta name=\"robots\" content=\"index, follow, max-snippet:-1, max-image-preview:large, max-video-preview:-1\" \/>\n<link rel=\"canonical\" href=\"https:\/\/www.noticiasradioreflejos.com.ar\/2021\/el-radicalismo-propuso-una-reforma-tributaria-para-terminar-con-la-inflacion\/\" \/>\n<meta property=\"og:locale\" content=\"es_ES\" \/>\n<meta property=\"og:type\" content=\"article\" \/>\n<meta property=\"og:title\" content=\"El radicalismo propuso una reforma tributaria para terminar con la inflaci\u00f3n - Noticias Radio Reflejos\" \/>\n<meta property=\"og:description\" content=\"La Comisi\u00f3n de Econom\u00eda de la Convenci\u00f3n Nacional de la UCR sostiene que un cambio en el sistema de contribuciones podr\u00eda ayudar a terminar con la suba de precios y retomar la senda del crecimiento sostenido con equidad.\" \/>\n<meta property=\"og:url\" content=\"https:\/\/www.noticiasradioreflejos.com.ar\/2021\/el-radicalismo-propuso-una-reforma-tributaria-para-terminar-con-la-inflacion\/\" \/>\n<meta property=\"og:site_name\" content=\"Noticias Radio Reflejos\" \/>\n<meta property=\"article:published_time\" content=\"2021-05-24T13:41:07+00:00\" \/>\n<meta property=\"og:image\" content=\"https:\/\/www.telam.com.ar\/advf\/imagenes\/2018\/05\/5afc182a50bbd_1004x565.jpg\" \/>\n<meta name=\"author\" content=\"Arnaldo Botto\" \/>\n<meta name=\"twitter:card\" content=\"summary_large_image\" \/>\n<script type=\"application\/ld+json\" class=\"yoast-schema-graph\">{\"@context\":\"https:\/\/schema.org\",\"@graph\":[{\"@type\":\"WebPage\",\"@id\":\"https:\/\/www.noticiasradioreflejos.com.ar\/2021\/el-radicalismo-propuso-una-reforma-tributaria-para-terminar-con-la-inflacion\/\",\"url\":\"https:\/\/www.noticiasradioreflejos.com.ar\/2021\/el-radicalismo-propuso-una-reforma-tributaria-para-terminar-con-la-inflacion\/\",\"name\":\"El radicalismo propuso una reforma tributaria para terminar con la inflaci\u00f3n - Noticias Radio Reflejos\",\"isPartOf\":{\"@id\":\"https:\/\/www.noticiasradioreflejos.com.ar\/2021\/#website\"},\"primaryImageOfPage\":{\"@id\":\"https:\/\/www.noticiasradioreflejos.com.ar\/2021\/el-radicalismo-propuso-una-reforma-tributaria-para-terminar-con-la-inflacion\/#primaryimage\"},\"image\":{\"@id\":\"https:\/\/www.noticiasradioreflejos.com.ar\/2021\/el-radicalismo-propuso-una-reforma-tributaria-para-terminar-con-la-inflacion\/#primaryimage\"},\"thumbnailUrl\":\"https:\/\/www.telam.com.ar\/advf\/imagenes\/2018\/05\/5afc182a50bbd_1004x565.jpg\",\"datePublished\":\"2021-05-24T13:41:07+00:00\",\"author\":{\"@id\":\"https:\/\/www.noticiasradioreflejos.com.ar\/2021\/#\/schema\/person\/ad82545263dcc5ec0996818884fd5fb1\"},\"breadcrumb\":{\"@id\":\"https:\/\/www.noticiasradioreflejos.com.ar\/2021\/el-radicalismo-propuso-una-reforma-tributaria-para-terminar-con-la-inflacion\/#breadcrumb\"},\"inLanguage\":\"es\",\"potentialAction\":[{\"@type\":\"ReadAction\",\"target\":[\"https:\/\/www.noticiasradioreflejos.com.ar\/2021\/el-radicalismo-propuso-una-reforma-tributaria-para-terminar-con-la-inflacion\/\"]}]},{\"@type\":\"ImageObject\",\"inLanguage\":\"es\",\"@id\":\"https:\/\/www.noticiasradioreflejos.com.ar\/2021\/el-radicalismo-propuso-una-reforma-tributaria-para-terminar-con-la-inflacion\/#primaryimage\",\"url\":\"https:\/\/www.telam.com.ar\/advf\/imagenes\/2018\/05\/5afc182a50bbd_1004x565.jpg\",\"contentUrl\":\"https:\/\/www.telam.com.ar\/advf\/imagenes\/2018\/05\/5afc182a50bbd_1004x565.jpg\"},{\"@type\":\"BreadcrumbList\",\"@id\":\"https:\/\/www.noticiasradioreflejos.com.ar\/2021\/el-radicalismo-propuso-una-reforma-tributaria-para-terminar-con-la-inflacion\/#breadcrumb\",\"itemListElement\":[{\"@type\":\"ListItem\",\"position\":1,\"name\":\"Portada\",\"item\":\"https:\/\/www.noticiasradioreflejos.com.ar\/2021\/\"},{\"@type\":\"ListItem\",\"position\":2,\"name\":\"El radicalismo propuso una reforma tributaria para terminar con la inflaci\u00f3n\"}]},{\"@type\":\"WebSite\",\"@id\":\"https:\/\/www.noticiasradioreflejos.com.ar\/2021\/#website\",\"url\":\"https:\/\/www.noticiasradioreflejos.com.ar\/2021\/\",\"name\":\"Noticias Radio Reflejos\",\"description\":\"Las noticias de mi comarca\",\"potentialAction\":[{\"@type\":\"SearchAction\",\"target\":{\"@type\":\"EntryPoint\",\"urlTemplate\":\"https:\/\/www.noticiasradioreflejos.com.ar\/2021\/?s={search_term_string}\"},\"query-input\":{\"@type\":\"PropertyValueSpecification\",\"valueRequired\":true,\"valueName\":\"search_term_string\"}}],\"inLanguage\":\"es\"},{\"@type\":\"Person\",\"@id\":\"https:\/\/www.noticiasradioreflejos.com.ar\/2021\/#\/schema\/person\/ad82545263dcc5ec0996818884fd5fb1\",\"name\":\"Arnaldo Botto\",\"image\":{\"@type\":\"ImageObject\",\"inLanguage\":\"es\",\"@id\":\"https:\/\/www.noticiasradioreflejos.com.ar\/2021\/#\/schema\/person\/image\/\",\"url\":\"https:\/\/secure.gravatar.com\/avatar\/55cb5e37c1efa326397366e6974cb338056df65cb50e7d64d1cf314e87504837?s=96&d=mm&r=g\",\"contentUrl\":\"https:\/\/secure.gravatar.com\/avatar\/55cb5e37c1efa326397366e6974cb338056df65cb50e7d64d1cf314e87504837?s=96&d=mm&r=g\",\"caption\":\"Arnaldo Botto\"},\"url\":\"https:\/\/www.noticiasradioreflejos.com.ar\/2021\/author\/arnaldo\/\"}]}<\/script>\n<!-- \/ Yoast SEO plugin. -->","yoast_head_json":{"title":"El radicalismo propuso una reforma tributaria para terminar con la inflaci\u00f3n - Noticias Radio Reflejos","robots":{"index":"index","follow":"follow","max-snippet":"max-snippet:-1","max-image-preview":"max-image-preview:large","max-video-preview":"max-video-preview:-1"},"canonical":"https:\/\/www.noticiasradioreflejos.com.ar\/2021\/el-radicalismo-propuso-una-reforma-tributaria-para-terminar-con-la-inflacion\/","og_locale":"es_ES","og_type":"article","og_title":"El radicalismo propuso una reforma tributaria para terminar con la inflaci\u00f3n - Noticias Radio Reflejos","og_description":"La Comisi\u00f3n de Econom\u00eda de la Convenci\u00f3n Nacional de la UCR sostiene que un cambio en el sistema de contribuciones podr\u00eda ayudar a terminar con la suba de precios y retomar la senda del crecimiento sostenido con equidad.","og_url":"https:\/\/www.noticiasradioreflejos.com.ar\/2021\/el-radicalismo-propuso-una-reforma-tributaria-para-terminar-con-la-inflacion\/","og_site_name":"Noticias Radio Reflejos","article_published_time":"2021-05-24T13:41:07+00:00","og_image":[{"url":"https:\/\/www.telam.com.ar\/advf\/imagenes\/2018\/05\/5afc182a50bbd_1004x565.jpg","type":"","width":"","height":""}],"author":"Arnaldo Botto","twitter_card":"summary_large_image","schema":{"@context":"https:\/\/schema.org","@graph":[{"@type":"WebPage","@id":"https:\/\/www.noticiasradioreflejos.com.ar\/2021\/el-radicalismo-propuso-una-reforma-tributaria-para-terminar-con-la-inflacion\/","url":"https:\/\/www.noticiasradioreflejos.com.ar\/2021\/el-radicalismo-propuso-una-reforma-tributaria-para-terminar-con-la-inflacion\/","name":"El radicalismo propuso una reforma tributaria para terminar con la inflaci\u00f3n - Noticias Radio Reflejos","isPartOf":{"@id":"https:\/\/www.noticiasradioreflejos.com.ar\/2021\/#website"},"primaryImageOfPage":{"@id":"https:\/\/www.noticiasradioreflejos.com.ar\/2021\/el-radicalismo-propuso-una-reforma-tributaria-para-terminar-con-la-inflacion\/#primaryimage"},"image":{"@id":"https:\/\/www.noticiasradioreflejos.com.ar\/2021\/el-radicalismo-propuso-una-reforma-tributaria-para-terminar-con-la-inflacion\/#primaryimage"},"thumbnailUrl":"https:\/\/www.telam.com.ar\/advf\/imagenes\/2018\/05\/5afc182a50bbd_1004x565.jpg","datePublished":"2021-05-24T13:41:07+00:00","author":{"@id":"https:\/\/www.noticiasradioreflejos.com.ar\/2021\/#\/schema\/person\/ad82545263dcc5ec0996818884fd5fb1"},"breadcrumb":{"@id":"https:\/\/www.noticiasradioreflejos.com.ar\/2021\/el-radicalismo-propuso-una-reforma-tributaria-para-terminar-con-la-inflacion\/#breadcrumb"},"inLanguage":"es","potentialAction":[{"@type":"ReadAction","target":["https:\/\/www.noticiasradioreflejos.com.ar\/2021\/el-radicalismo-propuso-una-reforma-tributaria-para-terminar-con-la-inflacion\/"]}]},{"@type":"ImageObject","inLanguage":"es","@id":"https:\/\/www.noticiasradioreflejos.com.ar\/2021\/el-radicalismo-propuso-una-reforma-tributaria-para-terminar-con-la-inflacion\/#primaryimage","url":"https:\/\/www.telam.com.ar\/advf\/imagenes\/2018\/05\/5afc182a50bbd_1004x565.jpg","contentUrl":"https:\/\/www.telam.com.ar\/advf\/imagenes\/2018\/05\/5afc182a50bbd_1004x565.jpg"},{"@type":"BreadcrumbList","@id":"https:\/\/www.noticiasradioreflejos.com.ar\/2021\/el-radicalismo-propuso-una-reforma-tributaria-para-terminar-con-la-inflacion\/#breadcrumb","itemListElement":[{"@type":"ListItem","position":1,"name":"Portada","item":"https:\/\/www.noticiasradioreflejos.com.ar\/2021\/"},{"@type":"ListItem","position":2,"name":"El radicalismo propuso una reforma tributaria para terminar con la inflaci\u00f3n"}]},{"@type":"WebSite","@id":"https:\/\/www.noticiasradioreflejos.com.ar\/2021\/#website","url":"https:\/\/www.noticiasradioreflejos.com.ar\/2021\/","name":"Noticias Radio Reflejos","description":"Las noticias de mi comarca","potentialAction":[{"@type":"SearchAction","target":{"@type":"EntryPoint","urlTemplate":"https:\/\/www.noticiasradioreflejos.com.ar\/2021\/?s={search_term_string}"},"query-input":{"@type":"PropertyValueSpecification","valueRequired":true,"valueName":"search_term_string"}}],"inLanguage":"es"},{"@type":"Person","@id":"https:\/\/www.noticiasradioreflejos.com.ar\/2021\/#\/schema\/person\/ad82545263dcc5ec0996818884fd5fb1","name":"Arnaldo Botto","image":{"@type":"ImageObject","inLanguage":"es","@id":"https:\/\/www.noticiasradioreflejos.com.ar\/2021\/#\/schema\/person\/image\/","url":"https:\/\/secure.gravatar.com\/avatar\/55cb5e37c1efa326397366e6974cb338056df65cb50e7d64d1cf314e87504837?s=96&d=mm&r=g","contentUrl":"https:\/\/secure.gravatar.com\/avatar\/55cb5e37c1efa326397366e6974cb338056df65cb50e7d64d1cf314e87504837?s=96&d=mm&r=g","caption":"Arnaldo Botto"},"url":"https:\/\/www.noticiasradioreflejos.com.ar\/2021\/author\/arnaldo\/"}]}},"_links":{"self":[{"href":"https:\/\/www.noticiasradioreflejos.com.ar\/2021\/wp-json\/wp\/v2\/posts\/57408","targetHints":{"allow":["GET"]}}],"collection":[{"href":"https:\/\/www.noticiasradioreflejos.com.ar\/2021\/wp-json\/wp\/v2\/posts"}],"about":[{"href":"https:\/\/www.noticiasradioreflejos.com.ar\/2021\/wp-json\/wp\/v2\/types\/post"}],"author":[{"embeddable":true,"href":"https:\/\/www.noticiasradioreflejos.com.ar\/2021\/wp-json\/wp\/v2\/users\/3"}],"replies":[{"embeddable":true,"href":"https:\/\/www.noticiasradioreflejos.com.ar\/2021\/wp-json\/wp\/v2\/comments?post=57408"}],"version-history":[{"count":1,"href":"https:\/\/www.noticiasradioreflejos.com.ar\/2021\/wp-json\/wp\/v2\/posts\/57408\/revisions"}],"predecessor-version":[{"id":57410,"href":"https:\/\/www.noticiasradioreflejos.com.ar\/2021\/wp-json\/wp\/v2\/posts\/57408\/revisions\/57410"}],"wp:attachment":[{"href":"https:\/\/www.noticiasradioreflejos.com.ar\/2021\/wp-json\/wp\/v2\/media?parent=57408"}],"wp:term":[{"taxonomy":"category","embeddable":true,"href":"https:\/\/www.noticiasradioreflejos.com.ar\/2021\/wp-json\/wp\/v2\/categories?post=57408"},{"taxonomy":"post_tag","embeddable":true,"href":"https:\/\/www.noticiasradioreflejos.com.ar\/2021\/wp-json\/wp\/v2\/tags?post=57408"}],"curies":[{"name":"wp","href":"https:\/\/api.w.org\/{rel}","templated":true}]}}