{"id":57393,"date":"2021-05-23T21:43:17","date_gmt":"2021-05-23T21:43:17","guid":{"rendered":"http:\/\/www.noticiasradioreflejos.com.ar\/2021\/?p=57393"},"modified":"2021-05-23T21:43:17","modified_gmt":"2021-05-23T21:43:17","slug":"murieron-375-personas-y-24-801-fueron-reportadas-con-coronavirus-en-las-ultimas-24-horas","status":"publish","type":"post","link":"https:\/\/www.noticiasradioreflejos.com.ar\/2021\/murieron-375-personas-y-24-801-fueron-reportadas-con-coronavirus-en-las-ultimas-24-horas\/","title":{"rendered":"Murieron 375 personas y 24.801 fueron reportadas con coronavirus en las \u00faltimas 24 horas"},"content":{"rendered":"<div class=\"head-content\">\n<p>Son 6.214 los internados en unidades de terapia intensiva, con un porcentaje de ocupaci\u00f3n de camas de adultos de 73,5% en el pa\u00eds y del 76,6,1% en el \u00c1rea Metropolitana Buenos Aires (AMBA).<\/p>\n<\/div>\n<p><!--more--><\/p>\n<div class=\"main-content-block\">\n<div class=\"main-box clearfix\">\n<div class=\"wrapper-main-section clearfix\">\n<div class=\"wrapper-editable-content\">\n<div class=\"editable-content clearfix\">\n<div id=\"image\" class=\"image\"><img decoding=\"async\" title=\"Hay 6.214 los internados en unidades de terapia intensiva, con un porcentaje de ocupaci\u00f3n del 73,5%\" src=\"https:\/\/www.telam.com.ar\/advf\/imagenes\/2020\/07\/5f1f182214f3a_1004x565.jpg\" alt=\"Hay 6.214 los internados en unidades de terapia intensiva, con un porcentaje de ocupaci\u00f3n del 73,5%\" \/><\/p>\n<div class=\"epigrafe\">Hay 6.214 los internados en unidades de terapia intensiva, con un porcentaje de ocupaci\u00f3n del 73,5%<\/div>\n<\/div>\n<p>Otras 375 personas murieron y 24.801 fueron reportadas con coronavirus en las \u00faltimas 24 horas en la Argentina, con lo que suman 74.063 los fallecidos registrados oficialmente a nivel nacional y 3.539.484 los contagiados desde el inicio de la pandemia, inform\u00f3 este domingo el Ministerio de Salud.<\/p>\n<p>La cartera sanitaria indic\u00f3 que son 6.214 los internados en unidades de terapia intensiva, con un porcentaje de ocupaci\u00f3n de camas de adultos de 73,5% en el pa\u00eds y del 76,6,1% en el \u00c1rea Metropolitana Buenos Aires (AMBA).<\/p>\n<p>De acuerdo al Monitor P\u00fablico de Vacunaci\u00f3n, el total de inoculados asciende a 11.067.550 , de los cuales 8.701.971 recibieron una dosis y 2.365.579 las dos, mientras que las vacunas distribuidas a las jurisdicciones llegan a 12.612.752.<\/p>\n<p>De los 3.539.484 contagiados, 3.106.949 recibieron el alta y 358.472 son casos confirmados activos.<\/p>\n<p>El ministerio indic\u00f3 adem\u00e1s que se realizaron en las \u00faltimas 24 horas 82.107 testeos y desde el inicio del brote ascienden a 13.187.035 las pruebas diagn\u00f3sticas para esta enfermedad.<\/p>\n<p>El total de acumulados por distrito indica que la provincia de Buenos Aires suma 1.523.451 casos; la Ciudad de Buenos Aires, 397.859; Catamarca, 20.311; Chaco, 53.393; Chubut, 60.048; Corrientes, 47.490; C\u00f3rdoba 281.142; Entre R\u00edos, 78.341; Formosa, 23.168; Jujuy, 27.130; La Pampa, 38.482; La Rioja, 16.101; Mendoza, 114.873; Misiones, 19.018; Neuqu\u00e9n, 83.637; R\u00edo Negro, 70.094; Salta, 41.750; San Juan, 33.126; San Luis, 48.700; Santa Cruz, 49.993; Santa Fe, 322.585; Santiago del Estero, 39.465; Tierra del Fuego, 28.052 y Tucum\u00e1n, 121.275.<\/p>\n<p>Se incluyen 17 casos existentes en las Islas Malvinas seg\u00fan informaci\u00f3n de prensa (debido a la ocupaci\u00f3n ilegal del Reino Unido, Gran Breta\u00f1a e Irlanda del Norte no es posible contar con informaci\u00f3n propia sobre el impacto de la Covid-19 en esa parte del territorio argentino).<\/p>\n<div id=\"image\" class=\"image\"><img decoding=\"async\" title=\"\" src=\"https:\/\/www.telam.com.ar\/advf\/imagenes\/2021\/05\/60aac28331a52.05.2021_1004x1872.jpg\" alt=\"\" \/><\/div>\n<\/div>\n<\/div>\n<\/div>\n<\/div>\n<\/div>\n","protected":false},"excerpt":{"rendered":"<p>Son 6.214 los internados en unidades de terapia intensiva, con un porcentaje de ocupaci\u00f3n de camas de adultos de 73,5% en el pa\u00eds y del 76,6,1% en el \u00c1rea Metropolitana Buenos Aires (AMBA).<\/p>\n","protected":false},"author":3,"featured_media":0,"comment_status":"closed","ping_status":"closed","sticky":false,"template":"","format":"standard","meta":{"footnotes":""},"categories":[30],"tags":[],"class_list":["post-57393","post","type-post","status-publish","format-standard","hentry","category-salud"],"yoast_head":"<!-- This site is optimized with the Yoast SEO plugin v25.9 - https:\/\/yoast.com\/wordpress\/plugins\/seo\/ -->\n<title>Murieron 375 personas y 24.801 fueron reportadas con coronavirus en las \u00faltimas 24 horas - Noticias Radio Reflejos<\/title>\n<meta name=\"robots\" content=\"index, follow, max-snippet:-1, max-image-preview:large, max-video-preview:-1\" \/>\n<link rel=\"canonical\" href=\"https:\/\/www.noticiasradioreflejos.com.ar\/2021\/murieron-375-personas-y-24-801-fueron-reportadas-con-coronavirus-en-las-ultimas-24-horas\/\" \/>\n<meta property=\"og:locale\" content=\"es_ES\" \/>\n<meta property=\"og:type\" content=\"article\" \/>\n<meta property=\"og:title\" content=\"Murieron 375 personas y 24.801 fueron reportadas con coronavirus en las \u00faltimas 24 horas - Noticias Radio Reflejos\" \/>\n<meta property=\"og:description\" content=\"Son 6.214 los internados en unidades de terapia intensiva, con un porcentaje de ocupaci\u00f3n de camas de adultos de 73,5% en el pa\u00eds y del 76,6,1% en el \u00c1rea Metropolitana Buenos Aires (AMBA).\" \/>\n<meta property=\"og:url\" content=\"https:\/\/www.noticiasradioreflejos.com.ar\/2021\/murieron-375-personas-y-24-801-fueron-reportadas-con-coronavirus-en-las-ultimas-24-horas\/\" \/>\n<meta property=\"og:site_name\" content=\"Noticias Radio Reflejos\" \/>\n<meta property=\"article:published_time\" content=\"2021-05-23T21:43:17+00:00\" \/>\n<meta property=\"og:image\" content=\"https:\/\/www.telam.com.ar\/advf\/imagenes\/2020\/07\/5f1f182214f3a_1004x565.jpg\" \/>\n<meta name=\"author\" content=\"Arnaldo Botto\" \/>\n<meta name=\"twitter:card\" content=\"summary_large_image\" \/>\n<script type=\"application\/ld+json\" class=\"yoast-schema-graph\">{\"@context\":\"https:\/\/schema.org\",\"@graph\":[{\"@type\":\"WebPage\",\"@id\":\"https:\/\/www.noticiasradioreflejos.com.ar\/2021\/murieron-375-personas-y-24-801-fueron-reportadas-con-coronavirus-en-las-ultimas-24-horas\/\",\"url\":\"https:\/\/www.noticiasradioreflejos.com.ar\/2021\/murieron-375-personas-y-24-801-fueron-reportadas-con-coronavirus-en-las-ultimas-24-horas\/\",\"name\":\"Murieron 375 personas y 24.801 fueron reportadas con coronavirus en las \u00faltimas 24 horas - Noticias Radio Reflejos\",\"isPartOf\":{\"@id\":\"https:\/\/www.noticiasradioreflejos.com.ar\/2021\/#website\"},\"primaryImageOfPage\":{\"@id\":\"https:\/\/www.noticiasradioreflejos.com.ar\/2021\/murieron-375-personas-y-24-801-fueron-reportadas-con-coronavirus-en-las-ultimas-24-horas\/#primaryimage\"},\"image\":{\"@id\":\"https:\/\/www.noticiasradioreflejos.com.ar\/2021\/murieron-375-personas-y-24-801-fueron-reportadas-con-coronavirus-en-las-ultimas-24-horas\/#primaryimage\"},\"thumbnailUrl\":\"https:\/\/www.telam.com.ar\/advf\/imagenes\/2020\/07\/5f1f182214f3a_1004x565.jpg\",\"datePublished\":\"2021-05-23T21:43:17+00:00\",\"author\":{\"@id\":\"https:\/\/www.noticiasradioreflejos.com.ar\/2021\/#\/schema\/person\/ad82545263dcc5ec0996818884fd5fb1\"},\"breadcrumb\":{\"@id\":\"https:\/\/www.noticiasradioreflejos.com.ar\/2021\/murieron-375-personas-y-24-801-fueron-reportadas-con-coronavirus-en-las-ultimas-24-horas\/#breadcrumb\"},\"inLanguage\":\"es\",\"potentialAction\":[{\"@type\":\"ReadAction\",\"target\":[\"https:\/\/www.noticiasradioreflejos.com.ar\/2021\/murieron-375-personas-y-24-801-fueron-reportadas-con-coronavirus-en-las-ultimas-24-horas\/\"]}]},{\"@type\":\"ImageObject\",\"inLanguage\":\"es\",\"@id\":\"https:\/\/www.noticiasradioreflejos.com.ar\/2021\/murieron-375-personas-y-24-801-fueron-reportadas-con-coronavirus-en-las-ultimas-24-horas\/#primaryimage\",\"url\":\"https:\/\/www.telam.com.ar\/advf\/imagenes\/2020\/07\/5f1f182214f3a_1004x565.jpg\",\"contentUrl\":\"https:\/\/www.telam.com.ar\/advf\/imagenes\/2020\/07\/5f1f182214f3a_1004x565.jpg\"},{\"@type\":\"BreadcrumbList\",\"@id\":\"https:\/\/www.noticiasradioreflejos.com.ar\/2021\/murieron-375-personas-y-24-801-fueron-reportadas-con-coronavirus-en-las-ultimas-24-horas\/#breadcrumb\",\"itemListElement\":[{\"@type\":\"ListItem\",\"position\":1,\"name\":\"Portada\",\"item\":\"https:\/\/www.noticiasradioreflejos.com.ar\/2021\/\"},{\"@type\":\"ListItem\",\"position\":2,\"name\":\"Murieron 375 personas y 24.801 fueron reportadas con coronavirus en las \u00faltimas 24 horas\"}]},{\"@type\":\"WebSite\",\"@id\":\"https:\/\/www.noticiasradioreflejos.com.ar\/2021\/#website\",\"url\":\"https:\/\/www.noticiasradioreflejos.com.ar\/2021\/\",\"name\":\"Noticias Radio Reflejos\",\"description\":\"Las noticias de mi comarca\",\"potentialAction\":[{\"@type\":\"SearchAction\",\"target\":{\"@type\":\"EntryPoint\",\"urlTemplate\":\"https:\/\/www.noticiasradioreflejos.com.ar\/2021\/?s={search_term_string}\"},\"query-input\":{\"@type\":\"PropertyValueSpecification\",\"valueRequired\":true,\"valueName\":\"search_term_string\"}}],\"inLanguage\":\"es\"},{\"@type\":\"Person\",\"@id\":\"https:\/\/www.noticiasradioreflejos.com.ar\/2021\/#\/schema\/person\/ad82545263dcc5ec0996818884fd5fb1\",\"name\":\"Arnaldo Botto\",\"image\":{\"@type\":\"ImageObject\",\"inLanguage\":\"es\",\"@id\":\"https:\/\/www.noticiasradioreflejos.com.ar\/2021\/#\/schema\/person\/image\/\",\"url\":\"https:\/\/secure.gravatar.com\/avatar\/55cb5e37c1efa326397366e6974cb338056df65cb50e7d64d1cf314e87504837?s=96&d=mm&r=g\",\"contentUrl\":\"https:\/\/secure.gravatar.com\/avatar\/55cb5e37c1efa326397366e6974cb338056df65cb50e7d64d1cf314e87504837?s=96&d=mm&r=g\",\"caption\":\"Arnaldo Botto\"},\"url\":\"https:\/\/www.noticiasradioreflejos.com.ar\/2021\/author\/arnaldo\/\"}]}<\/script>\n<!-- \/ Yoast SEO plugin. -->","yoast_head_json":{"title":"Murieron 375 personas y 24.801 fueron reportadas con coronavirus en las \u00faltimas 24 horas - Noticias Radio Reflejos","robots":{"index":"index","follow":"follow","max-snippet":"max-snippet:-1","max-image-preview":"max-image-preview:large","max-video-preview":"max-video-preview:-1"},"canonical":"https:\/\/www.noticiasradioreflejos.com.ar\/2021\/murieron-375-personas-y-24-801-fueron-reportadas-con-coronavirus-en-las-ultimas-24-horas\/","og_locale":"es_ES","og_type":"article","og_title":"Murieron 375 personas y 24.801 fueron reportadas con coronavirus en las \u00faltimas 24 horas - Noticias Radio Reflejos","og_description":"Son 6.214 los internados en unidades de terapia intensiva, con un porcentaje de ocupaci\u00f3n de camas de adultos de 73,5% en el pa\u00eds y del 76,6,1% en el \u00c1rea Metropolitana Buenos Aires (AMBA).","og_url":"https:\/\/www.noticiasradioreflejos.com.ar\/2021\/murieron-375-personas-y-24-801-fueron-reportadas-con-coronavirus-en-las-ultimas-24-horas\/","og_site_name":"Noticias Radio Reflejos","article_published_time":"2021-05-23T21:43:17+00:00","og_image":[{"url":"https:\/\/www.telam.com.ar\/advf\/imagenes\/2020\/07\/5f1f182214f3a_1004x565.jpg","type":"","width":"","height":""}],"author":"Arnaldo Botto","twitter_card":"summary_large_image","schema":{"@context":"https:\/\/schema.org","@graph":[{"@type":"WebPage","@id":"https:\/\/www.noticiasradioreflejos.com.ar\/2021\/murieron-375-personas-y-24-801-fueron-reportadas-con-coronavirus-en-las-ultimas-24-horas\/","url":"https:\/\/www.noticiasradioreflejos.com.ar\/2021\/murieron-375-personas-y-24-801-fueron-reportadas-con-coronavirus-en-las-ultimas-24-horas\/","name":"Murieron 375 personas y 24.801 fueron reportadas con coronavirus en las \u00faltimas 24 horas - Noticias Radio Reflejos","isPartOf":{"@id":"https:\/\/www.noticiasradioreflejos.com.ar\/2021\/#website"},"primaryImageOfPage":{"@id":"https:\/\/www.noticiasradioreflejos.com.ar\/2021\/murieron-375-personas-y-24-801-fueron-reportadas-con-coronavirus-en-las-ultimas-24-horas\/#primaryimage"},"image":{"@id":"https:\/\/www.noticiasradioreflejos.com.ar\/2021\/murieron-375-personas-y-24-801-fueron-reportadas-con-coronavirus-en-las-ultimas-24-horas\/#primaryimage"},"thumbnailUrl":"https:\/\/www.telam.com.ar\/advf\/imagenes\/2020\/07\/5f1f182214f3a_1004x565.jpg","datePublished":"2021-05-23T21:43:17+00:00","author":{"@id":"https:\/\/www.noticiasradioreflejos.com.ar\/2021\/#\/schema\/person\/ad82545263dcc5ec0996818884fd5fb1"},"breadcrumb":{"@id":"https:\/\/www.noticiasradioreflejos.com.ar\/2021\/murieron-375-personas-y-24-801-fueron-reportadas-con-coronavirus-en-las-ultimas-24-horas\/#breadcrumb"},"inLanguage":"es","potentialAction":[{"@type":"ReadAction","target":["https:\/\/www.noticiasradioreflejos.com.ar\/2021\/murieron-375-personas-y-24-801-fueron-reportadas-con-coronavirus-en-las-ultimas-24-horas\/"]}]},{"@type":"ImageObject","inLanguage":"es","@id":"https:\/\/www.noticiasradioreflejos.com.ar\/2021\/murieron-375-personas-y-24-801-fueron-reportadas-con-coronavirus-en-las-ultimas-24-horas\/#primaryimage","url":"https:\/\/www.telam.com.ar\/advf\/imagenes\/2020\/07\/5f1f182214f3a_1004x565.jpg","contentUrl":"https:\/\/www.telam.com.ar\/advf\/imagenes\/2020\/07\/5f1f182214f3a_1004x565.jpg"},{"@type":"BreadcrumbList","@id":"https:\/\/www.noticiasradioreflejos.com.ar\/2021\/murieron-375-personas-y-24-801-fueron-reportadas-con-coronavirus-en-las-ultimas-24-horas\/#breadcrumb","itemListElement":[{"@type":"ListItem","position":1,"name":"Portada","item":"https:\/\/www.noticiasradioreflejos.com.ar\/2021\/"},{"@type":"ListItem","position":2,"name":"Murieron 375 personas y 24.801 fueron reportadas con coronavirus en las \u00faltimas 24 horas"}]},{"@type":"WebSite","@id":"https:\/\/www.noticiasradioreflejos.com.ar\/2021\/#website","url":"https:\/\/www.noticiasradioreflejos.com.ar\/2021\/","name":"Noticias Radio Reflejos","description":"Las noticias de mi comarca","potentialAction":[{"@type":"SearchAction","target":{"@type":"EntryPoint","urlTemplate":"https:\/\/www.noticiasradioreflejos.com.ar\/2021\/?s={search_term_string}"},"query-input":{"@type":"PropertyValueSpecification","valueRequired":true,"valueName":"search_term_string"}}],"inLanguage":"es"},{"@type":"Person","@id":"https:\/\/www.noticiasradioreflejos.com.ar\/2021\/#\/schema\/person\/ad82545263dcc5ec0996818884fd5fb1","name":"Arnaldo Botto","image":{"@type":"ImageObject","inLanguage":"es","@id":"https:\/\/www.noticiasradioreflejos.com.ar\/2021\/#\/schema\/person\/image\/","url":"https:\/\/secure.gravatar.com\/avatar\/55cb5e37c1efa326397366e6974cb338056df65cb50e7d64d1cf314e87504837?s=96&d=mm&r=g","contentUrl":"https:\/\/secure.gravatar.com\/avatar\/55cb5e37c1efa326397366e6974cb338056df65cb50e7d64d1cf314e87504837?s=96&d=mm&r=g","caption":"Arnaldo Botto"},"url":"https:\/\/www.noticiasradioreflejos.com.ar\/2021\/author\/arnaldo\/"}]}},"_links":{"self":[{"href":"https:\/\/www.noticiasradioreflejos.com.ar\/2021\/wp-json\/wp\/v2\/posts\/57393","targetHints":{"allow":["GET"]}}],"collection":[{"href":"https:\/\/www.noticiasradioreflejos.com.ar\/2021\/wp-json\/wp\/v2\/posts"}],"about":[{"href":"https:\/\/www.noticiasradioreflejos.com.ar\/2021\/wp-json\/wp\/v2\/types\/post"}],"author":[{"embeddable":true,"href":"https:\/\/www.noticiasradioreflejos.com.ar\/2021\/wp-json\/wp\/v2\/users\/3"}],"replies":[{"embeddable":true,"href":"https:\/\/www.noticiasradioreflejos.com.ar\/2021\/wp-json\/wp\/v2\/comments?post=57393"}],"version-history":[{"count":1,"href":"https:\/\/www.noticiasradioreflejos.com.ar\/2021\/wp-json\/wp\/v2\/posts\/57393\/revisions"}],"predecessor-version":[{"id":57394,"href":"https:\/\/www.noticiasradioreflejos.com.ar\/2021\/wp-json\/wp\/v2\/posts\/57393\/revisions\/57394"}],"wp:attachment":[{"href":"https:\/\/www.noticiasradioreflejos.com.ar\/2021\/wp-json\/wp\/v2\/media?parent=57393"}],"wp:term":[{"taxonomy":"category","embeddable":true,"href":"https:\/\/www.noticiasradioreflejos.com.ar\/2021\/wp-json\/wp\/v2\/categories?post=57393"},{"taxonomy":"post_tag","embeddable":true,"href":"https:\/\/www.noticiasradioreflejos.com.ar\/2021\/wp-json\/wp\/v2\/tags?post=57393"}],"curies":[{"name":"wp","href":"https:\/\/api.w.org\/{rel}","templated":true}]}}