{"id":57381,"date":"2021-05-23T14:10:09","date_gmt":"2021-05-23T14:10:09","guid":{"rendered":"http:\/\/www.noticiasradioreflejos.com.ar\/2021\/?p=57381"},"modified":"2021-05-23T14:10:09","modified_gmt":"2021-05-23T14:10:09","slug":"maximo-kirchner-debio-ser-internado-por-un-cuadro-agudo-de-colico-renal","status":"publish","type":"post","link":"https:\/\/www.noticiasradioreflejos.com.ar\/2021\/maximo-kirchner-debio-ser-internado-por-un-cuadro-agudo-de-colico-renal\/","title":{"rendered":"M\u00e1ximo Kirchner debi\u00f3 ser internado por un cuadro agudo de c\u00f3lico renal"},"content":{"rendered":"<header>\n<div class=\"article-header \">\n<p class=\"article-subheadline\">El diputado nacional fue ingresado al Hospital Italiano a \u00faltimas horas de ayer y permaneci\u00f3 toda la noche. Seg\u00fan el centro de salud, se encuentra en buen estado y con \u201cbuena evoluci\u00f3n cl\u00ednica\u201d<\/p>\n<\/div>\n<\/header>\n<p><!--more--><\/p>\n<article class=\"article | col widescreen-8 desktop-8 tablet-12 width_full\">\n<div class=\"nd-body-article\">\n<div class=\"visual__image  \"><img loading=\"lazy\" decoding=\"async\" src=\"https:\/\/www.infobae.com\/new-resizer\/PEYd09THD_6WN21eG6cSh5POP6I=\/420x236\/filters:format(jpg):quality(85)\/cloudfront-us-east-1.images.arcpublishing.com\/infobae\/2MJL733CKZBQ5LRCSYFME2YLBU.jpg%20420w\" sizes=\"auto, (min-width: 800px) 50vw, 90vw\" srcset=\"https:\/\/www.infobae.com\/new-resizer\/PEYd09THD_6WN21eG6cSh5POP6I=\/420x236\/filters:format(jpg):quality(85)\/cloudfront-us-east-1.images.arcpublishing.com\/infobae\/2MJL733CKZBQ5LRCSYFME2YLBU.jpg 420w,https:\/\/www.infobae.com\/new-resizer\/KmqZlvP4hL1NNsn9m47MIkdGbW4=\/768x432\/filters:format(jpg):quality(85)\/cloudfront-us-east-1.images.arcpublishing.com\/infobae\/2MJL733CKZBQ5LRCSYFME2YLBU.jpg 768w,https:\/\/www.infobae.com\/new-resizer\/06LApdbGyuE__l7wjef7uKZevrM=\/992x558\/filters:format(jpg):quality(85)\/cloudfront-us-east-1.images.arcpublishing.com\/infobae\/2MJL733CKZBQ5LRCSYFME2YLBU.jpg 992w,https:\/\/www.infobae.com\/new-resizer\/s3S6EETcwIqISTEvdF2Io9wTsF0=\/1200x675\/filters:format(jpg):quality(85)\/cloudfront-us-east-1.images.arcpublishing.com\/infobae\/2MJL733CKZBQ5LRCSYFME2YLBU.jpg 1200w\" alt=\"Maximo Kirchner - diputados  6\" width=\"852\" height=\"479\" \/>Maximo Kirchner<\/div>\n<p class=\"paragraph\">El diputado nacional\u00a0<b>M\u00e1ximo Kirchner fue internado el s\u00e1bado en un hospital de la ciudad de La Plata por un cuadro de un c\u00f3lico renal<\/b>. De acuerdo al parte m\u00e9dico, el hijo de la vicepresidenta Cristina Kirchner se encuentra en\u00a0<b>\u201cbuen estado general\u201d y con una \u201cbuena evoluci\u00f3n cl\u00ednica\u201d.<\/b><\/p>\n<p class=\"paragraph\">\u201cEn el d\u00eda de ayer hemos asistido e internado al paciente M\u00e1ximo Kirchner, quien es derivado y acompa\u00f1ado por su m\u00e9dico de cabecera,\u00a0<b>por cuadro agudo<\/b>\u00a0que se interpreta como c\u00f3lico renal, diagnostic\u00e1ndose mediante estudio de im\u00e1genes\u00a0<b>perinefritis incipiente y litiasis de 3 mm intravesical<\/b>\u201d, inform\u00f3 el Hospital Italiano en su comunicado oficial.<\/p>\n<p class=\"paragraph\">\u201cSe realizan estudios de laboratorio y bacteriol\u00f3gicos, habiendo comenzado tratamiento con antibi\u00f3ticos.\u00a0<mark class=\"hl_yellow\"><b>Buen estado general. Buena evoluci\u00f3n cl\u00ednica<\/b><\/mark>\u201d, concluy\u00f3.<\/p>\n<p class=\"paragraph\"><b>NOTICIA EN DESARROLLO<\/b><\/p>\n<\/div>\n<\/article>\n","protected":false},"excerpt":{"rendered":"<p>El diputado nacional fue ingresado al Hospital Italiano a \u00faltimas horas de ayer y permaneci\u00f3 toda la noche. Seg\u00fan el centro de salud, se encuentra en buen estado y con \u201cbuena evoluci\u00f3n cl\u00ednica\u201d<\/p>\n","protected":false},"author":3,"featured_media":0,"comment_status":"closed","ping_status":"closed","sticky":false,"template":"","format":"standard","meta":{"footnotes":""},"categories":[24],"tags":[],"class_list":["post-57381","post","type-post","status-publish","format-standard","hentry","category-politica"],"yoast_head":"<!-- This site is optimized with the Yoast SEO plugin v25.9 - https:\/\/yoast.com\/wordpress\/plugins\/seo\/ -->\n<title>M\u00e1ximo Kirchner debi\u00f3 ser internado por un cuadro agudo de c\u00f3lico renal - Noticias Radio Reflejos<\/title>\n<meta name=\"robots\" content=\"index, follow, max-snippet:-1, max-image-preview:large, max-video-preview:-1\" \/>\n<link rel=\"canonical\" href=\"https:\/\/www.noticiasradioreflejos.com.ar\/2021\/maximo-kirchner-debio-ser-internado-por-un-cuadro-agudo-de-colico-renal\/\" \/>\n<meta property=\"og:locale\" content=\"es_ES\" \/>\n<meta property=\"og:type\" content=\"article\" \/>\n<meta property=\"og:title\" content=\"M\u00e1ximo Kirchner debi\u00f3 ser internado por un cuadro agudo de c\u00f3lico renal - Noticias Radio Reflejos\" \/>\n<meta property=\"og:description\" content=\"El diputado nacional fue ingresado al Hospital Italiano a \u00faltimas horas de ayer y permaneci\u00f3 toda la noche. Seg\u00fan el centro de salud, se encuentra en buen estado y con \u201cbuena evoluci\u00f3n cl\u00ednica\u201d\" \/>\n<meta property=\"og:url\" content=\"https:\/\/www.noticiasradioreflejos.com.ar\/2021\/maximo-kirchner-debio-ser-internado-por-un-cuadro-agudo-de-colico-renal\/\" \/>\n<meta property=\"og:site_name\" content=\"Noticias Radio Reflejos\" \/>\n<meta property=\"article:published_time\" content=\"2021-05-23T14:10:09+00:00\" \/>\n<meta property=\"og:image\" content=\"https:\/\/www.infobae.com\/new-resizer\/PEYd09THD_6WN21eG6cSh5POP6I=\/420x236\/filters:format(jpg):quality(85)\/cloudfront-us-east-1.images.arcpublishing.com\/infobae\/2MJL733CKZBQ5LRCSYFME2YLBU.jpg%20420w\" \/>\n<meta name=\"author\" content=\"Arnaldo Botto\" \/>\n<meta name=\"twitter:card\" content=\"summary_large_image\" \/>\n<script type=\"application\/ld+json\" class=\"yoast-schema-graph\">{\"@context\":\"https:\/\/schema.org\",\"@graph\":[{\"@type\":\"WebPage\",\"@id\":\"https:\/\/www.noticiasradioreflejos.com.ar\/2021\/maximo-kirchner-debio-ser-internado-por-un-cuadro-agudo-de-colico-renal\/\",\"url\":\"https:\/\/www.noticiasradioreflejos.com.ar\/2021\/maximo-kirchner-debio-ser-internado-por-un-cuadro-agudo-de-colico-renal\/\",\"name\":\"M\u00e1ximo Kirchner debi\u00f3 ser internado por un cuadro agudo de c\u00f3lico renal - Noticias Radio Reflejos\",\"isPartOf\":{\"@id\":\"https:\/\/www.noticiasradioreflejos.com.ar\/2021\/#website\"},\"primaryImageOfPage\":{\"@id\":\"https:\/\/www.noticiasradioreflejos.com.ar\/2021\/maximo-kirchner-debio-ser-internado-por-un-cuadro-agudo-de-colico-renal\/#primaryimage\"},\"image\":{\"@id\":\"https:\/\/www.noticiasradioreflejos.com.ar\/2021\/maximo-kirchner-debio-ser-internado-por-un-cuadro-agudo-de-colico-renal\/#primaryimage\"},\"thumbnailUrl\":\"https:\/\/www.infobae.com\/new-resizer\/PEYd09THD_6WN21eG6cSh5POP6I=\/420x236\/filters:format(jpg):quality(85)\/cloudfront-us-east-1.images.arcpublishing.com\/infobae\/2MJL733CKZBQ5LRCSYFME2YLBU.jpg%20420w\",\"datePublished\":\"2021-05-23T14:10:09+00:00\",\"author\":{\"@id\":\"https:\/\/www.noticiasradioreflejos.com.ar\/2021\/#\/schema\/person\/ad82545263dcc5ec0996818884fd5fb1\"},\"breadcrumb\":{\"@id\":\"https:\/\/www.noticiasradioreflejos.com.ar\/2021\/maximo-kirchner-debio-ser-internado-por-un-cuadro-agudo-de-colico-renal\/#breadcrumb\"},\"inLanguage\":\"es\",\"potentialAction\":[{\"@type\":\"ReadAction\",\"target\":[\"https:\/\/www.noticiasradioreflejos.com.ar\/2021\/maximo-kirchner-debio-ser-internado-por-un-cuadro-agudo-de-colico-renal\/\"]}]},{\"@type\":\"ImageObject\",\"inLanguage\":\"es\",\"@id\":\"https:\/\/www.noticiasradioreflejos.com.ar\/2021\/maximo-kirchner-debio-ser-internado-por-un-cuadro-agudo-de-colico-renal\/#primaryimage\",\"url\":\"https:\/\/www.infobae.com\/new-resizer\/PEYd09THD_6WN21eG6cSh5POP6I=\/420x236\/filters:format(jpg):quality(85)\/cloudfront-us-east-1.images.arcpublishing.com\/infobae\/2MJL733CKZBQ5LRCSYFME2YLBU.jpg%20420w\",\"contentUrl\":\"https:\/\/www.infobae.com\/new-resizer\/PEYd09THD_6WN21eG6cSh5POP6I=\/420x236\/filters:format(jpg):quality(85)\/cloudfront-us-east-1.images.arcpublishing.com\/infobae\/2MJL733CKZBQ5LRCSYFME2YLBU.jpg%20420w\"},{\"@type\":\"BreadcrumbList\",\"@id\":\"https:\/\/www.noticiasradioreflejos.com.ar\/2021\/maximo-kirchner-debio-ser-internado-por-un-cuadro-agudo-de-colico-renal\/#breadcrumb\",\"itemListElement\":[{\"@type\":\"ListItem\",\"position\":1,\"name\":\"Portada\",\"item\":\"https:\/\/www.noticiasradioreflejos.com.ar\/2021\/\"},{\"@type\":\"ListItem\",\"position\":2,\"name\":\"M\u00e1ximo Kirchner debi\u00f3 ser internado por un cuadro agudo de c\u00f3lico renal\"}]},{\"@type\":\"WebSite\",\"@id\":\"https:\/\/www.noticiasradioreflejos.com.ar\/2021\/#website\",\"url\":\"https:\/\/www.noticiasradioreflejos.com.ar\/2021\/\",\"name\":\"Noticias Radio Reflejos\",\"description\":\"Las noticias de mi comarca\",\"potentialAction\":[{\"@type\":\"SearchAction\",\"target\":{\"@type\":\"EntryPoint\",\"urlTemplate\":\"https:\/\/www.noticiasradioreflejos.com.ar\/2021\/?s={search_term_string}\"},\"query-input\":{\"@type\":\"PropertyValueSpecification\",\"valueRequired\":true,\"valueName\":\"search_term_string\"}}],\"inLanguage\":\"es\"},{\"@type\":\"Person\",\"@id\":\"https:\/\/www.noticiasradioreflejos.com.ar\/2021\/#\/schema\/person\/ad82545263dcc5ec0996818884fd5fb1\",\"name\":\"Arnaldo Botto\",\"image\":{\"@type\":\"ImageObject\",\"inLanguage\":\"es\",\"@id\":\"https:\/\/www.noticiasradioreflejos.com.ar\/2021\/#\/schema\/person\/image\/\",\"url\":\"https:\/\/secure.gravatar.com\/avatar\/55cb5e37c1efa326397366e6974cb338056df65cb50e7d64d1cf314e87504837?s=96&d=mm&r=g\",\"contentUrl\":\"https:\/\/secure.gravatar.com\/avatar\/55cb5e37c1efa326397366e6974cb338056df65cb50e7d64d1cf314e87504837?s=96&d=mm&r=g\",\"caption\":\"Arnaldo Botto\"},\"url\":\"https:\/\/www.noticiasradioreflejos.com.ar\/2021\/author\/arnaldo\/\"}]}<\/script>\n<!-- \/ Yoast SEO plugin. -->","yoast_head_json":{"title":"M\u00e1ximo Kirchner debi\u00f3 ser internado por un cuadro agudo de c\u00f3lico renal - Noticias Radio Reflejos","robots":{"index":"index","follow":"follow","max-snippet":"max-snippet:-1","max-image-preview":"max-image-preview:large","max-video-preview":"max-video-preview:-1"},"canonical":"https:\/\/www.noticiasradioreflejos.com.ar\/2021\/maximo-kirchner-debio-ser-internado-por-un-cuadro-agudo-de-colico-renal\/","og_locale":"es_ES","og_type":"article","og_title":"M\u00e1ximo Kirchner debi\u00f3 ser internado por un cuadro agudo de c\u00f3lico renal - Noticias Radio Reflejos","og_description":"El diputado nacional fue ingresado al Hospital Italiano a \u00faltimas horas de ayer y permaneci\u00f3 toda la noche. Seg\u00fan el centro de salud, se encuentra en buen estado y con \u201cbuena evoluci\u00f3n cl\u00ednica\u201d","og_url":"https:\/\/www.noticiasradioreflejos.com.ar\/2021\/maximo-kirchner-debio-ser-internado-por-un-cuadro-agudo-de-colico-renal\/","og_site_name":"Noticias Radio Reflejos","article_published_time":"2021-05-23T14:10:09+00:00","og_image":[{"url":"https:\/\/www.infobae.com\/new-resizer\/PEYd09THD_6WN21eG6cSh5POP6I=\/420x236\/filters:format(jpg):quality(85)\/cloudfront-us-east-1.images.arcpublishing.com\/infobae\/2MJL733CKZBQ5LRCSYFME2YLBU.jpg%20420w","type":"","width":"","height":""}],"author":"Arnaldo Botto","twitter_card":"summary_large_image","schema":{"@context":"https:\/\/schema.org","@graph":[{"@type":"WebPage","@id":"https:\/\/www.noticiasradioreflejos.com.ar\/2021\/maximo-kirchner-debio-ser-internado-por-un-cuadro-agudo-de-colico-renal\/","url":"https:\/\/www.noticiasradioreflejos.com.ar\/2021\/maximo-kirchner-debio-ser-internado-por-un-cuadro-agudo-de-colico-renal\/","name":"M\u00e1ximo Kirchner debi\u00f3 ser internado por un cuadro agudo de c\u00f3lico renal - Noticias Radio Reflejos","isPartOf":{"@id":"https:\/\/www.noticiasradioreflejos.com.ar\/2021\/#website"},"primaryImageOfPage":{"@id":"https:\/\/www.noticiasradioreflejos.com.ar\/2021\/maximo-kirchner-debio-ser-internado-por-un-cuadro-agudo-de-colico-renal\/#primaryimage"},"image":{"@id":"https:\/\/www.noticiasradioreflejos.com.ar\/2021\/maximo-kirchner-debio-ser-internado-por-un-cuadro-agudo-de-colico-renal\/#primaryimage"},"thumbnailUrl":"https:\/\/www.infobae.com\/new-resizer\/PEYd09THD_6WN21eG6cSh5POP6I=\/420x236\/filters:format(jpg):quality(85)\/cloudfront-us-east-1.images.arcpublishing.com\/infobae\/2MJL733CKZBQ5LRCSYFME2YLBU.jpg%20420w","datePublished":"2021-05-23T14:10:09+00:00","author":{"@id":"https:\/\/www.noticiasradioreflejos.com.ar\/2021\/#\/schema\/person\/ad82545263dcc5ec0996818884fd5fb1"},"breadcrumb":{"@id":"https:\/\/www.noticiasradioreflejos.com.ar\/2021\/maximo-kirchner-debio-ser-internado-por-un-cuadro-agudo-de-colico-renal\/#breadcrumb"},"inLanguage":"es","potentialAction":[{"@type":"ReadAction","target":["https:\/\/www.noticiasradioreflejos.com.ar\/2021\/maximo-kirchner-debio-ser-internado-por-un-cuadro-agudo-de-colico-renal\/"]}]},{"@type":"ImageObject","inLanguage":"es","@id":"https:\/\/www.noticiasradioreflejos.com.ar\/2021\/maximo-kirchner-debio-ser-internado-por-un-cuadro-agudo-de-colico-renal\/#primaryimage","url":"https:\/\/www.infobae.com\/new-resizer\/PEYd09THD_6WN21eG6cSh5POP6I=\/420x236\/filters:format(jpg):quality(85)\/cloudfront-us-east-1.images.arcpublishing.com\/infobae\/2MJL733CKZBQ5LRCSYFME2YLBU.jpg%20420w","contentUrl":"https:\/\/www.infobae.com\/new-resizer\/PEYd09THD_6WN21eG6cSh5POP6I=\/420x236\/filters:format(jpg):quality(85)\/cloudfront-us-east-1.images.arcpublishing.com\/infobae\/2MJL733CKZBQ5LRCSYFME2YLBU.jpg%20420w"},{"@type":"BreadcrumbList","@id":"https:\/\/www.noticiasradioreflejos.com.ar\/2021\/maximo-kirchner-debio-ser-internado-por-un-cuadro-agudo-de-colico-renal\/#breadcrumb","itemListElement":[{"@type":"ListItem","position":1,"name":"Portada","item":"https:\/\/www.noticiasradioreflejos.com.ar\/2021\/"},{"@type":"ListItem","position":2,"name":"M\u00e1ximo Kirchner debi\u00f3 ser internado por un cuadro agudo de c\u00f3lico renal"}]},{"@type":"WebSite","@id":"https:\/\/www.noticiasradioreflejos.com.ar\/2021\/#website","url":"https:\/\/www.noticiasradioreflejos.com.ar\/2021\/","name":"Noticias Radio Reflejos","description":"Las noticias de mi comarca","potentialAction":[{"@type":"SearchAction","target":{"@type":"EntryPoint","urlTemplate":"https:\/\/www.noticiasradioreflejos.com.ar\/2021\/?s={search_term_string}"},"query-input":{"@type":"PropertyValueSpecification","valueRequired":true,"valueName":"search_term_string"}}],"inLanguage":"es"},{"@type":"Person","@id":"https:\/\/www.noticiasradioreflejos.com.ar\/2021\/#\/schema\/person\/ad82545263dcc5ec0996818884fd5fb1","name":"Arnaldo Botto","image":{"@type":"ImageObject","inLanguage":"es","@id":"https:\/\/www.noticiasradioreflejos.com.ar\/2021\/#\/schema\/person\/image\/","url":"https:\/\/secure.gravatar.com\/avatar\/55cb5e37c1efa326397366e6974cb338056df65cb50e7d64d1cf314e87504837?s=96&d=mm&r=g","contentUrl":"https:\/\/secure.gravatar.com\/avatar\/55cb5e37c1efa326397366e6974cb338056df65cb50e7d64d1cf314e87504837?s=96&d=mm&r=g","caption":"Arnaldo Botto"},"url":"https:\/\/www.noticiasradioreflejos.com.ar\/2021\/author\/arnaldo\/"}]}},"_links":{"self":[{"href":"https:\/\/www.noticiasradioreflejos.com.ar\/2021\/wp-json\/wp\/v2\/posts\/57381","targetHints":{"allow":["GET"]}}],"collection":[{"href":"https:\/\/www.noticiasradioreflejos.com.ar\/2021\/wp-json\/wp\/v2\/posts"}],"about":[{"href":"https:\/\/www.noticiasradioreflejos.com.ar\/2021\/wp-json\/wp\/v2\/types\/post"}],"author":[{"embeddable":true,"href":"https:\/\/www.noticiasradioreflejos.com.ar\/2021\/wp-json\/wp\/v2\/users\/3"}],"replies":[{"embeddable":true,"href":"https:\/\/www.noticiasradioreflejos.com.ar\/2021\/wp-json\/wp\/v2\/comments?post=57381"}],"version-history":[{"count":1,"href":"https:\/\/www.noticiasradioreflejos.com.ar\/2021\/wp-json\/wp\/v2\/posts\/57381\/revisions"}],"predecessor-version":[{"id":57383,"href":"https:\/\/www.noticiasradioreflejos.com.ar\/2021\/wp-json\/wp\/v2\/posts\/57381\/revisions\/57383"}],"wp:attachment":[{"href":"https:\/\/www.noticiasradioreflejos.com.ar\/2021\/wp-json\/wp\/v2\/media?parent=57381"}],"wp:term":[{"taxonomy":"category","embeddable":true,"href":"https:\/\/www.noticiasradioreflejos.com.ar\/2021\/wp-json\/wp\/v2\/categories?post=57381"},{"taxonomy":"post_tag","embeddable":true,"href":"https:\/\/www.noticiasradioreflejos.com.ar\/2021\/wp-json\/wp\/v2\/tags?post=57381"}],"curies":[{"name":"wp","href":"https:\/\/api.w.org\/{rel}","templated":true}]}}