{"id":57377,"date":"2021-05-23T14:05:18","date_gmt":"2021-05-23T14:05:18","guid":{"rendered":"http:\/\/www.noticiasradioreflejos.com.ar\/2021\/?p=57377"},"modified":"2021-05-25T12:35:14","modified_gmt":"2021-05-25T12:35:14","slug":"van-5-dias-de-lluvias-en-la-comarca-domingo-inestable-y-mejorando-por-la-noche","status":"publish","type":"post","link":"https:\/\/www.noticiasradioreflejos.com.ar\/2021\/van-5-dias-de-lluvias-en-la-comarca-domingo-inestable-y-mejorando-por-la-noche\/","title":{"rendered":"Domingo inestable y mejorando por la noche. Alerta naranja por vientos de hasta 75 km\/h en la provincia de Buenos Aires"},"content":{"rendered":"<p>Llueve en forma casi ininterrumpida desde le mi\u00e9rcoles pasado y los registros siguen sumando mil\u00edmetros.<!--more--><\/p>\n<p>En Sierra de la Ventana amaneci\u00f3 lloviendo y el pron\u00f3stico de inestabilidad se extiende hasta la tarde de hoy domingo 23 de mayo. Los totales de lluvias en muchas localidades de nuestra zona superan los 60 mm.<\/p>\n<p><a title=\"WhatsApp Image 2021-05-23 at 10.18.11\" href=\"https:\/\/www.flickr.com\/photos\/182279889@N02\/51197647478\/in\/dateposted-public\/\" data-flickr-embed=\"true\"><img loading=\"lazy\" decoding=\"async\" src=\"https:\/\/live.staticflickr.com\/65535\/51197647478_d9ff4f904a_z.jpg\" alt=\"WhatsApp Image 2021-05-23 at 10.18.11\" width=\"640\" height=\"357\" \/><\/a><script async src=\"\/\/embedr.flickr.com\/assets\/client-code.js\" charset=\"utf-8\"><\/script><\/p>\n<p><em>El grafico\u00a0muestra la evoluci\u00f3n\u00a0de las lluvias en Sierra de la Ventana durante los \u00faltimos d\u00edas<\/em><\/p>\n<p>Con el cambio del viento al sector sudoeste en la tarde de ayer, el mejoramiento ser\u00e1 paulatino, alcanzando la tarde de este domingo con cielos despejados, la temperatura m\u00e1xima estar\u00e1 en 12\u00b0. Para ma\u00f1ana se espera una m\u00ednima de 6\u00b0 y m\u00e1xima de 15\u00b0 con vientos fuertes del sector oeste en forma variable.<\/p>\n<h4><span style=\"color: #ff6600;\">Alerta naranja por vientos de hasta 75 km\/h en la provincia de Buenos Aires<\/span><\/h4>\n<p>El alerta rige para los partidos de Ayacucho, Balcarce, General Guido, Maip\u00fa, noroeste de General Juan Madariaga, noroeste de Mar Chiquita y este de General Pueyrred\u00f3n.<\/p>\n<p>El Servicio Meteorol\u00f3gico Nacional (SMN) lanz\u00f3 en la ma\u00f1ana de este domingo un alerta meteorol\u00f3gico naranja para \u00e1reas del centro y este de la provincia de Buenos Aires por vientos con r\u00e1fagas de hasta 75 km\/h.<\/p>\n<p>El alerta rige para los partidos de Ayacucho, Balcarce, General Guido, Maip\u00fa, noroeste de General Juan Madariaga, noroeste de Mar Chiquita y este de General Pueyrred\u00f3n.<\/p>\n<p>\u00abEl \u00e1rea ser\u00e1 afectada por vientos del sector sur con velocidades entre 30 y 50 km\/h, con r\u00e1fagas que podr\u00edan alcanzar los 75 km\/h\u00bb, indic\u00f3 el SMN.<\/p>\n<p>Al mismo tiempo, en el R\u00edo de la Plata \u00abse esperan vientos del sector sur y posterior rotaci\u00f3n al sudoeste, con intensidades entre 45 y 60 km\/h con r\u00e1fagas que podr\u00edan alcanzar los 85 km\/h\u00bb.<\/p>\n<p>El nivel naranja, con la consigna \u00abpreparate\u00bb, implica que \u00abse esperan fen\u00f3menos meteorol\u00f3gicos peligrosos para la sociedad, la vida, los bienes y el medio ambiente\u00bb, se\u00f1al\u00f3 el SMN.<\/p>\n<p>&nbsp;<\/p>\n<p><strong>Totales de lluvias hasta hoy a las 10.00 hs<\/strong><\/p>\n<p>58 mm en Sierra de la Ventana<br \/>\n53 mm en Calqu\u00edn<br \/>\n65 mm en Villa Ventana<br \/>\n52 mm en el Cerro Napost\u00e1 Oeste<br \/>\n44 mm en Tornquist<br \/>\n35\u00a0 mm en Dufaur<br \/>\n31.8 mm en El Pantanoso<br \/>\n31.5 mm en San Eloy<br \/>\n36 mm en Frapal<br \/>\n36.5 mm en Cabildo<br \/>\n49 mm en Cnel Pringles<br \/>\n50 mm en La Paloma<br \/>\n43-2 mm en Pig\u00fc\u00e9<br \/>\n36 mm en Goyena<br \/>\n33 mm en Saavedra<br \/>\n43 mm en Carhu\u00e9<br \/>\n34 mm en Puan<br \/>\n35.5 mm en Monte Hermoso<br \/>\n28 mm en Punta Alta<br \/>\n36 mm en Bah\u00eda Blanca<br \/>\n30.5 mm Felipe Sola<br \/>\n32.8 mm en 17 de Agosto<br \/>\n32 mm en Cura Malal<br \/>\n36 mm en Pasman<br \/>\n30 mm en Arroyo Corto<\/p>\n<p>&nbsp;<\/p>\n","protected":false},"excerpt":{"rendered":"<p>Llueve en forma casi ininterrumpida desde le mi\u00e9rcoles pasado y los registros siguen sumando mil\u00edmetros.<\/p>\n","protected":false},"author":3,"featured_media":40679,"comment_status":"closed","ping_status":"closed","sticky":false,"template":"","format":"standard","meta":{"footnotes":""},"categories":[26],"tags":[],"class_list":["post-57377","post","type-post","status-publish","format-standard","has-post-thumbnail","hentry","category-sociedad"],"yoast_head":"<!-- This site is optimized with the Yoast SEO plugin v25.9 - https:\/\/yoast.com\/wordpress\/plugins\/seo\/ -->\n<title>Domingo inestable y mejorando por la noche. Alerta naranja por vientos de hasta 75 km\/h en la provincia de Buenos Aires - Noticias Radio Reflejos<\/title>\n<meta name=\"robots\" content=\"index, follow, max-snippet:-1, max-image-preview:large, max-video-preview:-1\" \/>\n<link rel=\"canonical\" href=\"https:\/\/www.noticiasradioreflejos.com.ar\/2021\/van-5-dias-de-lluvias-en-la-comarca-domingo-inestable-y-mejorando-por-la-noche\/\" \/>\n<meta property=\"og:locale\" content=\"es_ES\" \/>\n<meta property=\"og:type\" content=\"article\" \/>\n<meta property=\"og:title\" content=\"Domingo inestable y mejorando por la noche. Alerta naranja por vientos de hasta 75 km\/h en la provincia de Buenos Aires - Noticias Radio Reflejos\" \/>\n<meta property=\"og:description\" content=\"Llueve en forma casi ininterrumpida desde le mi\u00e9rcoles pasado y los registros siguen sumando mil\u00edmetros.\" \/>\n<meta property=\"og:url\" content=\"https:\/\/www.noticiasradioreflejos.com.ar\/2021\/van-5-dias-de-lluvias-en-la-comarca-domingo-inestable-y-mejorando-por-la-noche\/\" \/>\n<meta property=\"og:site_name\" content=\"Noticias Radio Reflejos\" \/>\n<meta property=\"article:published_time\" content=\"2021-05-23T14:05:18+00:00\" \/>\n<meta property=\"article:modified_time\" content=\"2021-05-25T12:35:14+00:00\" \/>\n<meta property=\"og:image\" content=\"https:\/\/www.noticiasradioreflejos.com.ar\/2021\/wp-content\/uploads\/2020\/04\/Lluvias-en-la-comarca.jpg\" \/>\n\t<meta property=\"og:image:width\" content=\"400\" \/>\n\t<meta property=\"og:image:height\" content=\"224\" \/>\n\t<meta property=\"og:image:type\" content=\"image\/jpeg\" \/>\n<meta name=\"author\" content=\"Arnaldo Botto\" \/>\n<meta name=\"twitter:card\" content=\"summary_large_image\" \/>\n<script type=\"application\/ld+json\" class=\"yoast-schema-graph\">{\"@context\":\"https:\/\/schema.org\",\"@graph\":[{\"@type\":\"WebPage\",\"@id\":\"https:\/\/www.noticiasradioreflejos.com.ar\/2021\/van-5-dias-de-lluvias-en-la-comarca-domingo-inestable-y-mejorando-por-la-noche\/\",\"url\":\"https:\/\/www.noticiasradioreflejos.com.ar\/2021\/van-5-dias-de-lluvias-en-la-comarca-domingo-inestable-y-mejorando-por-la-noche\/\",\"name\":\"Domingo inestable y mejorando por la noche. Alerta naranja por vientos de hasta 75 km\/h en la provincia de Buenos Aires - Noticias Radio Reflejos\",\"isPartOf\":{\"@id\":\"https:\/\/www.noticiasradioreflejos.com.ar\/2021\/#website\"},\"primaryImageOfPage\":{\"@id\":\"https:\/\/www.noticiasradioreflejos.com.ar\/2021\/van-5-dias-de-lluvias-en-la-comarca-domingo-inestable-y-mejorando-por-la-noche\/#primaryimage\"},\"image\":{\"@id\":\"https:\/\/www.noticiasradioreflejos.com.ar\/2021\/van-5-dias-de-lluvias-en-la-comarca-domingo-inestable-y-mejorando-por-la-noche\/#primaryimage\"},\"thumbnailUrl\":\"https:\/\/www.noticiasradioreflejos.com.ar\/2021\/wp-content\/uploads\/2020\/04\/Lluvias-en-la-comarca.jpg\",\"datePublished\":\"2021-05-23T14:05:18+00:00\",\"dateModified\":\"2021-05-25T12:35:14+00:00\",\"author\":{\"@id\":\"https:\/\/www.noticiasradioreflejos.com.ar\/2021\/#\/schema\/person\/ad82545263dcc5ec0996818884fd5fb1\"},\"breadcrumb\":{\"@id\":\"https:\/\/www.noticiasradioreflejos.com.ar\/2021\/van-5-dias-de-lluvias-en-la-comarca-domingo-inestable-y-mejorando-por-la-noche\/#breadcrumb\"},\"inLanguage\":\"es\",\"potentialAction\":[{\"@type\":\"ReadAction\",\"target\":[\"https:\/\/www.noticiasradioreflejos.com.ar\/2021\/van-5-dias-de-lluvias-en-la-comarca-domingo-inestable-y-mejorando-por-la-noche\/\"]}]},{\"@type\":\"ImageObject\",\"inLanguage\":\"es\",\"@id\":\"https:\/\/www.noticiasradioreflejos.com.ar\/2021\/van-5-dias-de-lluvias-en-la-comarca-domingo-inestable-y-mejorando-por-la-noche\/#primaryimage\",\"url\":\"https:\/\/www.noticiasradioreflejos.com.ar\/2021\/wp-content\/uploads\/2020\/04\/Lluvias-en-la-comarca.jpg\",\"contentUrl\":\"https:\/\/www.noticiasradioreflejos.com.ar\/2021\/wp-content\/uploads\/2020\/04\/Lluvias-en-la-comarca.jpg\",\"width\":400,\"height\":224},{\"@type\":\"BreadcrumbList\",\"@id\":\"https:\/\/www.noticiasradioreflejos.com.ar\/2021\/van-5-dias-de-lluvias-en-la-comarca-domingo-inestable-y-mejorando-por-la-noche\/#breadcrumb\",\"itemListElement\":[{\"@type\":\"ListItem\",\"position\":1,\"name\":\"Portada\",\"item\":\"https:\/\/www.noticiasradioreflejos.com.ar\/2021\/\"},{\"@type\":\"ListItem\",\"position\":2,\"name\":\"Domingo inestable y mejorando por la noche. Alerta naranja por vientos de hasta 75 km\/h en la provincia de Buenos Aires\"}]},{\"@type\":\"WebSite\",\"@id\":\"https:\/\/www.noticiasradioreflejos.com.ar\/2021\/#website\",\"url\":\"https:\/\/www.noticiasradioreflejos.com.ar\/2021\/\",\"name\":\"Noticias Radio Reflejos\",\"description\":\"Las noticias de mi comarca\",\"potentialAction\":[{\"@type\":\"SearchAction\",\"target\":{\"@type\":\"EntryPoint\",\"urlTemplate\":\"https:\/\/www.noticiasradioreflejos.com.ar\/2021\/?s={search_term_string}\"},\"query-input\":{\"@type\":\"PropertyValueSpecification\",\"valueRequired\":true,\"valueName\":\"search_term_string\"}}],\"inLanguage\":\"es\"},{\"@type\":\"Person\",\"@id\":\"https:\/\/www.noticiasradioreflejos.com.ar\/2021\/#\/schema\/person\/ad82545263dcc5ec0996818884fd5fb1\",\"name\":\"Arnaldo Botto\",\"image\":{\"@type\":\"ImageObject\",\"inLanguage\":\"es\",\"@id\":\"https:\/\/www.noticiasradioreflejos.com.ar\/2021\/#\/schema\/person\/image\/\",\"url\":\"https:\/\/secure.gravatar.com\/avatar\/55cb5e37c1efa326397366e6974cb338056df65cb50e7d64d1cf314e87504837?s=96&d=mm&r=g\",\"contentUrl\":\"https:\/\/secure.gravatar.com\/avatar\/55cb5e37c1efa326397366e6974cb338056df65cb50e7d64d1cf314e87504837?s=96&d=mm&r=g\",\"caption\":\"Arnaldo Botto\"},\"url\":\"https:\/\/www.noticiasradioreflejos.com.ar\/2021\/author\/arnaldo\/\"}]}<\/script>\n<!-- \/ Yoast SEO plugin. -->","yoast_head_json":{"title":"Domingo inestable y mejorando por la noche. Alerta naranja por vientos de hasta 75 km\/h en la provincia de Buenos Aires - Noticias Radio Reflejos","robots":{"index":"index","follow":"follow","max-snippet":"max-snippet:-1","max-image-preview":"max-image-preview:large","max-video-preview":"max-video-preview:-1"},"canonical":"https:\/\/www.noticiasradioreflejos.com.ar\/2021\/van-5-dias-de-lluvias-en-la-comarca-domingo-inestable-y-mejorando-por-la-noche\/","og_locale":"es_ES","og_type":"article","og_title":"Domingo inestable y mejorando por la noche. Alerta naranja por vientos de hasta 75 km\/h en la provincia de Buenos Aires - Noticias Radio Reflejos","og_description":"Llueve en forma casi ininterrumpida desde le mi\u00e9rcoles pasado y los registros siguen sumando mil\u00edmetros.","og_url":"https:\/\/www.noticiasradioreflejos.com.ar\/2021\/van-5-dias-de-lluvias-en-la-comarca-domingo-inestable-y-mejorando-por-la-noche\/","og_site_name":"Noticias Radio Reflejos","article_published_time":"2021-05-23T14:05:18+00:00","article_modified_time":"2021-05-25T12:35:14+00:00","og_image":[{"width":400,"height":224,"url":"https:\/\/www.noticiasradioreflejos.com.ar\/2021\/wp-content\/uploads\/2020\/04\/Lluvias-en-la-comarca.jpg","type":"image\/jpeg"}],"author":"Arnaldo Botto","twitter_card":"summary_large_image","schema":{"@context":"https:\/\/schema.org","@graph":[{"@type":"WebPage","@id":"https:\/\/www.noticiasradioreflejos.com.ar\/2021\/van-5-dias-de-lluvias-en-la-comarca-domingo-inestable-y-mejorando-por-la-noche\/","url":"https:\/\/www.noticiasradioreflejos.com.ar\/2021\/van-5-dias-de-lluvias-en-la-comarca-domingo-inestable-y-mejorando-por-la-noche\/","name":"Domingo inestable y mejorando por la noche. Alerta naranja por vientos de hasta 75 km\/h en la provincia de Buenos Aires - Noticias Radio Reflejos","isPartOf":{"@id":"https:\/\/www.noticiasradioreflejos.com.ar\/2021\/#website"},"primaryImageOfPage":{"@id":"https:\/\/www.noticiasradioreflejos.com.ar\/2021\/van-5-dias-de-lluvias-en-la-comarca-domingo-inestable-y-mejorando-por-la-noche\/#primaryimage"},"image":{"@id":"https:\/\/www.noticiasradioreflejos.com.ar\/2021\/van-5-dias-de-lluvias-en-la-comarca-domingo-inestable-y-mejorando-por-la-noche\/#primaryimage"},"thumbnailUrl":"https:\/\/www.noticiasradioreflejos.com.ar\/2021\/wp-content\/uploads\/2020\/04\/Lluvias-en-la-comarca.jpg","datePublished":"2021-05-23T14:05:18+00:00","dateModified":"2021-05-25T12:35:14+00:00","author":{"@id":"https:\/\/www.noticiasradioreflejos.com.ar\/2021\/#\/schema\/person\/ad82545263dcc5ec0996818884fd5fb1"},"breadcrumb":{"@id":"https:\/\/www.noticiasradioreflejos.com.ar\/2021\/van-5-dias-de-lluvias-en-la-comarca-domingo-inestable-y-mejorando-por-la-noche\/#breadcrumb"},"inLanguage":"es","potentialAction":[{"@type":"ReadAction","target":["https:\/\/www.noticiasradioreflejos.com.ar\/2021\/van-5-dias-de-lluvias-en-la-comarca-domingo-inestable-y-mejorando-por-la-noche\/"]}]},{"@type":"ImageObject","inLanguage":"es","@id":"https:\/\/www.noticiasradioreflejos.com.ar\/2021\/van-5-dias-de-lluvias-en-la-comarca-domingo-inestable-y-mejorando-por-la-noche\/#primaryimage","url":"https:\/\/www.noticiasradioreflejos.com.ar\/2021\/wp-content\/uploads\/2020\/04\/Lluvias-en-la-comarca.jpg","contentUrl":"https:\/\/www.noticiasradioreflejos.com.ar\/2021\/wp-content\/uploads\/2020\/04\/Lluvias-en-la-comarca.jpg","width":400,"height":224},{"@type":"BreadcrumbList","@id":"https:\/\/www.noticiasradioreflejos.com.ar\/2021\/van-5-dias-de-lluvias-en-la-comarca-domingo-inestable-y-mejorando-por-la-noche\/#breadcrumb","itemListElement":[{"@type":"ListItem","position":1,"name":"Portada","item":"https:\/\/www.noticiasradioreflejos.com.ar\/2021\/"},{"@type":"ListItem","position":2,"name":"Domingo inestable y mejorando por la noche. Alerta naranja por vientos de hasta 75 km\/h en la provincia de Buenos Aires"}]},{"@type":"WebSite","@id":"https:\/\/www.noticiasradioreflejos.com.ar\/2021\/#website","url":"https:\/\/www.noticiasradioreflejos.com.ar\/2021\/","name":"Noticias Radio Reflejos","description":"Las noticias de mi comarca","potentialAction":[{"@type":"SearchAction","target":{"@type":"EntryPoint","urlTemplate":"https:\/\/www.noticiasradioreflejos.com.ar\/2021\/?s={search_term_string}"},"query-input":{"@type":"PropertyValueSpecification","valueRequired":true,"valueName":"search_term_string"}}],"inLanguage":"es"},{"@type":"Person","@id":"https:\/\/www.noticiasradioreflejos.com.ar\/2021\/#\/schema\/person\/ad82545263dcc5ec0996818884fd5fb1","name":"Arnaldo Botto","image":{"@type":"ImageObject","inLanguage":"es","@id":"https:\/\/www.noticiasradioreflejos.com.ar\/2021\/#\/schema\/person\/image\/","url":"https:\/\/secure.gravatar.com\/avatar\/55cb5e37c1efa326397366e6974cb338056df65cb50e7d64d1cf314e87504837?s=96&d=mm&r=g","contentUrl":"https:\/\/secure.gravatar.com\/avatar\/55cb5e37c1efa326397366e6974cb338056df65cb50e7d64d1cf314e87504837?s=96&d=mm&r=g","caption":"Arnaldo Botto"},"url":"https:\/\/www.noticiasradioreflejos.com.ar\/2021\/author\/arnaldo\/"}]}},"_links":{"self":[{"href":"https:\/\/www.noticiasradioreflejos.com.ar\/2021\/wp-json\/wp\/v2\/posts\/57377","targetHints":{"allow":["GET"]}}],"collection":[{"href":"https:\/\/www.noticiasradioreflejos.com.ar\/2021\/wp-json\/wp\/v2\/posts"}],"about":[{"href":"https:\/\/www.noticiasradioreflejos.com.ar\/2021\/wp-json\/wp\/v2\/types\/post"}],"author":[{"embeddable":true,"href":"https:\/\/www.noticiasradioreflejos.com.ar\/2021\/wp-json\/wp\/v2\/users\/3"}],"replies":[{"embeddable":true,"href":"https:\/\/www.noticiasradioreflejos.com.ar\/2021\/wp-json\/wp\/v2\/comments?post=57377"}],"version-history":[{"count":4,"href":"https:\/\/www.noticiasradioreflejos.com.ar\/2021\/wp-json\/wp\/v2\/posts\/57377\/revisions"}],"predecessor-version":[{"id":57384,"href":"https:\/\/www.noticiasradioreflejos.com.ar\/2021\/wp-json\/wp\/v2\/posts\/57377\/revisions\/57384"}],"wp:featuredmedia":[{"embeddable":true,"href":"https:\/\/www.noticiasradioreflejos.com.ar\/2021\/wp-json\/wp\/v2\/media\/40679"}],"wp:attachment":[{"href":"https:\/\/www.noticiasradioreflejos.com.ar\/2021\/wp-json\/wp\/v2\/media?parent=57377"}],"wp:term":[{"taxonomy":"category","embeddable":true,"href":"https:\/\/www.noticiasradioreflejos.com.ar\/2021\/wp-json\/wp\/v2\/categories?post=57377"},{"taxonomy":"post_tag","embeddable":true,"href":"https:\/\/www.noticiasradioreflejos.com.ar\/2021\/wp-json\/wp\/v2\/tags?post=57377"}],"curies":[{"name":"wp","href":"https:\/\/api.w.org\/{rel}","templated":true}]}}