{"id":57372,"date":"2021-05-23T13:28:13","date_gmt":"2021-05-23T13:28:13","guid":{"rendered":"http:\/\/www.noticiasradioreflejos.com.ar\/2021\/?p=57372"},"modified":"2021-05-23T13:30:06","modified_gmt":"2021-05-23T13:30:06","slug":"el-senado-empieza-a-estudiar-la-postergacion-de-las-elecciones-y-recibe-a-cafiero","status":"publish","type":"post","link":"https:\/\/www.noticiasradioreflejos.com.ar\/2021\/el-senado-empieza-a-estudiar-la-postergacion-de-las-elecciones-y-recibe-a-cafiero\/","title":{"rendered":"El Senado empieza a estudiar la postergaci\u00f3n de las elecciones y recibe a Cafiero"},"content":{"rendered":"<div class=\"head-content\">\n<p>La C\u00e1mara alta tendr\u00e1 una agenda colmada la semana que viene cuando los legisladores se aboquen a debatir los proyectos sobre Ganancias para empresas y la iniciativa para postergar las elecciones. Tambi\u00e9n, se espera la presencia del jefe de Gabinete.<\/p>\n<\/div>\n<p><!--more--><\/p>\n<div class=\"main-content-block\">\n<div class=\"main-box clearfix\">\n<div class=\"wrapper-main-section clearfix\">\n<div class=\"wrapper-editable-content\">\n<div class=\"editable-content clearfix\">\n<div id=\"image\" class=\"image\">\n<p><img decoding=\"async\" title=\"La \u00faltima vez que Cafiero estuvo presente ante los integrantes de la C\u00e1mara alta fue el 7 de octubre del a\u00f1o pasado.\" src=\"https:\/\/www.telam.com.ar\/advf\/imagenes\/2021\/05\/60a6cd1ca7682.05.2021%20565_1004x565.jpg\" alt=\"La \u00faltima vez que Cafiero estuvo presente ante los integrantes de la C\u00e1mara alta fue el 7 de octubre del a\u00f1o pasado.\" \/><\/p>\n<div class=\"epigrafe\">La \u00faltima vez que Cafiero estuvo presente ante los integrantes de la C\u00e1mara alta fue el 7 de octubre del a\u00f1o pasado.<\/div>\n<\/div>\n<p>La C\u00e1mara de Senadores tendr\u00e1 una agenda colmada la semana que viene cuando los legisladores se aboquen a debatir los proyectos sobre Ganancias para empresas y la iniciativa para postergar las elecciones, en tanto que se espera la presencia en el recinto del jefe de Gabinete, Santiago Cafiero.<\/p>\n<div class=\"auth\">Informe de Cafiero<\/div>\n<p>En principio,<strong>\u00a0el ministro coordinador tiene fecha<\/strong>\u00a0para enfrentarse a los senadores\u00a0<strong>el pr\u00f3ximo jueves 27 de mayo, en horario a confirmar.<\/strong><\/p>\n<p>La \u00faltima vez que Cafiero estuvo presente ante los integrantes de la C\u00e1mara alta fue el 7 de octubre del a\u00f1o pasado. Antes lo hab\u00eda hecho el 18 de junio.<\/p>\n<p>Seg\u00fan inform\u00f3 oficialmente la Jefatura de Gabinete,\u00a0<strong>el funcionario enviar\u00e1 por escrito respuestas a 1160 preguntas formuladas<\/strong>\u00a0tanto desde el oficialismo como de la oposici\u00f3n, un r\u00e9cord de consultas de parte de senadores desde la creaci\u00f3n del cargo, con la Reforma Constitucional de 1994.<\/p>\n<blockquote class=\"small-left\"><p>El jefe de Gabinete enviar\u00e1 por escrito respuestas a 1160 preguntas formuladastanto desde el oficialismo como de la oposici\u00f3n, un r\u00e9cord de consultas<\/p><\/blockquote>\n<p>Cafiero, como ocurre habitualmente en estos casos,\u00a0<strong>formular\u00e1 un discurso ante los legisladores para narrar la marcha del Gobierno, al t\u00e9rmino del cual responder\u00e1 preguntas\u00a0<\/strong>de los senadores que est\u00e9n presentes en el recinto y de los que se encuentren participando de la sesi\u00f3n especial por videoconferencia.<\/p>\n<p><strong>De acuerdo al art\u00edculo 101 de la Constituci\u00f3n,<\/strong>\u00a0el jefe de Gabinete\u00a0<strong>debe brindar un informe sobre el acontecer del Ejecutivo de manera mensual ante el Poder Legislativo,<\/strong>\u00a0altern\u00e1ndose una vez en cada C\u00e1mara.<\/p>\n<p><strong>Seg\u00fan la Subsecretar\u00eda de Asuntos Parlamentarios\u00a0<\/strong>de la Jefatura de Gabinete,\u00a0<strong>el Ministerio de Salud es el \u00e1rea que m\u00e1s preguntas recibi\u00f3 (237), seguido por el Ministerio de Econom\u00eda (173).<\/strong><\/p>\n<p>Luego, en una suerte de ranking de requerimientos, contin\u00faan los ministerios de Desarrollo Social (78), Desarrollo Productivo (75) y Educaci\u00f3n (71), entre otras carteras del Gabinete.<\/p>\n<p>\u00abSe trata del m\u00e1ximo hist\u00f3rico desde la creaci\u00f3n del cargo en 1994: 1160 consultas\u00bb, indic\u00f3 la subsecretar\u00eda, que conduce Cecilia G\u00f3mez Mirada.<\/p>\n<p>En cuanto a los bloques legislativos,\u00a0<strong>la bancada que remiti\u00f3 al Ejecutivo la mayor cantidad de consultas es la UCR (619), seguida por el PRO (264) y el Frente de Todos (108).<\/strong><\/p>\n<p><strong>Respecto de las senadoras y los senadores que mayor n\u00famero de preguntas hicieron<\/strong>\u00a0llegar al jefe de Gabinete se destacan Pablo Blanco (UCR-Tierra del Fuego) con 159; Pamela Verasay (UCR-Mendoza) con 118; Esteban Bullrich (PRO-Buenos Aires) con 94; y Guadalupe Tagliaferri (PRO-CABA) con 90.<\/p>\n<p><strong>El \u00faltimo informe del funcionario ante el Congreso lo realiz\u00f3 ante la C\u00e1mara de Diputados<\/strong>, el 28 de noviembre pasado, donde respondi\u00f3 1899 preguntas de los legisladores.<\/p>\n<div id=\"image\" class=\"image\">\n<p><img decoding=\"async\" title=\"El jefe de Gabinete, Santiago Cafiero. visitar\u00e1 a los senadores el pr\u00f3ximo jueves 27 de mayo.\" src=\"https:\/\/www.telam.com.ar\/advf\/imagenes\/2020\/10\/5f7dfa7b90bfe_1004x565.jpg\" alt=\"El jefe de Gabinete, Santiago Cafiero. visitar\u00e1 a los senadores el pr\u00f3ximo jueves 27 de mayo.\" \/><\/p>\n<div class=\"epigrafe\">El jefe de Gabinete, Santiago Cafiero. visitar\u00e1 a los senadores el pr\u00f3ximo jueves 27 de mayo.<\/div>\n<\/div>\n<div class=\"auth\">Postergaci\u00f3n de las elecciones<\/div>\n<p>Adem\u00e1s de la presencia de Cafiero, los senadores comenzar\u00e1n a estudiar dos proyectos de ley que esta semana fueron aprobados por la C\u00e1mara baja:\u00a0<strong>la postergaci\u00f3n de las elecciones legislativas y el proyecto sobre Ganancias para Empresas.<\/strong><\/p>\n<p>Mediante un\u00a0<strong>acuerdo entre el oficialismo y la oposici\u00f3n<\/strong>\u00a0se acord\u00f3\u00a0<strong>retrasar las Primarias Abiertas, Simult\u00e1neas y Obligatorias (PASO) del 8 de agosto hasta el 12 de septiembre\u00a0<\/strong>y las\u00a0<strong>generales del 24 de octubre al 14 de noviembre<\/strong>.<\/p>\n<p>Mientras el Congreso se apresta a modificar las fechas del llamado a las urnas,\u00a0<strong>el Ejecutivo ya puso en marcha el calendario electoral, a trav\u00e9s de un decreto, con el cronograma previsto inicialmente.<\/strong><\/p>\n<p>Sin embargo, en la Casa Rosada aguardan la sanci\u00f3n de la ley para correr los plazos que ya est\u00e1n rigiendo y amoldarlos a la norma que se apruebe en el Parlamento.<\/p>\n<p>El proyecto para postergar un mes las PASO y las generales fue gestado a partir de un acuerdo general del oficialismo, en el que trabajaron varios funcionarios y referentes legislativos del Frente de Todos, con la conducci\u00f3n de Juntos por el Cambio.<\/p>\n<p><strong>Una de las condiciones que hizo posible el consenso fue la incorporaci\u00f3n de una cl\u00e1usula, pedida por la oposici\u00f3n,<\/strong>\u00a0en la que se establece\u00a0<strong>que este a\u00f1o no podr\u00e1 volver a modificarse el calendario electoral.<\/strong><\/p>\n<p><strong>En su art\u00edculo 6,<\/strong>\u00a0el proyecto fija que \u00abla presente ley no podr\u00e1 ser modificada ni derogada durante el a\u00f1o calendario en curso, en tanto regula un derecho p\u00fablico subjetivo de los partidos pol\u00edticos, instituciones fundamentales del sistema democr\u00e1tico, a elegir sus candidatos a los cargos electivos previstos en la Constituci\u00f3n\u00bb.<\/p>\n<div id=\"image\" class=\"image\">\n<p><img decoding=\"async\" title=\"Tras un acuerdo entre el oficialismo y la oposici\u00f3n se acord\u00f3 retrasar las PASO del 8 de agosto al 12 de septiembre\" src=\"https:\/\/www.telam.com.ar\/advf\/imagenes\/2021\/03\/6050e54e9a742_1004x565.jpg\" alt=\"Tras un acuerdo entre el oficialismo y la oposici\u00f3n se acord\u00f3 retrasar las PASO del 8 de agosto al 12 de septiembre\" \/><\/p>\n<div class=\"epigrafe\">Tras un acuerdo entre el oficialismo y la oposici\u00f3n se acord\u00f3 retrasar las PASO del 8 de agosto al 12 de septiembre<\/div>\n<\/div>\n<div class=\"auth\">Ganancias para empresas<\/div>\n<p>Por otro lado, los senadores discutir\u00e1n en comisi\u00f3n el proyecto de ley sobre Ganancias para Empresas, que establece nuevas al\u00edcuotas marginales escalonadas con tres segmentos en funci\u00f3n del nivel de ganancia neta imponible acumulada por cada sociedad.<\/p>\n<p>Por ganancias de hasta 5.000.000 de pesos, las empresas pagar\u00e1n una al\u00edcuota del 25%; sobre ganancias de entre 5.000.000 y 50.000.000 de pesos, pagar\u00e1n el 30%; y finalmente, sobre ganancias superiores a 50.000.000 de pesos, pagar\u00e1n el 35%.<\/p>\n<p>Las al\u00edcuotas se abonar\u00e1n con un criterio escalonado y progresivo, ya que si una empresa supera los 50 millones pagar\u00e1 por los primeros 5 millones, el 25 por ciento, luego el 30 por ciento y por el resto de lo que supere los 50 millones, reci\u00e9n abonar\u00e1 el 35 por ciento.<\/p>\n<p>Adem\u00e1s, la C\u00e1mara de Diputados introdujo dos modificaciones a la iniciativa sobre Ganancias para empresas: en primer lugar, se incluyeron incentivos para la incorporaci\u00f3n de mujeres, travestis, transexuales y transg\u00e9neros como directores y s\u00edndicos de empresas, y en segundo t\u00e9rmino, se aclar\u00f3 en la redacci\u00f3n que no se reducir\u00e1 la al\u00edcuota del 41,5% para los juegos de azar.<\/p>\n<h4>Por Diego Guglielmone para TELAM<\/h4>\n<\/div>\n<\/div>\n<\/div>\n<\/div>\n<\/div>\n","protected":false},"excerpt":{"rendered":"<p>La C\u00e1mara alta tendr\u00e1 una agenda colmada la semana que viene cuando los legisladores se aboquen a debatir los proyectos sobre Ganancias para empresas y la iniciativa para postergar las elecciones. Tambi\u00e9n, se espera la presencia del jefe de Gabinete.<\/p>\n","protected":false},"author":3,"featured_media":0,"comment_status":"closed","ping_status":"closed","sticky":false,"template":"","format":"standard","meta":{"footnotes":""},"categories":[24],"tags":[],"class_list":["post-57372","post","type-post","status-publish","format-standard","hentry","category-politica"],"yoast_head":"<!-- This site is optimized with the Yoast SEO plugin v25.9 - https:\/\/yoast.com\/wordpress\/plugins\/seo\/ -->\n<title>El Senado empieza a estudiar la postergaci\u00f3n de las elecciones y recibe a Cafiero - Noticias Radio Reflejos<\/title>\n<meta name=\"robots\" content=\"index, follow, max-snippet:-1, max-image-preview:large, max-video-preview:-1\" \/>\n<link rel=\"canonical\" href=\"https:\/\/www.noticiasradioreflejos.com.ar\/2021\/el-senado-empieza-a-estudiar-la-postergacion-de-las-elecciones-y-recibe-a-cafiero\/\" \/>\n<meta property=\"og:locale\" content=\"es_ES\" \/>\n<meta property=\"og:type\" content=\"article\" \/>\n<meta property=\"og:title\" content=\"El Senado empieza a estudiar la postergaci\u00f3n de las elecciones y recibe a Cafiero - Noticias Radio Reflejos\" \/>\n<meta property=\"og:description\" content=\"La C\u00e1mara alta tendr\u00e1 una agenda colmada la semana que viene cuando los legisladores se aboquen a debatir los proyectos sobre Ganancias para empresas y la iniciativa para postergar las elecciones. Tambi\u00e9n, se espera la presencia del jefe de Gabinete.\" \/>\n<meta property=\"og:url\" content=\"https:\/\/www.noticiasradioreflejos.com.ar\/2021\/el-senado-empieza-a-estudiar-la-postergacion-de-las-elecciones-y-recibe-a-cafiero\/\" \/>\n<meta property=\"og:site_name\" content=\"Noticias Radio Reflejos\" \/>\n<meta property=\"article:published_time\" content=\"2021-05-23T13:28:13+00:00\" \/>\n<meta property=\"article:modified_time\" content=\"2021-05-23T13:30:06+00:00\" \/>\n<meta property=\"og:image\" content=\"https:\/\/www.telam.com.ar\/advf\/imagenes\/2021\/05\/60a6cd1ca7682.05.2021%20565_1004x565.jpg\" \/>\n<meta name=\"author\" content=\"Arnaldo Botto\" \/>\n<meta name=\"twitter:card\" content=\"summary_large_image\" \/>\n<script type=\"application\/ld+json\" class=\"yoast-schema-graph\">{\"@context\":\"https:\/\/schema.org\",\"@graph\":[{\"@type\":\"WebPage\",\"@id\":\"https:\/\/www.noticiasradioreflejos.com.ar\/2021\/el-senado-empieza-a-estudiar-la-postergacion-de-las-elecciones-y-recibe-a-cafiero\/\",\"url\":\"https:\/\/www.noticiasradioreflejos.com.ar\/2021\/el-senado-empieza-a-estudiar-la-postergacion-de-las-elecciones-y-recibe-a-cafiero\/\",\"name\":\"El Senado empieza a estudiar la postergaci\u00f3n de las elecciones y recibe a Cafiero - Noticias Radio Reflejos\",\"isPartOf\":{\"@id\":\"https:\/\/www.noticiasradioreflejos.com.ar\/2021\/#website\"},\"primaryImageOfPage\":{\"@id\":\"https:\/\/www.noticiasradioreflejos.com.ar\/2021\/el-senado-empieza-a-estudiar-la-postergacion-de-las-elecciones-y-recibe-a-cafiero\/#primaryimage\"},\"image\":{\"@id\":\"https:\/\/www.noticiasradioreflejos.com.ar\/2021\/el-senado-empieza-a-estudiar-la-postergacion-de-las-elecciones-y-recibe-a-cafiero\/#primaryimage\"},\"thumbnailUrl\":\"https:\/\/www.telam.com.ar\/advf\/imagenes\/2021\/05\/60a6cd1ca7682.05.2021%20565_1004x565.jpg\",\"datePublished\":\"2021-05-23T13:28:13+00:00\",\"dateModified\":\"2021-05-23T13:30:06+00:00\",\"author\":{\"@id\":\"https:\/\/www.noticiasradioreflejos.com.ar\/2021\/#\/schema\/person\/ad82545263dcc5ec0996818884fd5fb1\"},\"breadcrumb\":{\"@id\":\"https:\/\/www.noticiasradioreflejos.com.ar\/2021\/el-senado-empieza-a-estudiar-la-postergacion-de-las-elecciones-y-recibe-a-cafiero\/#breadcrumb\"},\"inLanguage\":\"es\",\"potentialAction\":[{\"@type\":\"ReadAction\",\"target\":[\"https:\/\/www.noticiasradioreflejos.com.ar\/2021\/el-senado-empieza-a-estudiar-la-postergacion-de-las-elecciones-y-recibe-a-cafiero\/\"]}]},{\"@type\":\"ImageObject\",\"inLanguage\":\"es\",\"@id\":\"https:\/\/www.noticiasradioreflejos.com.ar\/2021\/el-senado-empieza-a-estudiar-la-postergacion-de-las-elecciones-y-recibe-a-cafiero\/#primaryimage\",\"url\":\"https:\/\/www.telam.com.ar\/advf\/imagenes\/2021\/05\/60a6cd1ca7682.05.2021%20565_1004x565.jpg\",\"contentUrl\":\"https:\/\/www.telam.com.ar\/advf\/imagenes\/2021\/05\/60a6cd1ca7682.05.2021%20565_1004x565.jpg\"},{\"@type\":\"BreadcrumbList\",\"@id\":\"https:\/\/www.noticiasradioreflejos.com.ar\/2021\/el-senado-empieza-a-estudiar-la-postergacion-de-las-elecciones-y-recibe-a-cafiero\/#breadcrumb\",\"itemListElement\":[{\"@type\":\"ListItem\",\"position\":1,\"name\":\"Portada\",\"item\":\"https:\/\/www.noticiasradioreflejos.com.ar\/2021\/\"},{\"@type\":\"ListItem\",\"position\":2,\"name\":\"El Senado empieza a estudiar la postergaci\u00f3n de las elecciones y recibe a Cafiero\"}]},{\"@type\":\"WebSite\",\"@id\":\"https:\/\/www.noticiasradioreflejos.com.ar\/2021\/#website\",\"url\":\"https:\/\/www.noticiasradioreflejos.com.ar\/2021\/\",\"name\":\"Noticias Radio Reflejos\",\"description\":\"Las noticias de mi comarca\",\"potentialAction\":[{\"@type\":\"SearchAction\",\"target\":{\"@type\":\"EntryPoint\",\"urlTemplate\":\"https:\/\/www.noticiasradioreflejos.com.ar\/2021\/?s={search_term_string}\"},\"query-input\":{\"@type\":\"PropertyValueSpecification\",\"valueRequired\":true,\"valueName\":\"search_term_string\"}}],\"inLanguage\":\"es\"},{\"@type\":\"Person\",\"@id\":\"https:\/\/www.noticiasradioreflejos.com.ar\/2021\/#\/schema\/person\/ad82545263dcc5ec0996818884fd5fb1\",\"name\":\"Arnaldo Botto\",\"image\":{\"@type\":\"ImageObject\",\"inLanguage\":\"es\",\"@id\":\"https:\/\/www.noticiasradioreflejos.com.ar\/2021\/#\/schema\/person\/image\/\",\"url\":\"https:\/\/secure.gravatar.com\/avatar\/55cb5e37c1efa326397366e6974cb338056df65cb50e7d64d1cf314e87504837?s=96&d=mm&r=g\",\"contentUrl\":\"https:\/\/secure.gravatar.com\/avatar\/55cb5e37c1efa326397366e6974cb338056df65cb50e7d64d1cf314e87504837?s=96&d=mm&r=g\",\"caption\":\"Arnaldo Botto\"},\"url\":\"https:\/\/www.noticiasradioreflejos.com.ar\/2021\/author\/arnaldo\/\"}]}<\/script>\n<!-- \/ Yoast SEO plugin. -->","yoast_head_json":{"title":"El Senado empieza a estudiar la postergaci\u00f3n de las elecciones y recibe a Cafiero - Noticias Radio Reflejos","robots":{"index":"index","follow":"follow","max-snippet":"max-snippet:-1","max-image-preview":"max-image-preview:large","max-video-preview":"max-video-preview:-1"},"canonical":"https:\/\/www.noticiasradioreflejos.com.ar\/2021\/el-senado-empieza-a-estudiar-la-postergacion-de-las-elecciones-y-recibe-a-cafiero\/","og_locale":"es_ES","og_type":"article","og_title":"El Senado empieza a estudiar la postergaci\u00f3n de las elecciones y recibe a Cafiero - Noticias Radio Reflejos","og_description":"La C\u00e1mara alta tendr\u00e1 una agenda colmada la semana que viene cuando los legisladores se aboquen a debatir los proyectos sobre Ganancias para empresas y la iniciativa para postergar las elecciones. Tambi\u00e9n, se espera la presencia del jefe de Gabinete.","og_url":"https:\/\/www.noticiasradioreflejos.com.ar\/2021\/el-senado-empieza-a-estudiar-la-postergacion-de-las-elecciones-y-recibe-a-cafiero\/","og_site_name":"Noticias Radio Reflejos","article_published_time":"2021-05-23T13:28:13+00:00","article_modified_time":"2021-05-23T13:30:06+00:00","og_image":[{"url":"https:\/\/www.telam.com.ar\/advf\/imagenes\/2021\/05\/60a6cd1ca7682.05.2021%20565_1004x565.jpg","type":"","width":"","height":""}],"author":"Arnaldo Botto","twitter_card":"summary_large_image","schema":{"@context":"https:\/\/schema.org","@graph":[{"@type":"WebPage","@id":"https:\/\/www.noticiasradioreflejos.com.ar\/2021\/el-senado-empieza-a-estudiar-la-postergacion-de-las-elecciones-y-recibe-a-cafiero\/","url":"https:\/\/www.noticiasradioreflejos.com.ar\/2021\/el-senado-empieza-a-estudiar-la-postergacion-de-las-elecciones-y-recibe-a-cafiero\/","name":"El Senado empieza a estudiar la postergaci\u00f3n de las elecciones y recibe a Cafiero - Noticias Radio Reflejos","isPartOf":{"@id":"https:\/\/www.noticiasradioreflejos.com.ar\/2021\/#website"},"primaryImageOfPage":{"@id":"https:\/\/www.noticiasradioreflejos.com.ar\/2021\/el-senado-empieza-a-estudiar-la-postergacion-de-las-elecciones-y-recibe-a-cafiero\/#primaryimage"},"image":{"@id":"https:\/\/www.noticiasradioreflejos.com.ar\/2021\/el-senado-empieza-a-estudiar-la-postergacion-de-las-elecciones-y-recibe-a-cafiero\/#primaryimage"},"thumbnailUrl":"https:\/\/www.telam.com.ar\/advf\/imagenes\/2021\/05\/60a6cd1ca7682.05.2021%20565_1004x565.jpg","datePublished":"2021-05-23T13:28:13+00:00","dateModified":"2021-05-23T13:30:06+00:00","author":{"@id":"https:\/\/www.noticiasradioreflejos.com.ar\/2021\/#\/schema\/person\/ad82545263dcc5ec0996818884fd5fb1"},"breadcrumb":{"@id":"https:\/\/www.noticiasradioreflejos.com.ar\/2021\/el-senado-empieza-a-estudiar-la-postergacion-de-las-elecciones-y-recibe-a-cafiero\/#breadcrumb"},"inLanguage":"es","potentialAction":[{"@type":"ReadAction","target":["https:\/\/www.noticiasradioreflejos.com.ar\/2021\/el-senado-empieza-a-estudiar-la-postergacion-de-las-elecciones-y-recibe-a-cafiero\/"]}]},{"@type":"ImageObject","inLanguage":"es","@id":"https:\/\/www.noticiasradioreflejos.com.ar\/2021\/el-senado-empieza-a-estudiar-la-postergacion-de-las-elecciones-y-recibe-a-cafiero\/#primaryimage","url":"https:\/\/www.telam.com.ar\/advf\/imagenes\/2021\/05\/60a6cd1ca7682.05.2021%20565_1004x565.jpg","contentUrl":"https:\/\/www.telam.com.ar\/advf\/imagenes\/2021\/05\/60a6cd1ca7682.05.2021%20565_1004x565.jpg"},{"@type":"BreadcrumbList","@id":"https:\/\/www.noticiasradioreflejos.com.ar\/2021\/el-senado-empieza-a-estudiar-la-postergacion-de-las-elecciones-y-recibe-a-cafiero\/#breadcrumb","itemListElement":[{"@type":"ListItem","position":1,"name":"Portada","item":"https:\/\/www.noticiasradioreflejos.com.ar\/2021\/"},{"@type":"ListItem","position":2,"name":"El Senado empieza a estudiar la postergaci\u00f3n de las elecciones y recibe a Cafiero"}]},{"@type":"WebSite","@id":"https:\/\/www.noticiasradioreflejos.com.ar\/2021\/#website","url":"https:\/\/www.noticiasradioreflejos.com.ar\/2021\/","name":"Noticias Radio Reflejos","description":"Las noticias de mi comarca","potentialAction":[{"@type":"SearchAction","target":{"@type":"EntryPoint","urlTemplate":"https:\/\/www.noticiasradioreflejos.com.ar\/2021\/?s={search_term_string}"},"query-input":{"@type":"PropertyValueSpecification","valueRequired":true,"valueName":"search_term_string"}}],"inLanguage":"es"},{"@type":"Person","@id":"https:\/\/www.noticiasradioreflejos.com.ar\/2021\/#\/schema\/person\/ad82545263dcc5ec0996818884fd5fb1","name":"Arnaldo Botto","image":{"@type":"ImageObject","inLanguage":"es","@id":"https:\/\/www.noticiasradioreflejos.com.ar\/2021\/#\/schema\/person\/image\/","url":"https:\/\/secure.gravatar.com\/avatar\/55cb5e37c1efa326397366e6974cb338056df65cb50e7d64d1cf314e87504837?s=96&d=mm&r=g","contentUrl":"https:\/\/secure.gravatar.com\/avatar\/55cb5e37c1efa326397366e6974cb338056df65cb50e7d64d1cf314e87504837?s=96&d=mm&r=g","caption":"Arnaldo Botto"},"url":"https:\/\/www.noticiasradioreflejos.com.ar\/2021\/author\/arnaldo\/"}]}},"_links":{"self":[{"href":"https:\/\/www.noticiasradioreflejos.com.ar\/2021\/wp-json\/wp\/v2\/posts\/57372","targetHints":{"allow":["GET"]}}],"collection":[{"href":"https:\/\/www.noticiasradioreflejos.com.ar\/2021\/wp-json\/wp\/v2\/posts"}],"about":[{"href":"https:\/\/www.noticiasradioreflejos.com.ar\/2021\/wp-json\/wp\/v2\/types\/post"}],"author":[{"embeddable":true,"href":"https:\/\/www.noticiasradioreflejos.com.ar\/2021\/wp-json\/wp\/v2\/users\/3"}],"replies":[{"embeddable":true,"href":"https:\/\/www.noticiasradioreflejos.com.ar\/2021\/wp-json\/wp\/v2\/comments?post=57372"}],"version-history":[{"count":2,"href":"https:\/\/www.noticiasradioreflejos.com.ar\/2021\/wp-json\/wp\/v2\/posts\/57372\/revisions"}],"predecessor-version":[{"id":57375,"href":"https:\/\/www.noticiasradioreflejos.com.ar\/2021\/wp-json\/wp\/v2\/posts\/57372\/revisions\/57375"}],"wp:attachment":[{"href":"https:\/\/www.noticiasradioreflejos.com.ar\/2021\/wp-json\/wp\/v2\/media?parent=57372"}],"wp:term":[{"taxonomy":"category","embeddable":true,"href":"https:\/\/www.noticiasradioreflejos.com.ar\/2021\/wp-json\/wp\/v2\/categories?post=57372"},{"taxonomy":"post_tag","embeddable":true,"href":"https:\/\/www.noticiasradioreflejos.com.ar\/2021\/wp-json\/wp\/v2\/tags?post=57372"}],"curies":[{"name":"wp","href":"https:\/\/api.w.org\/{rel}","templated":true}]}}