{"id":57361,"date":"2021-05-22T21:35:58","date_gmt":"2021-05-22T21:35:58","guid":{"rendered":"http:\/\/www.noticiasradioreflejos.com.ar\/2021\/?p=57361"},"modified":"2021-05-22T21:35:58","modified_gmt":"2021-05-22T21:35:58","slug":"murieron-297-personas-y-32-171-fueron-reportadas-con-coronavirus-en-el-pais","status":"publish","type":"post","link":"https:\/\/www.noticiasradioreflejos.com.ar\/2021\/murieron-297-personas-y-32-171-fueron-reportadas-con-coronavirus-en-el-pais\/","title":{"rendered":"Murieron 297 personas y 32.171 fueron reportadas con coronavirus en el pa\u00eds"},"content":{"rendered":"<div class=\"head-content\">\n<p>Con las cifras de este s\u00e1bado suman 73.688 los fallecidos a nivel nacional y 3.514.683 los contagiados desde el inicio de la pandemia.<\/p>\n<div class=\"addthis_custom_sharing\" data-url=\"https:\/\/www.telam.com.ar\/notas\/202105\/555166-sabado-22-mayo-coronavirus-argentina-casos-reporte-ministerio-de-salud.html\" data-title=\"Murieron 297 personas y 32.171 fueron reportadas con coronavirus en el pa\u00eds\" data-description=\"Con las crifras de este s\u00e1bado suman 73.688 los fallecidos a nivel nacional y 3.514.683 los contagiados desde el inicio de la pandemia.\">\n<div id=\"atstbx\" class=\"at-resp-share-element at-style-responsive addthis-smartlayers addthis-animated at4-show\" role=\"region\" aria-labelledby=\"at-ddfd43a2-a597-4628-8f73-2c3abd0105b5\"><span id=\"at-ddfd43a2-a597-4628-8f73-2c3abd0105b5\" class=\"at4-visually-hidden\"><\/span><\/p>\n<div class=\"at-share-btn-elements\"><\/div>\n<\/div>\n<\/div>\n<\/div>\n<p><!--more--><\/p>\n<div class=\"main-content-block\">\n<div class=\"main-box clearfix\">\n<div class=\"wrapper-main-section clearfix\">\n<div class=\"wrapper-editable-content\">\n<div class=\"editable-content clearfix\">\n<div id=\"image\" class=\"image\"><img decoding=\"async\" title=\"Son 73.688 los fallecidos en Argentina desde el inicio de la pandemia.\" src=\"https:\/\/www.telam.com.ar\/advf\/imagenes\/2021\/05\/60a5ae7c5133e_1004x565.jpg\" alt=\"Son 73.688 los fallecidos en Argentina desde el inicio de la pandemia.\" \/><\/p>\n<div class=\"epigrafe\"><\/div>\n<\/div>\n<p>Otras 297 personas murieron y 32.171 fueron reportadas con coronavirus en las \u00faltimas 24 horas en la Argentina, con lo que suman 73.688 los fallecidos registrados oficialmente a nivel nacional y 3.514.683 los contagiados desde el inicio de la pandemia, inform\u00f3 hoy el Ministerio de Salud.<\/p>\n<p>La cartera sanitaria indic\u00f3 que son 6.138 los internados en unidades de terapia intensiva, con un porcentaje de ocupaci\u00f3n de camas de adultos de 74,1% en el pa\u00eds y del 77,1% en el \u00c1rea Metropolitana Buenos Aires (AMBA).<\/p>\n<p>De los 3.514.683 contagiados, 3.083.298 recibi\u00f3 el alta y 357.697 son casos confirmados activos.<\/p>\n<p>El reporte consign\u00f3 que fallecieron 178 hombres y 119 mujeres.<\/p>\n<p>El parte precis\u00f3 que murieron 103 hombres en la provincia de Buenos Aires; 13 en la Ciudad de Buenos Aires; 1 en Chaco; 10 en Chubut; 1 en Corrientes; 5 en C\u00f3rdoba; 2 en Entre R\u00edos; 1 en Jujuy; 2 en La Pampa; 23 en Mendoza; 4 en Misiones; 2 en Neuqu\u00e9n; 2 en R\u00edo Negro; 1 en Salta; 1 en San Luis; 1 en Santa Cruz; 2 en Santa Fe; 3 en Santiago del Estero y 1 en Tierra del Fuego.<\/p>\n<p>Tambi\u00e9n fallecieron 69 mujeres en Buenos Aires; 9 en la Ciudad de Buenos Aires; 5 en Chaco; 2 en Chubut; 5 en C\u00f3rdoba; 4 en Entre R\u00edos; 2 en Jujuy; 2 en La Pampa; 10 en Mendoza; 1 en Misiones; 1 en Neuqu\u00e9n; 2 en R\u00edo Negro; 2 en San Luis; 3 en Santa Fe y 2 en Santiago del Estero.<\/p>\n<p>Hoy se registraron en la provincia de Buenos Aires 11.322 casos; en la Ciudad de Buenos Aires, 3.013; en Catamarca, 260; en Chaco, 685; en Chubut, 238; en Corrientes, 958; en C\u00f3rdoba, 4.202; en Entre R\u00edos, 873; en Formosa, 1.084; en Jujuy, 74; en La Pampa, 731; en La Rioja, 127; en Mendoza, 798; en Misiones, 166; en Neuqu\u00e9n, 668; en R\u00edo Negro, 547; en Salta, 603; en San Juan, 360; en San Luis, 592; en Santa Cruz, 193; en Santa Fe, 3.103; en Santiago del Estero, 790; Tierra del Fuego, 53 y en Tucum\u00e1n, 731.<\/p>\n<p>El ministerio indic\u00f3 adem\u00e1s que se realizaron en las \u00faltimas 24 horas 180.387 testeos y desde el inicio del brote ascienden a 13.104.298 las pruebas diagn\u00f3sticas para esta enfermedad.<\/p>\n<p>El total de acumulados por distrito indica que la provincia de Buenos Aires suma 1.516.566 casos; la Ciudad de Buenos Aires, 396.069; Catamarca, 20.097; Chaco, 52.920; Chubut, 59.791; Corrientes, 43.799; C\u00f3rdoba 277.917; Entre R\u00edos, 77.565; Formosa, 22.296; Jujuy, 26.988; La Pampa, 37.979; La Rioja, 15.885; Mendoza, 114.457; Misiones, 18.879; Neuqu\u00e9n, 82.843; R\u00edo Negro, 69.820; Salta, 41.406; San Juan, 32.917; San Luis, 48.018; Santa Cruz, 49.862; Santa Fe, 320.698; Santiago del Estero, 39.063; Tierra del Fuego, 27.992 y Tucum\u00e1n, 120.856.<\/p>\n<p>Se incluyen 17 casos existentes en las Islas Malvinas seg\u00fan informaci\u00f3n de prensa (debido a la ocupaci\u00f3n ilegal del Reino Unido, Gran Breta\u00f1a e Irlanda del Norte no es posible contar con informaci\u00f3n propia sobre el impacto de la Covid-19 en esa parte del territorio argentino).<\/p><\/div>\n<\/div>\n<\/div>\n<\/div>\n<\/div>\n","protected":false},"excerpt":{"rendered":"<p>Con las cifras de este s\u00e1bado suman 73.688 los fallecidos a nivel nacional y 3.514.683 los contagiados desde el inicio de la pandemia.<\/p>\n","protected":false},"author":3,"featured_media":0,"comment_status":"closed","ping_status":"closed","sticky":false,"template":"","format":"standard","meta":{"footnotes":""},"categories":[30],"tags":[],"class_list":["post-57361","post","type-post","status-publish","format-standard","hentry","category-salud"],"yoast_head":"<!-- This site is optimized with the Yoast SEO plugin v25.9 - https:\/\/yoast.com\/wordpress\/plugins\/seo\/ -->\n<title>Murieron 297 personas y 32.171 fueron reportadas con coronavirus en el pa\u00eds - Noticias Radio Reflejos<\/title>\n<meta name=\"robots\" content=\"index, follow, max-snippet:-1, max-image-preview:large, max-video-preview:-1\" \/>\n<link rel=\"canonical\" href=\"https:\/\/www.noticiasradioreflejos.com.ar\/2021\/murieron-297-personas-y-32-171-fueron-reportadas-con-coronavirus-en-el-pais\/\" \/>\n<meta property=\"og:locale\" content=\"es_ES\" \/>\n<meta property=\"og:type\" content=\"article\" \/>\n<meta property=\"og:title\" content=\"Murieron 297 personas y 32.171 fueron reportadas con coronavirus en el pa\u00eds - Noticias Radio Reflejos\" \/>\n<meta property=\"og:description\" content=\"Con las cifras de este s\u00e1bado suman 73.688 los fallecidos a nivel nacional y 3.514.683 los contagiados desde el inicio de la pandemia.\" \/>\n<meta property=\"og:url\" content=\"https:\/\/www.noticiasradioreflejos.com.ar\/2021\/murieron-297-personas-y-32-171-fueron-reportadas-con-coronavirus-en-el-pais\/\" \/>\n<meta property=\"og:site_name\" content=\"Noticias Radio Reflejos\" \/>\n<meta property=\"article:published_time\" content=\"2021-05-22T21:35:58+00:00\" \/>\n<meta property=\"og:image\" content=\"https:\/\/www.telam.com.ar\/advf\/imagenes\/2021\/05\/60a5ae7c5133e_1004x565.jpg\" \/>\n<meta name=\"author\" content=\"Arnaldo Botto\" \/>\n<meta name=\"twitter:card\" content=\"summary_large_image\" \/>\n<script type=\"application\/ld+json\" class=\"yoast-schema-graph\">{\"@context\":\"https:\/\/schema.org\",\"@graph\":[{\"@type\":\"WebPage\",\"@id\":\"https:\/\/www.noticiasradioreflejos.com.ar\/2021\/murieron-297-personas-y-32-171-fueron-reportadas-con-coronavirus-en-el-pais\/\",\"url\":\"https:\/\/www.noticiasradioreflejos.com.ar\/2021\/murieron-297-personas-y-32-171-fueron-reportadas-con-coronavirus-en-el-pais\/\",\"name\":\"Murieron 297 personas y 32.171 fueron reportadas con coronavirus en el pa\u00eds - Noticias Radio Reflejos\",\"isPartOf\":{\"@id\":\"https:\/\/www.noticiasradioreflejos.com.ar\/2021\/#website\"},\"primaryImageOfPage\":{\"@id\":\"https:\/\/www.noticiasradioreflejos.com.ar\/2021\/murieron-297-personas-y-32-171-fueron-reportadas-con-coronavirus-en-el-pais\/#primaryimage\"},\"image\":{\"@id\":\"https:\/\/www.noticiasradioreflejos.com.ar\/2021\/murieron-297-personas-y-32-171-fueron-reportadas-con-coronavirus-en-el-pais\/#primaryimage\"},\"thumbnailUrl\":\"https:\/\/www.telam.com.ar\/advf\/imagenes\/2021\/05\/60a5ae7c5133e_1004x565.jpg\",\"datePublished\":\"2021-05-22T21:35:58+00:00\",\"author\":{\"@id\":\"https:\/\/www.noticiasradioreflejos.com.ar\/2021\/#\/schema\/person\/ad82545263dcc5ec0996818884fd5fb1\"},\"breadcrumb\":{\"@id\":\"https:\/\/www.noticiasradioreflejos.com.ar\/2021\/murieron-297-personas-y-32-171-fueron-reportadas-con-coronavirus-en-el-pais\/#breadcrumb\"},\"inLanguage\":\"es\",\"potentialAction\":[{\"@type\":\"ReadAction\",\"target\":[\"https:\/\/www.noticiasradioreflejos.com.ar\/2021\/murieron-297-personas-y-32-171-fueron-reportadas-con-coronavirus-en-el-pais\/\"]}]},{\"@type\":\"ImageObject\",\"inLanguage\":\"es\",\"@id\":\"https:\/\/www.noticiasradioreflejos.com.ar\/2021\/murieron-297-personas-y-32-171-fueron-reportadas-con-coronavirus-en-el-pais\/#primaryimage\",\"url\":\"https:\/\/www.telam.com.ar\/advf\/imagenes\/2021\/05\/60a5ae7c5133e_1004x565.jpg\",\"contentUrl\":\"https:\/\/www.telam.com.ar\/advf\/imagenes\/2021\/05\/60a5ae7c5133e_1004x565.jpg\"},{\"@type\":\"BreadcrumbList\",\"@id\":\"https:\/\/www.noticiasradioreflejos.com.ar\/2021\/murieron-297-personas-y-32-171-fueron-reportadas-con-coronavirus-en-el-pais\/#breadcrumb\",\"itemListElement\":[{\"@type\":\"ListItem\",\"position\":1,\"name\":\"Portada\",\"item\":\"https:\/\/www.noticiasradioreflejos.com.ar\/2021\/\"},{\"@type\":\"ListItem\",\"position\":2,\"name\":\"Murieron 297 personas y 32.171 fueron reportadas con coronavirus en el pa\u00eds\"}]},{\"@type\":\"WebSite\",\"@id\":\"https:\/\/www.noticiasradioreflejos.com.ar\/2021\/#website\",\"url\":\"https:\/\/www.noticiasradioreflejos.com.ar\/2021\/\",\"name\":\"Noticias Radio Reflejos\",\"description\":\"Las noticias de mi comarca\",\"potentialAction\":[{\"@type\":\"SearchAction\",\"target\":{\"@type\":\"EntryPoint\",\"urlTemplate\":\"https:\/\/www.noticiasradioreflejos.com.ar\/2021\/?s={search_term_string}\"},\"query-input\":{\"@type\":\"PropertyValueSpecification\",\"valueRequired\":true,\"valueName\":\"search_term_string\"}}],\"inLanguage\":\"es\"},{\"@type\":\"Person\",\"@id\":\"https:\/\/www.noticiasradioreflejos.com.ar\/2021\/#\/schema\/person\/ad82545263dcc5ec0996818884fd5fb1\",\"name\":\"Arnaldo Botto\",\"image\":{\"@type\":\"ImageObject\",\"inLanguage\":\"es\",\"@id\":\"https:\/\/www.noticiasradioreflejos.com.ar\/2021\/#\/schema\/person\/image\/\",\"url\":\"https:\/\/secure.gravatar.com\/avatar\/55cb5e37c1efa326397366e6974cb338056df65cb50e7d64d1cf314e87504837?s=96&d=mm&r=g\",\"contentUrl\":\"https:\/\/secure.gravatar.com\/avatar\/55cb5e37c1efa326397366e6974cb338056df65cb50e7d64d1cf314e87504837?s=96&d=mm&r=g\",\"caption\":\"Arnaldo Botto\"},\"url\":\"https:\/\/www.noticiasradioreflejos.com.ar\/2021\/author\/arnaldo\/\"}]}<\/script>\n<!-- \/ Yoast SEO plugin. -->","yoast_head_json":{"title":"Murieron 297 personas y 32.171 fueron reportadas con coronavirus en el pa\u00eds - Noticias Radio Reflejos","robots":{"index":"index","follow":"follow","max-snippet":"max-snippet:-1","max-image-preview":"max-image-preview:large","max-video-preview":"max-video-preview:-1"},"canonical":"https:\/\/www.noticiasradioreflejos.com.ar\/2021\/murieron-297-personas-y-32-171-fueron-reportadas-con-coronavirus-en-el-pais\/","og_locale":"es_ES","og_type":"article","og_title":"Murieron 297 personas y 32.171 fueron reportadas con coronavirus en el pa\u00eds - Noticias Radio Reflejos","og_description":"Con las cifras de este s\u00e1bado suman 73.688 los fallecidos a nivel nacional y 3.514.683 los contagiados desde el inicio de la pandemia.","og_url":"https:\/\/www.noticiasradioreflejos.com.ar\/2021\/murieron-297-personas-y-32-171-fueron-reportadas-con-coronavirus-en-el-pais\/","og_site_name":"Noticias Radio Reflejos","article_published_time":"2021-05-22T21:35:58+00:00","og_image":[{"url":"https:\/\/www.telam.com.ar\/advf\/imagenes\/2021\/05\/60a5ae7c5133e_1004x565.jpg","type":"","width":"","height":""}],"author":"Arnaldo Botto","twitter_card":"summary_large_image","schema":{"@context":"https:\/\/schema.org","@graph":[{"@type":"WebPage","@id":"https:\/\/www.noticiasradioreflejos.com.ar\/2021\/murieron-297-personas-y-32-171-fueron-reportadas-con-coronavirus-en-el-pais\/","url":"https:\/\/www.noticiasradioreflejos.com.ar\/2021\/murieron-297-personas-y-32-171-fueron-reportadas-con-coronavirus-en-el-pais\/","name":"Murieron 297 personas y 32.171 fueron reportadas con coronavirus en el pa\u00eds - Noticias Radio Reflejos","isPartOf":{"@id":"https:\/\/www.noticiasradioreflejos.com.ar\/2021\/#website"},"primaryImageOfPage":{"@id":"https:\/\/www.noticiasradioreflejos.com.ar\/2021\/murieron-297-personas-y-32-171-fueron-reportadas-con-coronavirus-en-el-pais\/#primaryimage"},"image":{"@id":"https:\/\/www.noticiasradioreflejos.com.ar\/2021\/murieron-297-personas-y-32-171-fueron-reportadas-con-coronavirus-en-el-pais\/#primaryimage"},"thumbnailUrl":"https:\/\/www.telam.com.ar\/advf\/imagenes\/2021\/05\/60a5ae7c5133e_1004x565.jpg","datePublished":"2021-05-22T21:35:58+00:00","author":{"@id":"https:\/\/www.noticiasradioreflejos.com.ar\/2021\/#\/schema\/person\/ad82545263dcc5ec0996818884fd5fb1"},"breadcrumb":{"@id":"https:\/\/www.noticiasradioreflejos.com.ar\/2021\/murieron-297-personas-y-32-171-fueron-reportadas-con-coronavirus-en-el-pais\/#breadcrumb"},"inLanguage":"es","potentialAction":[{"@type":"ReadAction","target":["https:\/\/www.noticiasradioreflejos.com.ar\/2021\/murieron-297-personas-y-32-171-fueron-reportadas-con-coronavirus-en-el-pais\/"]}]},{"@type":"ImageObject","inLanguage":"es","@id":"https:\/\/www.noticiasradioreflejos.com.ar\/2021\/murieron-297-personas-y-32-171-fueron-reportadas-con-coronavirus-en-el-pais\/#primaryimage","url":"https:\/\/www.telam.com.ar\/advf\/imagenes\/2021\/05\/60a5ae7c5133e_1004x565.jpg","contentUrl":"https:\/\/www.telam.com.ar\/advf\/imagenes\/2021\/05\/60a5ae7c5133e_1004x565.jpg"},{"@type":"BreadcrumbList","@id":"https:\/\/www.noticiasradioreflejos.com.ar\/2021\/murieron-297-personas-y-32-171-fueron-reportadas-con-coronavirus-en-el-pais\/#breadcrumb","itemListElement":[{"@type":"ListItem","position":1,"name":"Portada","item":"https:\/\/www.noticiasradioreflejos.com.ar\/2021\/"},{"@type":"ListItem","position":2,"name":"Murieron 297 personas y 32.171 fueron reportadas con coronavirus en el pa\u00eds"}]},{"@type":"WebSite","@id":"https:\/\/www.noticiasradioreflejos.com.ar\/2021\/#website","url":"https:\/\/www.noticiasradioreflejos.com.ar\/2021\/","name":"Noticias Radio Reflejos","description":"Las noticias de mi comarca","potentialAction":[{"@type":"SearchAction","target":{"@type":"EntryPoint","urlTemplate":"https:\/\/www.noticiasradioreflejos.com.ar\/2021\/?s={search_term_string}"},"query-input":{"@type":"PropertyValueSpecification","valueRequired":true,"valueName":"search_term_string"}}],"inLanguage":"es"},{"@type":"Person","@id":"https:\/\/www.noticiasradioreflejos.com.ar\/2021\/#\/schema\/person\/ad82545263dcc5ec0996818884fd5fb1","name":"Arnaldo Botto","image":{"@type":"ImageObject","inLanguage":"es","@id":"https:\/\/www.noticiasradioreflejos.com.ar\/2021\/#\/schema\/person\/image\/","url":"https:\/\/secure.gravatar.com\/avatar\/55cb5e37c1efa326397366e6974cb338056df65cb50e7d64d1cf314e87504837?s=96&d=mm&r=g","contentUrl":"https:\/\/secure.gravatar.com\/avatar\/55cb5e37c1efa326397366e6974cb338056df65cb50e7d64d1cf314e87504837?s=96&d=mm&r=g","caption":"Arnaldo Botto"},"url":"https:\/\/www.noticiasradioreflejos.com.ar\/2021\/author\/arnaldo\/"}]}},"_links":{"self":[{"href":"https:\/\/www.noticiasradioreflejos.com.ar\/2021\/wp-json\/wp\/v2\/posts\/57361","targetHints":{"allow":["GET"]}}],"collection":[{"href":"https:\/\/www.noticiasradioreflejos.com.ar\/2021\/wp-json\/wp\/v2\/posts"}],"about":[{"href":"https:\/\/www.noticiasradioreflejos.com.ar\/2021\/wp-json\/wp\/v2\/types\/post"}],"author":[{"embeddable":true,"href":"https:\/\/www.noticiasradioreflejos.com.ar\/2021\/wp-json\/wp\/v2\/users\/3"}],"replies":[{"embeddable":true,"href":"https:\/\/www.noticiasradioreflejos.com.ar\/2021\/wp-json\/wp\/v2\/comments?post=57361"}],"version-history":[{"count":1,"href":"https:\/\/www.noticiasradioreflejos.com.ar\/2021\/wp-json\/wp\/v2\/posts\/57361\/revisions"}],"predecessor-version":[{"id":57362,"href":"https:\/\/www.noticiasradioreflejos.com.ar\/2021\/wp-json\/wp\/v2\/posts\/57361\/revisions\/57362"}],"wp:attachment":[{"href":"https:\/\/www.noticiasradioreflejos.com.ar\/2021\/wp-json\/wp\/v2\/media?parent=57361"}],"wp:term":[{"taxonomy":"category","embeddable":true,"href":"https:\/\/www.noticiasradioreflejos.com.ar\/2021\/wp-json\/wp\/v2\/categories?post=57361"},{"taxonomy":"post_tag","embeddable":true,"href":"https:\/\/www.noticiasradioreflejos.com.ar\/2021\/wp-json\/wp\/v2\/tags?post=57361"}],"curies":[{"name":"wp","href":"https:\/\/api.w.org\/{rel}","templated":true}]}}