{"id":57353,"date":"2021-05-22T18:19:24","date_gmt":"2021-05-22T18:19:24","guid":{"rendered":"http:\/\/www.noticiasradioreflejos.com.ar\/2021\/?p=57353"},"modified":"2021-05-22T18:19:50","modified_gmt":"2021-05-22T18:19:50","slug":"medidas-que-rigen-desde-este-sabado-en-todo-el-distrito-de-tornquist","status":"publish","type":"post","link":"https:\/\/www.noticiasradioreflejos.com.ar\/2021\/medidas-que-rigen-desde-este-sabado-en-todo-el-distrito-de-tornquist\/","title":{"rendered":"Medidas que rigen desde este s\u00e1bado en todo el distrito de Tornquist"},"content":{"rendered":"<p>Tornquist Municipio da a conocer las medidas dispuestas por la Pr\u00f3rroga del Decreto de Necesidad y Urgencia 287\/21 emitida por el Gobierno Nacional, que rigen desde este s\u00e1bado 22 al domingo 30 de mayo, y los d\u00edas 5 y 6 de junio en el distrito de Tornquist:<!--more--><\/p>\n<p>-Entre las 18 y las 6 hs de cada d\u00eda solo podr\u00e1n circular personas que realicen tareas esenciales;<\/p>\n<p>-Reuniones sociales prohibidas, tanto en espacios cerrados como al aire libre;<\/p>\n<p>-Clases presenciales suspendidas en escuelas y clubes;<\/p>\n<p>-Los comercios podr\u00e1n tener sus puertas abiertas hasta las 18 hs;<\/p>\n<p>-La administraci\u00f3n p\u00fablica trabajar\u00e1 en su horario de atenci\u00f3n habitual;<\/p>\n<p>-Actividades culturales, religiosas y recreativas suspendidas;<\/p>\n<p>-Actividades deportivas grupales suspendidas. Solo podr\u00e1n realizarse de manera individual y al aire libre;<\/p>\n<p>-A partir de las 19 hs, los locales gastron\u00f3micos solo podr\u00e1n trabajar bajo la modalidad take away y delivery.<\/p>\n<p><a href=\"http:\/\/www.noticiasradioreflejos.com.ar\/2021\/wp-content\/uploads\/2021\/05\/DECRE-2021-0334-APN-PTE.pdf\">DECRE-2021-0334-APN-PTE<\/a><\/p>\n<p><a title=\"Medidas tqt (1)\" href=\"https:\/\/www.flickr.com\/photos\/182279889@N02\/51195924743\/in\/dateposted-public\/\" data-flickr-embed=\"true\"><img loading=\"lazy\" decoding=\"async\" src=\"https:\/\/live.staticflickr.com\/65535\/51195924743_211f277895_z.jpg\" alt=\"Medidas tqt (1)\" width=\"640\" height=\"640\" \/><\/a><script async src=\"\/\/embedr.flickr.com\/assets\/client-code.js\" charset=\"utf-8\"><\/script><br \/>\n<a title=\"Medidas tqt (1)\" href=\"https:\/\/www.flickr.com\/photos\/182279889@N02\/51196776585\/in\/dateposted-public\/\" data-flickr-embed=\"true\"><img loading=\"lazy\" decoding=\"async\" src=\"https:\/\/live.staticflickr.com\/65535\/51196776585_8986531743_z.jpg\" alt=\"Medidas tqt (1)\" width=\"640\" height=\"640\" \/><\/a><script async src=\"\/\/embedr.flickr.com\/assets\/client-code.js\" charset=\"utf-8\"><\/script><\/p>\n<p><a title=\"Medidas tqt (2)\" href=\"https:\/\/www.flickr.com\/photos\/182279889@N02\/51195710156\/in\/dateposted-public\/\" data-flickr-embed=\"true\"><img loading=\"lazy\" decoding=\"async\" src=\"https:\/\/live.staticflickr.com\/65535\/51195710156_d77489f6c3_z.jpg\" alt=\"Medidas tqt (2)\" width=\"640\" height=\"640\" \/><\/a><script async src=\"\/\/embedr.flickr.com\/assets\/client-code.js\" charset=\"utf-8\"><\/script><br \/>\n<a title=\"Medidas tqt (3)\" href=\"https:\/\/www.flickr.com\/photos\/182279889@N02\/51196488969\/in\/dateposted-public\/\" data-flickr-embed=\"true\"><img loading=\"lazy\" decoding=\"async\" src=\"https:\/\/live.staticflickr.com\/65535\/51196488969_15d8b0a70f_z.jpg\" alt=\"Medidas tqt (3)\" width=\"640\" height=\"640\" \/><\/a><script async src=\"\/\/embedr.flickr.com\/assets\/client-code.js\" charset=\"utf-8\"><\/script><br \/>\n<a title=\"Medidas tqt (4)\" href=\"https:\/\/www.flickr.com\/photos\/182279889@N02\/51195000462\/in\/dateposted-public\/\" data-flickr-embed=\"true\"><img loading=\"lazy\" decoding=\"async\" src=\"https:\/\/live.staticflickr.com\/65535\/51195000462_502b4fb177_z.jpg\" alt=\"Medidas tqt (4)\" width=\"640\" height=\"640\" \/><\/a><script async src=\"\/\/embedr.flickr.com\/assets\/client-code.js\" charset=\"utf-8\"><\/script><\/p>\n<p><a title=\"Medidas tqt (5)\" href=\"https:\/\/www.flickr.com\/photos\/182279889@N02\/51195924668\/in\/dateposted-public\/\" data-flickr-embed=\"true\"><img loading=\"lazy\" decoding=\"async\" src=\"https:\/\/live.staticflickr.com\/65535\/51195924668_f87ec56219_z.jpg\" alt=\"Medidas tqt (5)\" width=\"640\" height=\"640\" \/><\/a><script async src=\"\/\/embedr.flickr.com\/assets\/client-code.js\" charset=\"utf-8\"><\/script><\/p>\n<p><a title=\"Medidas tqt (6)\" href=\"https:\/\/www.flickr.com\/photos\/182279889@N02\/51196776525\/in\/dateposted-public\/\" data-flickr-embed=\"true\"><img loading=\"lazy\" decoding=\"async\" src=\"https:\/\/live.staticflickr.com\/65535\/51196776525_cf6ccab28e_z.jpg\" alt=\"Medidas tqt (6)\" width=\"640\" height=\"640\" \/><\/a><script async src=\"\/\/embedr.flickr.com\/assets\/client-code.js\" charset=\"utf-8\"><\/script><\/p>\n<p><a data-flickr-embed=\"true\" href=\"https:\/\/www.flickr.com\/photos\/182279889@N02\/51195000422\/in\/dateposted-public\/\" title=\"Medidas tqt (7)\"><img loading=\"lazy\" decoding=\"async\" src=\"https:\/\/live.staticflickr.com\/65535\/51195000422_5782a352b7_z.jpg\" width=\"640\" height=\"640\" alt=\"Medidas tqt (7)\"><\/a><script async src=\"\/\/embedr.flickr.com\/assets\/client-code.js\" charset=\"utf-8\"><\/script><\/p>\n","protected":false},"excerpt":{"rendered":"<p>Tornquist Municipio da a conocer las medidas dispuestas por la Pr\u00f3rroga del Decreto de Necesidad y Urgencia 287\/21 emitida por el Gobierno Nacional, que rigen desde este s\u00e1bado 22 al domingo 30 de mayo, y los d\u00edas 5 y 6 de junio en el distrito de Tornquist:<\/p>\n","protected":false},"author":3,"featured_media":0,"comment_status":"closed","ping_status":"closed","sticky":false,"template":"","format":"standard","meta":{"footnotes":""},"categories":[28,24,30],"tags":[48],"class_list":["post-57353","post","type-post","status-publish","format-standard","hentry","category-municipales","category-politica","category-salud","tag-destacada"],"yoast_head":"<!-- This site is optimized with the Yoast SEO plugin v25.9 - https:\/\/yoast.com\/wordpress\/plugins\/seo\/ -->\n<title>Medidas que rigen desde este s\u00e1bado en todo el distrito de Tornquist - Noticias Radio Reflejos<\/title>\n<meta name=\"robots\" content=\"index, follow, max-snippet:-1, max-image-preview:large, max-video-preview:-1\" \/>\n<link rel=\"canonical\" href=\"https:\/\/www.noticiasradioreflejos.com.ar\/2021\/medidas-que-rigen-desde-este-sabado-en-todo-el-distrito-de-tornquist\/\" \/>\n<meta property=\"og:locale\" content=\"es_ES\" \/>\n<meta property=\"og:type\" content=\"article\" \/>\n<meta property=\"og:title\" content=\"Medidas que rigen desde este s\u00e1bado en todo el distrito de Tornquist - Noticias Radio Reflejos\" \/>\n<meta property=\"og:description\" content=\"Tornquist Municipio da a conocer las medidas dispuestas por la Pr\u00f3rroga del Decreto de Necesidad y Urgencia 287\/21 emitida por el Gobierno Nacional, que rigen desde este s\u00e1bado 22 al domingo 30 de mayo, y los d\u00edas 5 y 6 de junio en el distrito de Tornquist:\" \/>\n<meta property=\"og:url\" content=\"https:\/\/www.noticiasradioreflejos.com.ar\/2021\/medidas-que-rigen-desde-este-sabado-en-todo-el-distrito-de-tornquist\/\" \/>\n<meta property=\"og:site_name\" content=\"Noticias Radio Reflejos\" \/>\n<meta property=\"article:published_time\" content=\"2021-05-22T18:19:24+00:00\" \/>\n<meta property=\"article:modified_time\" content=\"2021-05-22T18:19:50+00:00\" \/>\n<meta property=\"og:image\" content=\"https:\/\/live.staticflickr.com\/65535\/51195924743_211f277895_z.jpg\" \/>\n<meta name=\"author\" content=\"Arnaldo Botto\" \/>\n<meta name=\"twitter:card\" content=\"summary_large_image\" \/>\n<script type=\"application\/ld+json\" class=\"yoast-schema-graph\">{\"@context\":\"https:\/\/schema.org\",\"@graph\":[{\"@type\":\"WebPage\",\"@id\":\"https:\/\/www.noticiasradioreflejos.com.ar\/2021\/medidas-que-rigen-desde-este-sabado-en-todo-el-distrito-de-tornquist\/\",\"url\":\"https:\/\/www.noticiasradioreflejos.com.ar\/2021\/medidas-que-rigen-desde-este-sabado-en-todo-el-distrito-de-tornquist\/\",\"name\":\"Medidas que rigen desde este s\u00e1bado en todo el distrito de Tornquist - Noticias Radio Reflejos\",\"isPartOf\":{\"@id\":\"https:\/\/www.noticiasradioreflejos.com.ar\/2021\/#website\"},\"primaryImageOfPage\":{\"@id\":\"https:\/\/www.noticiasradioreflejos.com.ar\/2021\/medidas-que-rigen-desde-este-sabado-en-todo-el-distrito-de-tornquist\/#primaryimage\"},\"image\":{\"@id\":\"https:\/\/www.noticiasradioreflejos.com.ar\/2021\/medidas-que-rigen-desde-este-sabado-en-todo-el-distrito-de-tornquist\/#primaryimage\"},\"thumbnailUrl\":\"https:\/\/live.staticflickr.com\/65535\/51195924743_211f277895_z.jpg\",\"datePublished\":\"2021-05-22T18:19:24+00:00\",\"dateModified\":\"2021-05-22T18:19:50+00:00\",\"author\":{\"@id\":\"https:\/\/www.noticiasradioreflejos.com.ar\/2021\/#\/schema\/person\/ad82545263dcc5ec0996818884fd5fb1\"},\"breadcrumb\":{\"@id\":\"https:\/\/www.noticiasradioreflejos.com.ar\/2021\/medidas-que-rigen-desde-este-sabado-en-todo-el-distrito-de-tornquist\/#breadcrumb\"},\"inLanguage\":\"es\",\"potentialAction\":[{\"@type\":\"ReadAction\",\"target\":[\"https:\/\/www.noticiasradioreflejos.com.ar\/2021\/medidas-que-rigen-desde-este-sabado-en-todo-el-distrito-de-tornquist\/\"]}]},{\"@type\":\"ImageObject\",\"inLanguage\":\"es\",\"@id\":\"https:\/\/www.noticiasradioreflejos.com.ar\/2021\/medidas-que-rigen-desde-este-sabado-en-todo-el-distrito-de-tornquist\/#primaryimage\",\"url\":\"https:\/\/live.staticflickr.com\/65535\/51195924743_211f277895_z.jpg\",\"contentUrl\":\"https:\/\/live.staticflickr.com\/65535\/51195924743_211f277895_z.jpg\"},{\"@type\":\"BreadcrumbList\",\"@id\":\"https:\/\/www.noticiasradioreflejos.com.ar\/2021\/medidas-que-rigen-desde-este-sabado-en-todo-el-distrito-de-tornquist\/#breadcrumb\",\"itemListElement\":[{\"@type\":\"ListItem\",\"position\":1,\"name\":\"Portada\",\"item\":\"https:\/\/www.noticiasradioreflejos.com.ar\/2021\/\"},{\"@type\":\"ListItem\",\"position\":2,\"name\":\"Medidas que rigen desde este s\u00e1bado en todo el distrito de Tornquist\"}]},{\"@type\":\"WebSite\",\"@id\":\"https:\/\/www.noticiasradioreflejos.com.ar\/2021\/#website\",\"url\":\"https:\/\/www.noticiasradioreflejos.com.ar\/2021\/\",\"name\":\"Noticias Radio Reflejos\",\"description\":\"Las noticias de mi comarca\",\"potentialAction\":[{\"@type\":\"SearchAction\",\"target\":{\"@type\":\"EntryPoint\",\"urlTemplate\":\"https:\/\/www.noticiasradioreflejos.com.ar\/2021\/?s={search_term_string}\"},\"query-input\":{\"@type\":\"PropertyValueSpecification\",\"valueRequired\":true,\"valueName\":\"search_term_string\"}}],\"inLanguage\":\"es\"},{\"@type\":\"Person\",\"@id\":\"https:\/\/www.noticiasradioreflejos.com.ar\/2021\/#\/schema\/person\/ad82545263dcc5ec0996818884fd5fb1\",\"name\":\"Arnaldo Botto\",\"image\":{\"@type\":\"ImageObject\",\"inLanguage\":\"es\",\"@id\":\"https:\/\/www.noticiasradioreflejos.com.ar\/2021\/#\/schema\/person\/image\/\",\"url\":\"https:\/\/secure.gravatar.com\/avatar\/55cb5e37c1efa326397366e6974cb338056df65cb50e7d64d1cf314e87504837?s=96&d=mm&r=g\",\"contentUrl\":\"https:\/\/secure.gravatar.com\/avatar\/55cb5e37c1efa326397366e6974cb338056df65cb50e7d64d1cf314e87504837?s=96&d=mm&r=g\",\"caption\":\"Arnaldo Botto\"},\"url\":\"https:\/\/www.noticiasradioreflejos.com.ar\/2021\/author\/arnaldo\/\"}]}<\/script>\n<!-- \/ Yoast SEO plugin. -->","yoast_head_json":{"title":"Medidas que rigen desde este s\u00e1bado en todo el distrito de Tornquist - Noticias Radio Reflejos","robots":{"index":"index","follow":"follow","max-snippet":"max-snippet:-1","max-image-preview":"max-image-preview:large","max-video-preview":"max-video-preview:-1"},"canonical":"https:\/\/www.noticiasradioreflejos.com.ar\/2021\/medidas-que-rigen-desde-este-sabado-en-todo-el-distrito-de-tornquist\/","og_locale":"es_ES","og_type":"article","og_title":"Medidas que rigen desde este s\u00e1bado en todo el distrito de Tornquist - Noticias Radio Reflejos","og_description":"Tornquist Municipio da a conocer las medidas dispuestas por la Pr\u00f3rroga del Decreto de Necesidad y Urgencia 287\/21 emitida por el Gobierno Nacional, que rigen desde este s\u00e1bado 22 al domingo 30 de mayo, y los d\u00edas 5 y 6 de junio en el distrito de Tornquist:","og_url":"https:\/\/www.noticiasradioreflejos.com.ar\/2021\/medidas-que-rigen-desde-este-sabado-en-todo-el-distrito-de-tornquist\/","og_site_name":"Noticias Radio Reflejos","article_published_time":"2021-05-22T18:19:24+00:00","article_modified_time":"2021-05-22T18:19:50+00:00","og_image":[{"url":"https:\/\/live.staticflickr.com\/65535\/51195924743_211f277895_z.jpg","type":"","width":"","height":""}],"author":"Arnaldo Botto","twitter_card":"summary_large_image","schema":{"@context":"https:\/\/schema.org","@graph":[{"@type":"WebPage","@id":"https:\/\/www.noticiasradioreflejos.com.ar\/2021\/medidas-que-rigen-desde-este-sabado-en-todo-el-distrito-de-tornquist\/","url":"https:\/\/www.noticiasradioreflejos.com.ar\/2021\/medidas-que-rigen-desde-este-sabado-en-todo-el-distrito-de-tornquist\/","name":"Medidas que rigen desde este s\u00e1bado en todo el distrito de Tornquist - Noticias Radio Reflejos","isPartOf":{"@id":"https:\/\/www.noticiasradioreflejos.com.ar\/2021\/#website"},"primaryImageOfPage":{"@id":"https:\/\/www.noticiasradioreflejos.com.ar\/2021\/medidas-que-rigen-desde-este-sabado-en-todo-el-distrito-de-tornquist\/#primaryimage"},"image":{"@id":"https:\/\/www.noticiasradioreflejos.com.ar\/2021\/medidas-que-rigen-desde-este-sabado-en-todo-el-distrito-de-tornquist\/#primaryimage"},"thumbnailUrl":"https:\/\/live.staticflickr.com\/65535\/51195924743_211f277895_z.jpg","datePublished":"2021-05-22T18:19:24+00:00","dateModified":"2021-05-22T18:19:50+00:00","author":{"@id":"https:\/\/www.noticiasradioreflejos.com.ar\/2021\/#\/schema\/person\/ad82545263dcc5ec0996818884fd5fb1"},"breadcrumb":{"@id":"https:\/\/www.noticiasradioreflejos.com.ar\/2021\/medidas-que-rigen-desde-este-sabado-en-todo-el-distrito-de-tornquist\/#breadcrumb"},"inLanguage":"es","potentialAction":[{"@type":"ReadAction","target":["https:\/\/www.noticiasradioreflejos.com.ar\/2021\/medidas-que-rigen-desde-este-sabado-en-todo-el-distrito-de-tornquist\/"]}]},{"@type":"ImageObject","inLanguage":"es","@id":"https:\/\/www.noticiasradioreflejos.com.ar\/2021\/medidas-que-rigen-desde-este-sabado-en-todo-el-distrito-de-tornquist\/#primaryimage","url":"https:\/\/live.staticflickr.com\/65535\/51195924743_211f277895_z.jpg","contentUrl":"https:\/\/live.staticflickr.com\/65535\/51195924743_211f277895_z.jpg"},{"@type":"BreadcrumbList","@id":"https:\/\/www.noticiasradioreflejos.com.ar\/2021\/medidas-que-rigen-desde-este-sabado-en-todo-el-distrito-de-tornquist\/#breadcrumb","itemListElement":[{"@type":"ListItem","position":1,"name":"Portada","item":"https:\/\/www.noticiasradioreflejos.com.ar\/2021\/"},{"@type":"ListItem","position":2,"name":"Medidas que rigen desde este s\u00e1bado en todo el distrito de Tornquist"}]},{"@type":"WebSite","@id":"https:\/\/www.noticiasradioreflejos.com.ar\/2021\/#website","url":"https:\/\/www.noticiasradioreflejos.com.ar\/2021\/","name":"Noticias Radio Reflejos","description":"Las noticias de mi comarca","potentialAction":[{"@type":"SearchAction","target":{"@type":"EntryPoint","urlTemplate":"https:\/\/www.noticiasradioreflejos.com.ar\/2021\/?s={search_term_string}"},"query-input":{"@type":"PropertyValueSpecification","valueRequired":true,"valueName":"search_term_string"}}],"inLanguage":"es"},{"@type":"Person","@id":"https:\/\/www.noticiasradioreflejos.com.ar\/2021\/#\/schema\/person\/ad82545263dcc5ec0996818884fd5fb1","name":"Arnaldo Botto","image":{"@type":"ImageObject","inLanguage":"es","@id":"https:\/\/www.noticiasradioreflejos.com.ar\/2021\/#\/schema\/person\/image\/","url":"https:\/\/secure.gravatar.com\/avatar\/55cb5e37c1efa326397366e6974cb338056df65cb50e7d64d1cf314e87504837?s=96&d=mm&r=g","contentUrl":"https:\/\/secure.gravatar.com\/avatar\/55cb5e37c1efa326397366e6974cb338056df65cb50e7d64d1cf314e87504837?s=96&d=mm&r=g","caption":"Arnaldo Botto"},"url":"https:\/\/www.noticiasradioreflejos.com.ar\/2021\/author\/arnaldo\/"}]}},"_links":{"self":[{"href":"https:\/\/www.noticiasradioreflejos.com.ar\/2021\/wp-json\/wp\/v2\/posts\/57353","targetHints":{"allow":["GET"]}}],"collection":[{"href":"https:\/\/www.noticiasradioreflejos.com.ar\/2021\/wp-json\/wp\/v2\/posts"}],"about":[{"href":"https:\/\/www.noticiasradioreflejos.com.ar\/2021\/wp-json\/wp\/v2\/types\/post"}],"author":[{"embeddable":true,"href":"https:\/\/www.noticiasradioreflejos.com.ar\/2021\/wp-json\/wp\/v2\/users\/3"}],"replies":[{"embeddable":true,"href":"https:\/\/www.noticiasradioreflejos.com.ar\/2021\/wp-json\/wp\/v2\/comments?post=57353"}],"version-history":[{"count":1,"href":"https:\/\/www.noticiasradioreflejos.com.ar\/2021\/wp-json\/wp\/v2\/posts\/57353\/revisions"}],"predecessor-version":[{"id":57355,"href":"https:\/\/www.noticiasradioreflejos.com.ar\/2021\/wp-json\/wp\/v2\/posts\/57353\/revisions\/57355"}],"wp:attachment":[{"href":"https:\/\/www.noticiasradioreflejos.com.ar\/2021\/wp-json\/wp\/v2\/media?parent=57353"}],"wp:term":[{"taxonomy":"category","embeddable":true,"href":"https:\/\/www.noticiasradioreflejos.com.ar\/2021\/wp-json\/wp\/v2\/categories?post=57353"},{"taxonomy":"post_tag","embeddable":true,"href":"https:\/\/www.noticiasradioreflejos.com.ar\/2021\/wp-json\/wp\/v2\/tags?post=57353"}],"curies":[{"name":"wp","href":"https:\/\/api.w.org\/{rel}","templated":true}]}}