{"id":57349,"date":"2021-05-22T15:46:18","date_gmt":"2021-05-22T15:46:18","guid":{"rendered":"http:\/\/www.noticiasradioreflejos.com.ar\/2021\/?p=57349"},"modified":"2021-05-22T15:46:18","modified_gmt":"2021-05-22T15:46:18","slug":"difunden-los-videos-que-muestran-como-se-fugaron-dos-presos-de-una-carcel-santafesina","status":"publish","type":"post","link":"https:\/\/www.noticiasradioreflejos.com.ar\/2021\/difunden-los-videos-que-muestran-como-se-fugaron-dos-presos-de-una-carcel-santafesina\/","title":{"rendered":"Difunden los videos que muestran c\u00f3mo se fugaron dos presos de una c\u00e1rcel santafesina"},"content":{"rendered":"<p>La fuga fue el lunes pasado y por la evasi\u00f3n fueron imputados con prisi\u00f3n preventiva diez empleados del Servicio Penitenciario.<!--more--><br \/>\n<iframe loading=\"lazy\" width=\"727\" height=\"409\" src=\"https:\/\/www.youtube.com\/embed\/WxRJyIdyzIc\" title=\"YouTube video player\" frameborder=\"0\" allow=\"accelerometer; autoplay; clipboard-write; encrypted-media; gyroscope; picture-in-picture\" allowfullscreen><\/iframe><\/p>\n<div class=\"epigrafe\">Difunden los videos que muestran c\u00f3mo se fugaron dos presos de una c\u00e1rcel santafesina<\/div>\n<p>El Ministerio P\u00fablico de la Acusaci\u00f3n (MPA) de Santa Fe difundi\u00f3 los videos en los que qued\u00f3 registrada la fuga, el lunes pasado,\u00a0<strong><a href=\"https:\/\/www.telam.com.ar\/notas\/202105\/554622-presos-fuga-rosario.html\" target=\"_blank\" rel=\"noopener\">de dos presos de la Unidad Penal 11<\/a><\/strong>\u00a0de la provincia, escondidos en cajas y trasladados en carritos que utilizan las visitas para llevar ropas y alimentos.<\/p>\n<p>Por el presunto facilitamiento de la evasi\u00f3n fueron imputados con prisi\u00f3n preventiva diez empleados del Servicio Penitenciario, entre ellos el director del penal.<\/p>\n<p>Tambi\u00e9n quedaron detenidos uno de los presos que fue recapturado al d\u00eda siguiente, Carlos D\u2019Angelo, su pareja Johana Cabrera que lo habr\u00eda ayudado a evadirse y la mujer en cuya casa fue apresado el recluso, llamada Yanina L\u00f3pez.<\/p>\n<p>El otro preso evadido, Hugo Peralta, permanec\u00eda pr\u00f3fugo hasta hoy, precisaron a T\u00e9lam voceros judiciales.<\/p>\n<div class=\"auth\">La fuga<\/div>\n<p>Las im\u00e1genes difundidas por el MPA corresponden a las grabaciones de las c\u00e1maras de videovigilancia de la UP11 de la localidad de Pi\u00f1ero, ubicada a 20 kil\u00f3metros al oeste de Rosario.<\/p>\n<p>Los videos permiten ver a Cabrera, la novia de D\u2019Angelo, tirar de un carrito como los que habitualmente utilizan las visitas en el penal para llevar alimentos e indumentaria a los reclusos.<\/p>\n<p>Seg\u00fan los fiscales, con la connivencia de personal del Servicio Penitenciario, la mujer sac\u00f3 en el carrito a su novio, tapado con cajas, para lo cual atraves\u00f3 seis controles internos sin ser advertido.<\/p>\n<p>D\u2019Angelo cumple una condena a 23 a\u00f1os de prisi\u00f3n por el asesinato de un comerciante durante un robo, ocurrido en octubre de 2014, y ya hab\u00eda protagonizado otra fuga junto a Peralta, en mayo de 2019.<\/p>\n<div id=\"image\" class=\"image\">\n<p><img decoding=\"async\" title=\"El penal del escape (Foto: Google Street View).\" src=\"https:\/\/www.telam.com.ar\/advf\/imagenes\/2021\/05\/60a40d35c2735_1004x565.jpg\" alt=\"El penal del escape (Foto: Google Street View).\" \/><\/p>\n<div class=\"epigrafe\">El penal del escape (Foto: Google Street View).<\/div>\n<\/div>\n<p>Uno de los fiscales del caso, Franco Carbone, destac\u00f3 durante la audiencia de imputaci\u00f3n que los visitantes suelen ingresar con los carritos llenos, pero siempre salen con los mismos vac\u00edos, porque dejan la comida y utensillos al recluso al que van a ver.<\/p>\n<p>\u201cEstamos hablando de una maniobra burda, obscena, en un pabell\u00f3n donde hay presos con alto perfil\u201d, dijo el fiscal Carbone, tras se\u00f1alar que las mujeres pasaron por seis controles internos y finalmente el de la puerta del penal, antes de ganar la calle con los reclusos escondidos bajo cajas.<\/p>\n<p>\u201cEstas personas pasaron a lo largo de 400 metros por la vista de todas estas personas que est\u00e1n ac\u00e1, cuya funci\u00f3n era controlar\u201d, agreg\u00f3 el fiscal en relaci\u00f3n a los diez penitenciarios que quedaron imputados por la fuga y con prisi\u00f3n preventiva por 45 d\u00edas.<\/p>\n<p>Carbone dijo que hubo \u201cintenci\u00f3n\u201d en la conducta de los penitenciarios y no negligencia, puesto que desde 2014 los carritos de los visitantes no pueden ingresar a los pabellones \u2013como ocurri\u00f3 en este caso-, justamente porque ese a\u00f1o se produjo una fuga en la c\u00e1rcel santafesina de Coronda similar a la ocurrida el lunes en la UP11.<\/p>\n<p>Seg\u00fan muestras las im\u00e1genes, tras ganar el estacionamiento externo del penal, los reclusos se subieron a un autom\u00f3vi\u2013cuya conductora a\u00fan no fue identificada- y escaparon del lugar.<\/p>\n<p>D\u2019Angelo fue recapturado un d\u00eda despu\u00e9s en una vivienda de la localidad de Villa Gobernador G\u00e1lvez, lindera con Rosario, con un escopeta y un tel\u00e9fono celular.<\/p>\n","protected":false},"excerpt":{"rendered":"<p>La fuga fue el lunes pasado y por la evasi\u00f3n fueron imputados con prisi\u00f3n preventiva diez empleados del Servicio Penitenciario.<\/p>\n","protected":false},"author":3,"featured_media":0,"comment_status":"closed","ping_status":"closed","sticky":false,"template":"","format":"standard","meta":{"footnotes":""},"categories":[29],"tags":[],"class_list":["post-57349","post","type-post","status-publish","format-standard","hentry","category-policiales"],"yoast_head":"<!-- This site is optimized with the Yoast SEO plugin v25.9 - https:\/\/yoast.com\/wordpress\/plugins\/seo\/ -->\n<title>Difunden los videos que muestran c\u00f3mo se fugaron dos presos de una c\u00e1rcel santafesina - Noticias Radio Reflejos<\/title>\n<meta name=\"robots\" content=\"index, follow, max-snippet:-1, max-image-preview:large, max-video-preview:-1\" \/>\n<link rel=\"canonical\" href=\"https:\/\/www.noticiasradioreflejos.com.ar\/2021\/difunden-los-videos-que-muestran-como-se-fugaron-dos-presos-de-una-carcel-santafesina\/\" \/>\n<meta property=\"og:locale\" content=\"es_ES\" \/>\n<meta property=\"og:type\" content=\"article\" \/>\n<meta property=\"og:title\" content=\"Difunden los videos que muestran c\u00f3mo se fugaron dos presos de una c\u00e1rcel santafesina - Noticias Radio Reflejos\" \/>\n<meta property=\"og:description\" content=\"La fuga fue el lunes pasado y por la evasi\u00f3n fueron imputados con prisi\u00f3n preventiva diez empleados del Servicio Penitenciario.\" \/>\n<meta property=\"og:url\" content=\"https:\/\/www.noticiasradioreflejos.com.ar\/2021\/difunden-los-videos-que-muestran-como-se-fugaron-dos-presos-de-una-carcel-santafesina\/\" \/>\n<meta property=\"og:site_name\" content=\"Noticias Radio Reflejos\" \/>\n<meta property=\"article:published_time\" content=\"2021-05-22T15:46:18+00:00\" \/>\n<meta property=\"og:image\" content=\"https:\/\/www.telam.com.ar\/advf\/imagenes\/2021\/05\/60a40d35c2735_1004x565.jpg\" \/>\n<meta name=\"author\" content=\"Arnaldo Botto\" \/>\n<meta name=\"twitter:card\" content=\"summary_large_image\" \/>\n<script type=\"application\/ld+json\" class=\"yoast-schema-graph\">{\"@context\":\"https:\/\/schema.org\",\"@graph\":[{\"@type\":\"WebPage\",\"@id\":\"https:\/\/www.noticiasradioreflejos.com.ar\/2021\/difunden-los-videos-que-muestran-como-se-fugaron-dos-presos-de-una-carcel-santafesina\/\",\"url\":\"https:\/\/www.noticiasradioreflejos.com.ar\/2021\/difunden-los-videos-que-muestran-como-se-fugaron-dos-presos-de-una-carcel-santafesina\/\",\"name\":\"Difunden los videos que muestran c\u00f3mo se fugaron dos presos de una c\u00e1rcel santafesina - Noticias Radio Reflejos\",\"isPartOf\":{\"@id\":\"https:\/\/www.noticiasradioreflejos.com.ar\/2021\/#website\"},\"primaryImageOfPage\":{\"@id\":\"https:\/\/www.noticiasradioreflejos.com.ar\/2021\/difunden-los-videos-que-muestran-como-se-fugaron-dos-presos-de-una-carcel-santafesina\/#primaryimage\"},\"image\":{\"@id\":\"https:\/\/www.noticiasradioreflejos.com.ar\/2021\/difunden-los-videos-que-muestran-como-se-fugaron-dos-presos-de-una-carcel-santafesina\/#primaryimage\"},\"thumbnailUrl\":\"https:\/\/www.telam.com.ar\/advf\/imagenes\/2021\/05\/60a40d35c2735_1004x565.jpg\",\"datePublished\":\"2021-05-22T15:46:18+00:00\",\"author\":{\"@id\":\"https:\/\/www.noticiasradioreflejos.com.ar\/2021\/#\/schema\/person\/ad82545263dcc5ec0996818884fd5fb1\"},\"breadcrumb\":{\"@id\":\"https:\/\/www.noticiasradioreflejos.com.ar\/2021\/difunden-los-videos-que-muestran-como-se-fugaron-dos-presos-de-una-carcel-santafesina\/#breadcrumb\"},\"inLanguage\":\"es\",\"potentialAction\":[{\"@type\":\"ReadAction\",\"target\":[\"https:\/\/www.noticiasradioreflejos.com.ar\/2021\/difunden-los-videos-que-muestran-como-se-fugaron-dos-presos-de-una-carcel-santafesina\/\"]}]},{\"@type\":\"ImageObject\",\"inLanguage\":\"es\",\"@id\":\"https:\/\/www.noticiasradioreflejos.com.ar\/2021\/difunden-los-videos-que-muestran-como-se-fugaron-dos-presos-de-una-carcel-santafesina\/#primaryimage\",\"url\":\"https:\/\/www.telam.com.ar\/advf\/imagenes\/2021\/05\/60a40d35c2735_1004x565.jpg\",\"contentUrl\":\"https:\/\/www.telam.com.ar\/advf\/imagenes\/2021\/05\/60a40d35c2735_1004x565.jpg\"},{\"@type\":\"BreadcrumbList\",\"@id\":\"https:\/\/www.noticiasradioreflejos.com.ar\/2021\/difunden-los-videos-que-muestran-como-se-fugaron-dos-presos-de-una-carcel-santafesina\/#breadcrumb\",\"itemListElement\":[{\"@type\":\"ListItem\",\"position\":1,\"name\":\"Portada\",\"item\":\"https:\/\/www.noticiasradioreflejos.com.ar\/2021\/\"},{\"@type\":\"ListItem\",\"position\":2,\"name\":\"Difunden los videos que muestran c\u00f3mo se fugaron dos presos de una c\u00e1rcel santafesina\"}]},{\"@type\":\"WebSite\",\"@id\":\"https:\/\/www.noticiasradioreflejos.com.ar\/2021\/#website\",\"url\":\"https:\/\/www.noticiasradioreflejos.com.ar\/2021\/\",\"name\":\"Noticias Radio Reflejos\",\"description\":\"Las noticias de mi comarca\",\"potentialAction\":[{\"@type\":\"SearchAction\",\"target\":{\"@type\":\"EntryPoint\",\"urlTemplate\":\"https:\/\/www.noticiasradioreflejos.com.ar\/2021\/?s={search_term_string}\"},\"query-input\":{\"@type\":\"PropertyValueSpecification\",\"valueRequired\":true,\"valueName\":\"search_term_string\"}}],\"inLanguage\":\"es\"},{\"@type\":\"Person\",\"@id\":\"https:\/\/www.noticiasradioreflejos.com.ar\/2021\/#\/schema\/person\/ad82545263dcc5ec0996818884fd5fb1\",\"name\":\"Arnaldo Botto\",\"image\":{\"@type\":\"ImageObject\",\"inLanguage\":\"es\",\"@id\":\"https:\/\/www.noticiasradioreflejos.com.ar\/2021\/#\/schema\/person\/image\/\",\"url\":\"https:\/\/secure.gravatar.com\/avatar\/55cb5e37c1efa326397366e6974cb338056df65cb50e7d64d1cf314e87504837?s=96&d=mm&r=g\",\"contentUrl\":\"https:\/\/secure.gravatar.com\/avatar\/55cb5e37c1efa326397366e6974cb338056df65cb50e7d64d1cf314e87504837?s=96&d=mm&r=g\",\"caption\":\"Arnaldo Botto\"},\"url\":\"https:\/\/www.noticiasradioreflejos.com.ar\/2021\/author\/arnaldo\/\"}]}<\/script>\n<!-- \/ Yoast SEO plugin. -->","yoast_head_json":{"title":"Difunden los videos que muestran c\u00f3mo se fugaron dos presos de una c\u00e1rcel santafesina - Noticias Radio Reflejos","robots":{"index":"index","follow":"follow","max-snippet":"max-snippet:-1","max-image-preview":"max-image-preview:large","max-video-preview":"max-video-preview:-1"},"canonical":"https:\/\/www.noticiasradioreflejos.com.ar\/2021\/difunden-los-videos-que-muestran-como-se-fugaron-dos-presos-de-una-carcel-santafesina\/","og_locale":"es_ES","og_type":"article","og_title":"Difunden los videos que muestran c\u00f3mo se fugaron dos presos de una c\u00e1rcel santafesina - Noticias Radio Reflejos","og_description":"La fuga fue el lunes pasado y por la evasi\u00f3n fueron imputados con prisi\u00f3n preventiva diez empleados del Servicio Penitenciario.","og_url":"https:\/\/www.noticiasradioreflejos.com.ar\/2021\/difunden-los-videos-que-muestran-como-se-fugaron-dos-presos-de-una-carcel-santafesina\/","og_site_name":"Noticias Radio Reflejos","article_published_time":"2021-05-22T15:46:18+00:00","og_image":[{"url":"https:\/\/www.telam.com.ar\/advf\/imagenes\/2021\/05\/60a40d35c2735_1004x565.jpg","type":"","width":"","height":""}],"author":"Arnaldo Botto","twitter_card":"summary_large_image","schema":{"@context":"https:\/\/schema.org","@graph":[{"@type":"WebPage","@id":"https:\/\/www.noticiasradioreflejos.com.ar\/2021\/difunden-los-videos-que-muestran-como-se-fugaron-dos-presos-de-una-carcel-santafesina\/","url":"https:\/\/www.noticiasradioreflejos.com.ar\/2021\/difunden-los-videos-que-muestran-como-se-fugaron-dos-presos-de-una-carcel-santafesina\/","name":"Difunden los videos que muestran c\u00f3mo se fugaron dos presos de una c\u00e1rcel santafesina - Noticias Radio Reflejos","isPartOf":{"@id":"https:\/\/www.noticiasradioreflejos.com.ar\/2021\/#website"},"primaryImageOfPage":{"@id":"https:\/\/www.noticiasradioreflejos.com.ar\/2021\/difunden-los-videos-que-muestran-como-se-fugaron-dos-presos-de-una-carcel-santafesina\/#primaryimage"},"image":{"@id":"https:\/\/www.noticiasradioreflejos.com.ar\/2021\/difunden-los-videos-que-muestran-como-se-fugaron-dos-presos-de-una-carcel-santafesina\/#primaryimage"},"thumbnailUrl":"https:\/\/www.telam.com.ar\/advf\/imagenes\/2021\/05\/60a40d35c2735_1004x565.jpg","datePublished":"2021-05-22T15:46:18+00:00","author":{"@id":"https:\/\/www.noticiasradioreflejos.com.ar\/2021\/#\/schema\/person\/ad82545263dcc5ec0996818884fd5fb1"},"breadcrumb":{"@id":"https:\/\/www.noticiasradioreflejos.com.ar\/2021\/difunden-los-videos-que-muestran-como-se-fugaron-dos-presos-de-una-carcel-santafesina\/#breadcrumb"},"inLanguage":"es","potentialAction":[{"@type":"ReadAction","target":["https:\/\/www.noticiasradioreflejos.com.ar\/2021\/difunden-los-videos-que-muestran-como-se-fugaron-dos-presos-de-una-carcel-santafesina\/"]}]},{"@type":"ImageObject","inLanguage":"es","@id":"https:\/\/www.noticiasradioreflejos.com.ar\/2021\/difunden-los-videos-que-muestran-como-se-fugaron-dos-presos-de-una-carcel-santafesina\/#primaryimage","url":"https:\/\/www.telam.com.ar\/advf\/imagenes\/2021\/05\/60a40d35c2735_1004x565.jpg","contentUrl":"https:\/\/www.telam.com.ar\/advf\/imagenes\/2021\/05\/60a40d35c2735_1004x565.jpg"},{"@type":"BreadcrumbList","@id":"https:\/\/www.noticiasradioreflejos.com.ar\/2021\/difunden-los-videos-que-muestran-como-se-fugaron-dos-presos-de-una-carcel-santafesina\/#breadcrumb","itemListElement":[{"@type":"ListItem","position":1,"name":"Portada","item":"https:\/\/www.noticiasradioreflejos.com.ar\/2021\/"},{"@type":"ListItem","position":2,"name":"Difunden los videos que muestran c\u00f3mo se fugaron dos presos de una c\u00e1rcel santafesina"}]},{"@type":"WebSite","@id":"https:\/\/www.noticiasradioreflejos.com.ar\/2021\/#website","url":"https:\/\/www.noticiasradioreflejos.com.ar\/2021\/","name":"Noticias Radio Reflejos","description":"Las noticias de mi comarca","potentialAction":[{"@type":"SearchAction","target":{"@type":"EntryPoint","urlTemplate":"https:\/\/www.noticiasradioreflejos.com.ar\/2021\/?s={search_term_string}"},"query-input":{"@type":"PropertyValueSpecification","valueRequired":true,"valueName":"search_term_string"}}],"inLanguage":"es"},{"@type":"Person","@id":"https:\/\/www.noticiasradioreflejos.com.ar\/2021\/#\/schema\/person\/ad82545263dcc5ec0996818884fd5fb1","name":"Arnaldo Botto","image":{"@type":"ImageObject","inLanguage":"es","@id":"https:\/\/www.noticiasradioreflejos.com.ar\/2021\/#\/schema\/person\/image\/","url":"https:\/\/secure.gravatar.com\/avatar\/55cb5e37c1efa326397366e6974cb338056df65cb50e7d64d1cf314e87504837?s=96&d=mm&r=g","contentUrl":"https:\/\/secure.gravatar.com\/avatar\/55cb5e37c1efa326397366e6974cb338056df65cb50e7d64d1cf314e87504837?s=96&d=mm&r=g","caption":"Arnaldo Botto"},"url":"https:\/\/www.noticiasradioreflejos.com.ar\/2021\/author\/arnaldo\/"}]}},"_links":{"self":[{"href":"https:\/\/www.noticiasradioreflejos.com.ar\/2021\/wp-json\/wp\/v2\/posts\/57349","targetHints":{"allow":["GET"]}}],"collection":[{"href":"https:\/\/www.noticiasradioreflejos.com.ar\/2021\/wp-json\/wp\/v2\/posts"}],"about":[{"href":"https:\/\/www.noticiasradioreflejos.com.ar\/2021\/wp-json\/wp\/v2\/types\/post"}],"author":[{"embeddable":true,"href":"https:\/\/www.noticiasradioreflejos.com.ar\/2021\/wp-json\/wp\/v2\/users\/3"}],"replies":[{"embeddable":true,"href":"https:\/\/www.noticiasradioreflejos.com.ar\/2021\/wp-json\/wp\/v2\/comments?post=57349"}],"version-history":[{"count":1,"href":"https:\/\/www.noticiasradioreflejos.com.ar\/2021\/wp-json\/wp\/v2\/posts\/57349\/revisions"}],"predecessor-version":[{"id":57351,"href":"https:\/\/www.noticiasradioreflejos.com.ar\/2021\/wp-json\/wp\/v2\/posts\/57349\/revisions\/57351"}],"wp:attachment":[{"href":"https:\/\/www.noticiasradioreflejos.com.ar\/2021\/wp-json\/wp\/v2\/media?parent=57349"}],"wp:term":[{"taxonomy":"category","embeddable":true,"href":"https:\/\/www.noticiasradioreflejos.com.ar\/2021\/wp-json\/wp\/v2\/categories?post=57349"},{"taxonomy":"post_tag","embeddable":true,"href":"https:\/\/www.noticiasradioreflejos.com.ar\/2021\/wp-json\/wp\/v2\/tags?post=57349"}],"curies":[{"name":"wp","href":"https:\/\/api.w.org\/{rel}","templated":true}]}}