{"id":57262,"date":"2021-05-21T14:05:04","date_gmt":"2021-05-21T14:05:04","guid":{"rendered":"http:\/\/www.noticiasradioreflejos.com.ar\/2021\/?p=57262"},"modified":"2021-05-21T14:05:04","modified_gmt":"2021-05-21T14:05:04","slug":"cuales-son-las-actividades-y-servicios-esenciales-que-quedan-exceptuados-del-nuevo-confinamiento","status":"publish","type":"post","link":"https:\/\/www.noticiasradioreflejos.com.ar\/2021\/cuales-son-las-actividades-y-servicios-esenciales-que-quedan-exceptuados-del-nuevo-confinamiento\/","title":{"rendered":"Cu\u00e1les son las actividades y servicios esenciales que quedan exceptuados del nuevo confinamiento"},"content":{"rendered":"<p>El Gobierno declar\u00f3 9 d\u00edas seguidos de confinamiento, preservando a estos trabajadores. La medida regir\u00e1 desde este s\u00e1bado y hasta el domingo 30 de mayo<!--more--><\/p>\n<div class=\"visual__image \"><img loading=\"lazy\" decoding=\"async\" src=\"https:\/\/www.infobae.com\/new-resizer\/NLvQ1KroTih6pjcnVX0cAYFd1UI=\/420x280\/filters:format(jpg):quality(85)\/cloudfront-us-east-1.images.arcpublishing.com\/infobae\/RWXP5RGUOZB75EE5TOLNMMBX7E.jpg%20420w\" sizes=\"auto, (min-width: 800px) 50vw, 90vw\" srcset=\"https:\/\/www.infobae.com\/new-resizer\/NLvQ1KroTih6pjcnVX0cAYFd1UI=\/420x280\/filters:format(jpg):quality(85)\/cloudfront-us-east-1.images.arcpublishing.com\/infobae\/RWXP5RGUOZB75EE5TOLNMMBX7E.jpg 420w,https:\/\/www.infobae.com\/new-resizer\/rxdIgZXPXZK71WapR0-7E69f7SE=\/768x512\/filters:format(jpg):quality(85)\/cloudfront-us-east-1.images.arcpublishing.com\/infobae\/RWXP5RGUOZB75EE5TOLNMMBX7E.jpg 768w,https:\/\/www.infobae.com\/new-resizer\/LIA0fXk89tgP0_YGMXdH71mL_NU=\/992x661\/filters:format(jpg):quality(85)\/cloudfront-us-east-1.images.arcpublishing.com\/infobae\/RWXP5RGUOZB75EE5TOLNMMBX7E.jpg 992w,https:\/\/www.infobae.com\/new-resizer\/GZVNAKNH76rj9Mkigz-u4RKBI-E=\/1200x800\/filters:format(jpg):quality(85)\/cloudfront-us-east-1.images.arcpublishing.com\/infobae\/RWXP5RGUOZB75EE5TOLNMMBX7E.jpg 1200w\" alt=\"El Gobierno nacional anunci\u00f3 una nueva cuarentena por 9 d\u00edas\" width=\"4404\" height=\"2936\" \/>El Gobierno nacional anunci\u00f3 una nueva cuarentena por 9 d\u00edas<\/div>\n<p class=\"paragraph\">El Gobierno nacional\u00a0<a href=\"https:\/\/www.infobae.com\/politica\/2021\/05\/20\/el-gobierno-va-a-declarar-9-dias-seguidos-de-confinamiento-preservando-la-actividad-de-los-esenciales\/\" target=\"_blank\" rel=\"noopener\"><b>anunci\u00f3 la declaraci\u00f3n de nueve d\u00edas seguidos de confinamiento<\/b><\/a><b>\u00a0a partir de las 00 horas del s\u00e1bado y hasta el domingo 30 de mayo<\/b>, con el objetivo de frenar la escalada de contagios de coronavirus en todo el pa\u00eds. La decisi\u00f3n, que tuvo el respaldo de todos los gobernadores, respeta el funcionamiento de las actividades esenciales.<\/p>\n<p class=\"paragraph\">De esta forma, el nuevo Decreto de Necesidad y Urgencia\u00a0<b>deja exceptuadas a las mismas actividades y servicios que hab\u00eda detallado en los \u00faltimos dos DNU<\/b>, que establecieron las restricciones de las \u00faltimas cinco semanas, entre ellas la prohibici\u00f3n para circular entre las 20 y las 6 y la suspensi\u00f3n de las clases presenciales.<\/p>\n<p class=\"paragraph\"><b>Las actividades y servicios esenciales indicados en esas normativas fueron:<\/b><\/p>\n<p class=\"paragraph\">\ud83d\udccc Personal de Salud, Fuerzas de seguridad, Fuerzas Armadas, actividad migratoria, Servicio Meteorol\u00f3gico Nacional, bomberos y control de tr\u00e1fico a\u00e9reo.<\/p>\n<p class=\"paragraph\">\ud83d\udccc Autoridades superiores de los Gobiernos Nacional, Provinciales, Municipales y de la CIUDAD AUT\u00d3NOMA DE BUENOS AIRES; trabajadores y trabajadoras del Sector P\u00fablico Nacional, Provincial, Municipal y de la CIUDAD AUT\u00d3NOMA DE BUENOS AIRES, convocados y convocadas por las respectivas autoridades.<\/p>\n<p class=\"paragraph\">\ud83d\udccc\u00a0<b>Personal de los servicios de justicia de turno, conforme establezcan las autoridades competentes.<\/b><\/p>\n<p class=\"paragraph\">\ud83d\udccc Personal diplom\u00e1tico y consular extranjero acreditado ante el Gobierno argentino, en el marco de la Convenci\u00f3n de Viena sobre Relaciones Diplom\u00e1ticas y la Convenci\u00f3n de Viena de 1963 sobre Relaciones Consulares y al personal de los organismos internacionales acreditados ante el Gobierno argentino, de la Cruz Roja y Cascos Blancos.<\/p>\n<p class=\"paragraph\">\ud83d\udccc\u00a0<mark class=\"hl_yellow\">Personas que deban asistir a otras con discapacidad, a familiares que necesiten asistencia, a personas mayores, a ni\u00f1os, a ni\u00f1as o a adolescentes.<\/mark><\/p>\n<p class=\"paragraph\">\ud83d\udccc Personas que deban atender una situaci\u00f3n de fuerza mayor.<\/p>\n<p class=\"paragraph\">\ud83d\udccc\u00a0<b>Personas afectadas a la realizaci\u00f3n de servicios funerarios, entierros y cremaciones.<\/b>\u00a0En tal marco, no se autorizan actividades que signifiquen reuni\u00f3n de personas.<\/p>\n<p class=\"paragraph\">\ud83d\udccc Personas afectadas a la atenci\u00f3n de comedores escolares, comunitarios y merenderos.<\/p>\n<div class=\"visual__image \"><img loading=\"lazy\" decoding=\"async\" src=\"https:\/\/www.infobae.com\/new-resizer\/NDZYCWxTRSj9J_AXm05TXy-pL_4=\/420x280\/filters:format(jpg):quality(85)\/cloudfront-us-east-1.images.arcpublishing.com\/infobae\/2XD6FLE7AVDEPBMCF47MJU5SZA.jpg%20420w\" sizes=\"auto, (min-width: 800px) 50vw, 90vw\" srcset=\"https:\/\/www.infobae.com\/new-resizer\/NDZYCWxTRSj9J_AXm05TXy-pL_4=\/420x280\/filters:format(jpg):quality(85)\/cloudfront-us-east-1.images.arcpublishing.com\/infobae\/2XD6FLE7AVDEPBMCF47MJU5SZA.jpg 420w,https:\/\/www.infobae.com\/new-resizer\/EZ6B9JPzvmYWZqVbTU3KRXYpsCY=\/768x512\/filters:format(jpg):quality(85)\/cloudfront-us-east-1.images.arcpublishing.com\/infobae\/2XD6FLE7AVDEPBMCF47MJU5SZA.jpg 768w,https:\/\/www.infobae.com\/new-resizer\/Ddl66fI9mjcwfWWvAkeAS7u3c1s=\/992x661\/filters:format(jpg):quality(85)\/cloudfront-us-east-1.images.arcpublishing.com\/infobae\/2XD6FLE7AVDEPBMCF47MJU5SZA.jpg 992w,https:\/\/www.infobae.com\/new-resizer\/_IYIAm99UmtLSiB6W-YtvqKtR68=\/1200x800\/filters:format(jpg):quality(85)\/cloudfront-us-east-1.images.arcpublishing.com\/infobae\/2XD6FLE7AVDEPBMCF47MJU5SZA.jpg 1200w\" alt=\"Los merenderos y comedores comunitarios est\u00e1n habilitados \" width=\"5418\" height=\"3612\" \/>Los merenderos y comedores comunitarios est\u00e1n habilitados<\/div>\n<p class=\"paragraph\">\ud83d\udccc\u00a0<b>Personal que se desempe\u00f1a en los servicios de comunicaci\u00f3n audiovisuales, radiales y gr\u00e1ficos<\/b>.<\/p>\n<p class=\"paragraph\">\ud83d\udccc\u00a0<mark class=\"hl_yellow\">Personal afectado a obra p\u00fablica.<\/mark><\/p>\n<p class=\"paragraph\">\ud83d\udccc\u00a0<mark class=\"hl_yellow\">Supermercados mayoristas y minoristas y comercios minoristas de proximidad de alimentos, higiene personal y limpieza. Farmacias. Ferreter\u00edas. Veterinarias. Provisi\u00f3n de garrafas<\/mark>.<\/p>\n<p class=\"paragraph\">\ud83d\udccc Industrias de alimentaci\u00f3n, su cadena productiva e insumos; de higiene personal y limpieza; de equipamiento m\u00e9dico, medicamentos, vacunas y otros insumos sanitarios, en los t\u00e9rminos del art\u00edculo 3\u00b0 de la Decisi\u00f3n Administrativa N\u00b0 429\/20 que aclara que en el art\u00edculo 6\u00b0, inciso 12 del Decreto N\u00b0 297\/20\u00a0<b>cuando se refiere a las Industrias de alimentaci\u00f3n se entender\u00e1 a las que integran la cadena de valor e insumos de los sectores productivos de alimentaci\u00f3n y bebidas, higiene personal y limpieza, equipamiento m\u00e9dico, medicamentos, vacunas y otros insumos sanitarios<\/b>.<\/p>\n<p class=\"paragraph\">\ud83d\udccc Actividades vinculadas con la producci\u00f3n, distribuci\u00f3n y comercializaci\u00f3n agropecuaria y de pesca.<\/p>\n<p class=\"paragraph\">\ud83d\udccc\u00a0<mark class=\"hl_yellow\">Actividades de telecomunicaciones, internet fija y m\u00f3vil y servicios digitales<\/mark>.<\/p>\n<p class=\"paragraph\">\ud83d\udccc Actividades impostergables vinculadas con el comercio exterior.<\/p>\n<p class=\"paragraph\">\ud83d\udccc\u00a0<b>Recolecci\u00f3n, transporte y tratamiento de residuos s\u00f3lidos urbanos, peligrosos y patog\u00e9nicos.<\/b><\/p>\n<p class=\"paragraph\">\ud83d\udccc Mantenimiento de los servicios b\u00e1sicos (agua, electricidad, gas, comunicaciones, etc.) y atenci\u00f3n de emergencias.<\/p>\n<p class=\"paragraph\">\ud83d\udccc Transporte p\u00fablico de pasajeros, transporte de mercader\u00edas, petr\u00f3leo, combustibles y GLP.<\/p>\n<p class=\"paragraph\">\ud83d\udccc<mark class=\"hl_yellow\">\u00a0Reparto a domicilio de alimentos, medicamentos, productos de higiene, de limpieza y otros insumos de necesidad.<\/mark><\/p>\n<p class=\"paragraph\">\ud83d\udccc Servicios de lavander\u00eda.<\/p>\n<p class=\"paragraph\">\ud83d\udccc Servicios postales y de distribuci\u00f3n de paqueter\u00eda.<\/p>\n<p class=\"paragraph\">\ud83d\udccc\u00a0<b>Servicios esenciales de vigilancia, limpieza y guardia<\/b>.<\/p>\n<p class=\"paragraph\">\ud83d\udccc Guardias m\u00ednimas que aseguren la operaci\u00f3n y mantenimiento de Yacimientos de Petr\u00f3leo y Gas, plantas de tratamiento y\/o refinaci\u00f3n de petr\u00f3leo y gas, transporte y distribuci\u00f3n de energ\u00eda el\u00e9ctrica, combustibles l\u00edquidos, petr\u00f3leo y gas, estaciones expendedoras de combustibles y generadores de energ\u00eda el\u00e9ctrica.<\/p>\n<p class=\"paragraph\">\ud83d\udccc Sociedad del Estado Casa de Moneda, servicios de cajeros autom\u00e1ticos, transporte de caudales y todas aquellas actividades que el BANCO CENTRAL DE LA REP\u00daBLICA ARGENTINA autorice.<\/p>\n<p class=\"paragraph\">\ud83d\udccc Operaci\u00f3n de Centrales Nucleares. Hoteles afectados al servicio de emergencia sanitaria.\u00a0<mark class=\"hl_yellow\">Operaci\u00f3n de aeropuertos. Operaci\u00f3n de garajes y estacionamientos con dotaciones m\u00ednimas. Los restaurantes, locales de comidas preparadas y locales de comidas r\u00e1pidas, con servicios de reparto domiciliario. Circulaci\u00f3n de los ministros y las ministras de los diferentes cultos a los efectos de brindar asistencia espiritual<\/mark>. Todo ello en los t\u00e9rminos de la Decisi\u00f3n Administrativa N\u00b0 429\/20, art\u00edculo 1\u00b0, incisos 3, 4, 7 y 10 y art\u00edculo 2\u00b0.<\/p>\n<div class=\"visual__image \"><img loading=\"lazy\" decoding=\"async\" src=\"https:\/\/www.infobae.com\/new-resizer\/tvS2OIl7FY3N8tPwQVFLRtu0Pcs=\/420x236\/filters:format(jpg):quality(85)\/cloudfront-us-east-1.images.arcpublishing.com\/infobae\/SQYSEHGUVBAPXLC5VVMSTZ65VM.jpg%20420w\" sizes=\"auto, (min-width: 800px) 50vw, 90vw\" srcset=\"https:\/\/www.infobae.com\/new-resizer\/tvS2OIl7FY3N8tPwQVFLRtu0Pcs=\/420x236\/filters:format(jpg):quality(85)\/cloudfront-us-east-1.images.arcpublishing.com\/infobae\/SQYSEHGUVBAPXLC5VVMSTZ65VM.jpg 420w,https:\/\/www.infobae.com\/new-resizer\/7MfCsy1-zEo0HK6UWfGu1Fm6o4g=\/768x432\/filters:format(jpg):quality(85)\/cloudfront-us-east-1.images.arcpublishing.com\/infobae\/SQYSEHGUVBAPXLC5VVMSTZ65VM.jpg 768w,https:\/\/www.infobae.com\/new-resizer\/feeOHaxk10sTj_ALa60NYBHO4IM=\/992x558\/filters:format(jpg):quality(85)\/cloudfront-us-east-1.images.arcpublishing.com\/infobae\/SQYSEHGUVBAPXLC5VVMSTZ65VM.jpg 992w,https:\/\/www.infobae.com\/new-resizer\/BIf_ustW-EiStZBJeVCnA5rBroM=\/1200x675\/filters:format(jpg):quality(85)\/cloudfront-us-east-1.images.arcpublishing.com\/infobae\/SQYSEHGUVBAPXLC5VVMSTZ65VM.jpg 1200w\" alt=\"La operaci\u00f3n de los aeropuertos est\u00e1 habilitada las 24 horas\" width=\"1920\" height=\"1079\" \/>La operaci\u00f3n de los aeropuertos est\u00e1 habilitada las 24 horas<\/div>\n<p class=\"paragraph\">\ud83d\udccc Inscripci\u00f3n, identificaci\u00f3n y documentaci\u00f3n de personas, en los t\u00e9rminos de la Decisi\u00f3n Administrativa N\u00b0 450\/20, art\u00edculo 1\u00b0, inciso 8.<\/p>\n<p class=\"paragraph\">\ud83d\udccc\u00a0<mark class=\"hl_yellow\">Circulaci\u00f3n de personas con discapacidad y profesionales que las atienden.\u00a0<\/mark><b>Actividad bancaria con atenci\u00f3n al p\u00fablico, exclusivamente con sistema de turnos<\/b>; todo ello en los t\u00e9rminos de la Decisi\u00f3n Administrativa N\u00b0 490\/20, art\u00edculo 1\u00b0, incisos 1, 2 y 3.<\/p>\n<p class=\"paragraph\">\ud83d\udccc Actividad registral Nacional y Provincial, con sistema de turnos y guardias m\u00ednimas. Oficinas de rentas de las Provincias, de la CIUDAD AUT\u00d3NOMA DE BUENOS AIRES y de los Municipios, con sistemas de turnos y guardias m\u00ednimas.\u00a0<b>Establecimientos para la atenci\u00f3n de personas v\u00edctimas de violencia de g\u00e9nero<\/b>. Atenci\u00f3n m\u00e9dica y odontol\u00f3gica programada, de car\u00e1cter preventivo y seguimiento de enfermedades cr\u00f3nicas, con sistema de turno previo. Laboratorios de an\u00e1lisis cl\u00ednicos y centros de diagn\u00f3stico por imagen, con sistema de turno previo. \u00d3pticas, con sistema de turno previo; todo ello en los t\u00e9rminos de la Decisi\u00f3n Administrativa N\u00b0 524\/20, art\u00edculo 1\u00b0, incisos 2, 3, 5, 6, 7 y 9.<\/p>\n<p class=\"paragraph\">\ud83d\udccc\u00a0<mark class=\"hl_yellow\">Traslado de ni\u00f1os, ni\u00f1as y adolescentes, en los t\u00e9rminos de la Decisi\u00f3n Administrativa N\u00b0 703\/20.<\/mark><\/p>\n<p class=\"paragraph\">\ud83d\udccc Personal de la ADMINISTRACI\u00d3N NACIONAL DE LA SEGURIDAD SOCIAL -ANSES- en los t\u00e9rminos de la Decisi\u00f3n Administrativa N\u00b0 810\/20, art\u00edculo 2\u00b0, inciso 1.<\/p>\n","protected":false},"excerpt":{"rendered":"<p>El Gobierno declar\u00f3 9 d\u00edas seguidos de confinamiento, preservando a estos trabajadores. La medida regir\u00e1 desde este s\u00e1bado y hasta el domingo 30 de mayo<\/p>\n","protected":false},"author":3,"featured_media":0,"comment_status":"closed","ping_status":"closed","sticky":false,"template":"","format":"standard","meta":{"footnotes":""},"categories":[24,26],"tags":[],"class_list":["post-57262","post","type-post","status-publish","format-standard","hentry","category-politica","category-sociedad"],"yoast_head":"<!-- This site is optimized with the Yoast SEO plugin v25.9 - https:\/\/yoast.com\/wordpress\/plugins\/seo\/ -->\n<title>Cu\u00e1les son las actividades y servicios esenciales que quedan exceptuados del nuevo confinamiento - Noticias Radio Reflejos<\/title>\n<meta name=\"robots\" content=\"index, follow, max-snippet:-1, max-image-preview:large, max-video-preview:-1\" \/>\n<link rel=\"canonical\" href=\"https:\/\/www.noticiasradioreflejos.com.ar\/2021\/cuales-son-las-actividades-y-servicios-esenciales-que-quedan-exceptuados-del-nuevo-confinamiento\/\" \/>\n<meta property=\"og:locale\" content=\"es_ES\" \/>\n<meta property=\"og:type\" content=\"article\" \/>\n<meta property=\"og:title\" content=\"Cu\u00e1les son las actividades y servicios esenciales que quedan exceptuados del nuevo confinamiento - Noticias Radio Reflejos\" \/>\n<meta property=\"og:description\" content=\"El Gobierno declar\u00f3 9 d\u00edas seguidos de confinamiento, preservando a estos trabajadores. La medida regir\u00e1 desde este s\u00e1bado y hasta el domingo 30 de mayo\" \/>\n<meta property=\"og:url\" content=\"https:\/\/www.noticiasradioreflejos.com.ar\/2021\/cuales-son-las-actividades-y-servicios-esenciales-que-quedan-exceptuados-del-nuevo-confinamiento\/\" \/>\n<meta property=\"og:site_name\" content=\"Noticias Radio Reflejos\" \/>\n<meta property=\"article:published_time\" content=\"2021-05-21T14:05:04+00:00\" \/>\n<meta property=\"og:image\" content=\"https:\/\/www.infobae.com\/new-resizer\/NLvQ1KroTih6pjcnVX0cAYFd1UI=\/420x280\/filters:format(jpg):quality(85)\/cloudfront-us-east-1.images.arcpublishing.com\/infobae\/RWXP5RGUOZB75EE5TOLNMMBX7E.jpg%20420w\" \/>\n<meta name=\"author\" content=\"Arnaldo Botto\" \/>\n<meta name=\"twitter:card\" content=\"summary_large_image\" \/>\n<script type=\"application\/ld+json\" class=\"yoast-schema-graph\">{\"@context\":\"https:\/\/schema.org\",\"@graph\":[{\"@type\":\"WebPage\",\"@id\":\"https:\/\/www.noticiasradioreflejos.com.ar\/2021\/cuales-son-las-actividades-y-servicios-esenciales-que-quedan-exceptuados-del-nuevo-confinamiento\/\",\"url\":\"https:\/\/www.noticiasradioreflejos.com.ar\/2021\/cuales-son-las-actividades-y-servicios-esenciales-que-quedan-exceptuados-del-nuevo-confinamiento\/\",\"name\":\"Cu\u00e1les son las actividades y servicios esenciales que quedan exceptuados del nuevo confinamiento - Noticias Radio Reflejos\",\"isPartOf\":{\"@id\":\"https:\/\/www.noticiasradioreflejos.com.ar\/2021\/#website\"},\"primaryImageOfPage\":{\"@id\":\"https:\/\/www.noticiasradioreflejos.com.ar\/2021\/cuales-son-las-actividades-y-servicios-esenciales-que-quedan-exceptuados-del-nuevo-confinamiento\/#primaryimage\"},\"image\":{\"@id\":\"https:\/\/www.noticiasradioreflejos.com.ar\/2021\/cuales-son-las-actividades-y-servicios-esenciales-que-quedan-exceptuados-del-nuevo-confinamiento\/#primaryimage\"},\"thumbnailUrl\":\"https:\/\/www.infobae.com\/new-resizer\/NLvQ1KroTih6pjcnVX0cAYFd1UI=\/420x280\/filters:format(jpg):quality(85)\/cloudfront-us-east-1.images.arcpublishing.com\/infobae\/RWXP5RGUOZB75EE5TOLNMMBX7E.jpg%20420w\",\"datePublished\":\"2021-05-21T14:05:04+00:00\",\"author\":{\"@id\":\"https:\/\/www.noticiasradioreflejos.com.ar\/2021\/#\/schema\/person\/ad82545263dcc5ec0996818884fd5fb1\"},\"breadcrumb\":{\"@id\":\"https:\/\/www.noticiasradioreflejos.com.ar\/2021\/cuales-son-las-actividades-y-servicios-esenciales-que-quedan-exceptuados-del-nuevo-confinamiento\/#breadcrumb\"},\"inLanguage\":\"es\",\"potentialAction\":[{\"@type\":\"ReadAction\",\"target\":[\"https:\/\/www.noticiasradioreflejos.com.ar\/2021\/cuales-son-las-actividades-y-servicios-esenciales-que-quedan-exceptuados-del-nuevo-confinamiento\/\"]}]},{\"@type\":\"ImageObject\",\"inLanguage\":\"es\",\"@id\":\"https:\/\/www.noticiasradioreflejos.com.ar\/2021\/cuales-son-las-actividades-y-servicios-esenciales-que-quedan-exceptuados-del-nuevo-confinamiento\/#primaryimage\",\"url\":\"https:\/\/www.infobae.com\/new-resizer\/NLvQ1KroTih6pjcnVX0cAYFd1UI=\/420x280\/filters:format(jpg):quality(85)\/cloudfront-us-east-1.images.arcpublishing.com\/infobae\/RWXP5RGUOZB75EE5TOLNMMBX7E.jpg%20420w\",\"contentUrl\":\"https:\/\/www.infobae.com\/new-resizer\/NLvQ1KroTih6pjcnVX0cAYFd1UI=\/420x280\/filters:format(jpg):quality(85)\/cloudfront-us-east-1.images.arcpublishing.com\/infobae\/RWXP5RGUOZB75EE5TOLNMMBX7E.jpg%20420w\"},{\"@type\":\"BreadcrumbList\",\"@id\":\"https:\/\/www.noticiasradioreflejos.com.ar\/2021\/cuales-son-las-actividades-y-servicios-esenciales-que-quedan-exceptuados-del-nuevo-confinamiento\/#breadcrumb\",\"itemListElement\":[{\"@type\":\"ListItem\",\"position\":1,\"name\":\"Portada\",\"item\":\"https:\/\/www.noticiasradioreflejos.com.ar\/2021\/\"},{\"@type\":\"ListItem\",\"position\":2,\"name\":\"Cu\u00e1les son las actividades y servicios esenciales que quedan exceptuados del nuevo confinamiento\"}]},{\"@type\":\"WebSite\",\"@id\":\"https:\/\/www.noticiasradioreflejos.com.ar\/2021\/#website\",\"url\":\"https:\/\/www.noticiasradioreflejos.com.ar\/2021\/\",\"name\":\"Noticias Radio Reflejos\",\"description\":\"Las noticias de mi comarca\",\"potentialAction\":[{\"@type\":\"SearchAction\",\"target\":{\"@type\":\"EntryPoint\",\"urlTemplate\":\"https:\/\/www.noticiasradioreflejos.com.ar\/2021\/?s={search_term_string}\"},\"query-input\":{\"@type\":\"PropertyValueSpecification\",\"valueRequired\":true,\"valueName\":\"search_term_string\"}}],\"inLanguage\":\"es\"},{\"@type\":\"Person\",\"@id\":\"https:\/\/www.noticiasradioreflejos.com.ar\/2021\/#\/schema\/person\/ad82545263dcc5ec0996818884fd5fb1\",\"name\":\"Arnaldo Botto\",\"image\":{\"@type\":\"ImageObject\",\"inLanguage\":\"es\",\"@id\":\"https:\/\/www.noticiasradioreflejos.com.ar\/2021\/#\/schema\/person\/image\/\",\"url\":\"https:\/\/secure.gravatar.com\/avatar\/55cb5e37c1efa326397366e6974cb338056df65cb50e7d64d1cf314e87504837?s=96&d=mm&r=g\",\"contentUrl\":\"https:\/\/secure.gravatar.com\/avatar\/55cb5e37c1efa326397366e6974cb338056df65cb50e7d64d1cf314e87504837?s=96&d=mm&r=g\",\"caption\":\"Arnaldo Botto\"},\"url\":\"https:\/\/www.noticiasradioreflejos.com.ar\/2021\/author\/arnaldo\/\"}]}<\/script>\n<!-- \/ Yoast SEO plugin. -->","yoast_head_json":{"title":"Cu\u00e1les son las actividades y servicios esenciales que quedan exceptuados del nuevo confinamiento - Noticias Radio Reflejos","robots":{"index":"index","follow":"follow","max-snippet":"max-snippet:-1","max-image-preview":"max-image-preview:large","max-video-preview":"max-video-preview:-1"},"canonical":"https:\/\/www.noticiasradioreflejos.com.ar\/2021\/cuales-son-las-actividades-y-servicios-esenciales-que-quedan-exceptuados-del-nuevo-confinamiento\/","og_locale":"es_ES","og_type":"article","og_title":"Cu\u00e1les son las actividades y servicios esenciales que quedan exceptuados del nuevo confinamiento - Noticias Radio Reflejos","og_description":"El Gobierno declar\u00f3 9 d\u00edas seguidos de confinamiento, preservando a estos trabajadores. La medida regir\u00e1 desde este s\u00e1bado y hasta el domingo 30 de mayo","og_url":"https:\/\/www.noticiasradioreflejos.com.ar\/2021\/cuales-son-las-actividades-y-servicios-esenciales-que-quedan-exceptuados-del-nuevo-confinamiento\/","og_site_name":"Noticias Radio Reflejos","article_published_time":"2021-05-21T14:05:04+00:00","og_image":[{"url":"https:\/\/www.infobae.com\/new-resizer\/NLvQ1KroTih6pjcnVX0cAYFd1UI=\/420x280\/filters:format(jpg):quality(85)\/cloudfront-us-east-1.images.arcpublishing.com\/infobae\/RWXP5RGUOZB75EE5TOLNMMBX7E.jpg%20420w","type":"","width":"","height":""}],"author":"Arnaldo Botto","twitter_card":"summary_large_image","schema":{"@context":"https:\/\/schema.org","@graph":[{"@type":"WebPage","@id":"https:\/\/www.noticiasradioreflejos.com.ar\/2021\/cuales-son-las-actividades-y-servicios-esenciales-que-quedan-exceptuados-del-nuevo-confinamiento\/","url":"https:\/\/www.noticiasradioreflejos.com.ar\/2021\/cuales-son-las-actividades-y-servicios-esenciales-que-quedan-exceptuados-del-nuevo-confinamiento\/","name":"Cu\u00e1les son las actividades y servicios esenciales que quedan exceptuados del nuevo confinamiento - Noticias Radio Reflejos","isPartOf":{"@id":"https:\/\/www.noticiasradioreflejos.com.ar\/2021\/#website"},"primaryImageOfPage":{"@id":"https:\/\/www.noticiasradioreflejos.com.ar\/2021\/cuales-son-las-actividades-y-servicios-esenciales-que-quedan-exceptuados-del-nuevo-confinamiento\/#primaryimage"},"image":{"@id":"https:\/\/www.noticiasradioreflejos.com.ar\/2021\/cuales-son-las-actividades-y-servicios-esenciales-que-quedan-exceptuados-del-nuevo-confinamiento\/#primaryimage"},"thumbnailUrl":"https:\/\/www.infobae.com\/new-resizer\/NLvQ1KroTih6pjcnVX0cAYFd1UI=\/420x280\/filters:format(jpg):quality(85)\/cloudfront-us-east-1.images.arcpublishing.com\/infobae\/RWXP5RGUOZB75EE5TOLNMMBX7E.jpg%20420w","datePublished":"2021-05-21T14:05:04+00:00","author":{"@id":"https:\/\/www.noticiasradioreflejos.com.ar\/2021\/#\/schema\/person\/ad82545263dcc5ec0996818884fd5fb1"},"breadcrumb":{"@id":"https:\/\/www.noticiasradioreflejos.com.ar\/2021\/cuales-son-las-actividades-y-servicios-esenciales-que-quedan-exceptuados-del-nuevo-confinamiento\/#breadcrumb"},"inLanguage":"es","potentialAction":[{"@type":"ReadAction","target":["https:\/\/www.noticiasradioreflejos.com.ar\/2021\/cuales-son-las-actividades-y-servicios-esenciales-que-quedan-exceptuados-del-nuevo-confinamiento\/"]}]},{"@type":"ImageObject","inLanguage":"es","@id":"https:\/\/www.noticiasradioreflejos.com.ar\/2021\/cuales-son-las-actividades-y-servicios-esenciales-que-quedan-exceptuados-del-nuevo-confinamiento\/#primaryimage","url":"https:\/\/www.infobae.com\/new-resizer\/NLvQ1KroTih6pjcnVX0cAYFd1UI=\/420x280\/filters:format(jpg):quality(85)\/cloudfront-us-east-1.images.arcpublishing.com\/infobae\/RWXP5RGUOZB75EE5TOLNMMBX7E.jpg%20420w","contentUrl":"https:\/\/www.infobae.com\/new-resizer\/NLvQ1KroTih6pjcnVX0cAYFd1UI=\/420x280\/filters:format(jpg):quality(85)\/cloudfront-us-east-1.images.arcpublishing.com\/infobae\/RWXP5RGUOZB75EE5TOLNMMBX7E.jpg%20420w"},{"@type":"BreadcrumbList","@id":"https:\/\/www.noticiasradioreflejos.com.ar\/2021\/cuales-son-las-actividades-y-servicios-esenciales-que-quedan-exceptuados-del-nuevo-confinamiento\/#breadcrumb","itemListElement":[{"@type":"ListItem","position":1,"name":"Portada","item":"https:\/\/www.noticiasradioreflejos.com.ar\/2021\/"},{"@type":"ListItem","position":2,"name":"Cu\u00e1les son las actividades y servicios esenciales que quedan exceptuados del nuevo confinamiento"}]},{"@type":"WebSite","@id":"https:\/\/www.noticiasradioreflejos.com.ar\/2021\/#website","url":"https:\/\/www.noticiasradioreflejos.com.ar\/2021\/","name":"Noticias Radio Reflejos","description":"Las noticias de mi comarca","potentialAction":[{"@type":"SearchAction","target":{"@type":"EntryPoint","urlTemplate":"https:\/\/www.noticiasradioreflejos.com.ar\/2021\/?s={search_term_string}"},"query-input":{"@type":"PropertyValueSpecification","valueRequired":true,"valueName":"search_term_string"}}],"inLanguage":"es"},{"@type":"Person","@id":"https:\/\/www.noticiasradioreflejos.com.ar\/2021\/#\/schema\/person\/ad82545263dcc5ec0996818884fd5fb1","name":"Arnaldo Botto","image":{"@type":"ImageObject","inLanguage":"es","@id":"https:\/\/www.noticiasradioreflejos.com.ar\/2021\/#\/schema\/person\/image\/","url":"https:\/\/secure.gravatar.com\/avatar\/55cb5e37c1efa326397366e6974cb338056df65cb50e7d64d1cf314e87504837?s=96&d=mm&r=g","contentUrl":"https:\/\/secure.gravatar.com\/avatar\/55cb5e37c1efa326397366e6974cb338056df65cb50e7d64d1cf314e87504837?s=96&d=mm&r=g","caption":"Arnaldo Botto"},"url":"https:\/\/www.noticiasradioreflejos.com.ar\/2021\/author\/arnaldo\/"}]}},"_links":{"self":[{"href":"https:\/\/www.noticiasradioreflejos.com.ar\/2021\/wp-json\/wp\/v2\/posts\/57262","targetHints":{"allow":["GET"]}}],"collection":[{"href":"https:\/\/www.noticiasradioreflejos.com.ar\/2021\/wp-json\/wp\/v2\/posts"}],"about":[{"href":"https:\/\/www.noticiasradioreflejos.com.ar\/2021\/wp-json\/wp\/v2\/types\/post"}],"author":[{"embeddable":true,"href":"https:\/\/www.noticiasradioreflejos.com.ar\/2021\/wp-json\/wp\/v2\/users\/3"}],"replies":[{"embeddable":true,"href":"https:\/\/www.noticiasradioreflejos.com.ar\/2021\/wp-json\/wp\/v2\/comments?post=57262"}],"version-history":[{"count":1,"href":"https:\/\/www.noticiasradioreflejos.com.ar\/2021\/wp-json\/wp\/v2\/posts\/57262\/revisions"}],"predecessor-version":[{"id":57264,"href":"https:\/\/www.noticiasradioreflejos.com.ar\/2021\/wp-json\/wp\/v2\/posts\/57262\/revisions\/57264"}],"wp:attachment":[{"href":"https:\/\/www.noticiasradioreflejos.com.ar\/2021\/wp-json\/wp\/v2\/media?parent=57262"}],"wp:term":[{"taxonomy":"category","embeddable":true,"href":"https:\/\/www.noticiasradioreflejos.com.ar\/2021\/wp-json\/wp\/v2\/categories?post=57262"},{"taxonomy":"post_tag","embeddable":true,"href":"https:\/\/www.noticiasradioreflejos.com.ar\/2021\/wp-json\/wp\/v2\/tags?post=57262"}],"curies":[{"name":"wp","href":"https:\/\/api.w.org\/{rel}","templated":true}]}}