{"id":57247,"date":"2021-05-21T12:11:14","date_gmt":"2021-05-21T12:11:14","guid":{"rendered":"http:\/\/www.noticiasradioreflejos.com.ar\/2021\/?p=57247"},"modified":"2021-05-21T12:11:14","modified_gmt":"2021-05-21T12:11:14","slug":"coronel-suarez-entre-los-tres-distritos-de-la-sexta-que-deberan-acatar-el-confinamiento-estricto","status":"publish","type":"post","link":"https:\/\/www.noticiasradioreflejos.com.ar\/2021\/coronel-suarez-entre-los-tres-distritos-de-la-sexta-que-deberan-acatar-el-confinamiento-estricto\/","title":{"rendered":"Coronel Su\u00e1rez entre los tres distritos de la Sexta que deber\u00e1n acatar el confinamiento estricto"},"content":{"rendered":"<p>El presidente Alberto Fern\u00e1ndez anunci\u00f3 un confinamiento estricto por nueve d\u00edas, desde este s\u00e1bado 22 a las 00 horas hasta el domingo 30 de mayo inclusive, para frenar el duro impacto que la segunda ola de coronavirus est\u00e1 teniendo en Argentina.<!--more--><\/p>\n<p>La cuarentena involucrar\u00e1 en principio s\u00f3lo tres d\u00edas h\u00e1biles, dado que en el medio estar\u00e1 el feriado largo del 25 de mayo, y regir\u00e1 para las zonas del pa\u00eds que se encuentran en alto riesgo o alarma epidemiol\u00f3gica.<\/p>\n<p>As\u00ed, quedar\u00e1n suspendidas las actividades sociales, econ\u00f3micas, educativas, religiosas y deportivas, estar\u00e1n habilitados los comercios esenciales, los gastron\u00f3micos con env\u00edo a domicilio y para llevar.<\/p>\n<p>Adem\u00e1s, por estos nueve d\u00edas solo se podr\u00e1 circular en las cercan\u00edas del domicilio, entre las 6 de la ma\u00f1ana y las 18 horas, o por razones especialmente autorizadas, de acuerdo a lo que anunci\u00f3 el Presidente por cadena nacional.<\/p>\n<p>El esquema de confinamiento se aplicar\u00e1 en las zonas en alto riesgo o alarma epidemiol\u00f3gica. Actualmente hay en la provincia 61 municipios en fase 2, la instancia con mayores restricciones. 64 distritos en fase 3 y solo 10 municipios en fase 4. Ya no quedan municipios en fase 5.<\/p>\n<p>Sin embargo, ahora resta esperar a que el Gobierno bonaerense explique c\u00f3mo se adaptar\u00e1 la nueva cuarentena estricta en la provincia. Este viernes habr\u00e1 una reuni\u00f3n con Naci\u00f3n para avanzar en la coordinaci\u00f3n.<\/p>\n<p>El Gobernador Axel Kicillof luego de que Alberto Fern\u00e1ndez terminara los anuncios se expres\u00f3 en Twitter y sostuvo que \u201cen provincia de Buenos Aires, como siempre, acompa\u00f1amos las medidas anunciadas por el Presidente\u201d.<\/p>\n<p>Cu\u00e1les son los municipios bonaerenses con alto riesgo o alarma epidemiol\u00f3gica:<\/p>\n<p>9 de Julio<\/p>\n<p>Almirante Brown<\/p>\n<p>Avellaneda<\/p>\n<p>Azul<\/p>\n<p><span style=\"color: #ff0000;\"><strong>\u00a0\u00a0\u00a0 Bah\u00eda Blanca<\/strong><\/span><\/p>\n<p>Balcarce<\/p>\n<p>Berazategui<\/p>\n<p>Berisso<\/p>\n<p>Bragado<\/p>\n<p>Brandsen<\/p>\n<p>Campana<\/p>\n<p>Ca\u00f1uelas<\/p>\n<p>Chacabuco<\/p>\n<p>Chascom\u00fas<\/p>\n<p>Chivilcoy<\/p>\n<p><strong><span style=\"color: #ff0000;\">\u00a0\u00a0 Coronel Su\u00e1rez<\/span><\/strong><\/p>\n<p>Ensenada<\/p>\n<p>Escobar<\/p>\n<p>Esteban Echeverr\u00eda<\/p>\n<p>Ezeiza<\/p>\n<p>Florencio Varela<\/p>\n<p>General Alvarado<\/p>\n<p>General Las Heras<\/p>\n<p>General Pueyrred\u00f3n<\/p>\n<p>General Rodr\u00edguez<\/p>\n<p>General San Mart\u00edn<\/p>\n<p>Hurlingham<\/p>\n<p>Ituzaing\u00f3<\/p>\n<p>Jos\u00e9 C. Paz<\/p>\n<p>Jun\u00edn<\/p>\n<p>La Costa<\/p>\n<p>La Matanza<\/p>\n<p>La Plata<\/p>\n<p>Lan\u00fas<\/p>\n<p>Lincoln<\/p>\n<p>Lobos<\/p>\n<p>Lomas de Zamora<\/p>\n<p>Luj\u00e1n<\/p>\n<p>Malvinas Argentinas<\/p>\n<p>Marcos Paz<\/p>\n<p>Mercedes<\/p>\n<p>Merlo<\/p>\n<p>Moreno<\/p>\n<p>Mor\u00f3n<\/p>\n<p>Necochea<\/p>\n<p>Pehuaj\u00f3<\/p>\n<p>Pergamino<\/p>\n<p>Pilar<\/p>\n<p>Presidente Per\u00f3n<\/p>\n<p>Quilmes<\/p>\n<p>San Fernando<\/p>\n<p>San Isidro<\/p>\n<p>San Miguel<\/p>\n<p>San Pedro<\/p>\n<p>San Vicente<\/p>\n<p>Tandil<\/p>\n<p>Tigre<\/p>\n<p><span style=\"color: #ff0000;\"><strong>\u00a0\u00a0 Trenque Lauquen<\/strong><\/span><\/p>\n<p><strong><span style=\"color: #ff0000;\">\u00a0\u00a0\u00a0 Tres Arroyos<\/span><\/strong><\/p>\n<p>Tres de Febrero<\/p>\n<p>Vicente L\u00f3pez<\/p>\n<p>Z\u00e1rate<\/p>\n","protected":false},"excerpt":{"rendered":"<p>El presidente Alberto Fern\u00e1ndez anunci\u00f3 un confinamiento estricto por nueve d\u00edas, desde este s\u00e1bado 22 a las 00 horas hasta el domingo 30 de mayo inclusive, para frenar el duro impacto que la segunda ola de coronavirus est\u00e1 teniendo en Argentina.<\/p>\n","protected":false},"author":3,"featured_media":0,"comment_status":"closed","ping_status":"closed","sticky":false,"template":"","format":"standard","meta":{"footnotes":""},"categories":[24,30],"tags":[],"class_list":["post-57247","post","type-post","status-publish","format-standard","hentry","category-politica","category-salud"],"yoast_head":"<!-- This site is optimized with the Yoast SEO plugin v25.9 - https:\/\/yoast.com\/wordpress\/plugins\/seo\/ -->\n<title>Coronel Su\u00e1rez entre los tres distritos de la Sexta que deber\u00e1n acatar el confinamiento estricto - Noticias Radio Reflejos<\/title>\n<meta name=\"robots\" content=\"index, follow, max-snippet:-1, max-image-preview:large, max-video-preview:-1\" \/>\n<link rel=\"canonical\" href=\"https:\/\/www.noticiasradioreflejos.com.ar\/2021\/coronel-suarez-entre-los-tres-distritos-de-la-sexta-que-deberan-acatar-el-confinamiento-estricto\/\" \/>\n<meta property=\"og:locale\" content=\"es_ES\" \/>\n<meta property=\"og:type\" content=\"article\" \/>\n<meta property=\"og:title\" content=\"Coronel Su\u00e1rez entre los tres distritos de la Sexta que deber\u00e1n acatar el confinamiento estricto - Noticias Radio Reflejos\" \/>\n<meta property=\"og:description\" content=\"El presidente Alberto Fern\u00e1ndez anunci\u00f3 un confinamiento estricto por nueve d\u00edas, desde este s\u00e1bado 22 a las 00 horas hasta el domingo 30 de mayo inclusive, para frenar el duro impacto que la segunda ola de coronavirus est\u00e1 teniendo en Argentina.\" \/>\n<meta property=\"og:url\" content=\"https:\/\/www.noticiasradioreflejos.com.ar\/2021\/coronel-suarez-entre-los-tres-distritos-de-la-sexta-que-deberan-acatar-el-confinamiento-estricto\/\" \/>\n<meta property=\"og:site_name\" content=\"Noticias Radio Reflejos\" \/>\n<meta property=\"article:published_time\" content=\"2021-05-21T12:11:14+00:00\" \/>\n<meta property=\"og:image\" content=\"https:\/\/www.noticiasradioreflejos.com.ar\/2021\/wp-content\/uploads\/2021\/07\/logosol300x200.png\" \/>\n\t<meta property=\"og:image:width\" content=\"300\" \/>\n\t<meta property=\"og:image:height\" content=\"200\" \/>\n\t<meta property=\"og:image:type\" content=\"image\/png\" \/>\n<meta name=\"author\" content=\"Arnaldo Botto\" \/>\n<meta name=\"twitter:card\" content=\"summary_large_image\" \/>\n<script type=\"application\/ld+json\" class=\"yoast-schema-graph\">{\"@context\":\"https:\/\/schema.org\",\"@graph\":[{\"@type\":\"WebPage\",\"@id\":\"https:\/\/www.noticiasradioreflejos.com.ar\/2021\/coronel-suarez-entre-los-tres-distritos-de-la-sexta-que-deberan-acatar-el-confinamiento-estricto\/\",\"url\":\"https:\/\/www.noticiasradioreflejos.com.ar\/2021\/coronel-suarez-entre-los-tres-distritos-de-la-sexta-que-deberan-acatar-el-confinamiento-estricto\/\",\"name\":\"Coronel Su\u00e1rez entre los tres distritos de la Sexta que deber\u00e1n acatar el confinamiento estricto - Noticias Radio Reflejos\",\"isPartOf\":{\"@id\":\"https:\/\/www.noticiasradioreflejos.com.ar\/2021\/#website\"},\"datePublished\":\"2021-05-21T12:11:14+00:00\",\"author\":{\"@id\":\"https:\/\/www.noticiasradioreflejos.com.ar\/2021\/#\/schema\/person\/ad82545263dcc5ec0996818884fd5fb1\"},\"breadcrumb\":{\"@id\":\"https:\/\/www.noticiasradioreflejos.com.ar\/2021\/coronel-suarez-entre-los-tres-distritos-de-la-sexta-que-deberan-acatar-el-confinamiento-estricto\/#breadcrumb\"},\"inLanguage\":\"es\",\"potentialAction\":[{\"@type\":\"ReadAction\",\"target\":[\"https:\/\/www.noticiasradioreflejos.com.ar\/2021\/coronel-suarez-entre-los-tres-distritos-de-la-sexta-que-deberan-acatar-el-confinamiento-estricto\/\"]}]},{\"@type\":\"BreadcrumbList\",\"@id\":\"https:\/\/www.noticiasradioreflejos.com.ar\/2021\/coronel-suarez-entre-los-tres-distritos-de-la-sexta-que-deberan-acatar-el-confinamiento-estricto\/#breadcrumb\",\"itemListElement\":[{\"@type\":\"ListItem\",\"position\":1,\"name\":\"Portada\",\"item\":\"https:\/\/www.noticiasradioreflejos.com.ar\/2021\/\"},{\"@type\":\"ListItem\",\"position\":2,\"name\":\"Coronel Su\u00e1rez entre los tres distritos de la Sexta que deber\u00e1n acatar el confinamiento estricto\"}]},{\"@type\":\"WebSite\",\"@id\":\"https:\/\/www.noticiasradioreflejos.com.ar\/2021\/#website\",\"url\":\"https:\/\/www.noticiasradioreflejos.com.ar\/2021\/\",\"name\":\"Noticias Radio Reflejos\",\"description\":\"Las noticias de mi comarca\",\"potentialAction\":[{\"@type\":\"SearchAction\",\"target\":{\"@type\":\"EntryPoint\",\"urlTemplate\":\"https:\/\/www.noticiasradioreflejos.com.ar\/2021\/?s={search_term_string}\"},\"query-input\":{\"@type\":\"PropertyValueSpecification\",\"valueRequired\":true,\"valueName\":\"search_term_string\"}}],\"inLanguage\":\"es\"},{\"@type\":\"Person\",\"@id\":\"https:\/\/www.noticiasradioreflejos.com.ar\/2021\/#\/schema\/person\/ad82545263dcc5ec0996818884fd5fb1\",\"name\":\"Arnaldo Botto\",\"image\":{\"@type\":\"ImageObject\",\"inLanguage\":\"es\",\"@id\":\"https:\/\/www.noticiasradioreflejos.com.ar\/2021\/#\/schema\/person\/image\/\",\"url\":\"https:\/\/secure.gravatar.com\/avatar\/55cb5e37c1efa326397366e6974cb338056df65cb50e7d64d1cf314e87504837?s=96&d=mm&r=g\",\"contentUrl\":\"https:\/\/secure.gravatar.com\/avatar\/55cb5e37c1efa326397366e6974cb338056df65cb50e7d64d1cf314e87504837?s=96&d=mm&r=g\",\"caption\":\"Arnaldo Botto\"},\"url\":\"https:\/\/www.noticiasradioreflejos.com.ar\/2021\/author\/arnaldo\/\"}]}<\/script>\n<!-- \/ Yoast SEO plugin. -->","yoast_head_json":{"title":"Coronel Su\u00e1rez entre los tres distritos de la Sexta que deber\u00e1n acatar el confinamiento estricto - Noticias Radio Reflejos","robots":{"index":"index","follow":"follow","max-snippet":"max-snippet:-1","max-image-preview":"max-image-preview:large","max-video-preview":"max-video-preview:-1"},"canonical":"https:\/\/www.noticiasradioreflejos.com.ar\/2021\/coronel-suarez-entre-los-tres-distritos-de-la-sexta-que-deberan-acatar-el-confinamiento-estricto\/","og_locale":"es_ES","og_type":"article","og_title":"Coronel Su\u00e1rez entre los tres distritos de la Sexta que deber\u00e1n acatar el confinamiento estricto - Noticias Radio Reflejos","og_description":"El presidente Alberto Fern\u00e1ndez anunci\u00f3 un confinamiento estricto por nueve d\u00edas, desde este s\u00e1bado 22 a las 00 horas hasta el domingo 30 de mayo inclusive, para frenar el duro impacto que la segunda ola de coronavirus est\u00e1 teniendo en Argentina.","og_url":"https:\/\/www.noticiasradioreflejos.com.ar\/2021\/coronel-suarez-entre-los-tres-distritos-de-la-sexta-que-deberan-acatar-el-confinamiento-estricto\/","og_site_name":"Noticias Radio Reflejos","article_published_time":"2021-05-21T12:11:14+00:00","og_image":[{"width":300,"height":200,"url":"https:\/\/www.noticiasradioreflejos.com.ar\/2021\/wp-content\/uploads\/2021\/07\/logosol300x200.png","type":"image\/png"}],"author":"Arnaldo Botto","twitter_card":"summary_large_image","schema":{"@context":"https:\/\/schema.org","@graph":[{"@type":"WebPage","@id":"https:\/\/www.noticiasradioreflejos.com.ar\/2021\/coronel-suarez-entre-los-tres-distritos-de-la-sexta-que-deberan-acatar-el-confinamiento-estricto\/","url":"https:\/\/www.noticiasradioreflejos.com.ar\/2021\/coronel-suarez-entre-los-tres-distritos-de-la-sexta-que-deberan-acatar-el-confinamiento-estricto\/","name":"Coronel Su\u00e1rez entre los tres distritos de la Sexta que deber\u00e1n acatar el confinamiento estricto - Noticias Radio Reflejos","isPartOf":{"@id":"https:\/\/www.noticiasradioreflejos.com.ar\/2021\/#website"},"datePublished":"2021-05-21T12:11:14+00:00","author":{"@id":"https:\/\/www.noticiasradioreflejos.com.ar\/2021\/#\/schema\/person\/ad82545263dcc5ec0996818884fd5fb1"},"breadcrumb":{"@id":"https:\/\/www.noticiasradioreflejos.com.ar\/2021\/coronel-suarez-entre-los-tres-distritos-de-la-sexta-que-deberan-acatar-el-confinamiento-estricto\/#breadcrumb"},"inLanguage":"es","potentialAction":[{"@type":"ReadAction","target":["https:\/\/www.noticiasradioreflejos.com.ar\/2021\/coronel-suarez-entre-los-tres-distritos-de-la-sexta-que-deberan-acatar-el-confinamiento-estricto\/"]}]},{"@type":"BreadcrumbList","@id":"https:\/\/www.noticiasradioreflejos.com.ar\/2021\/coronel-suarez-entre-los-tres-distritos-de-la-sexta-que-deberan-acatar-el-confinamiento-estricto\/#breadcrumb","itemListElement":[{"@type":"ListItem","position":1,"name":"Portada","item":"https:\/\/www.noticiasradioreflejos.com.ar\/2021\/"},{"@type":"ListItem","position":2,"name":"Coronel Su\u00e1rez entre los tres distritos de la Sexta que deber\u00e1n acatar el confinamiento estricto"}]},{"@type":"WebSite","@id":"https:\/\/www.noticiasradioreflejos.com.ar\/2021\/#website","url":"https:\/\/www.noticiasradioreflejos.com.ar\/2021\/","name":"Noticias Radio Reflejos","description":"Las noticias de mi comarca","potentialAction":[{"@type":"SearchAction","target":{"@type":"EntryPoint","urlTemplate":"https:\/\/www.noticiasradioreflejos.com.ar\/2021\/?s={search_term_string}"},"query-input":{"@type":"PropertyValueSpecification","valueRequired":true,"valueName":"search_term_string"}}],"inLanguage":"es"},{"@type":"Person","@id":"https:\/\/www.noticiasradioreflejos.com.ar\/2021\/#\/schema\/person\/ad82545263dcc5ec0996818884fd5fb1","name":"Arnaldo Botto","image":{"@type":"ImageObject","inLanguage":"es","@id":"https:\/\/www.noticiasradioreflejos.com.ar\/2021\/#\/schema\/person\/image\/","url":"https:\/\/secure.gravatar.com\/avatar\/55cb5e37c1efa326397366e6974cb338056df65cb50e7d64d1cf314e87504837?s=96&d=mm&r=g","contentUrl":"https:\/\/secure.gravatar.com\/avatar\/55cb5e37c1efa326397366e6974cb338056df65cb50e7d64d1cf314e87504837?s=96&d=mm&r=g","caption":"Arnaldo Botto"},"url":"https:\/\/www.noticiasradioreflejos.com.ar\/2021\/author\/arnaldo\/"}]}},"_links":{"self":[{"href":"https:\/\/www.noticiasradioreflejos.com.ar\/2021\/wp-json\/wp\/v2\/posts\/57247","targetHints":{"allow":["GET"]}}],"collection":[{"href":"https:\/\/www.noticiasradioreflejos.com.ar\/2021\/wp-json\/wp\/v2\/posts"}],"about":[{"href":"https:\/\/www.noticiasradioreflejos.com.ar\/2021\/wp-json\/wp\/v2\/types\/post"}],"author":[{"embeddable":true,"href":"https:\/\/www.noticiasradioreflejos.com.ar\/2021\/wp-json\/wp\/v2\/users\/3"}],"replies":[{"embeddable":true,"href":"https:\/\/www.noticiasradioreflejos.com.ar\/2021\/wp-json\/wp\/v2\/comments?post=57247"}],"version-history":[{"count":1,"href":"https:\/\/www.noticiasradioreflejos.com.ar\/2021\/wp-json\/wp\/v2\/posts\/57247\/revisions"}],"predecessor-version":[{"id":57249,"href":"https:\/\/www.noticiasradioreflejos.com.ar\/2021\/wp-json\/wp\/v2\/posts\/57247\/revisions\/57249"}],"wp:attachment":[{"href":"https:\/\/www.noticiasradioreflejos.com.ar\/2021\/wp-json\/wp\/v2\/media?parent=57247"}],"wp:term":[{"taxonomy":"category","embeddable":true,"href":"https:\/\/www.noticiasradioreflejos.com.ar\/2021\/wp-json\/wp\/v2\/categories?post=57247"},{"taxonomy":"post_tag","embeddable":true,"href":"https:\/\/www.noticiasradioreflejos.com.ar\/2021\/wp-json\/wp\/v2\/tags?post=57247"}],"curies":[{"name":"wp","href":"https:\/\/api.w.org\/{rel}","templated":true}]}}