{"id":57244,"date":"2021-05-21T12:07:32","date_gmt":"2021-05-21T12:07:32","guid":{"rendered":"http:\/\/www.noticiasradioreflejos.com.ar\/2021\/?p=57244"},"modified":"2021-05-21T15:04:20","modified_gmt":"2021-05-21T15:04:20","slug":"los-ultimos-analisis-confirmaron-que-el-caso-de-rabia-humana-fue-por-variante-murcielago","status":"publish","type":"post","link":"https:\/\/www.noticiasradioreflejos.com.ar\/2021\/los-ultimos-analisis-confirmaron-que-el-caso-de-rabia-humana-fue-por-variante-murcielago\/","title":{"rendered":"Los \u00faltimos an\u00e1lisis confirmaron que el caso de rabia humana fue por variante murci\u00e9lago"},"content":{"rendered":"<p style=\"font-weight: 400;\">Lo que indica que el murci\u00e9lago infectado con rabia contagi\u00f3 al felino que finalmente mordi\u00f3 a la mujer de 33 a\u00f1os. Los an\u00e1lisis fueron realizados en el Instituto Nacional de Enfermedades Infecciosas ANLIS \u201cCarlos G. Malbr\u00e1n\u201d y el Instituto de Zoonosis \u201cLuis Pasteur\u201d. En relaci\u00f3n a la rabia en murci\u00e9lagos, seg\u00fan indican las estad\u00edsticas, se registran casos en todo el territorio nacional.<!--more--><\/p>\n<p>Por:\u00a0<b><strong>Ezequiel Villanueva<\/strong><\/b><\/p>\n<p>El m\u00e9dico veterinario C\u00e9sar Ch\u00e1 y referente de la Mesa de Zoonosis local en contacto con\u00a0<b><strong>Su\u00e1rez\u00a0al D\u00eda<\/strong><\/b>\u00a0coment\u00f3 las medidas que se llevar\u00e1n adelante tras la detecci\u00f3n de un caso de rabia en humanos, que seg\u00fan confirmaron los \u00faltimos estudios, habr\u00eda sido por variante murci\u00e9lago.<\/p>\n<p>El profesional asegur\u00f3 que lo sucedido bien se representa con la frase \u201ccr\u00f3nica de una muerte anunciada\u201d ya que la poblaci\u00f3n dej\u00f3 de vacunar a sus mascotas quiz\u00e1s por falta de conocimiento o desidia, suponiendo la escasa probabilidad de casos de rabia o la humanizaci\u00f3n que la comunidad tiene con las mascotas.<\/p>\n<p>\u201cExiste una alerta preventiva por si ese gato que mordi\u00f3 a la mujer tambi\u00e9n contagi\u00f3 o no seg\u00fan el tipo de virus que haya tenido. Nos llama la atenci\u00f3n que ante el episodio de mordedura la persona nunca evidenci\u00f3 la necesidad de hacer la denuncia en un ente sanitario para activar los protocolos antirr\u00e1bicos\u201d, subray\u00f3 el profesional.<\/p>\n<p>En tal sentido puntualiz\u00f3 en la importancia de la denuncia temprana y a tiempo de las mordeduras tanto de perros como de gatos, con una consulta inmediata en la guardia m\u00e9dica local para poder determinar y establecer posibles focos y avistamiento del ejemplar bajo sospecha.<\/p>\n<p>\u201cAnte una mordida se activan los protocolos que incluye la observaci\u00f3n durante 10 d\u00edas del animal atentos a que no presente s\u00edntomas y si no se lo encuentra, es necesario activar la vacunaci\u00f3n hacia la persona que fue da\u00f1ada; ac\u00e1 falla la educaci\u00f3n de la salud y sobre todo la tenencia responsable\u201d, subray\u00f3.<\/p>\n<p>Si bien indic\u00f3 que es necesario la presencia del Estado con pol\u00edticas sanitarias de prevenci\u00f3n, remarc\u00f3 que es fundamental que la sociedad ejerza una tenencia responsable en el cuidado de sus mascotas cumplimentando el cronograma de vacunaci\u00f3n anual.<\/p>\n<p>\u201cLa rabia es una enfermedad mortal de alt\u00edsima peligrosidad y que no est\u00e1 erradicada; la vacuna se debe dar todos los a\u00f1os a perros y gatos a partir de los 3 meses de vida, muchos piensan que \u00e9sto es un negocio y lamentablemente tiene que pasar un hecho as\u00ed para corroborar lo que uno pregona, muchas veces en soledad\u201d, se lament\u00f3.<\/p>\n<p>\u201cDebemos hacer m\u00e1s hincapi\u00e9 en educaci\u00f3n y prevenci\u00f3n sin dudas\u201d recalc\u00f3 y confirm\u00f3 que continuar\u00e1n con la vacunaci\u00f3n antirr\u00e1bica siguiendo con el protocolo establecido y atentos lo dispuesto por Zoonosis Urbanas de Provincia y Naci\u00f3n, en conjunto con las \u00e1reas de epidemiolog\u00eda y Regi\u00f3n Sanitaria, calculando una poblaci\u00f3n aproximada de 10 mil mascotas en todo el distrito.<\/p>\n<p>\u201cSe solicitaron vacunas antirr\u00e1bicas para avanzar con el dispositivo, para alcanzar a la totalidad de los animales del distrito, con el objetivo de mantener un punto fijo de vacunaci\u00f3n para mantenerlo en el tiempo\u201d.<\/p>\n<p>Por \u00faltimo, el m\u00e9dico veterinario C\u00e9sar Ch\u00e1 aconsej\u00f3, \u201cvacunen a sus mascotas, cu\u00eddense, no interact\u00faen con animales de la calle porque no conocen su status sanitario y ante cualquier mordedura denuncien en el hospital como forma de activar el protocolo\u201d, finaliz\u00f3.<\/p>\n<p><iframe loading=\"lazy\" src=\"https:\/\/w.soundcloud.com\/player\/?url=https%3A\/\/api.soundcloud.com\/tracks\/1052887306&amp;color=%23ff5500&amp;auto_play=false&amp;hide_related=false&amp;show_comments=true&amp;show_user=true&amp;show_reposts=false&amp;show_teaser=true\" width=\"100%\" height=\"166\" frameborder=\"no\" scrolling=\"no\"><\/iframe><\/p>\n<div style=\"font-size: 10px; color: #cccccc; line-break: anywhere; word-break: normal; overflow: hidden; white-space: nowrap; text-overflow: ellipsis; font-family: Interstate,Lucida Grande,Lucida Sans Unicode,Lucida Sans,Garuda,Verdana,Tahoma,sans-serif; font-weight: 100;\"><a style=\"color: #cccccc; text-decoration: none;\" title=\"fmreflejos 103.7\" href=\"https:\/\/soundcloud.com\/fmreflejos-103-7\" target=\"_blank\" rel=\"noopener\">fmreflejos 103.7<\/a> \u00b7 <a style=\"color: #cccccc; text-decoration: none;\" title=\"Cesar Cha\" href=\"https:\/\/soundcloud.com\/fmreflejos-103-7\/cesar-cha\" target=\"_blank\" rel=\"noopener\">Cesar Cha<\/a><\/div>\n","protected":false},"excerpt":{"rendered":"<p>Lo que indica que el murci\u00e9lago infectado con rabia contagi\u00f3 al felino que finalmente mordi\u00f3 a la mujer de 33 a\u00f1os. Los an\u00e1lisis fueron realizados en el Instituto Nacional de Enfermedades Infecciosas ANLIS \u201cCarlos G. Malbr\u00e1n\u201d y el Instituto de Zoonosis \u201cLuis Pasteur\u201d. En relaci\u00f3n a la rabia en murci\u00e9lagos, seg\u00fan indican las estad\u00edsticas, se [&hellip;]<\/p>\n","protected":false},"author":3,"featured_media":0,"comment_status":"closed","ping_status":"closed","sticky":false,"template":"","format":"standard","meta":{"footnotes":""},"categories":[30],"tags":[],"class_list":["post-57244","post","type-post","status-publish","format-standard","hentry","category-salud"],"yoast_head":"<!-- This site is optimized with the Yoast SEO plugin v25.9 - https:\/\/yoast.com\/wordpress\/plugins\/seo\/ -->\n<title>Los \u00faltimos an\u00e1lisis confirmaron que el caso de rabia humana fue por variante murci\u00e9lago - Noticias Radio Reflejos<\/title>\n<meta name=\"robots\" content=\"index, follow, max-snippet:-1, max-image-preview:large, max-video-preview:-1\" \/>\n<link rel=\"canonical\" href=\"https:\/\/www.noticiasradioreflejos.com.ar\/2021\/los-ultimos-analisis-confirmaron-que-el-caso-de-rabia-humana-fue-por-variante-murcielago\/\" \/>\n<meta property=\"og:locale\" content=\"es_ES\" \/>\n<meta property=\"og:type\" content=\"article\" \/>\n<meta property=\"og:title\" content=\"Los \u00faltimos an\u00e1lisis confirmaron que el caso de rabia humana fue por variante murci\u00e9lago - Noticias Radio Reflejos\" \/>\n<meta property=\"og:description\" content=\"Lo que indica que el murci\u00e9lago infectado con rabia contagi\u00f3 al felino que finalmente mordi\u00f3 a la mujer de 33 a\u00f1os. Los an\u00e1lisis fueron realizados en el Instituto Nacional de Enfermedades Infecciosas ANLIS \u201cCarlos G. Malbr\u00e1n\u201d y el Instituto de Zoonosis \u201cLuis Pasteur\u201d. En relaci\u00f3n a la rabia en murci\u00e9lagos, seg\u00fan indican las estad\u00edsticas, se [&hellip;]\" \/>\n<meta property=\"og:url\" content=\"https:\/\/www.noticiasradioreflejos.com.ar\/2021\/los-ultimos-analisis-confirmaron-que-el-caso-de-rabia-humana-fue-por-variante-murcielago\/\" \/>\n<meta property=\"og:site_name\" content=\"Noticias Radio Reflejos\" \/>\n<meta property=\"article:published_time\" content=\"2021-05-21T12:07:32+00:00\" \/>\n<meta property=\"article:modified_time\" content=\"2021-05-21T15:04:20+00:00\" \/>\n<meta property=\"og:image\" content=\"https:\/\/www.noticiasradioreflejos.com.ar\/2021\/wp-content\/uploads\/2021\/07\/logosol300x200.png\" \/>\n\t<meta property=\"og:image:width\" content=\"300\" \/>\n\t<meta property=\"og:image:height\" content=\"200\" \/>\n\t<meta property=\"og:image:type\" content=\"image\/png\" \/>\n<meta name=\"author\" content=\"Arnaldo Botto\" \/>\n<meta name=\"twitter:card\" content=\"summary_large_image\" \/>\n<script type=\"application\/ld+json\" class=\"yoast-schema-graph\">{\"@context\":\"https:\/\/schema.org\",\"@graph\":[{\"@type\":\"WebPage\",\"@id\":\"https:\/\/www.noticiasradioreflejos.com.ar\/2021\/los-ultimos-analisis-confirmaron-que-el-caso-de-rabia-humana-fue-por-variante-murcielago\/\",\"url\":\"https:\/\/www.noticiasradioreflejos.com.ar\/2021\/los-ultimos-analisis-confirmaron-que-el-caso-de-rabia-humana-fue-por-variante-murcielago\/\",\"name\":\"Los \u00faltimos an\u00e1lisis confirmaron que el caso de rabia humana fue por variante murci\u00e9lago - Noticias Radio Reflejos\",\"isPartOf\":{\"@id\":\"https:\/\/www.noticiasradioreflejos.com.ar\/2021\/#website\"},\"datePublished\":\"2021-05-21T12:07:32+00:00\",\"dateModified\":\"2021-05-21T15:04:20+00:00\",\"author\":{\"@id\":\"https:\/\/www.noticiasradioreflejos.com.ar\/2021\/#\/schema\/person\/ad82545263dcc5ec0996818884fd5fb1\"},\"breadcrumb\":{\"@id\":\"https:\/\/www.noticiasradioreflejos.com.ar\/2021\/los-ultimos-analisis-confirmaron-que-el-caso-de-rabia-humana-fue-por-variante-murcielago\/#breadcrumb\"},\"inLanguage\":\"es\",\"potentialAction\":[{\"@type\":\"ReadAction\",\"target\":[\"https:\/\/www.noticiasradioreflejos.com.ar\/2021\/los-ultimos-analisis-confirmaron-que-el-caso-de-rabia-humana-fue-por-variante-murcielago\/\"]}]},{\"@type\":\"BreadcrumbList\",\"@id\":\"https:\/\/www.noticiasradioreflejos.com.ar\/2021\/los-ultimos-analisis-confirmaron-que-el-caso-de-rabia-humana-fue-por-variante-murcielago\/#breadcrumb\",\"itemListElement\":[{\"@type\":\"ListItem\",\"position\":1,\"name\":\"Portada\",\"item\":\"https:\/\/www.noticiasradioreflejos.com.ar\/2021\/\"},{\"@type\":\"ListItem\",\"position\":2,\"name\":\"Los \u00faltimos an\u00e1lisis confirmaron que el caso de rabia humana fue por variante murci\u00e9lago\"}]},{\"@type\":\"WebSite\",\"@id\":\"https:\/\/www.noticiasradioreflejos.com.ar\/2021\/#website\",\"url\":\"https:\/\/www.noticiasradioreflejos.com.ar\/2021\/\",\"name\":\"Noticias Radio Reflejos\",\"description\":\"Las noticias de mi comarca\",\"potentialAction\":[{\"@type\":\"SearchAction\",\"target\":{\"@type\":\"EntryPoint\",\"urlTemplate\":\"https:\/\/www.noticiasradioreflejos.com.ar\/2021\/?s={search_term_string}\"},\"query-input\":{\"@type\":\"PropertyValueSpecification\",\"valueRequired\":true,\"valueName\":\"search_term_string\"}}],\"inLanguage\":\"es\"},{\"@type\":\"Person\",\"@id\":\"https:\/\/www.noticiasradioreflejos.com.ar\/2021\/#\/schema\/person\/ad82545263dcc5ec0996818884fd5fb1\",\"name\":\"Arnaldo Botto\",\"image\":{\"@type\":\"ImageObject\",\"inLanguage\":\"es\",\"@id\":\"https:\/\/www.noticiasradioreflejos.com.ar\/2021\/#\/schema\/person\/image\/\",\"url\":\"https:\/\/secure.gravatar.com\/avatar\/55cb5e37c1efa326397366e6974cb338056df65cb50e7d64d1cf314e87504837?s=96&d=mm&r=g\",\"contentUrl\":\"https:\/\/secure.gravatar.com\/avatar\/55cb5e37c1efa326397366e6974cb338056df65cb50e7d64d1cf314e87504837?s=96&d=mm&r=g\",\"caption\":\"Arnaldo Botto\"},\"url\":\"https:\/\/www.noticiasradioreflejos.com.ar\/2021\/author\/arnaldo\/\"}]}<\/script>\n<!-- \/ Yoast SEO plugin. -->","yoast_head_json":{"title":"Los \u00faltimos an\u00e1lisis confirmaron que el caso de rabia humana fue por variante murci\u00e9lago - Noticias Radio Reflejos","robots":{"index":"index","follow":"follow","max-snippet":"max-snippet:-1","max-image-preview":"max-image-preview:large","max-video-preview":"max-video-preview:-1"},"canonical":"https:\/\/www.noticiasradioreflejos.com.ar\/2021\/los-ultimos-analisis-confirmaron-que-el-caso-de-rabia-humana-fue-por-variante-murcielago\/","og_locale":"es_ES","og_type":"article","og_title":"Los \u00faltimos an\u00e1lisis confirmaron que el caso de rabia humana fue por variante murci\u00e9lago - Noticias Radio Reflejos","og_description":"Lo que indica que el murci\u00e9lago infectado con rabia contagi\u00f3 al felino que finalmente mordi\u00f3 a la mujer de 33 a\u00f1os. Los an\u00e1lisis fueron realizados en el Instituto Nacional de Enfermedades Infecciosas ANLIS \u201cCarlos G. Malbr\u00e1n\u201d y el Instituto de Zoonosis \u201cLuis Pasteur\u201d. En relaci\u00f3n a la rabia en murci\u00e9lagos, seg\u00fan indican las estad\u00edsticas, se [&hellip;]","og_url":"https:\/\/www.noticiasradioreflejos.com.ar\/2021\/los-ultimos-analisis-confirmaron-que-el-caso-de-rabia-humana-fue-por-variante-murcielago\/","og_site_name":"Noticias Radio Reflejos","article_published_time":"2021-05-21T12:07:32+00:00","article_modified_time":"2021-05-21T15:04:20+00:00","og_image":[{"width":300,"height":200,"url":"https:\/\/www.noticiasradioreflejos.com.ar\/2021\/wp-content\/uploads\/2021\/07\/logosol300x200.png","type":"image\/png"}],"author":"Arnaldo Botto","twitter_card":"summary_large_image","schema":{"@context":"https:\/\/schema.org","@graph":[{"@type":"WebPage","@id":"https:\/\/www.noticiasradioreflejos.com.ar\/2021\/los-ultimos-analisis-confirmaron-que-el-caso-de-rabia-humana-fue-por-variante-murcielago\/","url":"https:\/\/www.noticiasradioreflejos.com.ar\/2021\/los-ultimos-analisis-confirmaron-que-el-caso-de-rabia-humana-fue-por-variante-murcielago\/","name":"Los \u00faltimos an\u00e1lisis confirmaron que el caso de rabia humana fue por variante murci\u00e9lago - Noticias Radio Reflejos","isPartOf":{"@id":"https:\/\/www.noticiasradioreflejos.com.ar\/2021\/#website"},"datePublished":"2021-05-21T12:07:32+00:00","dateModified":"2021-05-21T15:04:20+00:00","author":{"@id":"https:\/\/www.noticiasradioreflejos.com.ar\/2021\/#\/schema\/person\/ad82545263dcc5ec0996818884fd5fb1"},"breadcrumb":{"@id":"https:\/\/www.noticiasradioreflejos.com.ar\/2021\/los-ultimos-analisis-confirmaron-que-el-caso-de-rabia-humana-fue-por-variante-murcielago\/#breadcrumb"},"inLanguage":"es","potentialAction":[{"@type":"ReadAction","target":["https:\/\/www.noticiasradioreflejos.com.ar\/2021\/los-ultimos-analisis-confirmaron-que-el-caso-de-rabia-humana-fue-por-variante-murcielago\/"]}]},{"@type":"BreadcrumbList","@id":"https:\/\/www.noticiasradioreflejos.com.ar\/2021\/los-ultimos-analisis-confirmaron-que-el-caso-de-rabia-humana-fue-por-variante-murcielago\/#breadcrumb","itemListElement":[{"@type":"ListItem","position":1,"name":"Portada","item":"https:\/\/www.noticiasradioreflejos.com.ar\/2021\/"},{"@type":"ListItem","position":2,"name":"Los \u00faltimos an\u00e1lisis confirmaron que el caso de rabia humana fue por variante murci\u00e9lago"}]},{"@type":"WebSite","@id":"https:\/\/www.noticiasradioreflejos.com.ar\/2021\/#website","url":"https:\/\/www.noticiasradioreflejos.com.ar\/2021\/","name":"Noticias Radio Reflejos","description":"Las noticias de mi comarca","potentialAction":[{"@type":"SearchAction","target":{"@type":"EntryPoint","urlTemplate":"https:\/\/www.noticiasradioreflejos.com.ar\/2021\/?s={search_term_string}"},"query-input":{"@type":"PropertyValueSpecification","valueRequired":true,"valueName":"search_term_string"}}],"inLanguage":"es"},{"@type":"Person","@id":"https:\/\/www.noticiasradioreflejos.com.ar\/2021\/#\/schema\/person\/ad82545263dcc5ec0996818884fd5fb1","name":"Arnaldo Botto","image":{"@type":"ImageObject","inLanguage":"es","@id":"https:\/\/www.noticiasradioreflejos.com.ar\/2021\/#\/schema\/person\/image\/","url":"https:\/\/secure.gravatar.com\/avatar\/55cb5e37c1efa326397366e6974cb338056df65cb50e7d64d1cf314e87504837?s=96&d=mm&r=g","contentUrl":"https:\/\/secure.gravatar.com\/avatar\/55cb5e37c1efa326397366e6974cb338056df65cb50e7d64d1cf314e87504837?s=96&d=mm&r=g","caption":"Arnaldo Botto"},"url":"https:\/\/www.noticiasradioreflejos.com.ar\/2021\/author\/arnaldo\/"}]}},"_links":{"self":[{"href":"https:\/\/www.noticiasradioreflejos.com.ar\/2021\/wp-json\/wp\/v2\/posts\/57244","targetHints":{"allow":["GET"]}}],"collection":[{"href":"https:\/\/www.noticiasradioreflejos.com.ar\/2021\/wp-json\/wp\/v2\/posts"}],"about":[{"href":"https:\/\/www.noticiasradioreflejos.com.ar\/2021\/wp-json\/wp\/v2\/types\/post"}],"author":[{"embeddable":true,"href":"https:\/\/www.noticiasradioreflejos.com.ar\/2021\/wp-json\/wp\/v2\/users\/3"}],"replies":[{"embeddable":true,"href":"https:\/\/www.noticiasradioreflejos.com.ar\/2021\/wp-json\/wp\/v2\/comments?post=57244"}],"version-history":[{"count":3,"href":"https:\/\/www.noticiasradioreflejos.com.ar\/2021\/wp-json\/wp\/v2\/posts\/57244\/revisions"}],"predecessor-version":[{"id":57267,"href":"https:\/\/www.noticiasradioreflejos.com.ar\/2021\/wp-json\/wp\/v2\/posts\/57244\/revisions\/57267"}],"wp:attachment":[{"href":"https:\/\/www.noticiasradioreflejos.com.ar\/2021\/wp-json\/wp\/v2\/media?parent=57244"}],"wp:term":[{"taxonomy":"category","embeddable":true,"href":"https:\/\/www.noticiasradioreflejos.com.ar\/2021\/wp-json\/wp\/v2\/categories?post=57244"},{"taxonomy":"post_tag","embeddable":true,"href":"https:\/\/www.noticiasradioreflejos.com.ar\/2021\/wp-json\/wp\/v2\/tags?post=57244"}],"curies":[{"name":"wp","href":"https:\/\/api.w.org\/{rel}","templated":true}]}}