{"id":57232,"date":"2021-05-21T10:39:24","date_gmt":"2021-05-21T10:39:24","guid":{"rendered":"http:\/\/www.noticiasradioreflejos.com.ar\/2021\/?p=57232"},"modified":"2021-05-21T10:45:03","modified_gmt":"2021-05-21T10:45:03","slug":"cuales-son-las-nuevas-medidas-anunciadas-por-el-gobierno-nacional","status":"publish","type":"post","link":"https:\/\/www.noticiasradioreflejos.com.ar\/2021\/cuales-son-las-nuevas-medidas-anunciadas-por-el-gobierno-nacional\/","title":{"rendered":"Cu\u00e1les son las nuevas medidas anunciadas por el Gobierno nacional"},"content":{"rendered":"<div class=\"head-content\">\n<p>El presidente Alberto Fern\u00e1ndez anunci\u00f3 una serie de medidas que regir\u00e1n desde este s\u00e1bado 22 de mayo, con el fin de detener la segunda ola de contagios del coronavirus.<\/p>\n<div class=\"addthis_custom_sharing\" data-url=\"https:\/\/www.telam.com.ar\/notas\/202105\/554963-nuevas-medidas-segunda-ola-coronavirus-gobierno-nacional.html\" data-title=\"Cu\u00e1les son las nuevas medidas anunciadas por el Gobierno nacional\" data-description=\"El presidente Alberto Fern\u00e1ndez anunci\u00f3 una serie de medidas que regir\u00e1n desde este s\u00e1bado 22 de mayo, con el fin de detener la segunda ola de contagios del coronavirus.\">\n<div id=\"atstbx\" class=\"at-resp-share-element at-style-responsive addthis-smartlayers addthis-animated at4-show\" role=\"region\" aria-labelledby=\"at-75c3eecf-0eaf-4903-8efb-587c98926622\">\n<p>&nbsp;<\/p>\n<div class=\"at-share-btn-elements\"><\/div>\n<\/div>\n<\/div>\n<\/div>\n<p><!--more--><\/p>\n<div class=\"main-content-block\">\n<div class=\"main-box clearfix\">\n<div class=\"wrapper-main-section clearfix\">\n<div class=\"wrapper-editable-content\">\n<div class=\"editable-content clearfix\">\n<div id=\"image\" class=\"image\">\n<div class=\"epigrafe\"><span style=\"color: #1d1f20; font-size: 1.563em;\">Las medidas anunciadas por Alberto Fern\u00e1ndez<\/span><\/div>\n<\/div>\n<p>-Se restringe la circulaci\u00f3n en todas las zonas del pa\u00eds que se encuadren en Alto riesgo o en Alarma epidemiol\u00f3gica.<\/p>\n<p>-La medida regir\u00e1 desde este s\u00e1bado 22 de mayo a las 0 horas hasta el domingo 30 de mayo inclusive.<\/p>\n<p>-Quedar\u00e1n suspendidas las actividades sociales, econ\u00f3micas, educativas, religiosas y deportivas en forma presencial.<\/p>\n<p>&#8211; Estar\u00e1n habilitados los comercios esenciales, los comercios con env\u00edo a domicilio y para llevar.<\/p>\n<p>&#8211; S\u00f3lo se podr\u00e1 circular en las cercan\u00edas del domicilio, entre las 6 de la ma\u00f1ana y las 18hs, o por razones especialmente autorizadas.<\/p>\n<p>&#8211; La medida dura 9 d\u00edas y solo involucra 3 d\u00edas h\u00e1biles.<\/p>\n<div class=\"title-big clearfix\">\n<p>Despu\u00e9s sigue el siguiente cronograma:<\/p>\n<\/div>\n<p>-Terminados estos 9 d\u00edas, desde el 31 de mayo hasta el 11 de junio inclusive se retomar\u00e1n las actividades en el marco de las medidas vigentes hasta el d\u00eda de hoy.<\/p>\n<p>-Se implementar\u00e1n las restricciones que correspondan a cada zona seg\u00fan los indicadores epidemiol\u00f3gicos y sanitarios. Firme decisi\u00f3n de hacerlas cumplir estrictamente.<\/p>\n<p>-En ese lapso, tratando de favorecer bajar a\u00fan m\u00e1s los contagios, se dispondr\u00e1 que el fin de semana correspondiente al 5 y 6 de Junio se vuelvan a restringir las actividades en las zonas m\u00e1s cr\u00edticas.<\/p>\n<p>-Es una medida de cuidado intensiva y temporaria.<\/p>\n<div id=\"image\" class=\"image\">\n<p><img decoding=\"async\" title=\"Infograf\u00eda.\" src=\"https:\/\/www.telam.com.ar\/advf\/imagenes\/2021\/05\/60a718e536dc4_1004x1348.jpg\" alt=\"Infograf\u00eda.\" \/><\/p>\n<div class=\"epigrafe\">Infograf\u00eda.<\/div>\n<div><\/div>\n<div>\n<h3>Localidades del pa\u00eds en\u00a0<span style=\"color: #1d6996;\">riesgo bajo,\u00a0<span style=\"color: #edad08;\">medio,\u00a0<span style=\"color: #e17c05;\">alto<\/span>\u00a0<span style=\"color: #000000;\">y\u00a0<\/span><span style=\"color: cc503e;\">alerta epidemiol\u00f3gica <span style=\"color: #000000;\">por Covid-19<\/span><\/span><\/span><\/span><\/h3>\n<\/div>\n<div><img loading=\"lazy\" decoding=\"async\" class=\"alignnone size-full wp-image-57226\" src=\"http:\/\/www.noticiasradioreflejos.com.ar\/2021\/wp-content\/uploads\/2021\/05\/descarga.png\" alt=\"\" width=\"849\" height=\"854\" \/><\/div>\n<\/div>\n<\/div>\n<\/div>\n<\/div>\n<\/div>\n<\/div>\n","protected":false},"excerpt":{"rendered":"<p>El presidente Alberto Fern\u00e1ndez anunci\u00f3 una serie de medidas que regir\u00e1n desde este s\u00e1bado 22 de mayo, con el fin de detener la segunda ola de contagios del coronavirus. &nbsp;<\/p>\n","protected":false},"author":3,"featured_media":0,"comment_status":"closed","ping_status":"closed","sticky":false,"template":"","format":"standard","meta":{"footnotes":""},"categories":[24,30],"tags":[48],"class_list":["post-57232","post","type-post","status-publish","format-standard","hentry","category-politica","category-salud","tag-destacada"],"yoast_head":"<!-- This site is optimized with the Yoast SEO plugin v25.9 - https:\/\/yoast.com\/wordpress\/plugins\/seo\/ -->\n<title>Cu\u00e1les son las nuevas medidas anunciadas por el Gobierno nacional - Noticias Radio Reflejos<\/title>\n<meta name=\"robots\" content=\"index, follow, max-snippet:-1, max-image-preview:large, max-video-preview:-1\" \/>\n<link rel=\"canonical\" href=\"https:\/\/www.noticiasradioreflejos.com.ar\/2021\/cuales-son-las-nuevas-medidas-anunciadas-por-el-gobierno-nacional\/\" \/>\n<meta property=\"og:locale\" content=\"es_ES\" \/>\n<meta property=\"og:type\" content=\"article\" \/>\n<meta property=\"og:title\" content=\"Cu\u00e1les son las nuevas medidas anunciadas por el Gobierno nacional - Noticias Radio Reflejos\" \/>\n<meta property=\"og:description\" content=\"El presidente Alberto Fern\u00e1ndez anunci\u00f3 una serie de medidas que regir\u00e1n desde este s\u00e1bado 22 de mayo, con el fin de detener la segunda ola de contagios del coronavirus. &nbsp;\" \/>\n<meta property=\"og:url\" content=\"https:\/\/www.noticiasradioreflejos.com.ar\/2021\/cuales-son-las-nuevas-medidas-anunciadas-por-el-gobierno-nacional\/\" \/>\n<meta property=\"og:site_name\" content=\"Noticias Radio Reflejos\" \/>\n<meta property=\"article:published_time\" content=\"2021-05-21T10:39:24+00:00\" \/>\n<meta property=\"article:modified_time\" content=\"2021-05-21T10:45:03+00:00\" \/>\n<meta property=\"og:image\" content=\"https:\/\/www.telam.com.ar\/advf\/imagenes\/2021\/05\/60a718e536dc4_1004x1348.jpg\" \/>\n<meta name=\"author\" content=\"Arnaldo Botto\" \/>\n<meta name=\"twitter:card\" content=\"summary_large_image\" \/>\n<script type=\"application\/ld+json\" class=\"yoast-schema-graph\">{\"@context\":\"https:\/\/schema.org\",\"@graph\":[{\"@type\":\"WebPage\",\"@id\":\"https:\/\/www.noticiasradioreflejos.com.ar\/2021\/cuales-son-las-nuevas-medidas-anunciadas-por-el-gobierno-nacional\/\",\"url\":\"https:\/\/www.noticiasradioreflejos.com.ar\/2021\/cuales-son-las-nuevas-medidas-anunciadas-por-el-gobierno-nacional\/\",\"name\":\"Cu\u00e1les son las nuevas medidas anunciadas por el Gobierno nacional - Noticias Radio Reflejos\",\"isPartOf\":{\"@id\":\"https:\/\/www.noticiasradioreflejos.com.ar\/2021\/#website\"},\"primaryImageOfPage\":{\"@id\":\"https:\/\/www.noticiasradioreflejos.com.ar\/2021\/cuales-son-las-nuevas-medidas-anunciadas-por-el-gobierno-nacional\/#primaryimage\"},\"image\":{\"@id\":\"https:\/\/www.noticiasradioreflejos.com.ar\/2021\/cuales-son-las-nuevas-medidas-anunciadas-por-el-gobierno-nacional\/#primaryimage\"},\"thumbnailUrl\":\"https:\/\/www.telam.com.ar\/advf\/imagenes\/2021\/05\/60a718e536dc4_1004x1348.jpg\",\"datePublished\":\"2021-05-21T10:39:24+00:00\",\"dateModified\":\"2021-05-21T10:45:03+00:00\",\"author\":{\"@id\":\"https:\/\/www.noticiasradioreflejos.com.ar\/2021\/#\/schema\/person\/ad82545263dcc5ec0996818884fd5fb1\"},\"breadcrumb\":{\"@id\":\"https:\/\/www.noticiasradioreflejos.com.ar\/2021\/cuales-son-las-nuevas-medidas-anunciadas-por-el-gobierno-nacional\/#breadcrumb\"},\"inLanguage\":\"es\",\"potentialAction\":[{\"@type\":\"ReadAction\",\"target\":[\"https:\/\/www.noticiasradioreflejos.com.ar\/2021\/cuales-son-las-nuevas-medidas-anunciadas-por-el-gobierno-nacional\/\"]}]},{\"@type\":\"ImageObject\",\"inLanguage\":\"es\",\"@id\":\"https:\/\/www.noticiasradioreflejos.com.ar\/2021\/cuales-son-las-nuevas-medidas-anunciadas-por-el-gobierno-nacional\/#primaryimage\",\"url\":\"https:\/\/www.telam.com.ar\/advf\/imagenes\/2021\/05\/60a718e536dc4_1004x1348.jpg\",\"contentUrl\":\"https:\/\/www.telam.com.ar\/advf\/imagenes\/2021\/05\/60a718e536dc4_1004x1348.jpg\"},{\"@type\":\"BreadcrumbList\",\"@id\":\"https:\/\/www.noticiasradioreflejos.com.ar\/2021\/cuales-son-las-nuevas-medidas-anunciadas-por-el-gobierno-nacional\/#breadcrumb\",\"itemListElement\":[{\"@type\":\"ListItem\",\"position\":1,\"name\":\"Portada\",\"item\":\"https:\/\/www.noticiasradioreflejos.com.ar\/2021\/\"},{\"@type\":\"ListItem\",\"position\":2,\"name\":\"Cu\u00e1les son las nuevas medidas anunciadas por el Gobierno nacional\"}]},{\"@type\":\"WebSite\",\"@id\":\"https:\/\/www.noticiasradioreflejos.com.ar\/2021\/#website\",\"url\":\"https:\/\/www.noticiasradioreflejos.com.ar\/2021\/\",\"name\":\"Noticias Radio Reflejos\",\"description\":\"Las noticias de mi comarca\",\"potentialAction\":[{\"@type\":\"SearchAction\",\"target\":{\"@type\":\"EntryPoint\",\"urlTemplate\":\"https:\/\/www.noticiasradioreflejos.com.ar\/2021\/?s={search_term_string}\"},\"query-input\":{\"@type\":\"PropertyValueSpecification\",\"valueRequired\":true,\"valueName\":\"search_term_string\"}}],\"inLanguage\":\"es\"},{\"@type\":\"Person\",\"@id\":\"https:\/\/www.noticiasradioreflejos.com.ar\/2021\/#\/schema\/person\/ad82545263dcc5ec0996818884fd5fb1\",\"name\":\"Arnaldo Botto\",\"image\":{\"@type\":\"ImageObject\",\"inLanguage\":\"es\",\"@id\":\"https:\/\/www.noticiasradioreflejos.com.ar\/2021\/#\/schema\/person\/image\/\",\"url\":\"https:\/\/secure.gravatar.com\/avatar\/55cb5e37c1efa326397366e6974cb338056df65cb50e7d64d1cf314e87504837?s=96&d=mm&r=g\",\"contentUrl\":\"https:\/\/secure.gravatar.com\/avatar\/55cb5e37c1efa326397366e6974cb338056df65cb50e7d64d1cf314e87504837?s=96&d=mm&r=g\",\"caption\":\"Arnaldo Botto\"},\"url\":\"https:\/\/www.noticiasradioreflejos.com.ar\/2021\/author\/arnaldo\/\"}]}<\/script>\n<!-- \/ Yoast SEO plugin. -->","yoast_head_json":{"title":"Cu\u00e1les son las nuevas medidas anunciadas por el Gobierno nacional - Noticias Radio Reflejos","robots":{"index":"index","follow":"follow","max-snippet":"max-snippet:-1","max-image-preview":"max-image-preview:large","max-video-preview":"max-video-preview:-1"},"canonical":"https:\/\/www.noticiasradioreflejos.com.ar\/2021\/cuales-son-las-nuevas-medidas-anunciadas-por-el-gobierno-nacional\/","og_locale":"es_ES","og_type":"article","og_title":"Cu\u00e1les son las nuevas medidas anunciadas por el Gobierno nacional - Noticias Radio Reflejos","og_description":"El presidente Alberto Fern\u00e1ndez anunci\u00f3 una serie de medidas que regir\u00e1n desde este s\u00e1bado 22 de mayo, con el fin de detener la segunda ola de contagios del coronavirus. &nbsp;","og_url":"https:\/\/www.noticiasradioreflejos.com.ar\/2021\/cuales-son-las-nuevas-medidas-anunciadas-por-el-gobierno-nacional\/","og_site_name":"Noticias Radio Reflejos","article_published_time":"2021-05-21T10:39:24+00:00","article_modified_time":"2021-05-21T10:45:03+00:00","og_image":[{"url":"https:\/\/www.telam.com.ar\/advf\/imagenes\/2021\/05\/60a718e536dc4_1004x1348.jpg","type":"","width":"","height":""}],"author":"Arnaldo Botto","twitter_card":"summary_large_image","schema":{"@context":"https:\/\/schema.org","@graph":[{"@type":"WebPage","@id":"https:\/\/www.noticiasradioreflejos.com.ar\/2021\/cuales-son-las-nuevas-medidas-anunciadas-por-el-gobierno-nacional\/","url":"https:\/\/www.noticiasradioreflejos.com.ar\/2021\/cuales-son-las-nuevas-medidas-anunciadas-por-el-gobierno-nacional\/","name":"Cu\u00e1les son las nuevas medidas anunciadas por el Gobierno nacional - Noticias Radio Reflejos","isPartOf":{"@id":"https:\/\/www.noticiasradioreflejos.com.ar\/2021\/#website"},"primaryImageOfPage":{"@id":"https:\/\/www.noticiasradioreflejos.com.ar\/2021\/cuales-son-las-nuevas-medidas-anunciadas-por-el-gobierno-nacional\/#primaryimage"},"image":{"@id":"https:\/\/www.noticiasradioreflejos.com.ar\/2021\/cuales-son-las-nuevas-medidas-anunciadas-por-el-gobierno-nacional\/#primaryimage"},"thumbnailUrl":"https:\/\/www.telam.com.ar\/advf\/imagenes\/2021\/05\/60a718e536dc4_1004x1348.jpg","datePublished":"2021-05-21T10:39:24+00:00","dateModified":"2021-05-21T10:45:03+00:00","author":{"@id":"https:\/\/www.noticiasradioreflejos.com.ar\/2021\/#\/schema\/person\/ad82545263dcc5ec0996818884fd5fb1"},"breadcrumb":{"@id":"https:\/\/www.noticiasradioreflejos.com.ar\/2021\/cuales-son-las-nuevas-medidas-anunciadas-por-el-gobierno-nacional\/#breadcrumb"},"inLanguage":"es","potentialAction":[{"@type":"ReadAction","target":["https:\/\/www.noticiasradioreflejos.com.ar\/2021\/cuales-son-las-nuevas-medidas-anunciadas-por-el-gobierno-nacional\/"]}]},{"@type":"ImageObject","inLanguage":"es","@id":"https:\/\/www.noticiasradioreflejos.com.ar\/2021\/cuales-son-las-nuevas-medidas-anunciadas-por-el-gobierno-nacional\/#primaryimage","url":"https:\/\/www.telam.com.ar\/advf\/imagenes\/2021\/05\/60a718e536dc4_1004x1348.jpg","contentUrl":"https:\/\/www.telam.com.ar\/advf\/imagenes\/2021\/05\/60a718e536dc4_1004x1348.jpg"},{"@type":"BreadcrumbList","@id":"https:\/\/www.noticiasradioreflejos.com.ar\/2021\/cuales-son-las-nuevas-medidas-anunciadas-por-el-gobierno-nacional\/#breadcrumb","itemListElement":[{"@type":"ListItem","position":1,"name":"Portada","item":"https:\/\/www.noticiasradioreflejos.com.ar\/2021\/"},{"@type":"ListItem","position":2,"name":"Cu\u00e1les son las nuevas medidas anunciadas por el Gobierno nacional"}]},{"@type":"WebSite","@id":"https:\/\/www.noticiasradioreflejos.com.ar\/2021\/#website","url":"https:\/\/www.noticiasradioreflejos.com.ar\/2021\/","name":"Noticias Radio Reflejos","description":"Las noticias de mi comarca","potentialAction":[{"@type":"SearchAction","target":{"@type":"EntryPoint","urlTemplate":"https:\/\/www.noticiasradioreflejos.com.ar\/2021\/?s={search_term_string}"},"query-input":{"@type":"PropertyValueSpecification","valueRequired":true,"valueName":"search_term_string"}}],"inLanguage":"es"},{"@type":"Person","@id":"https:\/\/www.noticiasradioreflejos.com.ar\/2021\/#\/schema\/person\/ad82545263dcc5ec0996818884fd5fb1","name":"Arnaldo Botto","image":{"@type":"ImageObject","inLanguage":"es","@id":"https:\/\/www.noticiasradioreflejos.com.ar\/2021\/#\/schema\/person\/image\/","url":"https:\/\/secure.gravatar.com\/avatar\/55cb5e37c1efa326397366e6974cb338056df65cb50e7d64d1cf314e87504837?s=96&d=mm&r=g","contentUrl":"https:\/\/secure.gravatar.com\/avatar\/55cb5e37c1efa326397366e6974cb338056df65cb50e7d64d1cf314e87504837?s=96&d=mm&r=g","caption":"Arnaldo Botto"},"url":"https:\/\/www.noticiasradioreflejos.com.ar\/2021\/author\/arnaldo\/"}]}},"_links":{"self":[{"href":"https:\/\/www.noticiasradioreflejos.com.ar\/2021\/wp-json\/wp\/v2\/posts\/57232","targetHints":{"allow":["GET"]}}],"collection":[{"href":"https:\/\/www.noticiasradioreflejos.com.ar\/2021\/wp-json\/wp\/v2\/posts"}],"about":[{"href":"https:\/\/www.noticiasradioreflejos.com.ar\/2021\/wp-json\/wp\/v2\/types\/post"}],"author":[{"embeddable":true,"href":"https:\/\/www.noticiasradioreflejos.com.ar\/2021\/wp-json\/wp\/v2\/users\/3"}],"replies":[{"embeddable":true,"href":"https:\/\/www.noticiasradioreflejos.com.ar\/2021\/wp-json\/wp\/v2\/comments?post=57232"}],"version-history":[{"count":2,"href":"https:\/\/www.noticiasradioreflejos.com.ar\/2021\/wp-json\/wp\/v2\/posts\/57232\/revisions"}],"predecessor-version":[{"id":57235,"href":"https:\/\/www.noticiasradioreflejos.com.ar\/2021\/wp-json\/wp\/v2\/posts\/57232\/revisions\/57235"}],"wp:attachment":[{"href":"https:\/\/www.noticiasradioreflejos.com.ar\/2021\/wp-json\/wp\/v2\/media?parent=57232"}],"wp:term":[{"taxonomy":"category","embeddable":true,"href":"https:\/\/www.noticiasradioreflejos.com.ar\/2021\/wp-json\/wp\/v2\/categories?post=57232"},{"taxonomy":"post_tag","embeddable":true,"href":"https:\/\/www.noticiasradioreflejos.com.ar\/2021\/wp-json\/wp\/v2\/tags?post=57232"}],"curies":[{"name":"wp","href":"https:\/\/api.w.org\/{rel}","templated":true}]}}