{"id":57230,"date":"2021-05-21T02:32:17","date_gmt":"2021-05-21T02:32:17","guid":{"rendered":"http:\/\/www.noticiasradioreflejos.com.ar\/2021\/?p=57230"},"modified":"2021-05-21T02:32:17","modified_gmt":"2021-05-21T02:32:17","slug":"gobierno-restablecio-el-feriado-puente-del-24-de-mayo","status":"publish","type":"post","link":"https:\/\/www.noticiasradioreflejos.com.ar\/2021\/gobierno-restablecio-el-feriado-puente-del-24-de-mayo\/","title":{"rendered":"Gobierno restableci\u00f3 el feriado puente del 24 de mayo"},"content":{"rendered":"<p>Por el anuncio de los nueve d\u00edas seguidos de confinamiento, se decidi\u00f3 dar marcha atr\u00e1s con su cancelaci\u00f3n, que se hab\u00eda anunciado hace una semana.<!--more--><\/p>\n<article class=\"article | col widescreen-8 desktop-8 tablet-12 width_full\">\n<div class=\"nd-body-article\">\n<p class=\"visual__image \"><img loading=\"lazy\" decoding=\"async\" src=\"https:\/\/www.infobae.com\/new-resizer\/Fec2hREBVDEW7UvreSrz1eFpYzU=\/420x280\/filters:format(jpg):quality(85)\/cloudfront-us-east-1.images.arcpublishing.com\/infobae\/3QQ5KBJGSRDRHK7LQLRPA7GALU.jpg%20420w\" sizes=\"auto, (min-width: 800px) 50vw, 90vw\" srcset=\"https:\/\/www.infobae.com\/new-resizer\/Fec2hREBVDEW7UvreSrz1eFpYzU=\/420x280\/filters:format(jpg):quality(85)\/cloudfront-us-east-1.images.arcpublishing.com\/infobae\/3QQ5KBJGSRDRHK7LQLRPA7GALU.jpg 420w,https:\/\/www.infobae.com\/new-resizer\/fdPRqMo2NaZBviCyxgNR8zJ7AYs=\/768x512\/filters:format(jpg):quality(85)\/cloudfront-us-east-1.images.arcpublishing.com\/infobae\/3QQ5KBJGSRDRHK7LQLRPA7GALU.jpg 768w,https:\/\/www.infobae.com\/new-resizer\/9zC2o4auir6zVRoa_jT1AcbIGP8=\/992x661\/filters:format(jpg):quality(85)\/cloudfront-us-east-1.images.arcpublishing.com\/infobae\/3QQ5KBJGSRDRHK7LQLRPA7GALU.jpg 992w,https:\/\/www.infobae.com\/new-resizer\/pO2jOJwyXkCQQG_R0cuhzeN0FyQ=\/1200x800\/filters:format(jpg):quality(85)\/cloudfront-us-east-1.images.arcpublishing.com\/infobae\/3QQ5KBJGSRDRHK7LQLRPA7GALU.jpg 1200w\" alt=\"El Gobierno restablecer\u00e1 el feriado puente del 24 de mayo (Maximiliano Luna)\" width=\"1920\" height=\"1245\" \/>El Gobierno restablecer\u00e1 el feriado puente del 24 de mayo (Maximiliano Luna)<\/p>\n<p class=\"paragraph\">Con\u00a0<a href=\"https:\/\/www.infobae.com\/politica\/2021\/05\/20\/el-gobierno-va-a-declarar-9-dias-seguidos-de-confinamiento-preservando-la-actividad-de-los-esenciales\/\" target=\"_blank\" rel=\"noopener\">la decisi\u00f3n del Gobierno nacional de declarar nueve d\u00edas seguidos de confinamiento<\/a>\u00a0a partir de las 00 horas del s\u00e1bado y hasta el domingo 30 de mayo,\u00a0<mark class=\"hl_yellow\">se decidi\u00f3 dar marcha atr\u00e1s con\u00a0<\/mark><a href=\"https:\/\/www.infobae.com\/politica\/2021\/05\/12\/el-gobierno-suspendera-el-feriado-puente-del-24-de-mayo\/\" target=\"_blank\" rel=\"noopener\"><mark class=\"hl_yellow\">la medida que se hab\u00eda tomado hace tan solo una semana<\/mark><\/a><mark class=\"hl_yellow\">\u00a0y\u00a0<b>restablecer el feriado puente del 24 de mayo<\/b>.<\/mark><\/p>\n<p class=\"paragraph\">De esta manera,\u00a0<mark class=\"hl_yellow\"><b>el pr\u00f3ximo lunes 24 (puente) y el martes 25 (D\u00eda de la Revoluci\u00f3n) ser\u00e1n feriados.<\/b><\/mark><\/p>\n<div class=\"inline ad-wrapper\">\n<div class=\"dfpAd display_inline_block ad_margin_wrapper text--center\">\n<div id=\"infobae\/politica\/nota\/inline\" class=\"infobae\/politica\/nota\/inline arcad\" data-google-query-id=\"COXq7qDb2fACFXwyuQYd8bQEHg\">\n<div id=\"google_ads_iframe_\/1058609\/infobae\/politica\/nota\/inline_0__container__\"><iframe id=\"google_ads_iframe_\/1058609\/infobae\/politica\/nota\/inline_0\" title=\"3rd party ad content\" name=\"google_ads_iframe_\/1058609\/infobae\/politica\/nota\/inline_0\" width=\"1\" height=\"1\" frameborder=\"0\" marginwidth=\"0\" marginheight=\"0\" scrolling=\"no\" data-google-container-id=\"2\" data-load-complete=\"true\" data-mce-fragment=\"1\"><\/iframe><\/div>\n<\/div>\n<\/div>\n<\/div>\n<p class=\"paragraph\">El mi\u00e9rcoles pasado el Gobierno hab\u00eda resuelto que lo mejor para evitar el movimiento de personas era postergar el d\u00eda festivo del 24 que hab\u00eda sido establecido en noviembre del a\u00f1o pasado con el decreto 947\/2020 para complementar el feriado del martes 25 de mayo.\u00a0<b>Se buscaba evitar que una gran cantidad de personas se movilice por el fin de semana largo\u00a0<\/b>luego de lo que sucedi\u00f3 en Semana Santa, cuando m\u00e1s de 4,2 millones de turistas viajaron por la Argentina.<\/p>\n<p class=\"paragraph\">Con esta modificaci\u00f3n,\u00a0<a href=\"https:\/\/www.infobae.com\/economia\/2021\/05\/13\/para-cuando-se-traslado-el-feriado-puente-turistico-del-24-de-mayo\/\" target=\"_blank\" rel=\"noopener\"><b>el feriado del 24 de mayo se hab\u00eda trasladado al viernes 13 de agosto<\/b><\/a><b>,\u00a0<\/b>para configurar un fin de semana largo desde ese d\u00eda hasta el lunes 16, que ya estaba establecido como feriado porque se traslad\u00f3 la fecha por la conmemoraci\u00f3n del paso a la Inmortalidad del General Jos\u00e9 de San Mart\u00edn del 17 de agosto.<\/p>\n<\/div>\n<\/article>\n","protected":false},"excerpt":{"rendered":"<p>Por el anuncio de los nueve d\u00edas seguidos de confinamiento, se decidi\u00f3 dar marcha atr\u00e1s con su cancelaci\u00f3n, que se hab\u00eda anunciado hace una semana.<\/p>\n","protected":false},"author":3,"featured_media":9152,"comment_status":"closed","ping_status":"closed","sticky":false,"template":"","format":"standard","meta":{"footnotes":""},"categories":[24,33],"tags":[],"class_list":["post-57230","post","type-post","status-publish","format-standard","has-post-thumbnail","hentry","category-politica","category-turismo"],"yoast_head":"<!-- This site is optimized with the Yoast SEO plugin v25.9 - https:\/\/yoast.com\/wordpress\/plugins\/seo\/ -->\n<title>Gobierno restableci\u00f3 el feriado puente del 24 de mayo - Noticias Radio Reflejos<\/title>\n<meta name=\"robots\" content=\"index, follow, max-snippet:-1, max-image-preview:large, max-video-preview:-1\" \/>\n<link rel=\"canonical\" href=\"https:\/\/www.noticiasradioreflejos.com.ar\/2021\/gobierno-restablecio-el-feriado-puente-del-24-de-mayo\/\" \/>\n<meta property=\"og:locale\" content=\"es_ES\" \/>\n<meta property=\"og:type\" content=\"article\" \/>\n<meta property=\"og:title\" content=\"Gobierno restableci\u00f3 el feriado puente del 24 de mayo - Noticias Radio Reflejos\" \/>\n<meta property=\"og:description\" content=\"Por el anuncio de los nueve d\u00edas seguidos de confinamiento, se decidi\u00f3 dar marcha atr\u00e1s con su cancelaci\u00f3n, que se hab\u00eda anunciado hace una semana.\" \/>\n<meta property=\"og:url\" content=\"https:\/\/www.noticiasradioreflejos.com.ar\/2021\/gobierno-restablecio-el-feriado-puente-del-24-de-mayo\/\" \/>\n<meta property=\"og:site_name\" content=\"Noticias Radio Reflejos\" \/>\n<meta property=\"article:published_time\" content=\"2021-05-21T02:32:17+00:00\" \/>\n<meta property=\"og:image\" content=\"https:\/\/www.noticiasradioreflejos.com.ar\/2021\/wp-content\/uploads\/2017\/04\/IMG_20170414_161600021-2.jpg\" \/>\n\t<meta property=\"og:image:width\" content=\"1024\" \/>\n\t<meta property=\"og:image:height\" content=\"768\" \/>\n\t<meta property=\"og:image:type\" content=\"image\/jpeg\" \/>\n<meta name=\"author\" content=\"Arnaldo Botto\" \/>\n<meta name=\"twitter:card\" content=\"summary_large_image\" \/>\n<script type=\"application\/ld+json\" class=\"yoast-schema-graph\">{\"@context\":\"https:\/\/schema.org\",\"@graph\":[{\"@type\":\"WebPage\",\"@id\":\"https:\/\/www.noticiasradioreflejos.com.ar\/2021\/gobierno-restablecio-el-feriado-puente-del-24-de-mayo\/\",\"url\":\"https:\/\/www.noticiasradioreflejos.com.ar\/2021\/gobierno-restablecio-el-feriado-puente-del-24-de-mayo\/\",\"name\":\"Gobierno restableci\u00f3 el feriado puente del 24 de mayo - Noticias Radio Reflejos\",\"isPartOf\":{\"@id\":\"https:\/\/www.noticiasradioreflejos.com.ar\/2021\/#website\"},\"primaryImageOfPage\":{\"@id\":\"https:\/\/www.noticiasradioreflejos.com.ar\/2021\/gobierno-restablecio-el-feriado-puente-del-24-de-mayo\/#primaryimage\"},\"image\":{\"@id\":\"https:\/\/www.noticiasradioreflejos.com.ar\/2021\/gobierno-restablecio-el-feriado-puente-del-24-de-mayo\/#primaryimage\"},\"thumbnailUrl\":\"https:\/\/www.noticiasradioreflejos.com.ar\/2021\/wp-content\/uploads\/2017\/04\/IMG_20170414_161600021-2.jpg\",\"datePublished\":\"2021-05-21T02:32:17+00:00\",\"author\":{\"@id\":\"https:\/\/www.noticiasradioreflejos.com.ar\/2021\/#\/schema\/person\/ad82545263dcc5ec0996818884fd5fb1\"},\"breadcrumb\":{\"@id\":\"https:\/\/www.noticiasradioreflejos.com.ar\/2021\/gobierno-restablecio-el-feriado-puente-del-24-de-mayo\/#breadcrumb\"},\"inLanguage\":\"es\",\"potentialAction\":[{\"@type\":\"ReadAction\",\"target\":[\"https:\/\/www.noticiasradioreflejos.com.ar\/2021\/gobierno-restablecio-el-feriado-puente-del-24-de-mayo\/\"]}]},{\"@type\":\"ImageObject\",\"inLanguage\":\"es\",\"@id\":\"https:\/\/www.noticiasradioreflejos.com.ar\/2021\/gobierno-restablecio-el-feriado-puente-del-24-de-mayo\/#primaryimage\",\"url\":\"https:\/\/www.noticiasradioreflejos.com.ar\/2021\/wp-content\/uploads\/2017\/04\/IMG_20170414_161600021-2.jpg\",\"contentUrl\":\"https:\/\/www.noticiasradioreflejos.com.ar\/2021\/wp-content\/uploads\/2017\/04\/IMG_20170414_161600021-2.jpg\",\"width\":1024,\"height\":768},{\"@type\":\"BreadcrumbList\",\"@id\":\"https:\/\/www.noticiasradioreflejos.com.ar\/2021\/gobierno-restablecio-el-feriado-puente-del-24-de-mayo\/#breadcrumb\",\"itemListElement\":[{\"@type\":\"ListItem\",\"position\":1,\"name\":\"Portada\",\"item\":\"https:\/\/www.noticiasradioreflejos.com.ar\/2021\/\"},{\"@type\":\"ListItem\",\"position\":2,\"name\":\"Gobierno restableci\u00f3 el feriado puente del 24 de mayo\"}]},{\"@type\":\"WebSite\",\"@id\":\"https:\/\/www.noticiasradioreflejos.com.ar\/2021\/#website\",\"url\":\"https:\/\/www.noticiasradioreflejos.com.ar\/2021\/\",\"name\":\"Noticias Radio Reflejos\",\"description\":\"Las noticias de mi comarca\",\"potentialAction\":[{\"@type\":\"SearchAction\",\"target\":{\"@type\":\"EntryPoint\",\"urlTemplate\":\"https:\/\/www.noticiasradioreflejos.com.ar\/2021\/?s={search_term_string}\"},\"query-input\":{\"@type\":\"PropertyValueSpecification\",\"valueRequired\":true,\"valueName\":\"search_term_string\"}}],\"inLanguage\":\"es\"},{\"@type\":\"Person\",\"@id\":\"https:\/\/www.noticiasradioreflejos.com.ar\/2021\/#\/schema\/person\/ad82545263dcc5ec0996818884fd5fb1\",\"name\":\"Arnaldo Botto\",\"image\":{\"@type\":\"ImageObject\",\"inLanguage\":\"es\",\"@id\":\"https:\/\/www.noticiasradioreflejos.com.ar\/2021\/#\/schema\/person\/image\/\",\"url\":\"https:\/\/secure.gravatar.com\/avatar\/55cb5e37c1efa326397366e6974cb338056df65cb50e7d64d1cf314e87504837?s=96&d=mm&r=g\",\"contentUrl\":\"https:\/\/secure.gravatar.com\/avatar\/55cb5e37c1efa326397366e6974cb338056df65cb50e7d64d1cf314e87504837?s=96&d=mm&r=g\",\"caption\":\"Arnaldo Botto\"},\"url\":\"https:\/\/www.noticiasradioreflejos.com.ar\/2021\/author\/arnaldo\/\"}]}<\/script>\n<!-- \/ Yoast SEO plugin. -->","yoast_head_json":{"title":"Gobierno restableci\u00f3 el feriado puente del 24 de mayo - Noticias Radio Reflejos","robots":{"index":"index","follow":"follow","max-snippet":"max-snippet:-1","max-image-preview":"max-image-preview:large","max-video-preview":"max-video-preview:-1"},"canonical":"https:\/\/www.noticiasradioreflejos.com.ar\/2021\/gobierno-restablecio-el-feriado-puente-del-24-de-mayo\/","og_locale":"es_ES","og_type":"article","og_title":"Gobierno restableci\u00f3 el feriado puente del 24 de mayo - Noticias Radio Reflejos","og_description":"Por el anuncio de los nueve d\u00edas seguidos de confinamiento, se decidi\u00f3 dar marcha atr\u00e1s con su cancelaci\u00f3n, que se hab\u00eda anunciado hace una semana.","og_url":"https:\/\/www.noticiasradioreflejos.com.ar\/2021\/gobierno-restablecio-el-feriado-puente-del-24-de-mayo\/","og_site_name":"Noticias Radio Reflejos","article_published_time":"2021-05-21T02:32:17+00:00","og_image":[{"width":1024,"height":768,"url":"https:\/\/www.noticiasradioreflejos.com.ar\/2021\/wp-content\/uploads\/2017\/04\/IMG_20170414_161600021-2.jpg","type":"image\/jpeg"}],"author":"Arnaldo Botto","twitter_card":"summary_large_image","schema":{"@context":"https:\/\/schema.org","@graph":[{"@type":"WebPage","@id":"https:\/\/www.noticiasradioreflejos.com.ar\/2021\/gobierno-restablecio-el-feriado-puente-del-24-de-mayo\/","url":"https:\/\/www.noticiasradioreflejos.com.ar\/2021\/gobierno-restablecio-el-feriado-puente-del-24-de-mayo\/","name":"Gobierno restableci\u00f3 el feriado puente del 24 de mayo - Noticias Radio Reflejos","isPartOf":{"@id":"https:\/\/www.noticiasradioreflejos.com.ar\/2021\/#website"},"primaryImageOfPage":{"@id":"https:\/\/www.noticiasradioreflejos.com.ar\/2021\/gobierno-restablecio-el-feriado-puente-del-24-de-mayo\/#primaryimage"},"image":{"@id":"https:\/\/www.noticiasradioreflejos.com.ar\/2021\/gobierno-restablecio-el-feriado-puente-del-24-de-mayo\/#primaryimage"},"thumbnailUrl":"https:\/\/www.noticiasradioreflejos.com.ar\/2021\/wp-content\/uploads\/2017\/04\/IMG_20170414_161600021-2.jpg","datePublished":"2021-05-21T02:32:17+00:00","author":{"@id":"https:\/\/www.noticiasradioreflejos.com.ar\/2021\/#\/schema\/person\/ad82545263dcc5ec0996818884fd5fb1"},"breadcrumb":{"@id":"https:\/\/www.noticiasradioreflejos.com.ar\/2021\/gobierno-restablecio-el-feriado-puente-del-24-de-mayo\/#breadcrumb"},"inLanguage":"es","potentialAction":[{"@type":"ReadAction","target":["https:\/\/www.noticiasradioreflejos.com.ar\/2021\/gobierno-restablecio-el-feriado-puente-del-24-de-mayo\/"]}]},{"@type":"ImageObject","inLanguage":"es","@id":"https:\/\/www.noticiasradioreflejos.com.ar\/2021\/gobierno-restablecio-el-feriado-puente-del-24-de-mayo\/#primaryimage","url":"https:\/\/www.noticiasradioreflejos.com.ar\/2021\/wp-content\/uploads\/2017\/04\/IMG_20170414_161600021-2.jpg","contentUrl":"https:\/\/www.noticiasradioreflejos.com.ar\/2021\/wp-content\/uploads\/2017\/04\/IMG_20170414_161600021-2.jpg","width":1024,"height":768},{"@type":"BreadcrumbList","@id":"https:\/\/www.noticiasradioreflejos.com.ar\/2021\/gobierno-restablecio-el-feriado-puente-del-24-de-mayo\/#breadcrumb","itemListElement":[{"@type":"ListItem","position":1,"name":"Portada","item":"https:\/\/www.noticiasradioreflejos.com.ar\/2021\/"},{"@type":"ListItem","position":2,"name":"Gobierno restableci\u00f3 el feriado puente del 24 de mayo"}]},{"@type":"WebSite","@id":"https:\/\/www.noticiasradioreflejos.com.ar\/2021\/#website","url":"https:\/\/www.noticiasradioreflejos.com.ar\/2021\/","name":"Noticias Radio Reflejos","description":"Las noticias de mi comarca","potentialAction":[{"@type":"SearchAction","target":{"@type":"EntryPoint","urlTemplate":"https:\/\/www.noticiasradioreflejos.com.ar\/2021\/?s={search_term_string}"},"query-input":{"@type":"PropertyValueSpecification","valueRequired":true,"valueName":"search_term_string"}}],"inLanguage":"es"},{"@type":"Person","@id":"https:\/\/www.noticiasradioreflejos.com.ar\/2021\/#\/schema\/person\/ad82545263dcc5ec0996818884fd5fb1","name":"Arnaldo Botto","image":{"@type":"ImageObject","inLanguage":"es","@id":"https:\/\/www.noticiasradioreflejos.com.ar\/2021\/#\/schema\/person\/image\/","url":"https:\/\/secure.gravatar.com\/avatar\/55cb5e37c1efa326397366e6974cb338056df65cb50e7d64d1cf314e87504837?s=96&d=mm&r=g","contentUrl":"https:\/\/secure.gravatar.com\/avatar\/55cb5e37c1efa326397366e6974cb338056df65cb50e7d64d1cf314e87504837?s=96&d=mm&r=g","caption":"Arnaldo Botto"},"url":"https:\/\/www.noticiasradioreflejos.com.ar\/2021\/author\/arnaldo\/"}]}},"_links":{"self":[{"href":"https:\/\/www.noticiasradioreflejos.com.ar\/2021\/wp-json\/wp\/v2\/posts\/57230","targetHints":{"allow":["GET"]}}],"collection":[{"href":"https:\/\/www.noticiasradioreflejos.com.ar\/2021\/wp-json\/wp\/v2\/posts"}],"about":[{"href":"https:\/\/www.noticiasradioreflejos.com.ar\/2021\/wp-json\/wp\/v2\/types\/post"}],"author":[{"embeddable":true,"href":"https:\/\/www.noticiasradioreflejos.com.ar\/2021\/wp-json\/wp\/v2\/users\/3"}],"replies":[{"embeddable":true,"href":"https:\/\/www.noticiasradioreflejos.com.ar\/2021\/wp-json\/wp\/v2\/comments?post=57230"}],"version-history":[{"count":1,"href":"https:\/\/www.noticiasradioreflejos.com.ar\/2021\/wp-json\/wp\/v2\/posts\/57230\/revisions"}],"predecessor-version":[{"id":57231,"href":"https:\/\/www.noticiasradioreflejos.com.ar\/2021\/wp-json\/wp\/v2\/posts\/57230\/revisions\/57231"}],"wp:featuredmedia":[{"embeddable":true,"href":"https:\/\/www.noticiasradioreflejos.com.ar\/2021\/wp-json\/wp\/v2\/media\/9152"}],"wp:attachment":[{"href":"https:\/\/www.noticiasradioreflejos.com.ar\/2021\/wp-json\/wp\/v2\/media?parent=57230"}],"wp:term":[{"taxonomy":"category","embeddable":true,"href":"https:\/\/www.noticiasradioreflejos.com.ar\/2021\/wp-json\/wp\/v2\/categories?post=57230"},{"taxonomy":"post_tag","embeddable":true,"href":"https:\/\/www.noticiasradioreflejos.com.ar\/2021\/wp-json\/wp\/v2\/tags?post=57230"}],"curies":[{"name":"wp","href":"https:\/\/api.w.org\/{rel}","templated":true}]}}