{"id":57224,"date":"2021-05-21T00:26:54","date_gmt":"2021-05-21T00:26:54","guid":{"rendered":"http:\/\/www.noticiasradioreflejos.com.ar\/2021\/?p=57224"},"modified":"2021-05-21T00:26:54","modified_gmt":"2021-05-21T00:26:54","slug":"alberto-fernandez-estamos-viviendo-el-peor-momento-de-la-pandemia","status":"publish","type":"post","link":"https:\/\/www.noticiasradioreflejos.com.ar\/2021\/alberto-fernandez-estamos-viviendo-el-peor-momento-de-la-pandemia\/","title":{"rendered":"Alberto Fern\u00e1ndez: \u00abEstamos viviendo el peor momento de la pandemia\u00bb"},"content":{"rendered":"<div class=\"head-content\">\n<div class=\"data\">\n<p>El Presidente anunci\u00f3 a trav\u00e9s de un mensaje a la ciudadan\u00eda que desde la cero hora del s\u00e1bado 22 hasta el 30 de mayo quedan suspendidas todas las actividades no esenciales en las zonas de alto riesgo o alarma epidemiol\u00f3gica, para bajar la curva de contagios y muertes por coronavirus<\/p>\n<\/div>\n<\/div>\n<p><!--more--><\/p>\n<div class=\"main-content-block\">\n<div class=\"main-box clearfix\">\n<div class=\"wrapper-main-section clearfix\">\n<div class=\"wrapper-editable-content\">\n<div class=\"editable-content clearfix\">\n<div id=\"image\" class=\"image\">\n<p><img decoding=\"async\" title=\"Alberto Fern\u00e1ndez anunci\u00f3 las nuevas medidas sanitarias.\" src=\"https:\/\/www.telam.com.ar\/advf\/imagenes\/2021\/05\/60a6f44a4a487_1004x565.jpg\" alt=\"Alberto Fern\u00e1ndez anunci\u00f3 las nuevas medidas sanitarias.\" \/><\/p>\n<div class=\"epigrafe\"><em>Alberto Fern\u00e1ndez anunci\u00f3 las nuevas medidas sanitarias.<\/em><\/div>\n<\/div>\n<p>El presidente Alberto Fern\u00e1ndez se\u00f1al\u00f3 hque \u00abestamos viviendo el peor momento desde que comenz\u00f3 la pandemia\u00bb y llam\u00f3 asumir \u00abel momento cr\u00edtico que estamos atravesando\u00bb.<\/p>\n<p>En su discurso, el Presidente aclar\u00f3 que \u00abno es momento de especulaciones\u00bb y que los argentinos \u00abdebemos unirnos para superar esta cat\u00e1strofe\u00bb.<\/p>\n<p>Asimismo asegur\u00f3 que \u00abel Estado no puede hacerse el distra\u00eddo ante la pandemia\u00bb.<\/p>\n<p><strong><a href=\"https:\/\/www.telam.com.ar\/notas\/202105\/554963-nuevas-medidas-segunda-ola-coronavirus-gobierno-nacional.html\" target=\"_blank\" rel=\"noopener\">El Presidente anunci\u00f3<\/a><\/strong>\u00a0que \u00abaprovechando que la semana pr\u00f3xima tiene solo tres d\u00edas h\u00e1biles, vamos a suspener la circulaci\u00f3n desde el s\u00e1bado 22 de mayo a las cero hora hasta el domingo 30 de mayo\u00bb.<\/p>\n<p>Quedan asi suspendidas todas las actividades sociales, recreativas, econ\u00f3micas y educativas a trav\u00e9s de la presencialidad en las zonas de alto riesgo o alarma epidemil\u00f3gica.<\/p>\n<\/div>\n<section id=\"fl-layout-header-container\" class=\"fl-layout-container\">\n<div id=\"fl-layout-header\" class=\"fl-layout-inner\">\n<header class=\"flourish-header\">\n<hgroup>\n<h4>Localidades del pa\u00eds en\u00a0<span style=\"color: #1d6996;\">riesgo bajo,\u00a0<span style=\"color: #edad08;\">medio,\u00a0<span style=\"color: #e17c05;\">alto<\/span>\u00a0<span style=\"color: #000000;\">y\u00a0<\/span><span style=\"color: cc503e;\">alerta epidemiol\u00f3gica\u00a0<span style=\"color: #000000;\">por Covid-19<\/span><\/span><\/span><\/span><\/h4>\n<\/hgroup>\n<\/header>\n<\/div>\n<\/section>\n<section id=\"fl-layout-legend-container\" class=\"fl-layout-container\">\n<div id=\"fl-layout-legend\" class=\"fl-layout-inner\" aria-hidden=\"true\">\n<div id=\"regions-legend\" class=\"legend-group\">\n<div id=\"fl-legend-discrete-color-1\" class=\"fl-legend-container\">\n<div class=\"fl-legend-item\">\n<div class=\"fl-legend-swatch\"><\/div>\n<\/div>\n<\/div>\n<\/div>\n<\/div>\n<\/section>\n<div class=\"editable-content clearfix\">\n<p><img loading=\"lazy\" decoding=\"async\" class=\"alignnone size-full wp-image-57226\" src=\"http:\/\/www.noticiasradioreflejos.com.ar\/2021\/wp-content\/uploads\/2021\/05\/descarga.png\" alt=\"\" width=\"849\" height=\"854\" \/><\/p>\n<p><strong>MEDIDAS DISPUESTAS POR EL GOBIERNO NACIONAL<\/strong><\/p>\n<p>-Se restringe la circulaci\u00f3n en todas las zonas del pa\u00eds que se encuadren en Alto riesgo o en Alarma epidemiol\u00f3gica.<br \/>\n-La medida regir\u00e1 desde este s\u00e1bado 22 de mayo a las 0 horas hasta el domingo 30 de mayo inclusive.<\/p>\n<p>-Quedar\u00e1n suspendidas las actividades sociales, econ\u00f3micas, educativas, religiosas y deportivas en forma presencial.<\/p>\n<p>&#8211; Estar\u00e1n habilitados los comercios esenciales, los comercios con env\u00edo a domicilio y para llevar.<\/p>\n<p>&#8211; S\u00f3lo se podr\u00e1 circular en las cercan\u00edas del domicilio, entre las 6 de la ma\u00f1ana y las 18hs, o por razones especialmente autorizadas.<\/p>\n<p><strong>LA MEDIDA DURA 9 D\u00cdAS Y SOLO INVOLUCRA 3 D\u00cdAS H\u00c1BILES.<\/strong><\/p>\n<p>Despu\u00e9s sigue el siguiente cronograma:<\/p>\n<p>-Terminados estos 9 d\u00edas, desde el 31 de mayo hasta el 11 de junio inclusive se retomar\u00e1n las actividades en el marco de las medidas vigentes hasta el d\u00eda de hoy.<\/p>\n<p>-Se implementar\u00e1n las restricciones que correspondan a cada zona seg\u00fan los indicadores epidemiol\u00f3gicos y sanitarios.<\/p>\n<p>-Firme decisi\u00f3n de hacerlas cumplir estrictamente.<\/p>\n<p>-En ese lapso, tratando de favorecer bajar a\u00fan m\u00e1s los contagios, se dispondr\u00e1 que el fin de semana correspondiente al 5 y 6 de Junio se vuelvan a restringir las actividades en las zonas m\u00e1s cr\u00edticas.<\/p>\n<p>-Es una medida de cuidado intensiva y temporaria.<\/p>\n<p><strong>MEDIDAS ADICIONALES PARA EMPRESAS Y FAMILIAS<\/strong><\/p>\n<p>El Gobierno Nacional anunci\u00f3 medidas adicionales para proteger a las familias y a las empresas.<br \/>\nEmpresas:<\/p>\n<p>\u25cf Ampliaci\u00f3n del Programa de Recuperaci\u00f3n Productiva (REPRO) para atender a los sectores que se ver\u00e1n afectados por las medidas: comercio y otros. La inversi\u00f3n en este programa estar\u00e1 en torno a los $52.000 millones.<\/p>\n<p>\u25cf Incremento del monto del salario complementario para las y los trabajadores de los sectores cr\u00edticos y la salud, que pasa de $18.000 a $22.000. La inversi\u00f3n prevista es de $6.000 millones.<\/p>\n<p>\u25cf Incorporaci\u00f3n del sector gastron\u00f3mico al REPRO y reducci\u00f3n de las contribuciones patronales en los sectores cr\u00edticos, por $8.500 millones.<br \/>\nFamilias:<\/p>\n<p>\u25cf Desde ma\u00f1ana viernes hasta fin de mes se inyectar\u00e1n 18 mil millones de pesos en los bolsillos de las familias beneficiarias con la tarjeta Alimentar. Esto lo anunci\u00f3 el presidente el viernes 7 de mayo.<\/p>\n<p>\u25cf Ampliaci\u00f3n de la Tarjeta Alimentar que permitir\u00e1 fortalecer los ingresos de las familias con menores de hasta 14 a\u00f1os. La medida alcanza a casi 4 millones de ni\u00f1os, ni\u00f1as y adolescentes. La inversi\u00f3n mensual para financiar la Tarjeta Alimentar ser\u00e1 de $18.100 millones y se comienza a pagar el viernes 21 de mayo.<\/p>\n<p>\u25cf Ampliaci\u00f3n del Programa Progresar con becas para la terminaci\u00f3n de la primaria y la secundaria, la capacitaci\u00f3n profesional, el cursado de carreras universitarias y, tambi\u00e9n, para formar enfermeros y enfermeras. El objetivo del programa es llegar a 1 mill\u00f3n de j\u00f3venes en todo el pa\u00eds con becas mensuales de entre $3.600 y $9.600. Las becas se pagan durante todo el a\u00f1o (12 meses). La inversi\u00f3n durante este a\u00f1o supera los $28.000 millones.<\/p>\n<p>\u25cf Ampliaci\u00f3n de la AUH y asignaciones familiares. El objetivo es llegar a 700.000 y el estimado es de $29.000 millones.<\/p>\n<p>\u25cf Se transform\u00f3 el Programa Potenciar Trabajo para asociarlos con distintas actividades productivas de la econom\u00eda popular. Los 920.000 trabajadoras y trabajadores de este programa cobrar\u00e1n en mayo $12.204 y hacia fin de a\u00f1o $14.040. La inversi\u00f3n anual estimada para este programa es de $167.000 millones.<br \/>\nSectores:<\/p>\n<p>\u25cf Cultura y Turismo. Se han reforzado las partidas presupuestarias para asistir a estos sectores en m\u00e1s de $4.700 millones.<\/p>\n<p>\u25cfFortalecimiento del Sistema de Salud. Para la atenci\u00f3n de la segunda ola del COVID, se estima una inversi\u00f3n de $144.000 millones. Incluye la inversi\u00f3n en vacunas de $72.000 millones, el bono por 3 meses de $6.550 para 700.000 trabajadores y trabajadoras de la salud y $36.000 millones de r\u2026<\/p>\n<\/div>\n<div><\/div>\n<\/div>\n<\/div>\n<\/div>\n<\/div>\n","protected":false},"excerpt":{"rendered":"<p>El Presidente anunci\u00f3 a trav\u00e9s de un mensaje a la ciudadan\u00eda que desde la cero hora del s\u00e1bado 22 hasta el 30 de mayo quedan suspendidas todas las actividades no esenciales en las zonas de alto riesgo o alarma epidemiol\u00f3gica, para bajar la curva de contagios y muertes por coronavirus<\/p>\n","protected":false},"author":3,"featured_media":0,"comment_status":"closed","ping_status":"closed","sticky":false,"template":"","format":"standard","meta":{"footnotes":""},"categories":[24,30],"tags":[48],"class_list":["post-57224","post","type-post","status-publish","format-standard","hentry","category-politica","category-salud","tag-destacada"],"yoast_head":"<!-- This site is optimized with the Yoast SEO plugin v25.9 - https:\/\/yoast.com\/wordpress\/plugins\/seo\/ -->\n<title>Alberto Fern\u00e1ndez: &quot;Estamos viviendo el peor momento de la pandemia&quot; - Noticias Radio Reflejos<\/title>\n<meta name=\"robots\" content=\"index, follow, max-snippet:-1, max-image-preview:large, max-video-preview:-1\" \/>\n<link rel=\"canonical\" href=\"https:\/\/www.noticiasradioreflejos.com.ar\/2021\/alberto-fernandez-estamos-viviendo-el-peor-momento-de-la-pandemia\/\" \/>\n<meta property=\"og:locale\" content=\"es_ES\" \/>\n<meta property=\"og:type\" content=\"article\" \/>\n<meta property=\"og:title\" content=\"Alberto Fern\u00e1ndez: &quot;Estamos viviendo el peor momento de la pandemia&quot; - Noticias Radio Reflejos\" \/>\n<meta property=\"og:description\" content=\"El Presidente anunci\u00f3 a trav\u00e9s de un mensaje a la ciudadan\u00eda que desde la cero hora del s\u00e1bado 22 hasta el 30 de mayo quedan suspendidas todas las actividades no esenciales en las zonas de alto riesgo o alarma epidemiol\u00f3gica, para bajar la curva de contagios y muertes por coronavirus\" \/>\n<meta property=\"og:url\" content=\"https:\/\/www.noticiasradioreflejos.com.ar\/2021\/alberto-fernandez-estamos-viviendo-el-peor-momento-de-la-pandemia\/\" \/>\n<meta property=\"og:site_name\" content=\"Noticias Radio Reflejos\" \/>\n<meta property=\"article:published_time\" content=\"2021-05-21T00:26:54+00:00\" \/>\n<meta property=\"og:image\" content=\"https:\/\/www.telam.com.ar\/advf\/imagenes\/2021\/05\/60a6f44a4a487_1004x565.jpg\" \/>\n<meta name=\"author\" content=\"Arnaldo Botto\" \/>\n<meta name=\"twitter:card\" content=\"summary_large_image\" \/>\n<script type=\"application\/ld+json\" class=\"yoast-schema-graph\">{\"@context\":\"https:\/\/schema.org\",\"@graph\":[{\"@type\":\"WebPage\",\"@id\":\"https:\/\/www.noticiasradioreflejos.com.ar\/2021\/alberto-fernandez-estamos-viviendo-el-peor-momento-de-la-pandemia\/\",\"url\":\"https:\/\/www.noticiasradioreflejos.com.ar\/2021\/alberto-fernandez-estamos-viviendo-el-peor-momento-de-la-pandemia\/\",\"name\":\"Alberto Fern\u00e1ndez: \\\"Estamos viviendo el peor momento de la pandemia\\\" - Noticias Radio Reflejos\",\"isPartOf\":{\"@id\":\"https:\/\/www.noticiasradioreflejos.com.ar\/2021\/#website\"},\"primaryImageOfPage\":{\"@id\":\"https:\/\/www.noticiasradioreflejos.com.ar\/2021\/alberto-fernandez-estamos-viviendo-el-peor-momento-de-la-pandemia\/#primaryimage\"},\"image\":{\"@id\":\"https:\/\/www.noticiasradioreflejos.com.ar\/2021\/alberto-fernandez-estamos-viviendo-el-peor-momento-de-la-pandemia\/#primaryimage\"},\"thumbnailUrl\":\"https:\/\/www.telam.com.ar\/advf\/imagenes\/2021\/05\/60a6f44a4a487_1004x565.jpg\",\"datePublished\":\"2021-05-21T00:26:54+00:00\",\"author\":{\"@id\":\"https:\/\/www.noticiasradioreflejos.com.ar\/2021\/#\/schema\/person\/ad82545263dcc5ec0996818884fd5fb1\"},\"breadcrumb\":{\"@id\":\"https:\/\/www.noticiasradioreflejos.com.ar\/2021\/alberto-fernandez-estamos-viviendo-el-peor-momento-de-la-pandemia\/#breadcrumb\"},\"inLanguage\":\"es\",\"potentialAction\":[{\"@type\":\"ReadAction\",\"target\":[\"https:\/\/www.noticiasradioreflejos.com.ar\/2021\/alberto-fernandez-estamos-viviendo-el-peor-momento-de-la-pandemia\/\"]}]},{\"@type\":\"ImageObject\",\"inLanguage\":\"es\",\"@id\":\"https:\/\/www.noticiasradioreflejos.com.ar\/2021\/alberto-fernandez-estamos-viviendo-el-peor-momento-de-la-pandemia\/#primaryimage\",\"url\":\"https:\/\/www.telam.com.ar\/advf\/imagenes\/2021\/05\/60a6f44a4a487_1004x565.jpg\",\"contentUrl\":\"https:\/\/www.telam.com.ar\/advf\/imagenes\/2021\/05\/60a6f44a4a487_1004x565.jpg\"},{\"@type\":\"BreadcrumbList\",\"@id\":\"https:\/\/www.noticiasradioreflejos.com.ar\/2021\/alberto-fernandez-estamos-viviendo-el-peor-momento-de-la-pandemia\/#breadcrumb\",\"itemListElement\":[{\"@type\":\"ListItem\",\"position\":1,\"name\":\"Portada\",\"item\":\"https:\/\/www.noticiasradioreflejos.com.ar\/2021\/\"},{\"@type\":\"ListItem\",\"position\":2,\"name\":\"Alberto Fern\u00e1ndez: \u00abEstamos viviendo el peor momento de la pandemia\u00bb\"}]},{\"@type\":\"WebSite\",\"@id\":\"https:\/\/www.noticiasradioreflejos.com.ar\/2021\/#website\",\"url\":\"https:\/\/www.noticiasradioreflejos.com.ar\/2021\/\",\"name\":\"Noticias Radio Reflejos\",\"description\":\"Las noticias de mi comarca\",\"potentialAction\":[{\"@type\":\"SearchAction\",\"target\":{\"@type\":\"EntryPoint\",\"urlTemplate\":\"https:\/\/www.noticiasradioreflejos.com.ar\/2021\/?s={search_term_string}\"},\"query-input\":{\"@type\":\"PropertyValueSpecification\",\"valueRequired\":true,\"valueName\":\"search_term_string\"}}],\"inLanguage\":\"es\"},{\"@type\":\"Person\",\"@id\":\"https:\/\/www.noticiasradioreflejos.com.ar\/2021\/#\/schema\/person\/ad82545263dcc5ec0996818884fd5fb1\",\"name\":\"Arnaldo Botto\",\"image\":{\"@type\":\"ImageObject\",\"inLanguage\":\"es\",\"@id\":\"https:\/\/www.noticiasradioreflejos.com.ar\/2021\/#\/schema\/person\/image\/\",\"url\":\"https:\/\/secure.gravatar.com\/avatar\/55cb5e37c1efa326397366e6974cb338056df65cb50e7d64d1cf314e87504837?s=96&d=mm&r=g\",\"contentUrl\":\"https:\/\/secure.gravatar.com\/avatar\/55cb5e37c1efa326397366e6974cb338056df65cb50e7d64d1cf314e87504837?s=96&d=mm&r=g\",\"caption\":\"Arnaldo Botto\"},\"url\":\"https:\/\/www.noticiasradioreflejos.com.ar\/2021\/author\/arnaldo\/\"}]}<\/script>\n<!-- \/ Yoast SEO plugin. -->","yoast_head_json":{"title":"Alberto Fern\u00e1ndez: \"Estamos viviendo el peor momento de la pandemia\" - Noticias Radio Reflejos","robots":{"index":"index","follow":"follow","max-snippet":"max-snippet:-1","max-image-preview":"max-image-preview:large","max-video-preview":"max-video-preview:-1"},"canonical":"https:\/\/www.noticiasradioreflejos.com.ar\/2021\/alberto-fernandez-estamos-viviendo-el-peor-momento-de-la-pandemia\/","og_locale":"es_ES","og_type":"article","og_title":"Alberto Fern\u00e1ndez: \"Estamos viviendo el peor momento de la pandemia\" - Noticias Radio Reflejos","og_description":"El Presidente anunci\u00f3 a trav\u00e9s de un mensaje a la ciudadan\u00eda que desde la cero hora del s\u00e1bado 22 hasta el 30 de mayo quedan suspendidas todas las actividades no esenciales en las zonas de alto riesgo o alarma epidemiol\u00f3gica, para bajar la curva de contagios y muertes por coronavirus","og_url":"https:\/\/www.noticiasradioreflejos.com.ar\/2021\/alberto-fernandez-estamos-viviendo-el-peor-momento-de-la-pandemia\/","og_site_name":"Noticias Radio Reflejos","article_published_time":"2021-05-21T00:26:54+00:00","og_image":[{"url":"https:\/\/www.telam.com.ar\/advf\/imagenes\/2021\/05\/60a6f44a4a487_1004x565.jpg","type":"","width":"","height":""}],"author":"Arnaldo Botto","twitter_card":"summary_large_image","schema":{"@context":"https:\/\/schema.org","@graph":[{"@type":"WebPage","@id":"https:\/\/www.noticiasradioreflejos.com.ar\/2021\/alberto-fernandez-estamos-viviendo-el-peor-momento-de-la-pandemia\/","url":"https:\/\/www.noticiasradioreflejos.com.ar\/2021\/alberto-fernandez-estamos-viviendo-el-peor-momento-de-la-pandemia\/","name":"Alberto Fern\u00e1ndez: \"Estamos viviendo el peor momento de la pandemia\" - Noticias Radio Reflejos","isPartOf":{"@id":"https:\/\/www.noticiasradioreflejos.com.ar\/2021\/#website"},"primaryImageOfPage":{"@id":"https:\/\/www.noticiasradioreflejos.com.ar\/2021\/alberto-fernandez-estamos-viviendo-el-peor-momento-de-la-pandemia\/#primaryimage"},"image":{"@id":"https:\/\/www.noticiasradioreflejos.com.ar\/2021\/alberto-fernandez-estamos-viviendo-el-peor-momento-de-la-pandemia\/#primaryimage"},"thumbnailUrl":"https:\/\/www.telam.com.ar\/advf\/imagenes\/2021\/05\/60a6f44a4a487_1004x565.jpg","datePublished":"2021-05-21T00:26:54+00:00","author":{"@id":"https:\/\/www.noticiasradioreflejos.com.ar\/2021\/#\/schema\/person\/ad82545263dcc5ec0996818884fd5fb1"},"breadcrumb":{"@id":"https:\/\/www.noticiasradioreflejos.com.ar\/2021\/alberto-fernandez-estamos-viviendo-el-peor-momento-de-la-pandemia\/#breadcrumb"},"inLanguage":"es","potentialAction":[{"@type":"ReadAction","target":["https:\/\/www.noticiasradioreflejos.com.ar\/2021\/alberto-fernandez-estamos-viviendo-el-peor-momento-de-la-pandemia\/"]}]},{"@type":"ImageObject","inLanguage":"es","@id":"https:\/\/www.noticiasradioreflejos.com.ar\/2021\/alberto-fernandez-estamos-viviendo-el-peor-momento-de-la-pandemia\/#primaryimage","url":"https:\/\/www.telam.com.ar\/advf\/imagenes\/2021\/05\/60a6f44a4a487_1004x565.jpg","contentUrl":"https:\/\/www.telam.com.ar\/advf\/imagenes\/2021\/05\/60a6f44a4a487_1004x565.jpg"},{"@type":"BreadcrumbList","@id":"https:\/\/www.noticiasradioreflejos.com.ar\/2021\/alberto-fernandez-estamos-viviendo-el-peor-momento-de-la-pandemia\/#breadcrumb","itemListElement":[{"@type":"ListItem","position":1,"name":"Portada","item":"https:\/\/www.noticiasradioreflejos.com.ar\/2021\/"},{"@type":"ListItem","position":2,"name":"Alberto Fern\u00e1ndez: \u00abEstamos viviendo el peor momento de la pandemia\u00bb"}]},{"@type":"WebSite","@id":"https:\/\/www.noticiasradioreflejos.com.ar\/2021\/#website","url":"https:\/\/www.noticiasradioreflejos.com.ar\/2021\/","name":"Noticias Radio Reflejos","description":"Las noticias de mi comarca","potentialAction":[{"@type":"SearchAction","target":{"@type":"EntryPoint","urlTemplate":"https:\/\/www.noticiasradioreflejos.com.ar\/2021\/?s={search_term_string}"},"query-input":{"@type":"PropertyValueSpecification","valueRequired":true,"valueName":"search_term_string"}}],"inLanguage":"es"},{"@type":"Person","@id":"https:\/\/www.noticiasradioreflejos.com.ar\/2021\/#\/schema\/person\/ad82545263dcc5ec0996818884fd5fb1","name":"Arnaldo Botto","image":{"@type":"ImageObject","inLanguage":"es","@id":"https:\/\/www.noticiasradioreflejos.com.ar\/2021\/#\/schema\/person\/image\/","url":"https:\/\/secure.gravatar.com\/avatar\/55cb5e37c1efa326397366e6974cb338056df65cb50e7d64d1cf314e87504837?s=96&d=mm&r=g","contentUrl":"https:\/\/secure.gravatar.com\/avatar\/55cb5e37c1efa326397366e6974cb338056df65cb50e7d64d1cf314e87504837?s=96&d=mm&r=g","caption":"Arnaldo Botto"},"url":"https:\/\/www.noticiasradioreflejos.com.ar\/2021\/author\/arnaldo\/"}]}},"_links":{"self":[{"href":"https:\/\/www.noticiasradioreflejos.com.ar\/2021\/wp-json\/wp\/v2\/posts\/57224","targetHints":{"allow":["GET"]}}],"collection":[{"href":"https:\/\/www.noticiasradioreflejos.com.ar\/2021\/wp-json\/wp\/v2\/posts"}],"about":[{"href":"https:\/\/www.noticiasradioreflejos.com.ar\/2021\/wp-json\/wp\/v2\/types\/post"}],"author":[{"embeddable":true,"href":"https:\/\/www.noticiasradioreflejos.com.ar\/2021\/wp-json\/wp\/v2\/users\/3"}],"replies":[{"embeddable":true,"href":"https:\/\/www.noticiasradioreflejos.com.ar\/2021\/wp-json\/wp\/v2\/comments?post=57224"}],"version-history":[{"count":1,"href":"https:\/\/www.noticiasradioreflejos.com.ar\/2021\/wp-json\/wp\/v2\/posts\/57224\/revisions"}],"predecessor-version":[{"id":57227,"href":"https:\/\/www.noticiasradioreflejos.com.ar\/2021\/wp-json\/wp\/v2\/posts\/57224\/revisions\/57227"}],"wp:attachment":[{"href":"https:\/\/www.noticiasradioreflejos.com.ar\/2021\/wp-json\/wp\/v2\/media?parent=57224"}],"wp:term":[{"taxonomy":"category","embeddable":true,"href":"https:\/\/www.noticiasradioreflejos.com.ar\/2021\/wp-json\/wp\/v2\/categories?post=57224"},{"taxonomy":"post_tag","embeddable":true,"href":"https:\/\/www.noticiasradioreflejos.com.ar\/2021\/wp-json\/wp\/v2\/tags?post=57224"}],"curies":[{"name":"wp","href":"https:\/\/api.w.org\/{rel}","templated":true}]}}