{"id":57198,"date":"2021-05-20T17:49:30","date_gmt":"2021-05-20T17:49:30","guid":{"rendered":"http:\/\/www.noticiasradioreflejos.com.ar\/2021\/?p=57198"},"modified":"2021-05-20T17:49:30","modified_gmt":"2021-05-20T17:49:30","slug":"mexico-entrega-la-proxima-semana-los-primeros-lotes-de-astrazeneca-para-argentina-y-la-region","status":"publish","type":"post","link":"https:\/\/www.noticiasradioreflejos.com.ar\/2021\/mexico-entrega-la-proxima-semana-los-primeros-lotes-de-astrazeneca-para-argentina-y-la-region\/","title":{"rendered":"M\u00e9xico entrega la pr\u00f3xima semana los primeros lotes de AstraZeneca para Argentina y la regi\u00f3n"},"content":{"rendered":"<div class=\"head-content\">\n<p>Los primeros env\u00edos de la vacuna contra la Covid-19 producida por M\u00e9xico y Argentina destinados a Am\u00e9rica Latina, est\u00e1n listos y esperan ser entregados entre el 24 y 25 de mayo,, anunci\u00f3 el canciller Marcelo Ebrard en una recorrida por la f\u00e1brica Liomont junto al embajador argentino, Carlos Tomada.<\/p>\n<\/div>\n<p><!--more--><\/p>\n<div class=\"main-content-block\">\n<div class=\"main-box clearfix\">\n<div class=\"wrapper-main-section clearfix\">\n<div class=\"wrapper-editable-content\">\n<div class=\"editable-content clearfix\">\n<div id=\"image\" class=\"image\">\n<p><img decoding=\"async\" title=\"Entre el 24 o 25 de mayo estar\u00eda llegando el primer lote de vacunas Astrazenca desde M\u00e9xico.\" src=\"https:\/\/www.telam.com.ar\/advf\/imagenes\/2021\/04\/607c64fc04749.04.2021%20565_1004x565.jpg\" alt=\"Entre el 24 o 25 de mayo estar\u00eda llegando el primer lote de vacunas Astrazenca desde M\u00e9xico.\" \/><\/p>\n<div class=\"epigrafe\">Entre el 24 o 25 de mayo estar\u00eda llegando el primer lote de vacunas Astrazenca desde M\u00e9xico.<\/div>\n<\/div>\n<p>Los primeros lotes de la vacuna contra la Covid-19 producida por M\u00e9xico y Argentina destinados a Am\u00e9rica Latina, est\u00e1n listos y esperan ser entregados a la regi\u00f3n la pr\u00f3xima semana, anunci\u00f3 el canciller Marcelo Ebrard.<\/p>\n<p>\u00abYa hemos constatado que (el laboratorio mexicano) Liomont ya entreg\u00f3 a Cofepris (Comisi\u00f3n Federal para la Protecci\u00f3n contra Riesgos Sanitarios) los lotes correspondientes para su revisi\u00f3n y estar\u00e1n terminando aproximadamente el primer lote el 24 o 25 de mayo\u00bb, dijo el canciller, citado por la agencia de noticias Sputnik.<\/p>\n<p><strong>Parte de estos primeros lotes est\u00e1n destinados a Argentina, donde se produjo el principio activo de la vacuna.<\/strong><\/p>\n<p>Ebrard puso fecha para los primeros env\u00edos<strong>\u00a0tras recorrer la planta del laboratorio, ubicada en el estado de Queretaro, centro de M\u00e9xico, acompa\u00f1ado por el embajador argentino, Carlos Alfonso Tomada<\/strong>, para testificar el proceso de envasado del principio activo, inform\u00f3 el medio local La Jornada.<\/p>\n<p><strong>La Comisi\u00f3n Federal para la Protecci\u00f3n contra Riesgos Sanitarios ya est\u00e1 analizando los primeros lotes<\/strong>\u00a0de la vacuna que est\u00e1n listos y se espera que la autorizaci\u00f3n llegue a m\u00e1s tardar el pr\u00f3ximo lunes.<\/p>\n<p><strong>Posteriormente, deber\u00e1n recibir el aval de AstraZeneca<\/strong>\u00a0y, una vez que la empresa los autorice,\u00a0<strong>podr\u00e1n comenzar a usarse.<\/strong><\/p>\n<blockquote class=\"twitter-tweet\" data-width=\"500\" data-dnt=\"true\">\n<p lang=\"es\" dir=\"ltr\">\ud83e\uddf5Invitado por el Sec <a href=\"https:\/\/twitter.com\/m_ebrard?ref_src=twsrc%5Etfw\">@m_ebrard<\/a>, el Emb <a href=\"https:\/\/twitter.com\/CarlosTomada?ref_src=twsrc%5Etfw\">@CarlosTomada<\/a> recorri\u00f3, junto a <a href=\"https:\/\/twitter.com\/maximilianoreyz?ref_src=twsrc%5Etfw\">@maximilianoreyz<\/a> y <a href=\"https:\/\/twitter.com\/marthadelgado?ref_src=twsrc%5Etfw\">@marthadelgado<\/a>, la planta de  @Liomontoficial.<\/p>\n<p>La vacuna de <a href=\"https:\/\/twitter.com\/hashtag\/AstraZeneca?src=hash&amp;ref_src=twsrc%5Etfw\">#AstraZeneca<\/a> ya est\u00e1 lista, gracias a la elaboraci\u00f3n del ant\u00edgeno en \ud83c\udde6\ud83c\uddf7 y a la formulaci\u00f3n y envasado del biol\u00f3gico en \ud83c\uddf2\ud83c\uddfd\u2026 <a href=\"https:\/\/t.co\/xKVleBHg8A\">pic.twitter.com\/xKVleBHg8A<\/a><\/p>\n<p>&mdash; Argentina en M\u00e9xico (@ARGenMexico) <a href=\"https:\/\/twitter.com\/ARGenMexico\/status\/1395100086246445061?ref_src=twsrc%5Etfw\">May 19, 2021<\/a><\/p><\/blockquote>\n<p><script async src=\"https:\/\/platform.twitter.com\/widgets.js\" charset=\"utf-8\"><\/script><\/p>\n<h3>C\u00f3mo fue el proceso de la vacuna<\/h3>\n<p>Esta vacuna es el resultado del convenio impulsado por la Fundaci\u00f3n Slim para que los gobiernos de M\u00e9xico y Argentina produjeran la vacuna desarrollada por la universidad de Oxford y la farmac\u00e9utica AstraZeneca de manera local.<\/p>\n<p>La sustancia activa se desarroll\u00f3 en la f\u00e1brica argentina mAbxience y se env\u00edo a granel a M\u00e9xico en febrero pasado para su envasado en la empresa mexicana Liomont, donde sufri\u00f3 varios retrasos por falta de suministros provenientes de Estados Unidos.<\/p>\n<p>Los acuerdos se firmaron en agosto del a\u00f1o pasado y tienen como prop\u00f3sito producir de 150 a 250 millones de dosis para todo Am\u00e9rica Latina.<\/p>\n<h3 class=\"auth\"><strong>La mitad de las dosis para M\u00e9xico<\/strong><\/h3>\n<p><strong>Ebrard detall\u00f3 que del total que se produzca en M\u00e9xico, la mitad se quedar\u00e1 en el pa\u00eds y el resto ir\u00e1 a las naciones de la regi\u00f3n.<\/strong><\/p>\n<p>\u201cNosotros compramos 77,4 millones de dosis (de AstraZeneca) y ese es el pedido que M\u00e9xico hizo y est\u00e1 garantizado; m\u00e1s o menos 55% se queda en M\u00e9xico de lo que se produce aqu\u00ed, el resto se distribuye en Am\u00e9rica Latina\u201d, especific\u00f3.<\/p>\n<p>Ebrard agreg\u00f3 que para inicios de junio M\u00e9xico contar\u00e1 con 40 millones de dosis y durante ese mes se recibir\u00e1n entre 25 y 30 millones m\u00e1s, por lo que asever\u00f3 que para octubre gran parte de la poblaci\u00f3n adulta del pa\u00eds contar\u00e1 con la inmunizaci\u00f3n.<\/p>\n<p>Asimismo, inform\u00f3 que se est\u00e1 en negociaciones con el Gobierno de la Federaci\u00f3n Rusa para que el biol\u00f3gico producido en ese pa\u00eds, Sputnik V y Sputnik Light, tambi\u00e9n se produzcan en nuestro pa\u00eds.<\/p>\n<blockquote class=\"twitter-tweet\" data-width=\"500\" data-dnt=\"true\">\n<p lang=\"es\" dir=\"ltr\">El Canciller de M\u00e9xico \ud83c\uddf2\ud83c\uddfd <a href=\"https:\/\/twitter.com\/m_ebrard?ref_src=twsrc%5Etfw\">@m_ebrard<\/a> anunci\u00f3 que el pr\u00f3ximo 24 de mayo estar\u00e1 listo el primer lote de vacunas Astra Zeneca producidas en la iniciativa binacional con Argentina \ud83c\udde6\ud83c\uddf7 de los laboratorios mAbxience y Liomont, con el apoyo de la Fundaci\u00f3n Carlos Slim. <a href=\"https:\/\/t.co\/wVu1Uhl2nz\">pic.twitter.com\/wVu1Uhl2nz<\/a><\/p>\n<p>&mdash; Comunidad de Estados Latinoamericanos y Caribe\u00f1os (@PPT_CELAC) <a href=\"https:\/\/twitter.com\/PPT_CELAC\/status\/1395075150123520002?ref_src=twsrc%5Etfw\">May 19, 2021<\/a><\/p><\/blockquote>\n<p><script async src=\"https:\/\/platform.twitter.com\/widgets.js\" charset=\"utf-8\"><\/script><\/p>\n<\/div>\n<\/div>\n<\/div>\n<\/div>\n<\/div>\n","protected":false},"excerpt":{"rendered":"<p>Los primeros env\u00edos de la vacuna contra la Covid-19 producida por M\u00e9xico y Argentina destinados a Am\u00e9rica Latina, est\u00e1n listos y esperan ser entregados entre el 24 y 25 de mayo,, anunci\u00f3 el canciller Marcelo Ebrard en una recorrida por la f\u00e1brica Liomont junto al embajador argentino, Carlos Tomada.<\/p>\n","protected":false},"author":3,"featured_media":0,"comment_status":"closed","ping_status":"closed","sticky":false,"template":"","format":"standard","meta":{"footnotes":""},"categories":[24,30],"tags":[],"class_list":["post-57198","post","type-post","status-publish","format-standard","hentry","category-politica","category-salud"],"yoast_head":"<!-- This site is optimized with the Yoast SEO plugin v25.9 - https:\/\/yoast.com\/wordpress\/plugins\/seo\/ -->\n<title>M\u00e9xico entrega la pr\u00f3xima semana los primeros lotes de AstraZeneca para Argentina y la regi\u00f3n - Noticias Radio Reflejos<\/title>\n<meta name=\"robots\" content=\"index, follow, max-snippet:-1, max-image-preview:large, max-video-preview:-1\" \/>\n<link rel=\"canonical\" href=\"https:\/\/www.noticiasradioreflejos.com.ar\/2021\/mexico-entrega-la-proxima-semana-los-primeros-lotes-de-astrazeneca-para-argentina-y-la-region\/\" \/>\n<meta property=\"og:locale\" content=\"es_ES\" \/>\n<meta property=\"og:type\" content=\"article\" \/>\n<meta property=\"og:title\" content=\"M\u00e9xico entrega la pr\u00f3xima semana los primeros lotes de AstraZeneca para Argentina y la regi\u00f3n - Noticias Radio Reflejos\" \/>\n<meta property=\"og:description\" content=\"Los primeros env\u00edos de la vacuna contra la Covid-19 producida por M\u00e9xico y Argentina destinados a Am\u00e9rica Latina, est\u00e1n listos y esperan ser entregados entre el 24 y 25 de mayo,, anunci\u00f3 el canciller Marcelo Ebrard en una recorrida por la f\u00e1brica Liomont junto al embajador argentino, Carlos Tomada.\" \/>\n<meta property=\"og:url\" content=\"https:\/\/www.noticiasradioreflejos.com.ar\/2021\/mexico-entrega-la-proxima-semana-los-primeros-lotes-de-astrazeneca-para-argentina-y-la-region\/\" \/>\n<meta property=\"og:site_name\" content=\"Noticias Radio Reflejos\" \/>\n<meta property=\"article:published_time\" content=\"2021-05-20T17:49:30+00:00\" \/>\n<meta property=\"og:image\" content=\"https:\/\/www.telam.com.ar\/advf\/imagenes\/2021\/04\/607c64fc04749.04.2021%20565_1004x565.jpg\" \/>\n<meta name=\"author\" content=\"Arnaldo Botto\" \/>\n<meta name=\"twitter:card\" content=\"summary_large_image\" \/>\n<script type=\"application\/ld+json\" class=\"yoast-schema-graph\">{\"@context\":\"https:\/\/schema.org\",\"@graph\":[{\"@type\":\"WebPage\",\"@id\":\"https:\/\/www.noticiasradioreflejos.com.ar\/2021\/mexico-entrega-la-proxima-semana-los-primeros-lotes-de-astrazeneca-para-argentina-y-la-region\/\",\"url\":\"https:\/\/www.noticiasradioreflejos.com.ar\/2021\/mexico-entrega-la-proxima-semana-los-primeros-lotes-de-astrazeneca-para-argentina-y-la-region\/\",\"name\":\"M\u00e9xico entrega la pr\u00f3xima semana los primeros lotes de AstraZeneca para Argentina y la regi\u00f3n - Noticias Radio Reflejos\",\"isPartOf\":{\"@id\":\"https:\/\/www.noticiasradioreflejos.com.ar\/2021\/#website\"},\"primaryImageOfPage\":{\"@id\":\"https:\/\/www.noticiasradioreflejos.com.ar\/2021\/mexico-entrega-la-proxima-semana-los-primeros-lotes-de-astrazeneca-para-argentina-y-la-region\/#primaryimage\"},\"image\":{\"@id\":\"https:\/\/www.noticiasradioreflejos.com.ar\/2021\/mexico-entrega-la-proxima-semana-los-primeros-lotes-de-astrazeneca-para-argentina-y-la-region\/#primaryimage\"},\"thumbnailUrl\":\"https:\/\/www.telam.com.ar\/advf\/imagenes\/2021\/04\/607c64fc04749.04.2021%20565_1004x565.jpg\",\"datePublished\":\"2021-05-20T17:49:30+00:00\",\"author\":{\"@id\":\"https:\/\/www.noticiasradioreflejos.com.ar\/2021\/#\/schema\/person\/ad82545263dcc5ec0996818884fd5fb1\"},\"breadcrumb\":{\"@id\":\"https:\/\/www.noticiasradioreflejos.com.ar\/2021\/mexico-entrega-la-proxima-semana-los-primeros-lotes-de-astrazeneca-para-argentina-y-la-region\/#breadcrumb\"},\"inLanguage\":\"es\",\"potentialAction\":[{\"@type\":\"ReadAction\",\"target\":[\"https:\/\/www.noticiasradioreflejos.com.ar\/2021\/mexico-entrega-la-proxima-semana-los-primeros-lotes-de-astrazeneca-para-argentina-y-la-region\/\"]}]},{\"@type\":\"ImageObject\",\"inLanguage\":\"es\",\"@id\":\"https:\/\/www.noticiasradioreflejos.com.ar\/2021\/mexico-entrega-la-proxima-semana-los-primeros-lotes-de-astrazeneca-para-argentina-y-la-region\/#primaryimage\",\"url\":\"https:\/\/www.telam.com.ar\/advf\/imagenes\/2021\/04\/607c64fc04749.04.2021%20565_1004x565.jpg\",\"contentUrl\":\"https:\/\/www.telam.com.ar\/advf\/imagenes\/2021\/04\/607c64fc04749.04.2021%20565_1004x565.jpg\"},{\"@type\":\"BreadcrumbList\",\"@id\":\"https:\/\/www.noticiasradioreflejos.com.ar\/2021\/mexico-entrega-la-proxima-semana-los-primeros-lotes-de-astrazeneca-para-argentina-y-la-region\/#breadcrumb\",\"itemListElement\":[{\"@type\":\"ListItem\",\"position\":1,\"name\":\"Portada\",\"item\":\"https:\/\/www.noticiasradioreflejos.com.ar\/2021\/\"},{\"@type\":\"ListItem\",\"position\":2,\"name\":\"M\u00e9xico entrega la pr\u00f3xima semana los primeros lotes de AstraZeneca para Argentina y la regi\u00f3n\"}]},{\"@type\":\"WebSite\",\"@id\":\"https:\/\/www.noticiasradioreflejos.com.ar\/2021\/#website\",\"url\":\"https:\/\/www.noticiasradioreflejos.com.ar\/2021\/\",\"name\":\"Noticias Radio Reflejos\",\"description\":\"Las noticias de mi comarca\",\"potentialAction\":[{\"@type\":\"SearchAction\",\"target\":{\"@type\":\"EntryPoint\",\"urlTemplate\":\"https:\/\/www.noticiasradioreflejos.com.ar\/2021\/?s={search_term_string}\"},\"query-input\":{\"@type\":\"PropertyValueSpecification\",\"valueRequired\":true,\"valueName\":\"search_term_string\"}}],\"inLanguage\":\"es\"},{\"@type\":\"Person\",\"@id\":\"https:\/\/www.noticiasradioreflejos.com.ar\/2021\/#\/schema\/person\/ad82545263dcc5ec0996818884fd5fb1\",\"name\":\"Arnaldo Botto\",\"image\":{\"@type\":\"ImageObject\",\"inLanguage\":\"es\",\"@id\":\"https:\/\/www.noticiasradioreflejos.com.ar\/2021\/#\/schema\/person\/image\/\",\"url\":\"https:\/\/secure.gravatar.com\/avatar\/55cb5e37c1efa326397366e6974cb338056df65cb50e7d64d1cf314e87504837?s=96&d=mm&r=g\",\"contentUrl\":\"https:\/\/secure.gravatar.com\/avatar\/55cb5e37c1efa326397366e6974cb338056df65cb50e7d64d1cf314e87504837?s=96&d=mm&r=g\",\"caption\":\"Arnaldo Botto\"},\"url\":\"https:\/\/www.noticiasradioreflejos.com.ar\/2021\/author\/arnaldo\/\"}]}<\/script>\n<!-- \/ Yoast SEO plugin. -->","yoast_head_json":{"title":"M\u00e9xico entrega la pr\u00f3xima semana los primeros lotes de AstraZeneca para Argentina y la regi\u00f3n - Noticias Radio Reflejos","robots":{"index":"index","follow":"follow","max-snippet":"max-snippet:-1","max-image-preview":"max-image-preview:large","max-video-preview":"max-video-preview:-1"},"canonical":"https:\/\/www.noticiasradioreflejos.com.ar\/2021\/mexico-entrega-la-proxima-semana-los-primeros-lotes-de-astrazeneca-para-argentina-y-la-region\/","og_locale":"es_ES","og_type":"article","og_title":"M\u00e9xico entrega la pr\u00f3xima semana los primeros lotes de AstraZeneca para Argentina y la regi\u00f3n - Noticias Radio Reflejos","og_description":"Los primeros env\u00edos de la vacuna contra la Covid-19 producida por M\u00e9xico y Argentina destinados a Am\u00e9rica Latina, est\u00e1n listos y esperan ser entregados entre el 24 y 25 de mayo,, anunci\u00f3 el canciller Marcelo Ebrard en una recorrida por la f\u00e1brica Liomont junto al embajador argentino, Carlos Tomada.","og_url":"https:\/\/www.noticiasradioreflejos.com.ar\/2021\/mexico-entrega-la-proxima-semana-los-primeros-lotes-de-astrazeneca-para-argentina-y-la-region\/","og_site_name":"Noticias Radio Reflejos","article_published_time":"2021-05-20T17:49:30+00:00","og_image":[{"url":"https:\/\/www.telam.com.ar\/advf\/imagenes\/2021\/04\/607c64fc04749.04.2021%20565_1004x565.jpg","type":"","width":"","height":""}],"author":"Arnaldo Botto","twitter_card":"summary_large_image","schema":{"@context":"https:\/\/schema.org","@graph":[{"@type":"WebPage","@id":"https:\/\/www.noticiasradioreflejos.com.ar\/2021\/mexico-entrega-la-proxima-semana-los-primeros-lotes-de-astrazeneca-para-argentina-y-la-region\/","url":"https:\/\/www.noticiasradioreflejos.com.ar\/2021\/mexico-entrega-la-proxima-semana-los-primeros-lotes-de-astrazeneca-para-argentina-y-la-region\/","name":"M\u00e9xico entrega la pr\u00f3xima semana los primeros lotes de AstraZeneca para Argentina y la regi\u00f3n - Noticias Radio Reflejos","isPartOf":{"@id":"https:\/\/www.noticiasradioreflejos.com.ar\/2021\/#website"},"primaryImageOfPage":{"@id":"https:\/\/www.noticiasradioreflejos.com.ar\/2021\/mexico-entrega-la-proxima-semana-los-primeros-lotes-de-astrazeneca-para-argentina-y-la-region\/#primaryimage"},"image":{"@id":"https:\/\/www.noticiasradioreflejos.com.ar\/2021\/mexico-entrega-la-proxima-semana-los-primeros-lotes-de-astrazeneca-para-argentina-y-la-region\/#primaryimage"},"thumbnailUrl":"https:\/\/www.telam.com.ar\/advf\/imagenes\/2021\/04\/607c64fc04749.04.2021%20565_1004x565.jpg","datePublished":"2021-05-20T17:49:30+00:00","author":{"@id":"https:\/\/www.noticiasradioreflejos.com.ar\/2021\/#\/schema\/person\/ad82545263dcc5ec0996818884fd5fb1"},"breadcrumb":{"@id":"https:\/\/www.noticiasradioreflejos.com.ar\/2021\/mexico-entrega-la-proxima-semana-los-primeros-lotes-de-astrazeneca-para-argentina-y-la-region\/#breadcrumb"},"inLanguage":"es","potentialAction":[{"@type":"ReadAction","target":["https:\/\/www.noticiasradioreflejos.com.ar\/2021\/mexico-entrega-la-proxima-semana-los-primeros-lotes-de-astrazeneca-para-argentina-y-la-region\/"]}]},{"@type":"ImageObject","inLanguage":"es","@id":"https:\/\/www.noticiasradioreflejos.com.ar\/2021\/mexico-entrega-la-proxima-semana-los-primeros-lotes-de-astrazeneca-para-argentina-y-la-region\/#primaryimage","url":"https:\/\/www.telam.com.ar\/advf\/imagenes\/2021\/04\/607c64fc04749.04.2021%20565_1004x565.jpg","contentUrl":"https:\/\/www.telam.com.ar\/advf\/imagenes\/2021\/04\/607c64fc04749.04.2021%20565_1004x565.jpg"},{"@type":"BreadcrumbList","@id":"https:\/\/www.noticiasradioreflejos.com.ar\/2021\/mexico-entrega-la-proxima-semana-los-primeros-lotes-de-astrazeneca-para-argentina-y-la-region\/#breadcrumb","itemListElement":[{"@type":"ListItem","position":1,"name":"Portada","item":"https:\/\/www.noticiasradioreflejos.com.ar\/2021\/"},{"@type":"ListItem","position":2,"name":"M\u00e9xico entrega la pr\u00f3xima semana los primeros lotes de AstraZeneca para Argentina y la regi\u00f3n"}]},{"@type":"WebSite","@id":"https:\/\/www.noticiasradioreflejos.com.ar\/2021\/#website","url":"https:\/\/www.noticiasradioreflejos.com.ar\/2021\/","name":"Noticias Radio Reflejos","description":"Las noticias de mi comarca","potentialAction":[{"@type":"SearchAction","target":{"@type":"EntryPoint","urlTemplate":"https:\/\/www.noticiasradioreflejos.com.ar\/2021\/?s={search_term_string}"},"query-input":{"@type":"PropertyValueSpecification","valueRequired":true,"valueName":"search_term_string"}}],"inLanguage":"es"},{"@type":"Person","@id":"https:\/\/www.noticiasradioreflejos.com.ar\/2021\/#\/schema\/person\/ad82545263dcc5ec0996818884fd5fb1","name":"Arnaldo Botto","image":{"@type":"ImageObject","inLanguage":"es","@id":"https:\/\/www.noticiasradioreflejos.com.ar\/2021\/#\/schema\/person\/image\/","url":"https:\/\/secure.gravatar.com\/avatar\/55cb5e37c1efa326397366e6974cb338056df65cb50e7d64d1cf314e87504837?s=96&d=mm&r=g","contentUrl":"https:\/\/secure.gravatar.com\/avatar\/55cb5e37c1efa326397366e6974cb338056df65cb50e7d64d1cf314e87504837?s=96&d=mm&r=g","caption":"Arnaldo Botto"},"url":"https:\/\/www.noticiasradioreflejos.com.ar\/2021\/author\/arnaldo\/"}]}},"_links":{"self":[{"href":"https:\/\/www.noticiasradioreflejos.com.ar\/2021\/wp-json\/wp\/v2\/posts\/57198","targetHints":{"allow":["GET"]}}],"collection":[{"href":"https:\/\/www.noticiasradioreflejos.com.ar\/2021\/wp-json\/wp\/v2\/posts"}],"about":[{"href":"https:\/\/www.noticiasradioreflejos.com.ar\/2021\/wp-json\/wp\/v2\/types\/post"}],"author":[{"embeddable":true,"href":"https:\/\/www.noticiasradioreflejos.com.ar\/2021\/wp-json\/wp\/v2\/users\/3"}],"replies":[{"embeddable":true,"href":"https:\/\/www.noticiasradioreflejos.com.ar\/2021\/wp-json\/wp\/v2\/comments?post=57198"}],"version-history":[{"count":1,"href":"https:\/\/www.noticiasradioreflejos.com.ar\/2021\/wp-json\/wp\/v2\/posts\/57198\/revisions"}],"predecessor-version":[{"id":57199,"href":"https:\/\/www.noticiasradioreflejos.com.ar\/2021\/wp-json\/wp\/v2\/posts\/57198\/revisions\/57199"}],"wp:attachment":[{"href":"https:\/\/www.noticiasradioreflejos.com.ar\/2021\/wp-json\/wp\/v2\/media?parent=57198"}],"wp:term":[{"taxonomy":"category","embeddable":true,"href":"https:\/\/www.noticiasradioreflejos.com.ar\/2021\/wp-json\/wp\/v2\/categories?post=57198"},{"taxonomy":"post_tag","embeddable":true,"href":"https:\/\/www.noticiasradioreflejos.com.ar\/2021\/wp-json\/wp\/v2\/tags?post=57198"}],"curies":[{"name":"wp","href":"https:\/\/api.w.org\/{rel}","templated":true}]}}