{"id":57189,"date":"2021-05-20T15:37:55","date_gmt":"2021-05-20T15:37:55","guid":{"rendered":"http:\/\/www.noticiasradioreflejos.com.ar\/2021\/?p=57189"},"modified":"2021-05-20T15:37:55","modified_gmt":"2021-05-20T15:37:55","slug":"el-gobierno-nacional-anuncio-un-paquete-de-medidas-de-asistencia-al-sector-gastronomico","status":"publish","type":"post","link":"https:\/\/www.noticiasradioreflejos.com.ar\/2021\/el-gobierno-nacional-anuncio-un-paquete-de-medidas-de-asistencia-al-sector-gastronomico\/","title":{"rendered":"El Gobierno Nacional anunci\u00f3 un paquete de medidas de asistencia al sector gastron\u00f3mico"},"content":{"rendered":"<p>La C\u00e1mara Argentina de Comercio y Servicios (CAC) informa que el Gobierno Nacional anunci\u00f3 un paquete de medidas de asistencia a los sectores m\u00e1s afectados por la pandemia del COVID-19. Las mismas incluyen la reestructuraci\u00f3n de las cuotas impagas de los cr\u00e9ditos solicitados en 2020 para las empresas inscriptas en el REPRO II y financiamiento a tasa 0% para que el sector gastron\u00f3mico pueda adquirir equipamiento y adecuar sus instalaciones para seguir funcionando durante el invierno.<!--more--><\/p>\n<p>A partir de una disposici\u00f3n del Banco Central (BCRA) las empresas inscriptas en el REPRO II tendr\u00e1n la posibilidad de postergar los pagos de las cuotas de los cr\u00e9ditos que hayan adquirido en 2020 en el marco de la emergencia sanitaria, sin que esto implique un cambio en las condiciones iniciales del pr\u00e9stamo. De esta manera, las entidades financieras deber\u00e1n as\u00ed incorporar las cuotas impagas en el mes siguiente al final de la vida del cr\u00e9dito, las empresas no ser\u00e1n incorporadas a la Central de Deudores, y mantendr\u00e1n as\u00ed la capacidad de tomar cr\u00e9dito.<\/p>\n<p>El Ministerio de Desarrollo Productivo anunci\u00f3 tambi\u00e9n la puesta en marcha de una l\u00ednea de cr\u00e9ditos a tasa 0% por un total de $1.000 millones, exclusiva para el sector gastron\u00f3mico que se podr\u00e1 tramitar en el Banco Naci\u00f3n a partir de la semana pr\u00f3xima. Los cr\u00e9ditos podr\u00e1n destinarse al acondicionamiento, calefacci\u00f3n, ventilaci\u00f3n y cerramientos del espacio exterior habilitado de bares y restaurantes de todo el pa\u00eds con el objetivo de que puedan seguir funcionando durante los meses m\u00e1s fr\u00edos. Tendr\u00e1n tres a\u00f1os de plazo (con uno de gracia), con una tasa subsidiada al 100% durante los primeros 12 meses. El resto del plazo la tasa ser\u00e1 del 10%, tambi\u00e9n subsidiada por el Fondo Nacional de Desarrollo Productivo (FONDEP).<\/p>\n<p>Los cr\u00e9ditos tendr\u00e1n un tope de hasta $3 millones en el caso de las pymes y de entre $100.000 y $500.000 en el caso de monotributistas y aut\u00f3nomos, de acuerdo a la categor\u00eda en la que est\u00e9n inscriptos. Asimismo, cada cr\u00e9dito contar\u00e1 con un aval del 100% de Garantizar SGR y el Fondo de Garant\u00edas Argentino (FOGAR) reafianzar\u00e1 el 75% de este monto.<\/p>\n<p>Listado de bienes que se podr\u00e1n financiar con los cr\u00e9ditos:<\/p>\n<p>-Extractores (axiales &#8211; helicoidales)<\/p>\n<p>-Inyectores<\/p>\n<p>-Difusores de Aire Acondicionado<\/p>\n<p>-Estufas exteriores<\/p>\n<p>-Estufas de tiro balanceado \/calefactores<\/p>\n<p>-Estufas de pellets<\/p>\n<p>-Calefactores el\u00e9ctricos<\/p>\n<p>-Ventiladores<\/p>\n<p>-Ventiladores industriales<\/p>\n<p>-Equipos de ventilaci\u00f3n y climatizaci\u00f3n centrales<\/p>\n<p>-Equipos de Ventilaci\u00f3n Industrial<\/p>\n<p>-Unidad Manejadora de aire con filtrado espec\u00edfico<\/p>\n<p>-M\u00f3dulos terminales para filtrado<\/p>\n<p>-M\u00f3dulos calefactores el\u00e9ctricos para conductos<\/p>\n<p>-Unidades inyectoras de aire filtrado.<\/p>\n<p>-Caloventiladores el\u00e9ctricos.<\/p>\n<p>-Ventiladores centr\u00edfugos para extracci\u00f3n e inyecci\u00f3n de aire.<\/p>\n<p>-Generadores de aire caliente industrial a gas\/glp\/gas oil (-Ca\u00f1ones de Calefacci\u00f3n)<\/p>\n<p>-Filtros<\/p>\n<p>-Medidores Co2<\/p>\n<p>-Cerramientos y carpinter\u00eda met\u00e1lica<\/p>\n<p>-Sombrillas<\/p>\n<p>-Gazebos met\u00e1licos<\/p>\n<p>-Conductos de chapa galvanizada<\/p>\n","protected":false},"excerpt":{"rendered":"<p>La C\u00e1mara Argentina de Comercio y Servicios (CAC) informa que el Gobierno Nacional anunci\u00f3 un paquete de medidas de asistencia a los sectores m\u00e1s afectados por la pandemia del COVID-19. Las mismas incluyen la reestructuraci\u00f3n de las cuotas impagas de los cr\u00e9ditos solicitados en 2020 para las empresas inscriptas en el REPRO II y financiamiento [&hellip;]<\/p>\n","protected":false},"author":3,"featured_media":0,"comment_status":"closed","ping_status":"closed","sticky":false,"template":"","format":"standard","meta":{"footnotes":""},"categories":[36,33],"tags":[48],"class_list":["post-57189","post","type-post","status-publish","format-standard","hentry","category-economia","category-turismo","tag-destacada"],"yoast_head":"<!-- This site is optimized with the Yoast SEO plugin v25.9 - https:\/\/yoast.com\/wordpress\/plugins\/seo\/ -->\n<title>El Gobierno Nacional anunci\u00f3 un paquete de medidas de asistencia al sector gastron\u00f3mico - Noticias Radio Reflejos<\/title>\n<meta name=\"robots\" content=\"index, follow, max-snippet:-1, max-image-preview:large, max-video-preview:-1\" \/>\n<link rel=\"canonical\" href=\"https:\/\/www.noticiasradioreflejos.com.ar\/2021\/el-gobierno-nacional-anuncio-un-paquete-de-medidas-de-asistencia-al-sector-gastronomico\/\" \/>\n<meta property=\"og:locale\" content=\"es_ES\" \/>\n<meta property=\"og:type\" content=\"article\" \/>\n<meta property=\"og:title\" content=\"El Gobierno Nacional anunci\u00f3 un paquete de medidas de asistencia al sector gastron\u00f3mico - Noticias Radio Reflejos\" \/>\n<meta property=\"og:description\" content=\"La C\u00e1mara Argentina de Comercio y Servicios (CAC) informa que el Gobierno Nacional anunci\u00f3 un paquete de medidas de asistencia a los sectores m\u00e1s afectados por la pandemia del COVID-19. Las mismas incluyen la reestructuraci\u00f3n de las cuotas impagas de los cr\u00e9ditos solicitados en 2020 para las empresas inscriptas en el REPRO II y financiamiento [&hellip;]\" \/>\n<meta property=\"og:url\" content=\"https:\/\/www.noticiasradioreflejos.com.ar\/2021\/el-gobierno-nacional-anuncio-un-paquete-de-medidas-de-asistencia-al-sector-gastronomico\/\" \/>\n<meta property=\"og:site_name\" content=\"Noticias Radio Reflejos\" \/>\n<meta property=\"article:published_time\" content=\"2021-05-20T15:37:55+00:00\" \/>\n<meta property=\"og:image\" content=\"https:\/\/www.noticiasradioreflejos.com.ar\/2021\/wp-content\/uploads\/2021\/07\/logosol300x200.png\" \/>\n\t<meta property=\"og:image:width\" content=\"300\" \/>\n\t<meta property=\"og:image:height\" content=\"200\" \/>\n\t<meta property=\"og:image:type\" content=\"image\/png\" \/>\n<meta name=\"author\" content=\"Arnaldo Botto\" \/>\n<meta name=\"twitter:card\" content=\"summary_large_image\" \/>\n<script type=\"application\/ld+json\" class=\"yoast-schema-graph\">{\"@context\":\"https:\/\/schema.org\",\"@graph\":[{\"@type\":\"WebPage\",\"@id\":\"https:\/\/www.noticiasradioreflejos.com.ar\/2021\/el-gobierno-nacional-anuncio-un-paquete-de-medidas-de-asistencia-al-sector-gastronomico\/\",\"url\":\"https:\/\/www.noticiasradioreflejos.com.ar\/2021\/el-gobierno-nacional-anuncio-un-paquete-de-medidas-de-asistencia-al-sector-gastronomico\/\",\"name\":\"El Gobierno Nacional anunci\u00f3 un paquete de medidas de asistencia al sector gastron\u00f3mico - Noticias Radio Reflejos\",\"isPartOf\":{\"@id\":\"https:\/\/www.noticiasradioreflejos.com.ar\/2021\/#website\"},\"datePublished\":\"2021-05-20T15:37:55+00:00\",\"author\":{\"@id\":\"https:\/\/www.noticiasradioreflejos.com.ar\/2021\/#\/schema\/person\/ad82545263dcc5ec0996818884fd5fb1\"},\"breadcrumb\":{\"@id\":\"https:\/\/www.noticiasradioreflejos.com.ar\/2021\/el-gobierno-nacional-anuncio-un-paquete-de-medidas-de-asistencia-al-sector-gastronomico\/#breadcrumb\"},\"inLanguage\":\"es\",\"potentialAction\":[{\"@type\":\"ReadAction\",\"target\":[\"https:\/\/www.noticiasradioreflejos.com.ar\/2021\/el-gobierno-nacional-anuncio-un-paquete-de-medidas-de-asistencia-al-sector-gastronomico\/\"]}]},{\"@type\":\"BreadcrumbList\",\"@id\":\"https:\/\/www.noticiasradioreflejos.com.ar\/2021\/el-gobierno-nacional-anuncio-un-paquete-de-medidas-de-asistencia-al-sector-gastronomico\/#breadcrumb\",\"itemListElement\":[{\"@type\":\"ListItem\",\"position\":1,\"name\":\"Portada\",\"item\":\"https:\/\/www.noticiasradioreflejos.com.ar\/2021\/\"},{\"@type\":\"ListItem\",\"position\":2,\"name\":\"El Gobierno Nacional anunci\u00f3 un paquete de medidas de asistencia al sector gastron\u00f3mico\"}]},{\"@type\":\"WebSite\",\"@id\":\"https:\/\/www.noticiasradioreflejos.com.ar\/2021\/#website\",\"url\":\"https:\/\/www.noticiasradioreflejos.com.ar\/2021\/\",\"name\":\"Noticias Radio Reflejos\",\"description\":\"Las noticias de mi comarca\",\"potentialAction\":[{\"@type\":\"SearchAction\",\"target\":{\"@type\":\"EntryPoint\",\"urlTemplate\":\"https:\/\/www.noticiasradioreflejos.com.ar\/2021\/?s={search_term_string}\"},\"query-input\":{\"@type\":\"PropertyValueSpecification\",\"valueRequired\":true,\"valueName\":\"search_term_string\"}}],\"inLanguage\":\"es\"},{\"@type\":\"Person\",\"@id\":\"https:\/\/www.noticiasradioreflejos.com.ar\/2021\/#\/schema\/person\/ad82545263dcc5ec0996818884fd5fb1\",\"name\":\"Arnaldo Botto\",\"image\":{\"@type\":\"ImageObject\",\"inLanguage\":\"es\",\"@id\":\"https:\/\/www.noticiasradioreflejos.com.ar\/2021\/#\/schema\/person\/image\/\",\"url\":\"https:\/\/secure.gravatar.com\/avatar\/55cb5e37c1efa326397366e6974cb338056df65cb50e7d64d1cf314e87504837?s=96&d=mm&r=g\",\"contentUrl\":\"https:\/\/secure.gravatar.com\/avatar\/55cb5e37c1efa326397366e6974cb338056df65cb50e7d64d1cf314e87504837?s=96&d=mm&r=g\",\"caption\":\"Arnaldo Botto\"},\"url\":\"https:\/\/www.noticiasradioreflejos.com.ar\/2021\/author\/arnaldo\/\"}]}<\/script>\n<!-- \/ Yoast SEO plugin. -->","yoast_head_json":{"title":"El Gobierno Nacional anunci\u00f3 un paquete de medidas de asistencia al sector gastron\u00f3mico - Noticias Radio Reflejos","robots":{"index":"index","follow":"follow","max-snippet":"max-snippet:-1","max-image-preview":"max-image-preview:large","max-video-preview":"max-video-preview:-1"},"canonical":"https:\/\/www.noticiasradioreflejos.com.ar\/2021\/el-gobierno-nacional-anuncio-un-paquete-de-medidas-de-asistencia-al-sector-gastronomico\/","og_locale":"es_ES","og_type":"article","og_title":"El Gobierno Nacional anunci\u00f3 un paquete de medidas de asistencia al sector gastron\u00f3mico - Noticias Radio Reflejos","og_description":"La C\u00e1mara Argentina de Comercio y Servicios (CAC) informa que el Gobierno Nacional anunci\u00f3 un paquete de medidas de asistencia a los sectores m\u00e1s afectados por la pandemia del COVID-19. Las mismas incluyen la reestructuraci\u00f3n de las cuotas impagas de los cr\u00e9ditos solicitados en 2020 para las empresas inscriptas en el REPRO II y financiamiento [&hellip;]","og_url":"https:\/\/www.noticiasradioreflejos.com.ar\/2021\/el-gobierno-nacional-anuncio-un-paquete-de-medidas-de-asistencia-al-sector-gastronomico\/","og_site_name":"Noticias Radio Reflejos","article_published_time":"2021-05-20T15:37:55+00:00","og_image":[{"width":300,"height":200,"url":"https:\/\/www.noticiasradioreflejos.com.ar\/2021\/wp-content\/uploads\/2021\/07\/logosol300x200.png","type":"image\/png"}],"author":"Arnaldo Botto","twitter_card":"summary_large_image","schema":{"@context":"https:\/\/schema.org","@graph":[{"@type":"WebPage","@id":"https:\/\/www.noticiasradioreflejos.com.ar\/2021\/el-gobierno-nacional-anuncio-un-paquete-de-medidas-de-asistencia-al-sector-gastronomico\/","url":"https:\/\/www.noticiasradioreflejos.com.ar\/2021\/el-gobierno-nacional-anuncio-un-paquete-de-medidas-de-asistencia-al-sector-gastronomico\/","name":"El Gobierno Nacional anunci\u00f3 un paquete de medidas de asistencia al sector gastron\u00f3mico - Noticias Radio Reflejos","isPartOf":{"@id":"https:\/\/www.noticiasradioreflejos.com.ar\/2021\/#website"},"datePublished":"2021-05-20T15:37:55+00:00","author":{"@id":"https:\/\/www.noticiasradioreflejos.com.ar\/2021\/#\/schema\/person\/ad82545263dcc5ec0996818884fd5fb1"},"breadcrumb":{"@id":"https:\/\/www.noticiasradioreflejos.com.ar\/2021\/el-gobierno-nacional-anuncio-un-paquete-de-medidas-de-asistencia-al-sector-gastronomico\/#breadcrumb"},"inLanguage":"es","potentialAction":[{"@type":"ReadAction","target":["https:\/\/www.noticiasradioreflejos.com.ar\/2021\/el-gobierno-nacional-anuncio-un-paquete-de-medidas-de-asistencia-al-sector-gastronomico\/"]}]},{"@type":"BreadcrumbList","@id":"https:\/\/www.noticiasradioreflejos.com.ar\/2021\/el-gobierno-nacional-anuncio-un-paquete-de-medidas-de-asistencia-al-sector-gastronomico\/#breadcrumb","itemListElement":[{"@type":"ListItem","position":1,"name":"Portada","item":"https:\/\/www.noticiasradioreflejos.com.ar\/2021\/"},{"@type":"ListItem","position":2,"name":"El Gobierno Nacional anunci\u00f3 un paquete de medidas de asistencia al sector gastron\u00f3mico"}]},{"@type":"WebSite","@id":"https:\/\/www.noticiasradioreflejos.com.ar\/2021\/#website","url":"https:\/\/www.noticiasradioreflejos.com.ar\/2021\/","name":"Noticias Radio Reflejos","description":"Las noticias de mi comarca","potentialAction":[{"@type":"SearchAction","target":{"@type":"EntryPoint","urlTemplate":"https:\/\/www.noticiasradioreflejos.com.ar\/2021\/?s={search_term_string}"},"query-input":{"@type":"PropertyValueSpecification","valueRequired":true,"valueName":"search_term_string"}}],"inLanguage":"es"},{"@type":"Person","@id":"https:\/\/www.noticiasradioreflejos.com.ar\/2021\/#\/schema\/person\/ad82545263dcc5ec0996818884fd5fb1","name":"Arnaldo Botto","image":{"@type":"ImageObject","inLanguage":"es","@id":"https:\/\/www.noticiasradioreflejos.com.ar\/2021\/#\/schema\/person\/image\/","url":"https:\/\/secure.gravatar.com\/avatar\/55cb5e37c1efa326397366e6974cb338056df65cb50e7d64d1cf314e87504837?s=96&d=mm&r=g","contentUrl":"https:\/\/secure.gravatar.com\/avatar\/55cb5e37c1efa326397366e6974cb338056df65cb50e7d64d1cf314e87504837?s=96&d=mm&r=g","caption":"Arnaldo Botto"},"url":"https:\/\/www.noticiasradioreflejos.com.ar\/2021\/author\/arnaldo\/"}]}},"_links":{"self":[{"href":"https:\/\/www.noticiasradioreflejos.com.ar\/2021\/wp-json\/wp\/v2\/posts\/57189","targetHints":{"allow":["GET"]}}],"collection":[{"href":"https:\/\/www.noticiasradioreflejos.com.ar\/2021\/wp-json\/wp\/v2\/posts"}],"about":[{"href":"https:\/\/www.noticiasradioreflejos.com.ar\/2021\/wp-json\/wp\/v2\/types\/post"}],"author":[{"embeddable":true,"href":"https:\/\/www.noticiasradioreflejos.com.ar\/2021\/wp-json\/wp\/v2\/users\/3"}],"replies":[{"embeddable":true,"href":"https:\/\/www.noticiasradioreflejos.com.ar\/2021\/wp-json\/wp\/v2\/comments?post=57189"}],"version-history":[{"count":1,"href":"https:\/\/www.noticiasradioreflejos.com.ar\/2021\/wp-json\/wp\/v2\/posts\/57189\/revisions"}],"predecessor-version":[{"id":57191,"href":"https:\/\/www.noticiasradioreflejos.com.ar\/2021\/wp-json\/wp\/v2\/posts\/57189\/revisions\/57191"}],"wp:attachment":[{"href":"https:\/\/www.noticiasradioreflejos.com.ar\/2021\/wp-json\/wp\/v2\/media?parent=57189"}],"wp:term":[{"taxonomy":"category","embeddable":true,"href":"https:\/\/www.noticiasradioreflejos.com.ar\/2021\/wp-json\/wp\/v2\/categories?post=57189"},{"taxonomy":"post_tag","embeddable":true,"href":"https:\/\/www.noticiasradioreflejos.com.ar\/2021\/wp-json\/wp\/v2\/tags?post=57189"}],"curies":[{"name":"wp","href":"https:\/\/api.w.org\/{rel}","templated":true}]}}