{"id":57178,"date":"2021-05-20T13:54:54","date_gmt":"2021-05-20T13:54:54","guid":{"rendered":"http:\/\/www.noticiasradioreflejos.com.ar\/2021\/?p=57178"},"modified":"2021-05-20T13:54:54","modified_gmt":"2021-05-20T13:54:54","slug":"comenzo-a-regir-la-suspension-por-30-dias-de-la-exportacion-de-carne-bovina","status":"publish","type":"post","link":"https:\/\/www.noticiasradioreflejos.com.ar\/2021\/comenzo-a-regir-la-suspension-por-30-dias-de-la-exportacion-de-carne-bovina\/","title":{"rendered":"Comenz\u00f3 a regir la suspensi\u00f3n por 30 d\u00edas de la exportaci\u00f3n de carne bovina"},"content":{"rendered":"<div class=\"head-content\">\n<div class=\"data\">\n<p>El Ministerio de Agricultura emiti\u00f3 una resoluci\u00f3n que establece que la medida \u00abpodr\u00e1 darse por concluida una vez que se verifique el normal abastecimiento, a precios razonables y conforme los acuerdos alcanzados, de los productos indicados\u00bb.<\/p>\n<\/div>\n<div class=\"addthis_custom_sharing\" data-url=\"https:\/\/www.telam.com.ar\/notas\/202105\/554848-exportacion-carne-abastecimiento.html\" data-title=\"Comenz\u00f3 a regir la suspensi\u00f3n por 30 d\u00edas de la exportaci\u00f3n de carne bovina\" data-description=\"El Ministerio de Agricultura emiti\u00f3 una resoluci\u00f3n que establece que la medida &quot;podr\u00e1 darse por concluida una vez que se verifique el normal abastecimiento, a precios razonables y conforme los acuerdos alcanzados, de los productos indicados&quot;.\">\n<div id=\"atstbx\" class=\"at-resp-share-element at-style-responsive addthis-smartlayers addthis-animated at4-show\" role=\"region\" aria-labelledby=\"at-59a384c8-5fa4-48b7-bb4c-17e63bff8e72\"><span id=\"at-59a384c8-5fa4-48b7-bb4c-17e63bff8e72\" class=\"at4-visually-hidden\"><\/span><\/p>\n<div class=\"at-share-btn-elements\"><\/div>\n<\/div>\n<\/div>\n<\/div>\n<p><!--more--><\/p>\n<div class=\"main-content-block\">\n<div class=\"main-box clearfix\">\n<div class=\"wrapper-main-section clearfix\">\n<div class=\"wrapper-editable-content\">\n<div class=\"editable-content clearfix\">\n<div id=\"image\" class=\"image\"><img decoding=\"async\" title=\"Entr\u00f3 en vigencia la suspensi\u00f3n de las exportaciones de carne bovina.\" src=\"https:\/\/www.telam.com.ar\/advf\/imagenes\/2021\/05\/60a64e5ce20c3_1004x565.jpg\" alt=\"Entr\u00f3 en vigencia la suspensi\u00f3n de las exportaciones de carne bovina.\" \/><\/p>\n<div class=\"epigrafe\"><em>Entr\u00f3 en vigencia la suspensi\u00f3n de las exportaciones de carne bovina.<\/em><\/div>\n<\/div>\n<p>El Ministerio de Agricultura formaliz\u00f3 la suspensi\u00f3n por 30 d\u00edas de la exportaci\u00f3n de carne bovina hasta el 19 de junio pr\u00f3ximo, con excepci\u00f3n de aquella que forma parte de cuotas con ventajas arancelarias, como la Hilton europea, y aclar\u00f3 que la medida \u00abpodr\u00e1 darse por concluida una vez que se verifique el normal abastecimiento\u00bb del producto y \u00aba precios razonables\u00bb.<\/p>\n<p>A trav\u00e9s de la resoluci\u00f3n 75\/2021, publicada este jueves en el Bolet\u00edn Oficial, la cartera que conduce Luis Basterra suspendi\u00f3 por el plazo de 30 d\u00edas la aprobaci\u00f3n de solicitudes de Declaraci\u00f3n Jurada de Operaciones de Exportaci\u00f3n de Carne (DJEC) respecto de los productos c\u00e1rnicos de origen bovino.<\/p>\n<p>Quedaron exceptuadas las mercader\u00edas destinadas al consumo y que sean exportadas dentro de los contingentes arancelarios otorgados por terceros pa\u00edses a la Argentina, amparados por certificados de autenticidad y exportaci\u00f3n.<\/p>\n<blockquote><p>\u00abLa suspensi\u00f3n podr\u00e1 darse por concluida una vez que se verifique el normal abastecimiento, a precios razonables y conforme los acuerdos alcanzados, de los productos indicados\u00bb<\/p><\/blockquote>\n<p>En la normativa se precis\u00f3 que \u00abla suspensi\u00f3n podr\u00e1 darse por concluida una vez que se verifique el normal abastecimiento, a precios razonables y conforme los acuerdos alcanzados, de los productos indicados\u00bb.<\/p>\n<p>En la resoluci\u00f3n se remarc\u00f3 que la Ley 22.415 admite ciertas limitaciones a las exportaciones, sean o no econ\u00f3micas, cuando tengan por finalidad estabilizar los precios internos a niveles convenientes o mantener un volumen de oferta adecuado a las necesidades de abastecimiento del mercado interno.<\/p>\n<div id=\"image\" class=\"image\"><img decoding=\"async\" title=\"La medida se implement\u00f3 a trav\u00e9s de la resoluci\u00f3n 75\/2021 del Ministerio de Agricultura.  \" src=\"https:\/\/www.telam.com.ar\/advf\/imagenes\/2021\/03\/60560451d65ad_1004x565.jpg\" alt=\"La medida se implement\u00f3 a trav\u00e9s de la resoluci\u00f3n 75\/2021 del Ministerio de Agricultura.  \" \/><\/p>\n<div class=\"epigrafe\">La medida se implement\u00f3 a trav\u00e9s de la resoluci\u00f3n 75\/2021 del Ministerio de Agricultura.<\/div>\n<\/div>\n<p>Tambi\u00e9n cuando se deba resguardar la buena fe comercial, a fin de impedir las pr\u00e1cticas que pudieren inducir a error a los consumidores, afirmar la soberan\u00eda nacional o defensa de las instituciones pol\u00edticas del Estado, y garantizar la salud p\u00fablica y la pol\u00edtica alimentaria.<\/p>\n<p>La resoluci\u00f3n explic\u00f3 que \u00abla tutela del inter\u00e9s p\u00fablico tiene por objeto garantizar los derechos esenciales de la poblaci\u00f3n y su goce efectivo, siendo un inter\u00e9s prioritario tener asegurado el acceso sin restricciones a los bienes b\u00e1sicos, especialmente aquellos tendientes a asegurar la alimentaci\u00f3n de la poblaci\u00f3n, situaci\u00f3n a la que se le otorg\u00f3 particular relevancia en el contexto de emergencia actual\u00bb.<\/p>\n<p>Agricultura destac\u00f3 que \u00abde conformidad con el actual avance del mercado exportador de carnes, sus precios han experimentado un alza sostenida, producto de la creciente demanda de dichos productos, principalmente por parte de los mercados asi\u00e1ticos\u00bb.<\/p>\n<blockquote><p>\u00abAceptar sin m\u00e1s, la fijaci\u00f3n de valores del mercado internacional para alimentos locales que constituyen productos b\u00e1sicos de la mesa de los argentinos y las argentinas, implicar\u00eda renunciar a los deberes b\u00e1sicos en materia de pol\u00edtica econ\u00f3mica\u00bb<\/p><\/blockquote>\n<p>Asimismo, se\u00f1al\u00f3 que \u00abesta situaci\u00f3n ha generado que los precios internos acompa\u00f1en los de exportaci\u00f3n de la carne vacuna, en un contexto donde el precio mundial de los alimentos ha aumentado significativamente\u00bb.<\/p>\n<p>Por eso remarc\u00f3 que \u00abaceptar sin m\u00e1s, la fijaci\u00f3n de valores del mercado internacional para alimentos locales que constituyen productos b\u00e1sicos de la mesa de los argentinos y las argentinas, implicar\u00eda renunciar a los deberes b\u00e1sicos en materia de pol\u00edtica econ\u00f3mica\u00bb.<\/p>\n<div id=\"image\" class=\"image\"><img decoding=\"async\" title=\"La medida busca bajar los precios que pagan los consumidores locales.\" src=\"https:\/\/www.telam.com.ar\/advf\/imagenes\/2021\/02\/601ee52b5e2e9_1004x565.jpg\" alt=\"La medida busca bajar los precios que pagan los consumidores locales.\" \/><\/p>\n<div class=\"epigrafe\">La medida busca bajar los precios que pagan los consumidores locales.<\/div>\n<\/div>\n<p>Adem\u00e1s, puntualiz\u00f3 que \u00abbajo esos par\u00e1metros y seg\u00fan lo informado por el Ministerio de Desarrollo Productivo, surge que en materia de comercializaci\u00f3n de los productos c\u00e1rnicos de origen bovino existe una distorsi\u00f3n de precios que superan los \u00edndices generales de inflaci\u00f3n en materia de alimentos y que impiden el normal abastecimiento de los consumidores y las consumidoras del mercado interno\u00bb.<\/p>\n<p>Tambi\u00e9n subray\u00f3 que \u00abel Ministerio de Desarrollo Social en un informe t\u00e9cnico contextualiza la situaci\u00f3n, mostrando alarmantes \u00edndices de pobreza e indigencia\u00bb, con lo cual consider\u00f3 que \u00aben consecuencia resulta oportuno suspender la emisi\u00f3n y aprobaci\u00f3n de las DJEC\u00bb.<\/p>\n<\/div>\n<\/div>\n<\/div>\n<\/div>\n<\/div>\n","protected":false},"excerpt":{"rendered":"<p>El Ministerio de Agricultura emiti\u00f3 una resoluci\u00f3n que establece que la medida \u00abpodr\u00e1 darse por concluida una vez que se verifique el normal abastecimiento, a precios razonables y conforme los acuerdos alcanzados, de los productos indicados\u00bb.<\/p>\n","protected":false},"author":3,"featured_media":0,"comment_status":"closed","ping_status":"closed","sticky":false,"template":"","format":"standard","meta":{"footnotes":""},"categories":[36,24],"tags":[],"class_list":["post-57178","post","type-post","status-publish","format-standard","hentry","category-economia","category-politica"],"yoast_head":"<!-- This site is optimized with the Yoast SEO plugin v25.9 - https:\/\/yoast.com\/wordpress\/plugins\/seo\/ -->\n<title>Comenz\u00f3 a regir la suspensi\u00f3n por 30 d\u00edas de la exportaci\u00f3n de carne bovina - Noticias Radio Reflejos<\/title>\n<meta name=\"robots\" content=\"index, follow, max-snippet:-1, max-image-preview:large, max-video-preview:-1\" \/>\n<link rel=\"canonical\" href=\"https:\/\/www.noticiasradioreflejos.com.ar\/2021\/comenzo-a-regir-la-suspension-por-30-dias-de-la-exportacion-de-carne-bovina\/\" \/>\n<meta property=\"og:locale\" content=\"es_ES\" \/>\n<meta property=\"og:type\" content=\"article\" \/>\n<meta property=\"og:title\" content=\"Comenz\u00f3 a regir la suspensi\u00f3n por 30 d\u00edas de la exportaci\u00f3n de carne bovina - Noticias Radio Reflejos\" \/>\n<meta property=\"og:description\" content=\"El Ministerio de Agricultura emiti\u00f3 una resoluci\u00f3n que establece que la medida \u00abpodr\u00e1 darse por concluida una vez que se verifique el normal abastecimiento, a precios razonables y conforme los acuerdos alcanzados, de los productos indicados\u00bb.\" \/>\n<meta property=\"og:url\" content=\"https:\/\/www.noticiasradioreflejos.com.ar\/2021\/comenzo-a-regir-la-suspension-por-30-dias-de-la-exportacion-de-carne-bovina\/\" \/>\n<meta property=\"og:site_name\" content=\"Noticias Radio Reflejos\" \/>\n<meta property=\"article:published_time\" content=\"2021-05-20T13:54:54+00:00\" \/>\n<meta property=\"og:image\" content=\"https:\/\/www.telam.com.ar\/advf\/imagenes\/2021\/05\/60a64e5ce20c3_1004x565.jpg\" \/>\n<meta name=\"author\" content=\"Arnaldo Botto\" \/>\n<meta name=\"twitter:card\" content=\"summary_large_image\" \/>\n<script type=\"application\/ld+json\" class=\"yoast-schema-graph\">{\"@context\":\"https:\/\/schema.org\",\"@graph\":[{\"@type\":\"WebPage\",\"@id\":\"https:\/\/www.noticiasradioreflejos.com.ar\/2021\/comenzo-a-regir-la-suspension-por-30-dias-de-la-exportacion-de-carne-bovina\/\",\"url\":\"https:\/\/www.noticiasradioreflejos.com.ar\/2021\/comenzo-a-regir-la-suspension-por-30-dias-de-la-exportacion-de-carne-bovina\/\",\"name\":\"Comenz\u00f3 a regir la suspensi\u00f3n por 30 d\u00edas de la exportaci\u00f3n de carne bovina - Noticias Radio Reflejos\",\"isPartOf\":{\"@id\":\"https:\/\/www.noticiasradioreflejos.com.ar\/2021\/#website\"},\"primaryImageOfPage\":{\"@id\":\"https:\/\/www.noticiasradioreflejos.com.ar\/2021\/comenzo-a-regir-la-suspension-por-30-dias-de-la-exportacion-de-carne-bovina\/#primaryimage\"},\"image\":{\"@id\":\"https:\/\/www.noticiasradioreflejos.com.ar\/2021\/comenzo-a-regir-la-suspension-por-30-dias-de-la-exportacion-de-carne-bovina\/#primaryimage\"},\"thumbnailUrl\":\"https:\/\/www.telam.com.ar\/advf\/imagenes\/2021\/05\/60a64e5ce20c3_1004x565.jpg\",\"datePublished\":\"2021-05-20T13:54:54+00:00\",\"author\":{\"@id\":\"https:\/\/www.noticiasradioreflejos.com.ar\/2021\/#\/schema\/person\/ad82545263dcc5ec0996818884fd5fb1\"},\"breadcrumb\":{\"@id\":\"https:\/\/www.noticiasradioreflejos.com.ar\/2021\/comenzo-a-regir-la-suspension-por-30-dias-de-la-exportacion-de-carne-bovina\/#breadcrumb\"},\"inLanguage\":\"es\",\"potentialAction\":[{\"@type\":\"ReadAction\",\"target\":[\"https:\/\/www.noticiasradioreflejos.com.ar\/2021\/comenzo-a-regir-la-suspension-por-30-dias-de-la-exportacion-de-carne-bovina\/\"]}]},{\"@type\":\"ImageObject\",\"inLanguage\":\"es\",\"@id\":\"https:\/\/www.noticiasradioreflejos.com.ar\/2021\/comenzo-a-regir-la-suspension-por-30-dias-de-la-exportacion-de-carne-bovina\/#primaryimage\",\"url\":\"https:\/\/www.telam.com.ar\/advf\/imagenes\/2021\/05\/60a64e5ce20c3_1004x565.jpg\",\"contentUrl\":\"https:\/\/www.telam.com.ar\/advf\/imagenes\/2021\/05\/60a64e5ce20c3_1004x565.jpg\"},{\"@type\":\"BreadcrumbList\",\"@id\":\"https:\/\/www.noticiasradioreflejos.com.ar\/2021\/comenzo-a-regir-la-suspension-por-30-dias-de-la-exportacion-de-carne-bovina\/#breadcrumb\",\"itemListElement\":[{\"@type\":\"ListItem\",\"position\":1,\"name\":\"Portada\",\"item\":\"https:\/\/www.noticiasradioreflejos.com.ar\/2021\/\"},{\"@type\":\"ListItem\",\"position\":2,\"name\":\"Comenz\u00f3 a regir la suspensi\u00f3n por 30 d\u00edas de la exportaci\u00f3n de carne bovina\"}]},{\"@type\":\"WebSite\",\"@id\":\"https:\/\/www.noticiasradioreflejos.com.ar\/2021\/#website\",\"url\":\"https:\/\/www.noticiasradioreflejos.com.ar\/2021\/\",\"name\":\"Noticias Radio Reflejos\",\"description\":\"Las noticias de mi comarca\",\"potentialAction\":[{\"@type\":\"SearchAction\",\"target\":{\"@type\":\"EntryPoint\",\"urlTemplate\":\"https:\/\/www.noticiasradioreflejos.com.ar\/2021\/?s={search_term_string}\"},\"query-input\":{\"@type\":\"PropertyValueSpecification\",\"valueRequired\":true,\"valueName\":\"search_term_string\"}}],\"inLanguage\":\"es\"},{\"@type\":\"Person\",\"@id\":\"https:\/\/www.noticiasradioreflejos.com.ar\/2021\/#\/schema\/person\/ad82545263dcc5ec0996818884fd5fb1\",\"name\":\"Arnaldo Botto\",\"image\":{\"@type\":\"ImageObject\",\"inLanguage\":\"es\",\"@id\":\"https:\/\/www.noticiasradioreflejos.com.ar\/2021\/#\/schema\/person\/image\/\",\"url\":\"https:\/\/secure.gravatar.com\/avatar\/55cb5e37c1efa326397366e6974cb338056df65cb50e7d64d1cf314e87504837?s=96&d=mm&r=g\",\"contentUrl\":\"https:\/\/secure.gravatar.com\/avatar\/55cb5e37c1efa326397366e6974cb338056df65cb50e7d64d1cf314e87504837?s=96&d=mm&r=g\",\"caption\":\"Arnaldo Botto\"},\"url\":\"https:\/\/www.noticiasradioreflejos.com.ar\/2021\/author\/arnaldo\/\"}]}<\/script>\n<!-- \/ Yoast SEO plugin. -->","yoast_head_json":{"title":"Comenz\u00f3 a regir la suspensi\u00f3n por 30 d\u00edas de la exportaci\u00f3n de carne bovina - Noticias Radio Reflejos","robots":{"index":"index","follow":"follow","max-snippet":"max-snippet:-1","max-image-preview":"max-image-preview:large","max-video-preview":"max-video-preview:-1"},"canonical":"https:\/\/www.noticiasradioreflejos.com.ar\/2021\/comenzo-a-regir-la-suspension-por-30-dias-de-la-exportacion-de-carne-bovina\/","og_locale":"es_ES","og_type":"article","og_title":"Comenz\u00f3 a regir la suspensi\u00f3n por 30 d\u00edas de la exportaci\u00f3n de carne bovina - Noticias Radio Reflejos","og_description":"El Ministerio de Agricultura emiti\u00f3 una resoluci\u00f3n que establece que la medida \u00abpodr\u00e1 darse por concluida una vez que se verifique el normal abastecimiento, a precios razonables y conforme los acuerdos alcanzados, de los productos indicados\u00bb.","og_url":"https:\/\/www.noticiasradioreflejos.com.ar\/2021\/comenzo-a-regir-la-suspension-por-30-dias-de-la-exportacion-de-carne-bovina\/","og_site_name":"Noticias Radio Reflejos","article_published_time":"2021-05-20T13:54:54+00:00","og_image":[{"url":"https:\/\/www.telam.com.ar\/advf\/imagenes\/2021\/05\/60a64e5ce20c3_1004x565.jpg","type":"","width":"","height":""}],"author":"Arnaldo Botto","twitter_card":"summary_large_image","schema":{"@context":"https:\/\/schema.org","@graph":[{"@type":"WebPage","@id":"https:\/\/www.noticiasradioreflejos.com.ar\/2021\/comenzo-a-regir-la-suspension-por-30-dias-de-la-exportacion-de-carne-bovina\/","url":"https:\/\/www.noticiasradioreflejos.com.ar\/2021\/comenzo-a-regir-la-suspension-por-30-dias-de-la-exportacion-de-carne-bovina\/","name":"Comenz\u00f3 a regir la suspensi\u00f3n por 30 d\u00edas de la exportaci\u00f3n de carne bovina - Noticias Radio Reflejos","isPartOf":{"@id":"https:\/\/www.noticiasradioreflejos.com.ar\/2021\/#website"},"primaryImageOfPage":{"@id":"https:\/\/www.noticiasradioreflejos.com.ar\/2021\/comenzo-a-regir-la-suspension-por-30-dias-de-la-exportacion-de-carne-bovina\/#primaryimage"},"image":{"@id":"https:\/\/www.noticiasradioreflejos.com.ar\/2021\/comenzo-a-regir-la-suspension-por-30-dias-de-la-exportacion-de-carne-bovina\/#primaryimage"},"thumbnailUrl":"https:\/\/www.telam.com.ar\/advf\/imagenes\/2021\/05\/60a64e5ce20c3_1004x565.jpg","datePublished":"2021-05-20T13:54:54+00:00","author":{"@id":"https:\/\/www.noticiasradioreflejos.com.ar\/2021\/#\/schema\/person\/ad82545263dcc5ec0996818884fd5fb1"},"breadcrumb":{"@id":"https:\/\/www.noticiasradioreflejos.com.ar\/2021\/comenzo-a-regir-la-suspension-por-30-dias-de-la-exportacion-de-carne-bovina\/#breadcrumb"},"inLanguage":"es","potentialAction":[{"@type":"ReadAction","target":["https:\/\/www.noticiasradioreflejos.com.ar\/2021\/comenzo-a-regir-la-suspension-por-30-dias-de-la-exportacion-de-carne-bovina\/"]}]},{"@type":"ImageObject","inLanguage":"es","@id":"https:\/\/www.noticiasradioreflejos.com.ar\/2021\/comenzo-a-regir-la-suspension-por-30-dias-de-la-exportacion-de-carne-bovina\/#primaryimage","url":"https:\/\/www.telam.com.ar\/advf\/imagenes\/2021\/05\/60a64e5ce20c3_1004x565.jpg","contentUrl":"https:\/\/www.telam.com.ar\/advf\/imagenes\/2021\/05\/60a64e5ce20c3_1004x565.jpg"},{"@type":"BreadcrumbList","@id":"https:\/\/www.noticiasradioreflejos.com.ar\/2021\/comenzo-a-regir-la-suspension-por-30-dias-de-la-exportacion-de-carne-bovina\/#breadcrumb","itemListElement":[{"@type":"ListItem","position":1,"name":"Portada","item":"https:\/\/www.noticiasradioreflejos.com.ar\/2021\/"},{"@type":"ListItem","position":2,"name":"Comenz\u00f3 a regir la suspensi\u00f3n por 30 d\u00edas de la exportaci\u00f3n de carne bovina"}]},{"@type":"WebSite","@id":"https:\/\/www.noticiasradioreflejos.com.ar\/2021\/#website","url":"https:\/\/www.noticiasradioreflejos.com.ar\/2021\/","name":"Noticias Radio Reflejos","description":"Las noticias de mi comarca","potentialAction":[{"@type":"SearchAction","target":{"@type":"EntryPoint","urlTemplate":"https:\/\/www.noticiasradioreflejos.com.ar\/2021\/?s={search_term_string}"},"query-input":{"@type":"PropertyValueSpecification","valueRequired":true,"valueName":"search_term_string"}}],"inLanguage":"es"},{"@type":"Person","@id":"https:\/\/www.noticiasradioreflejos.com.ar\/2021\/#\/schema\/person\/ad82545263dcc5ec0996818884fd5fb1","name":"Arnaldo Botto","image":{"@type":"ImageObject","inLanguage":"es","@id":"https:\/\/www.noticiasradioreflejos.com.ar\/2021\/#\/schema\/person\/image\/","url":"https:\/\/secure.gravatar.com\/avatar\/55cb5e37c1efa326397366e6974cb338056df65cb50e7d64d1cf314e87504837?s=96&d=mm&r=g","contentUrl":"https:\/\/secure.gravatar.com\/avatar\/55cb5e37c1efa326397366e6974cb338056df65cb50e7d64d1cf314e87504837?s=96&d=mm&r=g","caption":"Arnaldo Botto"},"url":"https:\/\/www.noticiasradioreflejos.com.ar\/2021\/author\/arnaldo\/"}]}},"_links":{"self":[{"href":"https:\/\/www.noticiasradioreflejos.com.ar\/2021\/wp-json\/wp\/v2\/posts\/57178","targetHints":{"allow":["GET"]}}],"collection":[{"href":"https:\/\/www.noticiasradioreflejos.com.ar\/2021\/wp-json\/wp\/v2\/posts"}],"about":[{"href":"https:\/\/www.noticiasradioreflejos.com.ar\/2021\/wp-json\/wp\/v2\/types\/post"}],"author":[{"embeddable":true,"href":"https:\/\/www.noticiasradioreflejos.com.ar\/2021\/wp-json\/wp\/v2\/users\/3"}],"replies":[{"embeddable":true,"href":"https:\/\/www.noticiasradioreflejos.com.ar\/2021\/wp-json\/wp\/v2\/comments?post=57178"}],"version-history":[{"count":2,"href":"https:\/\/www.noticiasradioreflejos.com.ar\/2021\/wp-json\/wp\/v2\/posts\/57178\/revisions"}],"predecessor-version":[{"id":57181,"href":"https:\/\/www.noticiasradioreflejos.com.ar\/2021\/wp-json\/wp\/v2\/posts\/57178\/revisions\/57181"}],"wp:attachment":[{"href":"https:\/\/www.noticiasradioreflejos.com.ar\/2021\/wp-json\/wp\/v2\/media?parent=57178"}],"wp:term":[{"taxonomy":"category","embeddable":true,"href":"https:\/\/www.noticiasradioreflejos.com.ar\/2021\/wp-json\/wp\/v2\/categories?post=57178"},{"taxonomy":"post_tag","embeddable":true,"href":"https:\/\/www.noticiasradioreflejos.com.ar\/2021\/wp-json\/wp\/v2\/tags?post=57178"}],"curies":[{"name":"wp","href":"https:\/\/api.w.org\/{rel}","templated":true}]}}