{"id":57168,"date":"2021-05-20T11:24:55","date_gmt":"2021-05-20T11:24:55","guid":{"rendered":"http:\/\/www.noticiasradioreflejos.com.ar\/2021\/?p=57168"},"modified":"2021-05-20T11:24:55","modified_gmt":"2021-05-20T11:24:55","slug":"la-ciudad-de-buenos-aires-proyecta-un-cierre-total-de-actividades-los-fines-de-semana","status":"publish","type":"post","link":"https:\/\/www.noticiasradioreflejos.com.ar\/2021\/la-ciudad-de-buenos-aires-proyecta-un-cierre-total-de-actividades-los-fines-de-semana\/","title":{"rendered":"La Ciudad de Buenos Aires proyecta \u00abun cierre total\u00bb de actividades los fines de semana"},"content":{"rendered":"<div class=\"head-content\">\n<p>La medida de mayor impacto es el \u00abcierre total los fines de semana\u00bb de las actividades comerciales del distrito. Tambi\u00e9n se eval\u00faa nuevas restricciones para aplicar de lunes a viernes en comercios no esenciales, as\u00ed como cambios en la presencialidad escolar.<\/p>\n<\/div>\n<p><!--more--><\/p>\n<div class=\"main-content-block\">\n<div class=\"main-box clearfix\">\n<div class=\"wrapper-main-section clearfix\">\n<div class=\"wrapper-editable-content\">\n<div class=\"editable-content clearfix\">\n<div id=\"image\" class=\"image\"><img decoding=\"async\" title=\"El paquete de medidas est\u00e1 en estudio en la sede del Ejecutivo del barrio de Parque Patricios, desde donde se monitorean los datos epidemiol\u00f3gicos de la pandemia en la Ciudad\" src=\"https:\/\/www.telam.com.ar\/advf\/imagenes\/2019\/01\/5c34dde5d4ff5_1004x565.jpg\" alt=\"El paquete de medidas est\u00e1 en estudio en la sede del Ejecutivo del barrio de Parque Patricios, desde donde se monitorean los datos epidemiol\u00f3gicos de la pandemia en la Ciudad\" \/><\/p>\n<div class=\"epigrafe\">El paquete de medidas est\u00e1 en estudio en la sede del Ejecutivo del barrio de Parque Patricios, desde donde se monitorean los datos epidemiol\u00f3gicos de la pandemia en la Ciudad<\/div>\n<\/div>\n<p>El jefe de Gobierno porte\u00f1o, Horacio Rodr\u00edguez Larreta, tiene bajo an\u00e1lisis la implementaci\u00f3n de un \u00abcierre total\u00bb de actividades y circulaci\u00f3n los fines de semana ante la suba de casos de coronavirus en el \u00c1rea Metropolitana, mientras que eval\u00faa nuevas restricciones de lunes a viernes en comercios no esenciales y en las plazas y mantiene la continuidad de la presencialidad escolar en la primaria.<\/p>\n<p>Fuentes del Gobierno porte\u00f1o indicaron a T\u00e9lam que el paquete de medidas comenzar\u00eda a regir desde las cero hora del s\u00e1bado, una vez que finalice la vigencia del actual decreto de necesidad y urgencia emitido por la Naci\u00f3n y arranque una nueva etapa de restricciones dispuestas para contener los contagios.<\/p>\n<p>Los alcances fueron evaluados por Rodr\u00edguez Larreta y parte de su gabinete de ministros en la sede del Ejecutivo del barrio de Parque Patricios, desde donde se monitorearon\u00a0<strong><a href=\"https:\/\/www.telam.com.ar\/notas\/202105\/554796-coronavirus-argentina-pandemia--casos-reporte-ministerio-de-salud.html\" target=\"_blank\" rel=\"noopener\">los datos epidemiol\u00f3gicos de la pandemia<\/a><\/strong>\u00a0en la Ciudad,que este mi\u00e9rcoles report\u00f3 en su informe diario 3.328 nuevos casos y 53 muertes por Covid 19.<\/p>\n<div class=\"auth\">Las nuevas restricciones en la Ciudad<\/div>\n<p>La medida de mayor impacto\u00a0<strong>es el \u00abcierre total los fines de semana\u00bb con un esquema en el que solo podr\u00e1n abrir los comercios considerados esenciales<\/strong>, como supermercados y farmacias, en tanto que\u00a0<strong>a los locales de gastronom\u00eda se les permitir\u00e1 funcionar, exclusivamente, con el servicio de \u00abtake away\u00bb<\/strong>\u00a0o \u00abretiro en el lugar\u00bb y a trav\u00e9s de los\u00a0<strong>deliveries<\/strong>.<\/p>\n<p>Las nuevas restricciones apuntan a limitar al m\u00e1ximo la circulaci\u00f3n de personas los s\u00e1bados y domingos ya que solo estar\u00e1 habilitada la circulaci\u00f3n para los trabajadores esenciales y a desalentar las reuniones sociales y familiares en lugares cerrados que suelen ocurrir durante el fin de semana.<\/p>\n<div id=\"image\" class=\"image\"><img decoding=\"async\" title=\"Los locales de gastronom\u00eda funcionar\u00e1n los fines de semana, exclusivamente, con &quot;take away&quot; y deliveries.\" src=\"https:\/\/www.telam.com.ar\/advf\/imagenes\/2021\/04\/607a2faeeec4e_1004x565.jpg\" alt=\"Los locales de gastronom\u00eda funcionar\u00e1n los fines de semana, exclusivamente, con &quot;take away&quot; y deliveries.\" \/><\/p>\n<div class=\"epigrafe\">Los locales de gastronom\u00eda funcionar\u00e1n los fines de semana, exclusivamente, con \u00abtake away\u00bb y deliveries.<\/div>\n<\/div>\n<p>De\u00a0<strong>lunes a viernes, en tanto, el an\u00e1lisis contempla que la actividad gastron\u00f3mica de bares y restaurantes pueda funcionar con una atenci\u00f3n de los clientes en las mesas situadas en los espacios exteriores<\/strong>, como veredas y plataformas.<\/p>\n<p>Adem\u00e1s, para\u00a0<strong>los comercios no esenciales<\/strong>, entre los que est\u00e1n los rubros de indumentaria, se prev\u00e9 que\u00a0<strong>trabajen solo desde la puerta de ingreso<\/strong>\u00a0y que los clientes tengan prohibida la entrada al interior de los locales.<\/p>\n<div class=\"auth\">Espacios abiertos<\/div>\n<p>Por otra parte, las autoridades porte\u00f1as pusieron el foco en lo que ocurre en los parques y plazas de la Ciudad, donde la gente se re\u00fane a hacer actividad f\u00edsica, pero donde tambi\u00e9n se observan celebraciones familiares y reuniones que exceden la cantidad de diez personas, el tope establecido para los encuentros al aire libre.<\/p>\n<p>Por ello,\u00a0<strong>se avanz\u00f3 en la idea de clausurar los patios de juegos de los espacios verdes<\/strong>\u00a0para desalentar las reuniones y encuentros sociales en esos sitios.<\/p>\n<blockquote><p>El paquete de medidas comenzar\u00eda a regir desde las cero hora del s\u00e1bado, una vez que finalice la vigencia del actual decreto de necesidad y urgencia emitido por la Naci\u00f3n<\/p><\/blockquote>\n<div class=\"auth\">Se suman controles<\/div>\n<p>Para garantizar el cumplimiento de las restricciones en la circulaci\u00f3n, la Ciudad desplegar\u00e1 operativos de control en los espacios p\u00fablicos y en las calles que\u00a0<strong>alcanzar\u00e1 a 5.500 agentes de prevenci\u00f3n<\/strong>\u00a0que estar\u00e1n encargados de evitar las aglomeraciones y del cumplimiento de los protocolos de higiene y cuidado.<\/p>\n<div id=\"image\" class=\"image\"><img decoding=\"async\" title=\"Se podr\u00edan clausurar los patios de juegos de los espacios verdes para desalentar las reuniones y encuentros sociales en esos sitios.\" src=\"https:\/\/www.telam.com.ar\/advf\/imagenes\/2020\/11\/5fbc3d771ca42_1004x565.jpg\" alt=\"Se podr\u00edan clausurar los patios de juegos de los espacios verdes para desalentar las reuniones y encuentros sociales en esos sitios.\" \/><\/p>\n<div class=\"epigrafe\">Se podr\u00edan clausurar los patios de juegos de los espacios verdes para desalentar las reuniones y encuentros sociales en esos sitios.<\/div>\n<\/div>\n<div class=\"auth\">Las clases<\/div>\n<p>Voceros del Ejecutivo porte\u00f1o indicaron que h<strong>abr\u00e1 leves cambios en el esquema actual de la presencialidad escolar<\/strong>, por lo que ratificaron la continuidad de la educaci\u00f3n en las aulas para los alumnos de los niveles maternal, inicial, primaria y especial.<\/p>\n<p><strong>Para el nivel medio, que en la actualidad mantiene un sistema mixto que combina la presencialidad con la virtualidad, se proyecta pasar a la educaci\u00f3n remota por completo<\/strong>.<\/p>\n<div class=\"auth\">La postura de Quir\u00f3s<\/div>\n<p>El ministro de Salud porte\u00f1o, Fern\u00e1n Quir\u00f3s, afirm\u00f3 que el Gobierno de la Ciudad est\u00e1 en \u00abalerta\u00bb por la curva de contagios ascendente, pero consider\u00f3 que \u00abno hay que penalizar al ciudadano\u00bb sino propiciar encuentros en lugares \u00abm\u00e1s seguros\u00bb, para evitar la multiplicaci\u00f3n de casos de coronavirus.<\/p>\n<p>\u00abLos encuentros en lugares cerrados, sean laborales, familiares o sociales, donde hay m\u00e1s de dos o tres personas que est\u00e1n m\u00e1s de 15 minutos reunidas son el motivo principal de ese repunte de casos\u00bb, explic\u00f3.<\/p>\n<p>Sin embargo, juzg\u00f3 que \u00abluego de un a\u00f1o y medio, la capacidad de la gente de cumplir la normativa se va perdiendo por m\u00faltiples motivos: psicol\u00f3gicos, sociales, laborales, emocionales, econ\u00f3micos\u00bb.<\/p>\n<p>\u00abCreo que no hay penalizar al ciudadano. Lo que hay que hacer es buscar un lugar m\u00e1s seguro\u00bb, detall\u00f3 Quir\u00f3s y postul\u00f3: \u00abSi necesitamos encontrarnos, el barbijo bien puesto y todo lo que podamos hacer en lugar abierto\u00bb.<\/p><\/div>\n<\/div>\n<\/div>\n<\/div>\n<\/div>\n","protected":false},"excerpt":{"rendered":"<p>La medida de mayor impacto es el \u00abcierre total los fines de semana\u00bb de las actividades comerciales del distrito. Tambi\u00e9n se eval\u00faa nuevas restricciones para aplicar de lunes a viernes en comercios no esenciales, as\u00ed como cambios en la presencialidad escolar.<\/p>\n","protected":false},"author":3,"featured_media":0,"comment_status":"closed","ping_status":"closed","sticky":false,"template":"","format":"standard","meta":{"footnotes":""},"categories":[24],"tags":[],"class_list":["post-57168","post","type-post","status-publish","format-standard","hentry","category-politica"],"yoast_head":"<!-- This site is optimized with the Yoast SEO plugin v25.9 - https:\/\/yoast.com\/wordpress\/plugins\/seo\/ -->\n<title>La Ciudad de Buenos Aires proyecta &quot;un cierre total&quot; de actividades los fines de semana - Noticias Radio Reflejos<\/title>\n<meta name=\"robots\" content=\"index, follow, max-snippet:-1, max-image-preview:large, max-video-preview:-1\" \/>\n<link rel=\"canonical\" href=\"https:\/\/www.noticiasradioreflejos.com.ar\/2021\/la-ciudad-de-buenos-aires-proyecta-un-cierre-total-de-actividades-los-fines-de-semana\/\" \/>\n<meta property=\"og:locale\" content=\"es_ES\" \/>\n<meta property=\"og:type\" content=\"article\" \/>\n<meta property=\"og:title\" content=\"La Ciudad de Buenos Aires proyecta &quot;un cierre total&quot; de actividades los fines de semana - Noticias Radio Reflejos\" \/>\n<meta property=\"og:description\" content=\"La medida de mayor impacto es el \u00abcierre total los fines de semana\u00bb de las actividades comerciales del distrito. Tambi\u00e9n se eval\u00faa nuevas restricciones para aplicar de lunes a viernes en comercios no esenciales, as\u00ed como cambios en la presencialidad escolar.\" \/>\n<meta property=\"og:url\" content=\"https:\/\/www.noticiasradioreflejos.com.ar\/2021\/la-ciudad-de-buenos-aires-proyecta-un-cierre-total-de-actividades-los-fines-de-semana\/\" \/>\n<meta property=\"og:site_name\" content=\"Noticias Radio Reflejos\" \/>\n<meta property=\"article:published_time\" content=\"2021-05-20T11:24:55+00:00\" \/>\n<meta property=\"og:image\" content=\"https:\/\/www.telam.com.ar\/advf\/imagenes\/2019\/01\/5c34dde5d4ff5_1004x565.jpg\" \/>\n<meta name=\"author\" content=\"Arnaldo Botto\" \/>\n<meta name=\"twitter:card\" content=\"summary_large_image\" \/>\n<script type=\"application\/ld+json\" class=\"yoast-schema-graph\">{\"@context\":\"https:\/\/schema.org\",\"@graph\":[{\"@type\":\"WebPage\",\"@id\":\"https:\/\/www.noticiasradioreflejos.com.ar\/2021\/la-ciudad-de-buenos-aires-proyecta-un-cierre-total-de-actividades-los-fines-de-semana\/\",\"url\":\"https:\/\/www.noticiasradioreflejos.com.ar\/2021\/la-ciudad-de-buenos-aires-proyecta-un-cierre-total-de-actividades-los-fines-de-semana\/\",\"name\":\"La Ciudad de Buenos Aires proyecta \\\"un cierre total\\\" de actividades los fines de semana - Noticias Radio Reflejos\",\"isPartOf\":{\"@id\":\"https:\/\/www.noticiasradioreflejos.com.ar\/2021\/#website\"},\"primaryImageOfPage\":{\"@id\":\"https:\/\/www.noticiasradioreflejos.com.ar\/2021\/la-ciudad-de-buenos-aires-proyecta-un-cierre-total-de-actividades-los-fines-de-semana\/#primaryimage\"},\"image\":{\"@id\":\"https:\/\/www.noticiasradioreflejos.com.ar\/2021\/la-ciudad-de-buenos-aires-proyecta-un-cierre-total-de-actividades-los-fines-de-semana\/#primaryimage\"},\"thumbnailUrl\":\"https:\/\/www.telam.com.ar\/advf\/imagenes\/2019\/01\/5c34dde5d4ff5_1004x565.jpg\",\"datePublished\":\"2021-05-20T11:24:55+00:00\",\"author\":{\"@id\":\"https:\/\/www.noticiasradioreflejos.com.ar\/2021\/#\/schema\/person\/ad82545263dcc5ec0996818884fd5fb1\"},\"breadcrumb\":{\"@id\":\"https:\/\/www.noticiasradioreflejos.com.ar\/2021\/la-ciudad-de-buenos-aires-proyecta-un-cierre-total-de-actividades-los-fines-de-semana\/#breadcrumb\"},\"inLanguage\":\"es\",\"potentialAction\":[{\"@type\":\"ReadAction\",\"target\":[\"https:\/\/www.noticiasradioreflejos.com.ar\/2021\/la-ciudad-de-buenos-aires-proyecta-un-cierre-total-de-actividades-los-fines-de-semana\/\"]}]},{\"@type\":\"ImageObject\",\"inLanguage\":\"es\",\"@id\":\"https:\/\/www.noticiasradioreflejos.com.ar\/2021\/la-ciudad-de-buenos-aires-proyecta-un-cierre-total-de-actividades-los-fines-de-semana\/#primaryimage\",\"url\":\"https:\/\/www.telam.com.ar\/advf\/imagenes\/2019\/01\/5c34dde5d4ff5_1004x565.jpg\",\"contentUrl\":\"https:\/\/www.telam.com.ar\/advf\/imagenes\/2019\/01\/5c34dde5d4ff5_1004x565.jpg\"},{\"@type\":\"BreadcrumbList\",\"@id\":\"https:\/\/www.noticiasradioreflejos.com.ar\/2021\/la-ciudad-de-buenos-aires-proyecta-un-cierre-total-de-actividades-los-fines-de-semana\/#breadcrumb\",\"itemListElement\":[{\"@type\":\"ListItem\",\"position\":1,\"name\":\"Portada\",\"item\":\"https:\/\/www.noticiasradioreflejos.com.ar\/2021\/\"},{\"@type\":\"ListItem\",\"position\":2,\"name\":\"La Ciudad de Buenos Aires proyecta \u00abun cierre total\u00bb de actividades los fines de semana\"}]},{\"@type\":\"WebSite\",\"@id\":\"https:\/\/www.noticiasradioreflejos.com.ar\/2021\/#website\",\"url\":\"https:\/\/www.noticiasradioreflejos.com.ar\/2021\/\",\"name\":\"Noticias Radio Reflejos\",\"description\":\"Las noticias de mi comarca\",\"potentialAction\":[{\"@type\":\"SearchAction\",\"target\":{\"@type\":\"EntryPoint\",\"urlTemplate\":\"https:\/\/www.noticiasradioreflejos.com.ar\/2021\/?s={search_term_string}\"},\"query-input\":{\"@type\":\"PropertyValueSpecification\",\"valueRequired\":true,\"valueName\":\"search_term_string\"}}],\"inLanguage\":\"es\"},{\"@type\":\"Person\",\"@id\":\"https:\/\/www.noticiasradioreflejos.com.ar\/2021\/#\/schema\/person\/ad82545263dcc5ec0996818884fd5fb1\",\"name\":\"Arnaldo Botto\",\"image\":{\"@type\":\"ImageObject\",\"inLanguage\":\"es\",\"@id\":\"https:\/\/www.noticiasradioreflejos.com.ar\/2021\/#\/schema\/person\/image\/\",\"url\":\"https:\/\/secure.gravatar.com\/avatar\/55cb5e37c1efa326397366e6974cb338056df65cb50e7d64d1cf314e87504837?s=96&d=mm&r=g\",\"contentUrl\":\"https:\/\/secure.gravatar.com\/avatar\/55cb5e37c1efa326397366e6974cb338056df65cb50e7d64d1cf314e87504837?s=96&d=mm&r=g\",\"caption\":\"Arnaldo Botto\"},\"url\":\"https:\/\/www.noticiasradioreflejos.com.ar\/2021\/author\/arnaldo\/\"}]}<\/script>\n<!-- \/ Yoast SEO plugin. -->","yoast_head_json":{"title":"La Ciudad de Buenos Aires proyecta \"un cierre total\" de actividades los fines de semana - Noticias Radio Reflejos","robots":{"index":"index","follow":"follow","max-snippet":"max-snippet:-1","max-image-preview":"max-image-preview:large","max-video-preview":"max-video-preview:-1"},"canonical":"https:\/\/www.noticiasradioreflejos.com.ar\/2021\/la-ciudad-de-buenos-aires-proyecta-un-cierre-total-de-actividades-los-fines-de-semana\/","og_locale":"es_ES","og_type":"article","og_title":"La Ciudad de Buenos Aires proyecta \"un cierre total\" de actividades los fines de semana - Noticias Radio Reflejos","og_description":"La medida de mayor impacto es el \u00abcierre total los fines de semana\u00bb de las actividades comerciales del distrito. Tambi\u00e9n se eval\u00faa nuevas restricciones para aplicar de lunes a viernes en comercios no esenciales, as\u00ed como cambios en la presencialidad escolar.","og_url":"https:\/\/www.noticiasradioreflejos.com.ar\/2021\/la-ciudad-de-buenos-aires-proyecta-un-cierre-total-de-actividades-los-fines-de-semana\/","og_site_name":"Noticias Radio Reflejos","article_published_time":"2021-05-20T11:24:55+00:00","og_image":[{"url":"https:\/\/www.telam.com.ar\/advf\/imagenes\/2019\/01\/5c34dde5d4ff5_1004x565.jpg","type":"","width":"","height":""}],"author":"Arnaldo Botto","twitter_card":"summary_large_image","schema":{"@context":"https:\/\/schema.org","@graph":[{"@type":"WebPage","@id":"https:\/\/www.noticiasradioreflejos.com.ar\/2021\/la-ciudad-de-buenos-aires-proyecta-un-cierre-total-de-actividades-los-fines-de-semana\/","url":"https:\/\/www.noticiasradioreflejos.com.ar\/2021\/la-ciudad-de-buenos-aires-proyecta-un-cierre-total-de-actividades-los-fines-de-semana\/","name":"La Ciudad de Buenos Aires proyecta \"un cierre total\" de actividades los fines de semana - Noticias Radio Reflejos","isPartOf":{"@id":"https:\/\/www.noticiasradioreflejos.com.ar\/2021\/#website"},"primaryImageOfPage":{"@id":"https:\/\/www.noticiasradioreflejos.com.ar\/2021\/la-ciudad-de-buenos-aires-proyecta-un-cierre-total-de-actividades-los-fines-de-semana\/#primaryimage"},"image":{"@id":"https:\/\/www.noticiasradioreflejos.com.ar\/2021\/la-ciudad-de-buenos-aires-proyecta-un-cierre-total-de-actividades-los-fines-de-semana\/#primaryimage"},"thumbnailUrl":"https:\/\/www.telam.com.ar\/advf\/imagenes\/2019\/01\/5c34dde5d4ff5_1004x565.jpg","datePublished":"2021-05-20T11:24:55+00:00","author":{"@id":"https:\/\/www.noticiasradioreflejos.com.ar\/2021\/#\/schema\/person\/ad82545263dcc5ec0996818884fd5fb1"},"breadcrumb":{"@id":"https:\/\/www.noticiasradioreflejos.com.ar\/2021\/la-ciudad-de-buenos-aires-proyecta-un-cierre-total-de-actividades-los-fines-de-semana\/#breadcrumb"},"inLanguage":"es","potentialAction":[{"@type":"ReadAction","target":["https:\/\/www.noticiasradioreflejos.com.ar\/2021\/la-ciudad-de-buenos-aires-proyecta-un-cierre-total-de-actividades-los-fines-de-semana\/"]}]},{"@type":"ImageObject","inLanguage":"es","@id":"https:\/\/www.noticiasradioreflejos.com.ar\/2021\/la-ciudad-de-buenos-aires-proyecta-un-cierre-total-de-actividades-los-fines-de-semana\/#primaryimage","url":"https:\/\/www.telam.com.ar\/advf\/imagenes\/2019\/01\/5c34dde5d4ff5_1004x565.jpg","contentUrl":"https:\/\/www.telam.com.ar\/advf\/imagenes\/2019\/01\/5c34dde5d4ff5_1004x565.jpg"},{"@type":"BreadcrumbList","@id":"https:\/\/www.noticiasradioreflejos.com.ar\/2021\/la-ciudad-de-buenos-aires-proyecta-un-cierre-total-de-actividades-los-fines-de-semana\/#breadcrumb","itemListElement":[{"@type":"ListItem","position":1,"name":"Portada","item":"https:\/\/www.noticiasradioreflejos.com.ar\/2021\/"},{"@type":"ListItem","position":2,"name":"La Ciudad de Buenos Aires proyecta \u00abun cierre total\u00bb de actividades los fines de semana"}]},{"@type":"WebSite","@id":"https:\/\/www.noticiasradioreflejos.com.ar\/2021\/#website","url":"https:\/\/www.noticiasradioreflejos.com.ar\/2021\/","name":"Noticias Radio Reflejos","description":"Las noticias de mi comarca","potentialAction":[{"@type":"SearchAction","target":{"@type":"EntryPoint","urlTemplate":"https:\/\/www.noticiasradioreflejos.com.ar\/2021\/?s={search_term_string}"},"query-input":{"@type":"PropertyValueSpecification","valueRequired":true,"valueName":"search_term_string"}}],"inLanguage":"es"},{"@type":"Person","@id":"https:\/\/www.noticiasradioreflejos.com.ar\/2021\/#\/schema\/person\/ad82545263dcc5ec0996818884fd5fb1","name":"Arnaldo Botto","image":{"@type":"ImageObject","inLanguage":"es","@id":"https:\/\/www.noticiasradioreflejos.com.ar\/2021\/#\/schema\/person\/image\/","url":"https:\/\/secure.gravatar.com\/avatar\/55cb5e37c1efa326397366e6974cb338056df65cb50e7d64d1cf314e87504837?s=96&d=mm&r=g","contentUrl":"https:\/\/secure.gravatar.com\/avatar\/55cb5e37c1efa326397366e6974cb338056df65cb50e7d64d1cf314e87504837?s=96&d=mm&r=g","caption":"Arnaldo Botto"},"url":"https:\/\/www.noticiasradioreflejos.com.ar\/2021\/author\/arnaldo\/"}]}},"_links":{"self":[{"href":"https:\/\/www.noticiasradioreflejos.com.ar\/2021\/wp-json\/wp\/v2\/posts\/57168","targetHints":{"allow":["GET"]}}],"collection":[{"href":"https:\/\/www.noticiasradioreflejos.com.ar\/2021\/wp-json\/wp\/v2\/posts"}],"about":[{"href":"https:\/\/www.noticiasradioreflejos.com.ar\/2021\/wp-json\/wp\/v2\/types\/post"}],"author":[{"embeddable":true,"href":"https:\/\/www.noticiasradioreflejos.com.ar\/2021\/wp-json\/wp\/v2\/users\/3"}],"replies":[{"embeddable":true,"href":"https:\/\/www.noticiasradioreflejos.com.ar\/2021\/wp-json\/wp\/v2\/comments?post=57168"}],"version-history":[{"count":2,"href":"https:\/\/www.noticiasradioreflejos.com.ar\/2021\/wp-json\/wp\/v2\/posts\/57168\/revisions"}],"predecessor-version":[{"id":57171,"href":"https:\/\/www.noticiasradioreflejos.com.ar\/2021\/wp-json\/wp\/v2\/posts\/57168\/revisions\/57171"}],"wp:attachment":[{"href":"https:\/\/www.noticiasradioreflejos.com.ar\/2021\/wp-json\/wp\/v2\/media?parent=57168"}],"wp:term":[{"taxonomy":"category","embeddable":true,"href":"https:\/\/www.noticiasradioreflejos.com.ar\/2021\/wp-json\/wp\/v2\/categories?post=57168"},{"taxonomy":"post_tag","embeddable":true,"href":"https:\/\/www.noticiasradioreflejos.com.ar\/2021\/wp-json\/wp\/v2\/tags?post=57168"}],"curies":[{"name":"wp","href":"https:\/\/api.w.org\/{rel}","templated":true}]}}