{"id":57162,"date":"2021-05-20T11:19:15","date_gmt":"2021-05-20T11:19:15","guid":{"rendered":"http:\/\/www.noticiasradioreflejos.com.ar\/2021\/?p=57162"},"modified":"2021-05-20T11:19:15","modified_gmt":"2021-05-20T11:19:15","slug":"el-senado-debatira-este-jueves-el-proyecto-sobre-medidas-para-contener-la-pandemia","status":"publish","type":"post","link":"https:\/\/www.noticiasradioreflejos.com.ar\/2021\/el-senado-debatira-este-jueves-el-proyecto-sobre-medidas-para-contener-la-pandemia\/","title":{"rendered":"El Senado debatir\u00e1 este jueves el proyecto sobre medidas para contener la pandemia"},"content":{"rendered":"<div class=\"head-content\">\n<p>La sesi\u00f3n fue convocada para las 14 y se descuenta que la iniciativa sea aprobada gracias a los votos del Frente de Todos, que es mayor\u00eda en la C\u00e1mara alta, y que contar\u00e1 con el rechazo de Juntos por el Cambio y el resto de la oposici\u00f3n.<\/p>\n<\/div>\n<p><!--more--><\/p>\n<div class=\"main-content-block\">\n<div class=\"main-box clearfix\">\n<div class=\"wrapper-main-section clearfix\">\n<div class=\"wrapper-editable-content\">\n<div class=\"editable-content clearfix\">\n<div id=\"image\" class=\"image\"><img decoding=\"async\" title=\"Los senadores fueron convocados para las 14.\" src=\"https:\/\/www.telam.com.ar\/advf\/imagenes\/2021\/04\/606f5add129bb_1004x565.jpg\" alt=\"Los senadores fueron convocados para las 14.\" \/><\/p>\n<div class=\"epigrafe\"><em>Los senadores fueron convocados para las 14.<\/em><\/div>\n<\/div>\n<p>El proyecto de ley enviado por el Ejecutivo al Congreso que establece criterios b\u00e1sicos epidemiol\u00f3gicos que mitiguen la pandemia de coronavirus en el pa\u00eds ser\u00e1 tratado el jueves por el Senado en una sesi\u00f3n especial en la que se incluir\u00e1n otros asuntos legislativos.<\/p>\n<p>Los senadores fueron convocados para las 14 y se descuenta que la iniciativa sea aprobada gracias a los votos del Frente de Todos, que es mayor\u00eda en la C\u00e1mara alta, y que contar\u00e1 con el rechazo de Juntos por el Cambio y el resto de la oposici\u00f3n.<\/p>\n<div class=\"auth\">C\u00f3mo es el proyecto del Ejecutivo<\/div>\n<p><strong>El proyecto enviado la semana pasada por el Gobierno y dictaminado menos de tres d\u00edas despu\u00e9s, establece un marco normativo sobre par\u00e1metros de riesgo epidemiol\u00f3gico y sanitario para combatir el contagio de coronavirus<\/strong>, tiene como finalidad \u201cproteger la salud p\u00fablica\u201d y \u201cestablecer medidas sanitarias generales que se aplicar\u00e1n en todo el pa\u00eds\u201d.<\/p>\n<p><strong>La iniciativa re\u00fane los criterios sostenidos en los Decretos de Necesidad y Urgencia firmados por el Ejecutivo desde el inicio de la pandemia y hace hincapi\u00e9 en las reuniones sociales, el teletrabajo y el dictado de clases presenciales<\/strong>, aunque cada restricci\u00f3n debe ser consensuada con autoridades provinciales.<\/p>\n<div id=\"image\" class=\"image\"><img decoding=\"async\" title=\"Cada restricci\u00f3n debe ser consensuada con autoridades provinciales.\" src=\"https:\/\/www.telam.com.ar\/advf\/imagenes\/2021\/04\/608bfb9d3bdb6_1004x565.jpg\" alt=\"Cada restricci\u00f3n debe ser consensuada con autoridades provinciales.\" \/><\/p>\n<div class=\"epigrafe\"><em>Cada restricci\u00f3n debe ser consensuada con autoridades provinciales.<\/em><\/div>\n<\/div>\n<p>El proyecto establece coeficientes para definir la situaci\u00f3n de \u201cBajo Riesgo\u201d, \u201cMediano Riesgo\u201d y \u201cAlto Riesgo\u201d epidemiol\u00f3gico y sanitario: se consideran de Bajo Riesgo cuando \u201cla raz\u00f3n de casos\u201d, definida como el cociente entre el n\u00famero de casos confirmados acumulados en los \u00faltimos catorce d\u00edas y el n\u00famero de casos confirmados acumulados en los catorce d\u00edas previos sea inferior a 0,8.<\/p>\n<p>En los de Mediano Riesgo el n\u00famero de \u201craz\u00f3n de casos\u201d deber\u00e1 oscilar entre 0,8 y 1,2; y los de Alto riesgo, cuando la \u201craz\u00f3n\u201d sea mayor a 1,20.<\/p>\n<p>Adem\u00e1s, los senadores tienen en agenda varios proyectos de declaraci\u00f3n y resoluci\u00f3n, as\u00ed como una iniciativa para darle rasgo constitucional a la Convenci\u00f3n de Belem do Para contra la violencia hacia la mujer.<\/p>\n<div class=\"btn_externos\"><\/div>\n<\/div>\n<\/div>\n<div class=\"wrapper-tags\">\n<div class=\"tags-bar clearfix\">ETIQUETAS<\/div>\n<\/div>\n<\/div>\n<\/div>\n<\/div>\n","protected":false},"excerpt":{"rendered":"<p>La sesi\u00f3n fue convocada para las 14 y se descuenta que la iniciativa sea aprobada gracias a los votos del Frente de Todos, que es mayor\u00eda en la C\u00e1mara alta, y que contar\u00e1 con el rechazo de Juntos por el Cambio y el resto de la oposici\u00f3n.<\/p>\n","protected":false},"author":3,"featured_media":0,"comment_status":"closed","ping_status":"closed","sticky":false,"template":"","format":"standard","meta":{"footnotes":""},"categories":[24],"tags":[],"class_list":["post-57162","post","type-post","status-publish","format-standard","hentry","category-politica"],"yoast_head":"<!-- This site is optimized with the Yoast SEO plugin v25.9 - https:\/\/yoast.com\/wordpress\/plugins\/seo\/ -->\n<title>El Senado debatir\u00e1 este jueves el proyecto sobre medidas para contener la pandemia - Noticias Radio Reflejos<\/title>\n<meta name=\"robots\" content=\"index, follow, max-snippet:-1, max-image-preview:large, max-video-preview:-1\" \/>\n<link rel=\"canonical\" href=\"https:\/\/www.noticiasradioreflejos.com.ar\/2021\/el-senado-debatira-este-jueves-el-proyecto-sobre-medidas-para-contener-la-pandemia\/\" \/>\n<meta property=\"og:locale\" content=\"es_ES\" \/>\n<meta property=\"og:type\" content=\"article\" \/>\n<meta property=\"og:title\" content=\"El Senado debatir\u00e1 este jueves el proyecto sobre medidas para contener la pandemia - Noticias Radio Reflejos\" \/>\n<meta property=\"og:description\" content=\"La sesi\u00f3n fue convocada para las 14 y se descuenta que la iniciativa sea aprobada gracias a los votos del Frente de Todos, que es mayor\u00eda en la C\u00e1mara alta, y que contar\u00e1 con el rechazo de Juntos por el Cambio y el resto de la oposici\u00f3n.\" \/>\n<meta property=\"og:url\" content=\"https:\/\/www.noticiasradioreflejos.com.ar\/2021\/el-senado-debatira-este-jueves-el-proyecto-sobre-medidas-para-contener-la-pandemia\/\" \/>\n<meta property=\"og:site_name\" content=\"Noticias Radio Reflejos\" \/>\n<meta property=\"article:published_time\" content=\"2021-05-20T11:19:15+00:00\" \/>\n<meta property=\"og:image\" content=\"https:\/\/www.telam.com.ar\/advf\/imagenes\/2021\/04\/606f5add129bb_1004x565.jpg\" \/>\n<meta name=\"author\" content=\"Arnaldo Botto\" \/>\n<meta name=\"twitter:card\" content=\"summary_large_image\" \/>\n<script type=\"application\/ld+json\" class=\"yoast-schema-graph\">{\"@context\":\"https:\/\/schema.org\",\"@graph\":[{\"@type\":\"WebPage\",\"@id\":\"https:\/\/www.noticiasradioreflejos.com.ar\/2021\/el-senado-debatira-este-jueves-el-proyecto-sobre-medidas-para-contener-la-pandemia\/\",\"url\":\"https:\/\/www.noticiasradioreflejos.com.ar\/2021\/el-senado-debatira-este-jueves-el-proyecto-sobre-medidas-para-contener-la-pandemia\/\",\"name\":\"El Senado debatir\u00e1 este jueves el proyecto sobre medidas para contener la pandemia - Noticias Radio Reflejos\",\"isPartOf\":{\"@id\":\"https:\/\/www.noticiasradioreflejos.com.ar\/2021\/#website\"},\"primaryImageOfPage\":{\"@id\":\"https:\/\/www.noticiasradioreflejos.com.ar\/2021\/el-senado-debatira-este-jueves-el-proyecto-sobre-medidas-para-contener-la-pandemia\/#primaryimage\"},\"image\":{\"@id\":\"https:\/\/www.noticiasradioreflejos.com.ar\/2021\/el-senado-debatira-este-jueves-el-proyecto-sobre-medidas-para-contener-la-pandemia\/#primaryimage\"},\"thumbnailUrl\":\"https:\/\/www.telam.com.ar\/advf\/imagenes\/2021\/04\/606f5add129bb_1004x565.jpg\",\"datePublished\":\"2021-05-20T11:19:15+00:00\",\"author\":{\"@id\":\"https:\/\/www.noticiasradioreflejos.com.ar\/2021\/#\/schema\/person\/ad82545263dcc5ec0996818884fd5fb1\"},\"breadcrumb\":{\"@id\":\"https:\/\/www.noticiasradioreflejos.com.ar\/2021\/el-senado-debatira-este-jueves-el-proyecto-sobre-medidas-para-contener-la-pandemia\/#breadcrumb\"},\"inLanguage\":\"es\",\"potentialAction\":[{\"@type\":\"ReadAction\",\"target\":[\"https:\/\/www.noticiasradioreflejos.com.ar\/2021\/el-senado-debatira-este-jueves-el-proyecto-sobre-medidas-para-contener-la-pandemia\/\"]}]},{\"@type\":\"ImageObject\",\"inLanguage\":\"es\",\"@id\":\"https:\/\/www.noticiasradioreflejos.com.ar\/2021\/el-senado-debatira-este-jueves-el-proyecto-sobre-medidas-para-contener-la-pandemia\/#primaryimage\",\"url\":\"https:\/\/www.telam.com.ar\/advf\/imagenes\/2021\/04\/606f5add129bb_1004x565.jpg\",\"contentUrl\":\"https:\/\/www.telam.com.ar\/advf\/imagenes\/2021\/04\/606f5add129bb_1004x565.jpg\"},{\"@type\":\"BreadcrumbList\",\"@id\":\"https:\/\/www.noticiasradioreflejos.com.ar\/2021\/el-senado-debatira-este-jueves-el-proyecto-sobre-medidas-para-contener-la-pandemia\/#breadcrumb\",\"itemListElement\":[{\"@type\":\"ListItem\",\"position\":1,\"name\":\"Portada\",\"item\":\"https:\/\/www.noticiasradioreflejos.com.ar\/2021\/\"},{\"@type\":\"ListItem\",\"position\":2,\"name\":\"El Senado debatir\u00e1 este jueves el proyecto sobre medidas para contener la pandemia\"}]},{\"@type\":\"WebSite\",\"@id\":\"https:\/\/www.noticiasradioreflejos.com.ar\/2021\/#website\",\"url\":\"https:\/\/www.noticiasradioreflejos.com.ar\/2021\/\",\"name\":\"Noticias Radio Reflejos\",\"description\":\"Las noticias de mi comarca\",\"potentialAction\":[{\"@type\":\"SearchAction\",\"target\":{\"@type\":\"EntryPoint\",\"urlTemplate\":\"https:\/\/www.noticiasradioreflejos.com.ar\/2021\/?s={search_term_string}\"},\"query-input\":{\"@type\":\"PropertyValueSpecification\",\"valueRequired\":true,\"valueName\":\"search_term_string\"}}],\"inLanguage\":\"es\"},{\"@type\":\"Person\",\"@id\":\"https:\/\/www.noticiasradioreflejos.com.ar\/2021\/#\/schema\/person\/ad82545263dcc5ec0996818884fd5fb1\",\"name\":\"Arnaldo Botto\",\"image\":{\"@type\":\"ImageObject\",\"inLanguage\":\"es\",\"@id\":\"https:\/\/www.noticiasradioreflejos.com.ar\/2021\/#\/schema\/person\/image\/\",\"url\":\"https:\/\/secure.gravatar.com\/avatar\/55cb5e37c1efa326397366e6974cb338056df65cb50e7d64d1cf314e87504837?s=96&d=mm&r=g\",\"contentUrl\":\"https:\/\/secure.gravatar.com\/avatar\/55cb5e37c1efa326397366e6974cb338056df65cb50e7d64d1cf314e87504837?s=96&d=mm&r=g\",\"caption\":\"Arnaldo Botto\"},\"url\":\"https:\/\/www.noticiasradioreflejos.com.ar\/2021\/author\/arnaldo\/\"}]}<\/script>\n<!-- \/ Yoast SEO plugin. -->","yoast_head_json":{"title":"El Senado debatir\u00e1 este jueves el proyecto sobre medidas para contener la pandemia - Noticias Radio Reflejos","robots":{"index":"index","follow":"follow","max-snippet":"max-snippet:-1","max-image-preview":"max-image-preview:large","max-video-preview":"max-video-preview:-1"},"canonical":"https:\/\/www.noticiasradioreflejos.com.ar\/2021\/el-senado-debatira-este-jueves-el-proyecto-sobre-medidas-para-contener-la-pandemia\/","og_locale":"es_ES","og_type":"article","og_title":"El Senado debatir\u00e1 este jueves el proyecto sobre medidas para contener la pandemia - Noticias Radio Reflejos","og_description":"La sesi\u00f3n fue convocada para las 14 y se descuenta que la iniciativa sea aprobada gracias a los votos del Frente de Todos, que es mayor\u00eda en la C\u00e1mara alta, y que contar\u00e1 con el rechazo de Juntos por el Cambio y el resto de la oposici\u00f3n.","og_url":"https:\/\/www.noticiasradioreflejos.com.ar\/2021\/el-senado-debatira-este-jueves-el-proyecto-sobre-medidas-para-contener-la-pandemia\/","og_site_name":"Noticias Radio Reflejos","article_published_time":"2021-05-20T11:19:15+00:00","og_image":[{"url":"https:\/\/www.telam.com.ar\/advf\/imagenes\/2021\/04\/606f5add129bb_1004x565.jpg","type":"","width":"","height":""}],"author":"Arnaldo Botto","twitter_card":"summary_large_image","schema":{"@context":"https:\/\/schema.org","@graph":[{"@type":"WebPage","@id":"https:\/\/www.noticiasradioreflejos.com.ar\/2021\/el-senado-debatira-este-jueves-el-proyecto-sobre-medidas-para-contener-la-pandemia\/","url":"https:\/\/www.noticiasradioreflejos.com.ar\/2021\/el-senado-debatira-este-jueves-el-proyecto-sobre-medidas-para-contener-la-pandemia\/","name":"El Senado debatir\u00e1 este jueves el proyecto sobre medidas para contener la pandemia - Noticias Radio Reflejos","isPartOf":{"@id":"https:\/\/www.noticiasradioreflejos.com.ar\/2021\/#website"},"primaryImageOfPage":{"@id":"https:\/\/www.noticiasradioreflejos.com.ar\/2021\/el-senado-debatira-este-jueves-el-proyecto-sobre-medidas-para-contener-la-pandemia\/#primaryimage"},"image":{"@id":"https:\/\/www.noticiasradioreflejos.com.ar\/2021\/el-senado-debatira-este-jueves-el-proyecto-sobre-medidas-para-contener-la-pandemia\/#primaryimage"},"thumbnailUrl":"https:\/\/www.telam.com.ar\/advf\/imagenes\/2021\/04\/606f5add129bb_1004x565.jpg","datePublished":"2021-05-20T11:19:15+00:00","author":{"@id":"https:\/\/www.noticiasradioreflejos.com.ar\/2021\/#\/schema\/person\/ad82545263dcc5ec0996818884fd5fb1"},"breadcrumb":{"@id":"https:\/\/www.noticiasradioreflejos.com.ar\/2021\/el-senado-debatira-este-jueves-el-proyecto-sobre-medidas-para-contener-la-pandemia\/#breadcrumb"},"inLanguage":"es","potentialAction":[{"@type":"ReadAction","target":["https:\/\/www.noticiasradioreflejos.com.ar\/2021\/el-senado-debatira-este-jueves-el-proyecto-sobre-medidas-para-contener-la-pandemia\/"]}]},{"@type":"ImageObject","inLanguage":"es","@id":"https:\/\/www.noticiasradioreflejos.com.ar\/2021\/el-senado-debatira-este-jueves-el-proyecto-sobre-medidas-para-contener-la-pandemia\/#primaryimage","url":"https:\/\/www.telam.com.ar\/advf\/imagenes\/2021\/04\/606f5add129bb_1004x565.jpg","contentUrl":"https:\/\/www.telam.com.ar\/advf\/imagenes\/2021\/04\/606f5add129bb_1004x565.jpg"},{"@type":"BreadcrumbList","@id":"https:\/\/www.noticiasradioreflejos.com.ar\/2021\/el-senado-debatira-este-jueves-el-proyecto-sobre-medidas-para-contener-la-pandemia\/#breadcrumb","itemListElement":[{"@type":"ListItem","position":1,"name":"Portada","item":"https:\/\/www.noticiasradioreflejos.com.ar\/2021\/"},{"@type":"ListItem","position":2,"name":"El Senado debatir\u00e1 este jueves el proyecto sobre medidas para contener la pandemia"}]},{"@type":"WebSite","@id":"https:\/\/www.noticiasradioreflejos.com.ar\/2021\/#website","url":"https:\/\/www.noticiasradioreflejos.com.ar\/2021\/","name":"Noticias Radio Reflejos","description":"Las noticias de mi comarca","potentialAction":[{"@type":"SearchAction","target":{"@type":"EntryPoint","urlTemplate":"https:\/\/www.noticiasradioreflejos.com.ar\/2021\/?s={search_term_string}"},"query-input":{"@type":"PropertyValueSpecification","valueRequired":true,"valueName":"search_term_string"}}],"inLanguage":"es"},{"@type":"Person","@id":"https:\/\/www.noticiasradioreflejos.com.ar\/2021\/#\/schema\/person\/ad82545263dcc5ec0996818884fd5fb1","name":"Arnaldo Botto","image":{"@type":"ImageObject","inLanguage":"es","@id":"https:\/\/www.noticiasradioreflejos.com.ar\/2021\/#\/schema\/person\/image\/","url":"https:\/\/secure.gravatar.com\/avatar\/55cb5e37c1efa326397366e6974cb338056df65cb50e7d64d1cf314e87504837?s=96&d=mm&r=g","contentUrl":"https:\/\/secure.gravatar.com\/avatar\/55cb5e37c1efa326397366e6974cb338056df65cb50e7d64d1cf314e87504837?s=96&d=mm&r=g","caption":"Arnaldo Botto"},"url":"https:\/\/www.noticiasradioreflejos.com.ar\/2021\/author\/arnaldo\/"}]}},"_links":{"self":[{"href":"https:\/\/www.noticiasradioreflejos.com.ar\/2021\/wp-json\/wp\/v2\/posts\/57162","targetHints":{"allow":["GET"]}}],"collection":[{"href":"https:\/\/www.noticiasradioreflejos.com.ar\/2021\/wp-json\/wp\/v2\/posts"}],"about":[{"href":"https:\/\/www.noticiasradioreflejos.com.ar\/2021\/wp-json\/wp\/v2\/types\/post"}],"author":[{"embeddable":true,"href":"https:\/\/www.noticiasradioreflejos.com.ar\/2021\/wp-json\/wp\/v2\/users\/3"}],"replies":[{"embeddable":true,"href":"https:\/\/www.noticiasradioreflejos.com.ar\/2021\/wp-json\/wp\/v2\/comments?post=57162"}],"version-history":[{"count":1,"href":"https:\/\/www.noticiasradioreflejos.com.ar\/2021\/wp-json\/wp\/v2\/posts\/57162\/revisions"}],"predecessor-version":[{"id":57164,"href":"https:\/\/www.noticiasradioreflejos.com.ar\/2021\/wp-json\/wp\/v2\/posts\/57162\/revisions\/57164"}],"wp:attachment":[{"href":"https:\/\/www.noticiasradioreflejos.com.ar\/2021\/wp-json\/wp\/v2\/media?parent=57162"}],"wp:term":[{"taxonomy":"category","embeddable":true,"href":"https:\/\/www.noticiasradioreflejos.com.ar\/2021\/wp-json\/wp\/v2\/categories?post=57162"},{"taxonomy":"post_tag","embeddable":true,"href":"https:\/\/www.noticiasradioreflejos.com.ar\/2021\/wp-json\/wp\/v2\/tags?post=57162"}],"curies":[{"name":"wp","href":"https:\/\/api.w.org\/{rel}","templated":true}]}}