{"id":57158,"date":"2021-05-20T11:09:38","date_gmt":"2021-05-20T11:09:38","guid":{"rendered":"http:\/\/www.noticiasradioreflejos.com.ar\/2021\/?p=57158"},"modified":"2021-05-20T12:28:11","modified_gmt":"2021-05-20T12:28:11","slug":"lluvias-en-la-comarca-arrancaron-este-miercoles-y-continuaran-hasta-el-domingo","status":"publish","type":"post","link":"https:\/\/www.noticiasradioreflejos.com.ar\/2021\/lluvias-en-la-comarca-arrancaron-este-miercoles-y-continuaran-hasta-el-domingo\/","title":{"rendered":"Lluvias en la comarca: Arrancaron este mi\u00e9rcoles y continuar\u00e1n hasta el domingo."},"content":{"rendered":"<p>Pasaron 42 d\u00edas desde la \u00faltima lluvia en la comarca serrana y este mi\u00e9rcoles volvieron con 22 mm en Sierra de la Ventana. El pronostico anticipa que seguir\u00e1 lloviendo hasta el domingo a la madrugada.<!--more-->Despu\u00e9s de un per\u00edodo de 42 d\u00edas, donde el oto\u00f1o se mostr\u00f3 con un clima muy benigno, de temperaturas agradables y muy estable, este mi\u00e9rcoles 19 se produjeron lluvias que llegaron a la hora 15.20 a nuestra localidad y alcanzaron 19.2 mm ayer y hoy en la madrugada sumaron otros 2.8 mm.<\/p>\n<p>El pronostico anticipa para hoy jueves, cielo cubierto con vientos suaves del sector NE y probables chaparrones aislados con una m\u00e1xima de 14\u00b0. Ma\u00f1ana viernes lluvias todo el d\u00eda, vientos del Este de suaves a moderados con la temperatura muy estable entre 10 y 12 grados.<\/p>\n<p>S\u00e1bado con vientos fuertes del sudeste rotando al sur en horas de la noche, lluvias y chaparrones aislados todo el d\u00eda y m\u00e1xima de 11\u00b0.<\/p>\n<p>Domingo con cielos cubiertos, chaparrones aislados en la madrugada, m\u00e1xima de 12 y m\u00ednima de 8\u00b0.<\/p>\n<p><strong>Totales de lluvias hasta las 8 hs<\/strong><br \/>\n22 mm en Sierra de la Ventana<br \/>\n17.5 mm en Calqu\u00edn<br \/>\n22 mm en Villa Ventana<br \/>\n3 mm en el Cerro Napost\u00e1 Oeste<br \/>\n24 mm en Tornquist<br \/>\n19 mm en Chasic\u00f3<br \/>\n15.4 mm en Dufaur<br \/>\n24 mm en Tres Picos<br \/>\n12.2 mm en El Pantanoso<br \/>\n13 mm en San Eloy<br \/>\n16.8 mm en Frapal<br \/>\n18.4 mm en Cabildo<br \/>\n15.4 mm en Cnel Pringles<br \/>\n14 mm en Pig\u00fc\u00e9<br \/>\n9 mm en Carhu\u00e9<br \/>\n6 mm en Huanguel\u00e9n<br \/>\n6.2 mm en Puan<br \/>\n10.7 mm en Monte Hermoso<br \/>\n13.4 mm en Punta Alta<br \/>\n27.5 mm en Bah\u00eda Blanca<br \/>\n10 mm Felipe Sola<br \/>\n6 mm en 17 de Agosto<br \/>\n11 mm en Darregueira<br \/>\n8.5 mm en Coronel Suarez<br \/>\n6.4 mm en Cura Malal<br \/>\n9.2 mm en Pasman<br \/>\n7 mm en Goyena<br \/>\n10 mm en Espartillar<br \/>\n8 mm en Arroyo Corto<\/p>\n","protected":false},"excerpt":{"rendered":"<p>Pasaron 42 d\u00edas desde la \u00faltima lluvia en la comarca serrana y este mi\u00e9rcoles volvieron con 22 mm en Sierra de la Ventana. El pronostico anticipa que seguir\u00e1 lloviendo hasta el domingo a la madrugada.<\/p>\n","protected":false},"author":3,"featured_media":40679,"comment_status":"closed","ping_status":"closed","sticky":false,"template":"","format":"standard","meta":{"footnotes":""},"categories":[1],"tags":[48],"class_list":["post-57158","post","type-post","status-publish","format-standard","has-post-thumbnail","hentry","category-sin-categoria","tag-destacada"],"yoast_head":"<!-- This site is optimized with the Yoast SEO plugin v25.9 - https:\/\/yoast.com\/wordpress\/plugins\/seo\/ -->\n<title>Lluvias en la comarca: Arrancaron este mi\u00e9rcoles y continuar\u00e1n hasta el domingo. - Noticias Radio Reflejos<\/title>\n<meta name=\"robots\" content=\"index, follow, max-snippet:-1, max-image-preview:large, max-video-preview:-1\" \/>\n<link rel=\"canonical\" href=\"https:\/\/www.noticiasradioreflejos.com.ar\/2021\/lluvias-en-la-comarca-arrancaron-este-miercoles-y-continuaran-hasta-el-domingo\/\" \/>\n<meta property=\"og:locale\" content=\"es_ES\" \/>\n<meta property=\"og:type\" content=\"article\" \/>\n<meta property=\"og:title\" content=\"Lluvias en la comarca: Arrancaron este mi\u00e9rcoles y continuar\u00e1n hasta el domingo. - Noticias Radio Reflejos\" \/>\n<meta property=\"og:description\" content=\"Pasaron 42 d\u00edas desde la \u00faltima lluvia en la comarca serrana y este mi\u00e9rcoles volvieron con 22 mm en Sierra de la Ventana. El pronostico anticipa que seguir\u00e1 lloviendo hasta el domingo a la madrugada.\" \/>\n<meta property=\"og:url\" content=\"https:\/\/www.noticiasradioreflejos.com.ar\/2021\/lluvias-en-la-comarca-arrancaron-este-miercoles-y-continuaran-hasta-el-domingo\/\" \/>\n<meta property=\"og:site_name\" content=\"Noticias Radio Reflejos\" \/>\n<meta property=\"article:published_time\" content=\"2021-05-20T11:09:38+00:00\" \/>\n<meta property=\"article:modified_time\" content=\"2021-05-20T12:28:11+00:00\" \/>\n<meta property=\"og:image\" content=\"https:\/\/www.noticiasradioreflejos.com.ar\/2021\/wp-content\/uploads\/2020\/04\/Lluvias-en-la-comarca.jpg\" \/>\n\t<meta property=\"og:image:width\" content=\"400\" \/>\n\t<meta property=\"og:image:height\" content=\"224\" \/>\n\t<meta property=\"og:image:type\" content=\"image\/jpeg\" \/>\n<meta name=\"author\" content=\"Arnaldo Botto\" \/>\n<meta name=\"twitter:card\" content=\"summary_large_image\" \/>\n<script type=\"application\/ld+json\" class=\"yoast-schema-graph\">{\"@context\":\"https:\/\/schema.org\",\"@graph\":[{\"@type\":\"WebPage\",\"@id\":\"https:\/\/www.noticiasradioreflejos.com.ar\/2021\/lluvias-en-la-comarca-arrancaron-este-miercoles-y-continuaran-hasta-el-domingo\/\",\"url\":\"https:\/\/www.noticiasradioreflejos.com.ar\/2021\/lluvias-en-la-comarca-arrancaron-este-miercoles-y-continuaran-hasta-el-domingo\/\",\"name\":\"Lluvias en la comarca: Arrancaron este mi\u00e9rcoles y continuar\u00e1n hasta el domingo. - Noticias Radio Reflejos\",\"isPartOf\":{\"@id\":\"https:\/\/www.noticiasradioreflejos.com.ar\/2021\/#website\"},\"primaryImageOfPage\":{\"@id\":\"https:\/\/www.noticiasradioreflejos.com.ar\/2021\/lluvias-en-la-comarca-arrancaron-este-miercoles-y-continuaran-hasta-el-domingo\/#primaryimage\"},\"image\":{\"@id\":\"https:\/\/www.noticiasradioreflejos.com.ar\/2021\/lluvias-en-la-comarca-arrancaron-este-miercoles-y-continuaran-hasta-el-domingo\/#primaryimage\"},\"thumbnailUrl\":\"https:\/\/www.noticiasradioreflejos.com.ar\/2021\/wp-content\/uploads\/2020\/04\/Lluvias-en-la-comarca.jpg\",\"datePublished\":\"2021-05-20T11:09:38+00:00\",\"dateModified\":\"2021-05-20T12:28:11+00:00\",\"author\":{\"@id\":\"https:\/\/www.noticiasradioreflejos.com.ar\/2021\/#\/schema\/person\/ad82545263dcc5ec0996818884fd5fb1\"},\"breadcrumb\":{\"@id\":\"https:\/\/www.noticiasradioreflejos.com.ar\/2021\/lluvias-en-la-comarca-arrancaron-este-miercoles-y-continuaran-hasta-el-domingo\/#breadcrumb\"},\"inLanguage\":\"es\",\"potentialAction\":[{\"@type\":\"ReadAction\",\"target\":[\"https:\/\/www.noticiasradioreflejos.com.ar\/2021\/lluvias-en-la-comarca-arrancaron-este-miercoles-y-continuaran-hasta-el-domingo\/\"]}]},{\"@type\":\"ImageObject\",\"inLanguage\":\"es\",\"@id\":\"https:\/\/www.noticiasradioreflejos.com.ar\/2021\/lluvias-en-la-comarca-arrancaron-este-miercoles-y-continuaran-hasta-el-domingo\/#primaryimage\",\"url\":\"https:\/\/www.noticiasradioreflejos.com.ar\/2021\/wp-content\/uploads\/2020\/04\/Lluvias-en-la-comarca.jpg\",\"contentUrl\":\"https:\/\/www.noticiasradioreflejos.com.ar\/2021\/wp-content\/uploads\/2020\/04\/Lluvias-en-la-comarca.jpg\",\"width\":400,\"height\":224},{\"@type\":\"BreadcrumbList\",\"@id\":\"https:\/\/www.noticiasradioreflejos.com.ar\/2021\/lluvias-en-la-comarca-arrancaron-este-miercoles-y-continuaran-hasta-el-domingo\/#breadcrumb\",\"itemListElement\":[{\"@type\":\"ListItem\",\"position\":1,\"name\":\"Portada\",\"item\":\"https:\/\/www.noticiasradioreflejos.com.ar\/2021\/\"},{\"@type\":\"ListItem\",\"position\":2,\"name\":\"Lluvias en la comarca: Arrancaron este mi\u00e9rcoles y continuar\u00e1n hasta el domingo.\"}]},{\"@type\":\"WebSite\",\"@id\":\"https:\/\/www.noticiasradioreflejos.com.ar\/2021\/#website\",\"url\":\"https:\/\/www.noticiasradioreflejos.com.ar\/2021\/\",\"name\":\"Noticias Radio Reflejos\",\"description\":\"Las noticias de mi comarca\",\"potentialAction\":[{\"@type\":\"SearchAction\",\"target\":{\"@type\":\"EntryPoint\",\"urlTemplate\":\"https:\/\/www.noticiasradioreflejos.com.ar\/2021\/?s={search_term_string}\"},\"query-input\":{\"@type\":\"PropertyValueSpecification\",\"valueRequired\":true,\"valueName\":\"search_term_string\"}}],\"inLanguage\":\"es\"},{\"@type\":\"Person\",\"@id\":\"https:\/\/www.noticiasradioreflejos.com.ar\/2021\/#\/schema\/person\/ad82545263dcc5ec0996818884fd5fb1\",\"name\":\"Arnaldo Botto\",\"image\":{\"@type\":\"ImageObject\",\"inLanguage\":\"es\",\"@id\":\"https:\/\/www.noticiasradioreflejos.com.ar\/2021\/#\/schema\/person\/image\/\",\"url\":\"https:\/\/secure.gravatar.com\/avatar\/55cb5e37c1efa326397366e6974cb338056df65cb50e7d64d1cf314e87504837?s=96&d=mm&r=g\",\"contentUrl\":\"https:\/\/secure.gravatar.com\/avatar\/55cb5e37c1efa326397366e6974cb338056df65cb50e7d64d1cf314e87504837?s=96&d=mm&r=g\",\"caption\":\"Arnaldo Botto\"},\"url\":\"https:\/\/www.noticiasradioreflejos.com.ar\/2021\/author\/arnaldo\/\"}]}<\/script>\n<!-- \/ Yoast SEO plugin. -->","yoast_head_json":{"title":"Lluvias en la comarca: Arrancaron este mi\u00e9rcoles y continuar\u00e1n hasta el domingo. - Noticias Radio Reflejos","robots":{"index":"index","follow":"follow","max-snippet":"max-snippet:-1","max-image-preview":"max-image-preview:large","max-video-preview":"max-video-preview:-1"},"canonical":"https:\/\/www.noticiasradioreflejos.com.ar\/2021\/lluvias-en-la-comarca-arrancaron-este-miercoles-y-continuaran-hasta-el-domingo\/","og_locale":"es_ES","og_type":"article","og_title":"Lluvias en la comarca: Arrancaron este mi\u00e9rcoles y continuar\u00e1n hasta el domingo. - Noticias Radio Reflejos","og_description":"Pasaron 42 d\u00edas desde la \u00faltima lluvia en la comarca serrana y este mi\u00e9rcoles volvieron con 22 mm en Sierra de la Ventana. El pronostico anticipa que seguir\u00e1 lloviendo hasta el domingo a la madrugada.","og_url":"https:\/\/www.noticiasradioreflejos.com.ar\/2021\/lluvias-en-la-comarca-arrancaron-este-miercoles-y-continuaran-hasta-el-domingo\/","og_site_name":"Noticias Radio Reflejos","article_published_time":"2021-05-20T11:09:38+00:00","article_modified_time":"2021-05-20T12:28:11+00:00","og_image":[{"width":400,"height":224,"url":"https:\/\/www.noticiasradioreflejos.com.ar\/2021\/wp-content\/uploads\/2020\/04\/Lluvias-en-la-comarca.jpg","type":"image\/jpeg"}],"author":"Arnaldo Botto","twitter_card":"summary_large_image","schema":{"@context":"https:\/\/schema.org","@graph":[{"@type":"WebPage","@id":"https:\/\/www.noticiasradioreflejos.com.ar\/2021\/lluvias-en-la-comarca-arrancaron-este-miercoles-y-continuaran-hasta-el-domingo\/","url":"https:\/\/www.noticiasradioreflejos.com.ar\/2021\/lluvias-en-la-comarca-arrancaron-este-miercoles-y-continuaran-hasta-el-domingo\/","name":"Lluvias en la comarca: Arrancaron este mi\u00e9rcoles y continuar\u00e1n hasta el domingo. - Noticias Radio Reflejos","isPartOf":{"@id":"https:\/\/www.noticiasradioreflejos.com.ar\/2021\/#website"},"primaryImageOfPage":{"@id":"https:\/\/www.noticiasradioreflejos.com.ar\/2021\/lluvias-en-la-comarca-arrancaron-este-miercoles-y-continuaran-hasta-el-domingo\/#primaryimage"},"image":{"@id":"https:\/\/www.noticiasradioreflejos.com.ar\/2021\/lluvias-en-la-comarca-arrancaron-este-miercoles-y-continuaran-hasta-el-domingo\/#primaryimage"},"thumbnailUrl":"https:\/\/www.noticiasradioreflejos.com.ar\/2021\/wp-content\/uploads\/2020\/04\/Lluvias-en-la-comarca.jpg","datePublished":"2021-05-20T11:09:38+00:00","dateModified":"2021-05-20T12:28:11+00:00","author":{"@id":"https:\/\/www.noticiasradioreflejos.com.ar\/2021\/#\/schema\/person\/ad82545263dcc5ec0996818884fd5fb1"},"breadcrumb":{"@id":"https:\/\/www.noticiasradioreflejos.com.ar\/2021\/lluvias-en-la-comarca-arrancaron-este-miercoles-y-continuaran-hasta-el-domingo\/#breadcrumb"},"inLanguage":"es","potentialAction":[{"@type":"ReadAction","target":["https:\/\/www.noticiasradioreflejos.com.ar\/2021\/lluvias-en-la-comarca-arrancaron-este-miercoles-y-continuaran-hasta-el-domingo\/"]}]},{"@type":"ImageObject","inLanguage":"es","@id":"https:\/\/www.noticiasradioreflejos.com.ar\/2021\/lluvias-en-la-comarca-arrancaron-este-miercoles-y-continuaran-hasta-el-domingo\/#primaryimage","url":"https:\/\/www.noticiasradioreflejos.com.ar\/2021\/wp-content\/uploads\/2020\/04\/Lluvias-en-la-comarca.jpg","contentUrl":"https:\/\/www.noticiasradioreflejos.com.ar\/2021\/wp-content\/uploads\/2020\/04\/Lluvias-en-la-comarca.jpg","width":400,"height":224},{"@type":"BreadcrumbList","@id":"https:\/\/www.noticiasradioreflejos.com.ar\/2021\/lluvias-en-la-comarca-arrancaron-este-miercoles-y-continuaran-hasta-el-domingo\/#breadcrumb","itemListElement":[{"@type":"ListItem","position":1,"name":"Portada","item":"https:\/\/www.noticiasradioreflejos.com.ar\/2021\/"},{"@type":"ListItem","position":2,"name":"Lluvias en la comarca: Arrancaron este mi\u00e9rcoles y continuar\u00e1n hasta el domingo."}]},{"@type":"WebSite","@id":"https:\/\/www.noticiasradioreflejos.com.ar\/2021\/#website","url":"https:\/\/www.noticiasradioreflejos.com.ar\/2021\/","name":"Noticias Radio Reflejos","description":"Las noticias de mi comarca","potentialAction":[{"@type":"SearchAction","target":{"@type":"EntryPoint","urlTemplate":"https:\/\/www.noticiasradioreflejos.com.ar\/2021\/?s={search_term_string}"},"query-input":{"@type":"PropertyValueSpecification","valueRequired":true,"valueName":"search_term_string"}}],"inLanguage":"es"},{"@type":"Person","@id":"https:\/\/www.noticiasradioreflejos.com.ar\/2021\/#\/schema\/person\/ad82545263dcc5ec0996818884fd5fb1","name":"Arnaldo Botto","image":{"@type":"ImageObject","inLanguage":"es","@id":"https:\/\/www.noticiasradioreflejos.com.ar\/2021\/#\/schema\/person\/image\/","url":"https:\/\/secure.gravatar.com\/avatar\/55cb5e37c1efa326397366e6974cb338056df65cb50e7d64d1cf314e87504837?s=96&d=mm&r=g","contentUrl":"https:\/\/secure.gravatar.com\/avatar\/55cb5e37c1efa326397366e6974cb338056df65cb50e7d64d1cf314e87504837?s=96&d=mm&r=g","caption":"Arnaldo Botto"},"url":"https:\/\/www.noticiasradioreflejos.com.ar\/2021\/author\/arnaldo\/"}]}},"_links":{"self":[{"href":"https:\/\/www.noticiasradioreflejos.com.ar\/2021\/wp-json\/wp\/v2\/posts\/57158","targetHints":{"allow":["GET"]}}],"collection":[{"href":"https:\/\/www.noticiasradioreflejos.com.ar\/2021\/wp-json\/wp\/v2\/posts"}],"about":[{"href":"https:\/\/www.noticiasradioreflejos.com.ar\/2021\/wp-json\/wp\/v2\/types\/post"}],"author":[{"embeddable":true,"href":"https:\/\/www.noticiasradioreflejos.com.ar\/2021\/wp-json\/wp\/v2\/users\/3"}],"replies":[{"embeddable":true,"href":"https:\/\/www.noticiasradioreflejos.com.ar\/2021\/wp-json\/wp\/v2\/comments?post=57158"}],"version-history":[{"count":3,"href":"https:\/\/www.noticiasradioreflejos.com.ar\/2021\/wp-json\/wp\/v2\/posts\/57158\/revisions"}],"predecessor-version":[{"id":57173,"href":"https:\/\/www.noticiasradioreflejos.com.ar\/2021\/wp-json\/wp\/v2\/posts\/57158\/revisions\/57173"}],"wp:featuredmedia":[{"embeddable":true,"href":"https:\/\/www.noticiasradioreflejos.com.ar\/2021\/wp-json\/wp\/v2\/media\/40679"}],"wp:attachment":[{"href":"https:\/\/www.noticiasradioreflejos.com.ar\/2021\/wp-json\/wp\/v2\/media?parent=57158"}],"wp:term":[{"taxonomy":"category","embeddable":true,"href":"https:\/\/www.noticiasradioreflejos.com.ar\/2021\/wp-json\/wp\/v2\/categories?post=57158"},{"taxonomy":"post_tag","embeddable":true,"href":"https:\/\/www.noticiasradioreflejos.com.ar\/2021\/wp-json\/wp\/v2\/tags?post=57158"}],"curies":[{"name":"wp","href":"https:\/\/api.w.org\/{rel}","templated":true}]}}