{"id":57148,"date":"2021-05-19T20:26:50","date_gmt":"2021-05-19T20:26:50","guid":{"rendered":"http:\/\/www.noticiasradioreflejos.com.ar\/2021\/?p=57148"},"modified":"2021-05-19T20:30:24","modified_gmt":"2021-05-19T20:30:24","slug":"poesia-en-sierra-de-la-ventana-te-doy-mi-palabra-es-el-taller-que-dicta-natalia-molina","status":"publish","type":"post","link":"https:\/\/www.noticiasradioreflejos.com.ar\/2021\/poesia-en-sierra-de-la-ventana-te-doy-mi-palabra-es-el-taller-que-dicta-natalia-molina\/","title":{"rendered":"Poes\u00eda en Sierra de la Ventana: &#8216;Te doy mi palabra&#8217; es el taller que dicta Natalia Molina."},"content":{"rendered":"<p>Esta ma\u00f1ana conversamos con <strong>Natalia Molina<\/strong>, poeta y escritora. Natalia dicta un taller de poes\u00eda en la<strong> Biblioteca Popular Mariano Moreno<\/strong> de la localidad. Adem\u00e1s, compartimos un audio de <strong>Antonela Pelorosso<\/strong>, otra compa\u00f1era de la Biblio que describe las novedades de la misma y los talleres que all\u00ed se dictan.<!--more--><\/p>\n<p>Al comenzar la nota, hablamos sobre su taller de poes\u00eda que dicta en la Mariano Moreno, lugar donde Natalia trabaja desde el a\u00f1o 2016. Natalia brinda talleres para ni\u00f1as, ni\u00f1os y adolescentes en la Biblioteca de Sierra de la Ventana.<\/p>\n<p>\u00abYo no soy de participar de concursos. Pero este a\u00f1o particip\u00e9 en uno de ensayos de discursos sobre la pandemia. Fui seleccionada, est\u00e1 por editarse el libro\u00bb contest\u00f3 cuando le preguntamos si s\u00f3lo se dedica a la poes\u00eda o tambi\u00e9n le gusta escribir en otros formatos. \u00abTambi\u00e9n he escrito cr\u00f3nicas y notas period\u00edsticas\u00bb continu\u00f3.<\/p>\n<p><img loading=\"lazy\" decoding=\"async\" class=\"alignnone size-full wp-image-57152\" src=\"http:\/\/www.noticiasradioreflejos.com.ar\/2021\/wp-content\/uploads\/2021\/05\/WhatsApp-Image-2021-05-19-at-11.51.21-1-e1621455938571.jpeg\" alt=\"\" width=\"800\" height=\"600\" \/><\/p>\n<p>Natalia comenta que los chicos muestran un gran inter\u00e9s en la poes\u00eda, ya que el lenguaje de su vida cotidiana es la poes\u00eda, \u00absu lenguaje todav\u00eda no pas\u00f3 por el tamiz de la costumbre\u00bb. \u00abMe cruzaban por la calle y me preguntaban si hoy hab\u00eda poes\u00eda\u00bb mencion\u00f3, an\u00e9cdota que posteriormente pas\u00f3 a ser el t\u00edtulo del libro del taller que se dicta en la Biblioteca.<\/p>\n<p>Con respecto al taller que se dicta para adultos y mayores, Natalia cont\u00f3 que no s\u00f3lo se trabajan libros de poes\u00eda, sino que tambi\u00e9n trabajan filosof\u00eda, narrativa y otros g\u00e9neros. \u00abYo creo en la mixtura\u00bb declar\u00f3.<\/p>\n<p>Actualmente, Natalia se encuentra a la cabeza del taller de poes\u00eda presencial que se dicta los Lunes de 15 a 17hs. El nombre del taller es &#8216;Te doy mi palabra&#8217; y Natalia asegura que se realiza con todos los cuidados y protocolos necesarios para que se trate de un espacio seguro para todos los que asistan.<\/p>\n<p>\u00abLos talleres son gratuitos y subvencionados por la Municipalidad de Tornquist\u00bb aclar\u00f3, para que quien quiera acercarse a la biblioteca, pueda hacerlo sin limitaciones.<\/p>\n<p><a title=\"79421289_10218622421785002_2982905081139036160_n\" href=\"https:\/\/www.flickr.com\/photos\/182279889@N02\/51191106570\/in\/dateposted-public\/\" data-flickr-embed=\"true\" data-header=\"true\"><img loading=\"lazy\" decoding=\"async\" src=\"https:\/\/live.staticflickr.com\/65535\/51191106570_49571155bc_c.jpg\" alt=\"79421289_10218622421785002_2982905081139036160_n\" width=\"800\" height=\"785\" \/><\/a><script async src=\"\/\/embedr.flickr.com\/assets\/client-code.js\" charset=\"utf-8\"><\/script><\/p>\n<p>Sobre el final de la nota, Natalia se despide con unas palabras acerca de la poes\u00eda de Laura Devetach:<\/p>\n<p><em>\u00abLa poes\u00eda puede ser una actitud de vida, una forma de mirar el mundo,<\/em><br \/>\n<em>de conocerlo y de apropiarse de \u00e9l.<\/em><br \/>\n<em>No es la palabra en funci\u00f3n puramente ornamental<\/em><br \/>\n<em>sino una forma diferente de decir las cosas<\/em><br \/>\n<em>que abarca la existencia toda\u00bb<\/em><\/p>\n<p><em><strong>Laura Devetach, \u00abLa infinita Desmesura\u00bb.<\/strong><\/em><\/p>\n<p><em>\u00abLa palabra es como llave<\/em><br \/>\n<em>puede abrir puede cerrar<\/em><br \/>\n<em>habr\u00e1 que darle una vuelta<\/em><br \/>\n<em>que me sirva para entrar.\u00bb<\/em><\/p>\n<p>Laura Devetach,<em> \u00abLa palabra es la llave\u00bb.<\/em><\/p>\n<p><strong>Nota completa a continuaci\u00f3n:<\/strong><br \/>\n<iframe loading=\"lazy\" src=\"https:\/\/w.soundcloud.com\/player\/?url=https%3A\/\/api.soundcloud.com\/tracks\/1051510621&amp;color=%23ff5500&amp;auto_play=false&amp;hide_related=false&amp;show_comments=true&amp;show_user=true&amp;show_reposts=false&amp;show_teaser=true\" width=\"100%\" height=\"166\" frameborder=\"no\" scrolling=\"no\"><\/iframe><\/p>\n<div style=\"font-size: 10px; color: #cccccc; line-break: anywhere; word-break: normal; overflow: hidden; white-space: nowrap; text-overflow: ellipsis; font-family: Interstate,Lucida Grande,Lucida Sans Unicode,Lucida Sans,Garuda,Verdana,Tahoma,sans-serif; font-weight: 100;\"><a style=\"color: #cccccc; text-decoration: none;\" title=\"fmreflejos 103.7\" href=\"https:\/\/soundcloud.com\/fmreflejos-103-7\" target=\"_blank\" rel=\"noopener\">fmreflejos 103.7<\/a> \u00b7 <a style=\"color: #cccccc; text-decoration: none;\" title=\"Natalia Molina Y Anto Pelorosso\" href=\"https:\/\/soundcloud.com\/fmreflejos-103-7\/natalia-molina-y-anto-pelorosso\" target=\"_blank\" rel=\"noopener\">Natalia Molina Y Anto Pelorosso<\/a><\/div>\n<p>Por otro lado, <strong>Antonela Pelorosso,<\/strong> integrante de la Comsi\u00f3n directiva de la Biblioteca Popular Mariano Moreno, nos cuenta algunas de las novedades de la biblioteca y su funcionamiento.<\/p>\n<p>\u00abEstamos abiertos todos los d\u00edas de Lunes a Viernes, desde las 10 hasta las 19hs, para todos aquellos y aquellas que se quieran acercar a retirar algunos libros. Tambi\u00e9n pueden ir a quedarse en el sal\u00f3n para hacer las tareas, tambi\u00e9n hay una computadora para usar\u00bb.<\/p>\n<p>Antonela aclara que desde la biblioteca se cumplen todos los protocolos correspondientes para que las personas puedan acercarse a trabajar o estudiar en un espacio seguro.<\/p>\n<p>\u00abTodos aquellos que a\u00fan no son socios, pueden acercarse y asociarse. Tenemos una cuota de $100 por mes\u00bb tambi\u00e9n coment\u00f3.<\/p>\n<p>Adem\u00e1s, inform\u00f3 sobre los talleres que se dictan en la biblioteca:<br \/>\n<strong>Lunes: taller de poes\u00eda y taller de filosof\u00eda<\/strong><br \/>\n<strong>Martes: taller de dise\u00f1o gr\u00e1fico<\/strong><br \/>\n<strong>Mi\u00e9rcoles: taller de guitarra<\/strong><\/p>\n<p>\u00abTodos estos talleres son gratuitos, y quienes quieran, pueden sumarse en cualquier momento\u00bb.<\/p>\n","protected":false},"excerpt":{"rendered":"<p>Esta ma\u00f1ana conversamos con Natalia Molina, poeta y escritora. Natalia dicta un taller de poes\u00eda en la Biblioteca Popular Mariano Moreno de la localidad. Adem\u00e1s, compartimos un audio de Antonela Pelorosso, otra compa\u00f1era de la Biblio que describe las novedades de la misma y los talleres que all\u00ed se dictan.<\/p>\n","protected":false},"author":3,"featured_media":0,"comment_status":"closed","ping_status":"closed","sticky":false,"template":"","format":"standard","meta":{"footnotes":""},"categories":[35,26],"tags":[48],"class_list":["post-57148","post","type-post","status-publish","format-standard","hentry","category-cultura","category-sociedad","tag-destacada"],"yoast_head":"<!-- This site is optimized with the Yoast SEO plugin v25.9 - https:\/\/yoast.com\/wordpress\/plugins\/seo\/ -->\n<title>Poes\u00eda en Sierra de la Ventana: &#039;Te doy mi palabra&#039; es el taller que dicta Natalia Molina. - Noticias Radio Reflejos<\/title>\n<meta name=\"robots\" content=\"index, follow, max-snippet:-1, max-image-preview:large, max-video-preview:-1\" \/>\n<link rel=\"canonical\" href=\"https:\/\/www.noticiasradioreflejos.com.ar\/2021\/poesia-en-sierra-de-la-ventana-te-doy-mi-palabra-es-el-taller-que-dicta-natalia-molina\/\" \/>\n<meta property=\"og:locale\" content=\"es_ES\" \/>\n<meta property=\"og:type\" content=\"article\" \/>\n<meta property=\"og:title\" content=\"Poes\u00eda en Sierra de la Ventana: &#039;Te doy mi palabra&#039; es el taller que dicta Natalia Molina. - Noticias Radio Reflejos\" \/>\n<meta property=\"og:description\" content=\"Esta ma\u00f1ana conversamos con Natalia Molina, poeta y escritora. Natalia dicta un taller de poes\u00eda en la Biblioteca Popular Mariano Moreno de la localidad. Adem\u00e1s, compartimos un audio de Antonela Pelorosso, otra compa\u00f1era de la Biblio que describe las novedades de la misma y los talleres que all\u00ed se dictan.\" \/>\n<meta property=\"og:url\" content=\"https:\/\/www.noticiasradioreflejos.com.ar\/2021\/poesia-en-sierra-de-la-ventana-te-doy-mi-palabra-es-el-taller-que-dicta-natalia-molina\/\" \/>\n<meta property=\"og:site_name\" content=\"Noticias Radio Reflejos\" \/>\n<meta property=\"article:published_time\" content=\"2021-05-19T20:26:50+00:00\" \/>\n<meta property=\"article:modified_time\" content=\"2021-05-19T20:30:24+00:00\" \/>\n<meta property=\"og:image\" content=\"http:\/\/www.noticiasradioreflejos.com.ar\/2021\/wp-content\/uploads\/2021\/05\/WhatsApp-Image-2021-05-19-at-11.51.21-1-e1621455938571.jpeg\" \/>\n<meta name=\"author\" content=\"Arnaldo Botto\" \/>\n<meta name=\"twitter:card\" content=\"summary_large_image\" \/>\n<script type=\"application\/ld+json\" class=\"yoast-schema-graph\">{\"@context\":\"https:\/\/schema.org\",\"@graph\":[{\"@type\":\"WebPage\",\"@id\":\"https:\/\/www.noticiasradioreflejos.com.ar\/2021\/poesia-en-sierra-de-la-ventana-te-doy-mi-palabra-es-el-taller-que-dicta-natalia-molina\/\",\"url\":\"https:\/\/www.noticiasradioreflejos.com.ar\/2021\/poesia-en-sierra-de-la-ventana-te-doy-mi-palabra-es-el-taller-que-dicta-natalia-molina\/\",\"name\":\"Poes\u00eda en Sierra de la Ventana: 'Te doy mi palabra' es el taller que dicta Natalia Molina. - Noticias Radio Reflejos\",\"isPartOf\":{\"@id\":\"https:\/\/www.noticiasradioreflejos.com.ar\/2021\/#website\"},\"primaryImageOfPage\":{\"@id\":\"https:\/\/www.noticiasradioreflejos.com.ar\/2021\/poesia-en-sierra-de-la-ventana-te-doy-mi-palabra-es-el-taller-que-dicta-natalia-molina\/#primaryimage\"},\"image\":{\"@id\":\"https:\/\/www.noticiasradioreflejos.com.ar\/2021\/poesia-en-sierra-de-la-ventana-te-doy-mi-palabra-es-el-taller-que-dicta-natalia-molina\/#primaryimage\"},\"thumbnailUrl\":\"http:\/\/www.noticiasradioreflejos.com.ar\/2021\/wp-content\/uploads\/2021\/05\/WhatsApp-Image-2021-05-19-at-11.51.21-1-e1621455938571.jpeg\",\"datePublished\":\"2021-05-19T20:26:50+00:00\",\"dateModified\":\"2021-05-19T20:30:24+00:00\",\"author\":{\"@id\":\"https:\/\/www.noticiasradioreflejos.com.ar\/2021\/#\/schema\/person\/ad82545263dcc5ec0996818884fd5fb1\"},\"breadcrumb\":{\"@id\":\"https:\/\/www.noticiasradioreflejos.com.ar\/2021\/poesia-en-sierra-de-la-ventana-te-doy-mi-palabra-es-el-taller-que-dicta-natalia-molina\/#breadcrumb\"},\"inLanguage\":\"es\",\"potentialAction\":[{\"@type\":\"ReadAction\",\"target\":[\"https:\/\/www.noticiasradioreflejos.com.ar\/2021\/poesia-en-sierra-de-la-ventana-te-doy-mi-palabra-es-el-taller-que-dicta-natalia-molina\/\"]}]},{\"@type\":\"ImageObject\",\"inLanguage\":\"es\",\"@id\":\"https:\/\/www.noticiasradioreflejos.com.ar\/2021\/poesia-en-sierra-de-la-ventana-te-doy-mi-palabra-es-el-taller-que-dicta-natalia-molina\/#primaryimage\",\"url\":\"\",\"contentUrl\":\"\"},{\"@type\":\"BreadcrumbList\",\"@id\":\"https:\/\/www.noticiasradioreflejos.com.ar\/2021\/poesia-en-sierra-de-la-ventana-te-doy-mi-palabra-es-el-taller-que-dicta-natalia-molina\/#breadcrumb\",\"itemListElement\":[{\"@type\":\"ListItem\",\"position\":1,\"name\":\"Portada\",\"item\":\"https:\/\/www.noticiasradioreflejos.com.ar\/2021\/\"},{\"@type\":\"ListItem\",\"position\":2,\"name\":\"Poes\u00eda en Sierra de la Ventana: &#8216;Te doy mi palabra&#8217; es el taller que dicta Natalia Molina.\"}]},{\"@type\":\"WebSite\",\"@id\":\"https:\/\/www.noticiasradioreflejos.com.ar\/2021\/#website\",\"url\":\"https:\/\/www.noticiasradioreflejos.com.ar\/2021\/\",\"name\":\"Noticias Radio Reflejos\",\"description\":\"Las noticias de mi comarca\",\"potentialAction\":[{\"@type\":\"SearchAction\",\"target\":{\"@type\":\"EntryPoint\",\"urlTemplate\":\"https:\/\/www.noticiasradioreflejos.com.ar\/2021\/?s={search_term_string}\"},\"query-input\":{\"@type\":\"PropertyValueSpecification\",\"valueRequired\":true,\"valueName\":\"search_term_string\"}}],\"inLanguage\":\"es\"},{\"@type\":\"Person\",\"@id\":\"https:\/\/www.noticiasradioreflejos.com.ar\/2021\/#\/schema\/person\/ad82545263dcc5ec0996818884fd5fb1\",\"name\":\"Arnaldo Botto\",\"image\":{\"@type\":\"ImageObject\",\"inLanguage\":\"es\",\"@id\":\"https:\/\/www.noticiasradioreflejos.com.ar\/2021\/#\/schema\/person\/image\/\",\"url\":\"https:\/\/secure.gravatar.com\/avatar\/55cb5e37c1efa326397366e6974cb338056df65cb50e7d64d1cf314e87504837?s=96&d=mm&r=g\",\"contentUrl\":\"https:\/\/secure.gravatar.com\/avatar\/55cb5e37c1efa326397366e6974cb338056df65cb50e7d64d1cf314e87504837?s=96&d=mm&r=g\",\"caption\":\"Arnaldo Botto\"},\"url\":\"https:\/\/www.noticiasradioreflejos.com.ar\/2021\/author\/arnaldo\/\"}]}<\/script>\n<!-- \/ Yoast SEO plugin. -->","yoast_head_json":{"title":"Poes\u00eda en Sierra de la Ventana: 'Te doy mi palabra' es el taller que dicta Natalia Molina. - Noticias Radio Reflejos","robots":{"index":"index","follow":"follow","max-snippet":"max-snippet:-1","max-image-preview":"max-image-preview:large","max-video-preview":"max-video-preview:-1"},"canonical":"https:\/\/www.noticiasradioreflejos.com.ar\/2021\/poesia-en-sierra-de-la-ventana-te-doy-mi-palabra-es-el-taller-que-dicta-natalia-molina\/","og_locale":"es_ES","og_type":"article","og_title":"Poes\u00eda en Sierra de la Ventana: 'Te doy mi palabra' es el taller que dicta Natalia Molina. - Noticias Radio Reflejos","og_description":"Esta ma\u00f1ana conversamos con Natalia Molina, poeta y escritora. Natalia dicta un taller de poes\u00eda en la Biblioteca Popular Mariano Moreno de la localidad. Adem\u00e1s, compartimos un audio de Antonela Pelorosso, otra compa\u00f1era de la Biblio que describe las novedades de la misma y los talleres que all\u00ed se dictan.","og_url":"https:\/\/www.noticiasradioreflejos.com.ar\/2021\/poesia-en-sierra-de-la-ventana-te-doy-mi-palabra-es-el-taller-que-dicta-natalia-molina\/","og_site_name":"Noticias Radio Reflejos","article_published_time":"2021-05-19T20:26:50+00:00","article_modified_time":"2021-05-19T20:30:24+00:00","og_image":[{"url":"http:\/\/www.noticiasradioreflejos.com.ar\/2021\/wp-content\/uploads\/2021\/05\/WhatsApp-Image-2021-05-19-at-11.51.21-1-e1621455938571.jpeg","type":"","width":"","height":""}],"author":"Arnaldo Botto","twitter_card":"summary_large_image","schema":{"@context":"https:\/\/schema.org","@graph":[{"@type":"WebPage","@id":"https:\/\/www.noticiasradioreflejos.com.ar\/2021\/poesia-en-sierra-de-la-ventana-te-doy-mi-palabra-es-el-taller-que-dicta-natalia-molina\/","url":"https:\/\/www.noticiasradioreflejos.com.ar\/2021\/poesia-en-sierra-de-la-ventana-te-doy-mi-palabra-es-el-taller-que-dicta-natalia-molina\/","name":"Poes\u00eda en Sierra de la Ventana: 'Te doy mi palabra' es el taller que dicta Natalia Molina. - Noticias Radio Reflejos","isPartOf":{"@id":"https:\/\/www.noticiasradioreflejos.com.ar\/2021\/#website"},"primaryImageOfPage":{"@id":"https:\/\/www.noticiasradioreflejos.com.ar\/2021\/poesia-en-sierra-de-la-ventana-te-doy-mi-palabra-es-el-taller-que-dicta-natalia-molina\/#primaryimage"},"image":{"@id":"https:\/\/www.noticiasradioreflejos.com.ar\/2021\/poesia-en-sierra-de-la-ventana-te-doy-mi-palabra-es-el-taller-que-dicta-natalia-molina\/#primaryimage"},"thumbnailUrl":"http:\/\/www.noticiasradioreflejos.com.ar\/2021\/wp-content\/uploads\/2021\/05\/WhatsApp-Image-2021-05-19-at-11.51.21-1-e1621455938571.jpeg","datePublished":"2021-05-19T20:26:50+00:00","dateModified":"2021-05-19T20:30:24+00:00","author":{"@id":"https:\/\/www.noticiasradioreflejos.com.ar\/2021\/#\/schema\/person\/ad82545263dcc5ec0996818884fd5fb1"},"breadcrumb":{"@id":"https:\/\/www.noticiasradioreflejos.com.ar\/2021\/poesia-en-sierra-de-la-ventana-te-doy-mi-palabra-es-el-taller-que-dicta-natalia-molina\/#breadcrumb"},"inLanguage":"es","potentialAction":[{"@type":"ReadAction","target":["https:\/\/www.noticiasradioreflejos.com.ar\/2021\/poesia-en-sierra-de-la-ventana-te-doy-mi-palabra-es-el-taller-que-dicta-natalia-molina\/"]}]},{"@type":"ImageObject","inLanguage":"es","@id":"https:\/\/www.noticiasradioreflejos.com.ar\/2021\/poesia-en-sierra-de-la-ventana-te-doy-mi-palabra-es-el-taller-que-dicta-natalia-molina\/#primaryimage","url":"","contentUrl":""},{"@type":"BreadcrumbList","@id":"https:\/\/www.noticiasradioreflejos.com.ar\/2021\/poesia-en-sierra-de-la-ventana-te-doy-mi-palabra-es-el-taller-que-dicta-natalia-molina\/#breadcrumb","itemListElement":[{"@type":"ListItem","position":1,"name":"Portada","item":"https:\/\/www.noticiasradioreflejos.com.ar\/2021\/"},{"@type":"ListItem","position":2,"name":"Poes\u00eda en Sierra de la Ventana: &#8216;Te doy mi palabra&#8217; es el taller que dicta Natalia Molina."}]},{"@type":"WebSite","@id":"https:\/\/www.noticiasradioreflejos.com.ar\/2021\/#website","url":"https:\/\/www.noticiasradioreflejos.com.ar\/2021\/","name":"Noticias Radio Reflejos","description":"Las noticias de mi comarca","potentialAction":[{"@type":"SearchAction","target":{"@type":"EntryPoint","urlTemplate":"https:\/\/www.noticiasradioreflejos.com.ar\/2021\/?s={search_term_string}"},"query-input":{"@type":"PropertyValueSpecification","valueRequired":true,"valueName":"search_term_string"}}],"inLanguage":"es"},{"@type":"Person","@id":"https:\/\/www.noticiasradioreflejos.com.ar\/2021\/#\/schema\/person\/ad82545263dcc5ec0996818884fd5fb1","name":"Arnaldo Botto","image":{"@type":"ImageObject","inLanguage":"es","@id":"https:\/\/www.noticiasradioreflejos.com.ar\/2021\/#\/schema\/person\/image\/","url":"https:\/\/secure.gravatar.com\/avatar\/55cb5e37c1efa326397366e6974cb338056df65cb50e7d64d1cf314e87504837?s=96&d=mm&r=g","contentUrl":"https:\/\/secure.gravatar.com\/avatar\/55cb5e37c1efa326397366e6974cb338056df65cb50e7d64d1cf314e87504837?s=96&d=mm&r=g","caption":"Arnaldo Botto"},"url":"https:\/\/www.noticiasradioreflejos.com.ar\/2021\/author\/arnaldo\/"}]}},"_links":{"self":[{"href":"https:\/\/www.noticiasradioreflejos.com.ar\/2021\/wp-json\/wp\/v2\/posts\/57148","targetHints":{"allow":["GET"]}}],"collection":[{"href":"https:\/\/www.noticiasradioreflejos.com.ar\/2021\/wp-json\/wp\/v2\/posts"}],"about":[{"href":"https:\/\/www.noticiasradioreflejos.com.ar\/2021\/wp-json\/wp\/v2\/types\/post"}],"author":[{"embeddable":true,"href":"https:\/\/www.noticiasradioreflejos.com.ar\/2021\/wp-json\/wp\/v2\/users\/3"}],"replies":[{"embeddable":true,"href":"https:\/\/www.noticiasradioreflejos.com.ar\/2021\/wp-json\/wp\/v2\/comments?post=57148"}],"version-history":[{"count":3,"href":"https:\/\/www.noticiasradioreflejos.com.ar\/2021\/wp-json\/wp\/v2\/posts\/57148\/revisions"}],"predecessor-version":[{"id":57154,"href":"https:\/\/www.noticiasradioreflejos.com.ar\/2021\/wp-json\/wp\/v2\/posts\/57148\/revisions\/57154"}],"wp:attachment":[{"href":"https:\/\/www.noticiasradioreflejos.com.ar\/2021\/wp-json\/wp\/v2\/media?parent=57148"}],"wp:term":[{"taxonomy":"category","embeddable":true,"href":"https:\/\/www.noticiasradioreflejos.com.ar\/2021\/wp-json\/wp\/v2\/categories?post=57148"},{"taxonomy":"post_tag","embeddable":true,"href":"https:\/\/www.noticiasradioreflejos.com.ar\/2021\/wp-json\/wp\/v2\/tags?post=57148"}],"curies":[{"name":"wp","href":"https:\/\/api.w.org\/{rel}","templated":true}]}}