{"id":57137,"date":"2021-05-19T17:52:32","date_gmt":"2021-05-19T17:52:32","guid":{"rendered":"http:\/\/www.noticiasradioreflejos.com.ar\/2021\/?p=57137"},"modified":"2021-05-19T17:52:32","modified_gmt":"2021-05-19T17:52:32","slug":"un-experto-pidio-endurecer-las-medidas-restrictivas-y-critico-los-programas-de-tv-sin-cuidados","status":"publish","type":"post","link":"https:\/\/www.noticiasradioreflejos.com.ar\/2021\/un-experto-pidio-endurecer-las-medidas-restrictivas-y-critico-los-programas-de-tv-sin-cuidados\/","title":{"rendered":"Un experto pidi\u00f3 endurecer las medidas restrictivas y critic\u00f3 los programas de TV sin cuidados"},"content":{"rendered":"<div class=\"head-content\">\n<p>Javier Farina, quien forma parte del comit\u00e9 de expertos que asesora al Gobierno, pidi\u00f3 \u00abendurecer las medidas restrictivas para que todos puedan tener la atenci\u00f3n que necesitan\u00bb y critic\u00f3 lo que ocurre en estudios de televisi\u00f3n y con el f\u00fatbol por brindar un mensaje \u00abcomo si no pasara nada\u00bb.<\/p>\n<div class=\"addthis_custom_sharing\" data-url=\"https:\/\/www.telam.com.ar\/notas\/202105\/554720-asesor-gobierno-farina-medidas-restrictivas.html\" data-title=\"Un experto pidi\u00f3 endurecer las medidas restrictivas y critic\u00f3 los programas de TV sin cuidados\" data-description=\"Javier Farina, quien forma parte del comit\u00e9 de expertos que asesora al Gobierno, pidi\u00f3 &quot;endurecer las medidas restrictivas para que todos puedan tener la atenci\u00f3n que necesitan&quot; y critic\u00f3 lo que ocurre en estudios de televisi\u00f3n y con el f\u00fatbol por brindar un mensaje &quot;como si no pasara nada&quot;.\">\n<div id=\"atstbx\" class=\"at-resp-share-element at-style-responsive addthis-smartlayers addthis-animated at4-show\" role=\"region\" aria-labelledby=\"at-851843d7-d8c0-47eb-83ec-8f5f4688e507\"><span id=\"at-851843d7-d8c0-47eb-83ec-8f5f4688e507\" class=\"at4-visually-hidden\"><\/span><\/p>\n<div class=\"at-share-btn-elements\"><\/div>\n<\/div>\n<\/div>\n<\/div>\n<p><!--more--><\/p>\n<div class=\"main-content-block\">\n<div class=\"main-box clearfix\">\n<div class=\"wrapper-main-section clearfix\">\n<div class=\"wrapper-editable-content\">\n<div class=\"editable-content clearfix\">\n<div id=\"image\" class=\"image\"><img decoding=\"async\" title=\"\" src=\"https:\/\/www.telam.com.ar\/advf\/imagenes\/2021\/02\/6027efffe75cb_1004x565.jpg\" alt=\"\" \/><\/div>\n<p>El m\u00e9dico infect\u00f3logo Javier Farina, quien forma parte del comit\u00e9 de expertos que asesora al Gobierno nacional, pidi\u00f3 este mi\u00e9rcoles \u00abendurecer las medidas restrictivas para que todos puedan tener la atenci\u00f3n que necesitan\u00bb y critic\u00f3 lo que ocurre en estudios de televisi\u00f3n y con el f\u00fatbol por brindar un mensaje \u00abcomo si no pasara nada\u00bb frente a la gravedad de la segunda ola de coronavirus.<\/p>\n<p><strong>\u00abSi pensamos en t\u00e9rminos de disminuir el impacto en la salud de los argentinos y que todos puedan tener la atenci\u00f3n que necesitan, hay que endurecer las medidas restrictivas\u00bb<\/strong>, afirm\u00f3 Farina, quien es jefe de Servicio de Infectolog\u00eda en el Hospital de alta complejidad Cuenca Alta, de la localidad bonaerense de Ca\u00f1uelas.<\/p>\n<blockquote><p>\u00abLa gente se est\u00e1 muriendo, los j\u00f3venes fallecen sin patolog\u00edas, se est\u00e1n internando en terapia intensiva pero luego ves en la pantalla y parece que all\u00ed afuera no pasa nada\u00bb<\/p><\/blockquote>\n<p>El especialista remarc\u00f3 la \u00abnecesidad de mantener los cuidados\u00bb ante \u00abla cuarta suba de contagios desde el mes de enero\u00bb y coincidi\u00f3 con otras opiniones m\u00e9dicas sobre la \u00abalta tensi\u00f3n del sistema sanitario ya generalizada en varias regiones, no solo en AMBA\u00bb.<\/p>\n<p>\u00abAlgo que todos tenemos que entender es que a m\u00e1s casos diagnosticados, m\u00e1s casos activos y mayor es la chance de que esto se disemine; si no se corta con medidas y actitud de la sociedad, no se acaba, porque una persona puede contagiar a 1 o a 20, depende de la actividad que haga\u00bb, explic\u00f3 Farina en di\u00e1logo con radio universidad de La Plata.<\/p>\n<blockquote><p>\u00abNuestro mensaje es desde el punto de vista sanitario y la situaci\u00f3n es critica y no estamos lejos de un colapso sanitario\u00bb<\/p><\/blockquote>\n<p>En ese sentido, asegur\u00f3 que las decisiones pol\u00edticas sobre restricciones para mitigar los contagios tienen impacto social, econ\u00f3mico y en la salud, y dijo que \u00abtodos tienen que ser tenidos en cuenta por las medidas\u00bb, pero advirti\u00f3 que \u00ablas m\u00e1s efectivas son las que se cumplen\u00bb.<\/p>\n<p>\u00abNuestro mensaje es desde el punto de vista sanitario y la situaci\u00f3n es critica y no estamos lejos de un colapso sanitario\u00bb, afirm\u00f3.<\/p>\n<p>Respecto a\u00a0<strong>lo que ocurre en programas de televisi\u00f3n y con el f\u00fatbol, Farina evalu\u00f3 que se trata de \u00abdos instancias que podr\u00edan colaborar para comunicar pero, en este momento, no lo est\u00e1n haciendo\u00bb.<\/strong><\/p>\n<p>\u00abLa gente se est\u00e1 muriendo, los j\u00f3venes fallecen sin patolog\u00edas, se est\u00e1n internando en terapia intensiva pero luego ves en la pantalla y parece que all\u00ed afuera no pasa nada\u00bb, dijo el m\u00e9dico.<\/p>\n<p>Aunque neg\u00f3 que el regreso a la Fase 1 sea \u00abla \u00fanica herramienta\u00bb para contener el aumento exponencial de casos, asegur\u00f3 que \u00abservir\u00eda\u00bb y dijo que le \u00abda pena que no pase a\u00fan\u00bb.<\/p><\/div>\n<\/div>\n<\/div>\n<\/div>\n<\/div>\n","protected":false},"excerpt":{"rendered":"<p>Javier Farina, quien forma parte del comit\u00e9 de expertos que asesora al Gobierno, pidi\u00f3 \u00abendurecer las medidas restrictivas para que todos puedan tener la atenci\u00f3n que necesitan\u00bb y critic\u00f3 lo que ocurre en estudios de televisi\u00f3n y con el f\u00fatbol por brindar un mensaje \u00abcomo si no pasara nada\u00bb.<\/p>\n","protected":false},"author":3,"featured_media":0,"comment_status":"closed","ping_status":"closed","sticky":false,"template":"","format":"standard","meta":{"footnotes":""},"categories":[30],"tags":[],"class_list":["post-57137","post","type-post","status-publish","format-standard","hentry","category-salud"],"yoast_head":"<!-- This site is optimized with the Yoast SEO plugin v25.9 - https:\/\/yoast.com\/wordpress\/plugins\/seo\/ -->\n<title>Un experto pidi\u00f3 endurecer las medidas restrictivas y critic\u00f3 los programas de TV sin cuidados - Noticias Radio Reflejos<\/title>\n<meta name=\"robots\" content=\"index, follow, max-snippet:-1, max-image-preview:large, max-video-preview:-1\" \/>\n<link rel=\"canonical\" href=\"https:\/\/www.noticiasradioreflejos.com.ar\/2021\/un-experto-pidio-endurecer-las-medidas-restrictivas-y-critico-los-programas-de-tv-sin-cuidados\/\" \/>\n<meta property=\"og:locale\" content=\"es_ES\" \/>\n<meta property=\"og:type\" content=\"article\" \/>\n<meta property=\"og:title\" content=\"Un experto pidi\u00f3 endurecer las medidas restrictivas y critic\u00f3 los programas de TV sin cuidados - Noticias Radio Reflejos\" \/>\n<meta property=\"og:description\" content=\"Javier Farina, quien forma parte del comit\u00e9 de expertos que asesora al Gobierno, pidi\u00f3 \u00abendurecer las medidas restrictivas para que todos puedan tener la atenci\u00f3n que necesitan\u00bb y critic\u00f3 lo que ocurre en estudios de televisi\u00f3n y con el f\u00fatbol por brindar un mensaje \u00abcomo si no pasara nada\u00bb.\" \/>\n<meta property=\"og:url\" content=\"https:\/\/www.noticiasradioreflejos.com.ar\/2021\/un-experto-pidio-endurecer-las-medidas-restrictivas-y-critico-los-programas-de-tv-sin-cuidados\/\" \/>\n<meta property=\"og:site_name\" content=\"Noticias Radio Reflejos\" \/>\n<meta property=\"article:published_time\" content=\"2021-05-19T17:52:32+00:00\" \/>\n<meta property=\"og:image\" content=\"https:\/\/www.telam.com.ar\/advf\/imagenes\/2021\/02\/6027efffe75cb_1004x565.jpg\" \/>\n<meta name=\"author\" content=\"Arnaldo Botto\" \/>\n<meta name=\"twitter:card\" content=\"summary_large_image\" \/>\n<script type=\"application\/ld+json\" class=\"yoast-schema-graph\">{\"@context\":\"https:\/\/schema.org\",\"@graph\":[{\"@type\":\"WebPage\",\"@id\":\"https:\/\/www.noticiasradioreflejos.com.ar\/2021\/un-experto-pidio-endurecer-las-medidas-restrictivas-y-critico-los-programas-de-tv-sin-cuidados\/\",\"url\":\"https:\/\/www.noticiasradioreflejos.com.ar\/2021\/un-experto-pidio-endurecer-las-medidas-restrictivas-y-critico-los-programas-de-tv-sin-cuidados\/\",\"name\":\"Un experto pidi\u00f3 endurecer las medidas restrictivas y critic\u00f3 los programas de TV sin cuidados - Noticias Radio Reflejos\",\"isPartOf\":{\"@id\":\"https:\/\/www.noticiasradioreflejos.com.ar\/2021\/#website\"},\"primaryImageOfPage\":{\"@id\":\"https:\/\/www.noticiasradioreflejos.com.ar\/2021\/un-experto-pidio-endurecer-las-medidas-restrictivas-y-critico-los-programas-de-tv-sin-cuidados\/#primaryimage\"},\"image\":{\"@id\":\"https:\/\/www.noticiasradioreflejos.com.ar\/2021\/un-experto-pidio-endurecer-las-medidas-restrictivas-y-critico-los-programas-de-tv-sin-cuidados\/#primaryimage\"},\"thumbnailUrl\":\"https:\/\/www.telam.com.ar\/advf\/imagenes\/2021\/02\/6027efffe75cb_1004x565.jpg\",\"datePublished\":\"2021-05-19T17:52:32+00:00\",\"author\":{\"@id\":\"https:\/\/www.noticiasradioreflejos.com.ar\/2021\/#\/schema\/person\/ad82545263dcc5ec0996818884fd5fb1\"},\"breadcrumb\":{\"@id\":\"https:\/\/www.noticiasradioreflejos.com.ar\/2021\/un-experto-pidio-endurecer-las-medidas-restrictivas-y-critico-los-programas-de-tv-sin-cuidados\/#breadcrumb\"},\"inLanguage\":\"es\",\"potentialAction\":[{\"@type\":\"ReadAction\",\"target\":[\"https:\/\/www.noticiasradioreflejos.com.ar\/2021\/un-experto-pidio-endurecer-las-medidas-restrictivas-y-critico-los-programas-de-tv-sin-cuidados\/\"]}]},{\"@type\":\"ImageObject\",\"inLanguage\":\"es\",\"@id\":\"https:\/\/www.noticiasradioreflejos.com.ar\/2021\/un-experto-pidio-endurecer-las-medidas-restrictivas-y-critico-los-programas-de-tv-sin-cuidados\/#primaryimage\",\"url\":\"https:\/\/www.telam.com.ar\/advf\/imagenes\/2021\/02\/6027efffe75cb_1004x565.jpg\",\"contentUrl\":\"https:\/\/www.telam.com.ar\/advf\/imagenes\/2021\/02\/6027efffe75cb_1004x565.jpg\"},{\"@type\":\"BreadcrumbList\",\"@id\":\"https:\/\/www.noticiasradioreflejos.com.ar\/2021\/un-experto-pidio-endurecer-las-medidas-restrictivas-y-critico-los-programas-de-tv-sin-cuidados\/#breadcrumb\",\"itemListElement\":[{\"@type\":\"ListItem\",\"position\":1,\"name\":\"Portada\",\"item\":\"https:\/\/www.noticiasradioreflejos.com.ar\/2021\/\"},{\"@type\":\"ListItem\",\"position\":2,\"name\":\"Un experto pidi\u00f3 endurecer las medidas restrictivas y critic\u00f3 los programas de TV sin cuidados\"}]},{\"@type\":\"WebSite\",\"@id\":\"https:\/\/www.noticiasradioreflejos.com.ar\/2021\/#website\",\"url\":\"https:\/\/www.noticiasradioreflejos.com.ar\/2021\/\",\"name\":\"Noticias Radio Reflejos\",\"description\":\"Las noticias de mi comarca\",\"potentialAction\":[{\"@type\":\"SearchAction\",\"target\":{\"@type\":\"EntryPoint\",\"urlTemplate\":\"https:\/\/www.noticiasradioreflejos.com.ar\/2021\/?s={search_term_string}\"},\"query-input\":{\"@type\":\"PropertyValueSpecification\",\"valueRequired\":true,\"valueName\":\"search_term_string\"}}],\"inLanguage\":\"es\"},{\"@type\":\"Person\",\"@id\":\"https:\/\/www.noticiasradioreflejos.com.ar\/2021\/#\/schema\/person\/ad82545263dcc5ec0996818884fd5fb1\",\"name\":\"Arnaldo Botto\",\"image\":{\"@type\":\"ImageObject\",\"inLanguage\":\"es\",\"@id\":\"https:\/\/www.noticiasradioreflejos.com.ar\/2021\/#\/schema\/person\/image\/\",\"url\":\"https:\/\/secure.gravatar.com\/avatar\/55cb5e37c1efa326397366e6974cb338056df65cb50e7d64d1cf314e87504837?s=96&d=mm&r=g\",\"contentUrl\":\"https:\/\/secure.gravatar.com\/avatar\/55cb5e37c1efa326397366e6974cb338056df65cb50e7d64d1cf314e87504837?s=96&d=mm&r=g\",\"caption\":\"Arnaldo Botto\"},\"url\":\"https:\/\/www.noticiasradioreflejos.com.ar\/2021\/author\/arnaldo\/\"}]}<\/script>\n<!-- \/ Yoast SEO plugin. -->","yoast_head_json":{"title":"Un experto pidi\u00f3 endurecer las medidas restrictivas y critic\u00f3 los programas de TV sin cuidados - Noticias Radio Reflejos","robots":{"index":"index","follow":"follow","max-snippet":"max-snippet:-1","max-image-preview":"max-image-preview:large","max-video-preview":"max-video-preview:-1"},"canonical":"https:\/\/www.noticiasradioreflejos.com.ar\/2021\/un-experto-pidio-endurecer-las-medidas-restrictivas-y-critico-los-programas-de-tv-sin-cuidados\/","og_locale":"es_ES","og_type":"article","og_title":"Un experto pidi\u00f3 endurecer las medidas restrictivas y critic\u00f3 los programas de TV sin cuidados - Noticias Radio Reflejos","og_description":"Javier Farina, quien forma parte del comit\u00e9 de expertos que asesora al Gobierno, pidi\u00f3 \u00abendurecer las medidas restrictivas para que todos puedan tener la atenci\u00f3n que necesitan\u00bb y critic\u00f3 lo que ocurre en estudios de televisi\u00f3n y con el f\u00fatbol por brindar un mensaje \u00abcomo si no pasara nada\u00bb.","og_url":"https:\/\/www.noticiasradioreflejos.com.ar\/2021\/un-experto-pidio-endurecer-las-medidas-restrictivas-y-critico-los-programas-de-tv-sin-cuidados\/","og_site_name":"Noticias Radio Reflejos","article_published_time":"2021-05-19T17:52:32+00:00","og_image":[{"url":"https:\/\/www.telam.com.ar\/advf\/imagenes\/2021\/02\/6027efffe75cb_1004x565.jpg","type":"","width":"","height":""}],"author":"Arnaldo Botto","twitter_card":"summary_large_image","schema":{"@context":"https:\/\/schema.org","@graph":[{"@type":"WebPage","@id":"https:\/\/www.noticiasradioreflejos.com.ar\/2021\/un-experto-pidio-endurecer-las-medidas-restrictivas-y-critico-los-programas-de-tv-sin-cuidados\/","url":"https:\/\/www.noticiasradioreflejos.com.ar\/2021\/un-experto-pidio-endurecer-las-medidas-restrictivas-y-critico-los-programas-de-tv-sin-cuidados\/","name":"Un experto pidi\u00f3 endurecer las medidas restrictivas y critic\u00f3 los programas de TV sin cuidados - Noticias Radio Reflejos","isPartOf":{"@id":"https:\/\/www.noticiasradioreflejos.com.ar\/2021\/#website"},"primaryImageOfPage":{"@id":"https:\/\/www.noticiasradioreflejos.com.ar\/2021\/un-experto-pidio-endurecer-las-medidas-restrictivas-y-critico-los-programas-de-tv-sin-cuidados\/#primaryimage"},"image":{"@id":"https:\/\/www.noticiasradioreflejos.com.ar\/2021\/un-experto-pidio-endurecer-las-medidas-restrictivas-y-critico-los-programas-de-tv-sin-cuidados\/#primaryimage"},"thumbnailUrl":"https:\/\/www.telam.com.ar\/advf\/imagenes\/2021\/02\/6027efffe75cb_1004x565.jpg","datePublished":"2021-05-19T17:52:32+00:00","author":{"@id":"https:\/\/www.noticiasradioreflejos.com.ar\/2021\/#\/schema\/person\/ad82545263dcc5ec0996818884fd5fb1"},"breadcrumb":{"@id":"https:\/\/www.noticiasradioreflejos.com.ar\/2021\/un-experto-pidio-endurecer-las-medidas-restrictivas-y-critico-los-programas-de-tv-sin-cuidados\/#breadcrumb"},"inLanguage":"es","potentialAction":[{"@type":"ReadAction","target":["https:\/\/www.noticiasradioreflejos.com.ar\/2021\/un-experto-pidio-endurecer-las-medidas-restrictivas-y-critico-los-programas-de-tv-sin-cuidados\/"]}]},{"@type":"ImageObject","inLanguage":"es","@id":"https:\/\/www.noticiasradioreflejos.com.ar\/2021\/un-experto-pidio-endurecer-las-medidas-restrictivas-y-critico-los-programas-de-tv-sin-cuidados\/#primaryimage","url":"https:\/\/www.telam.com.ar\/advf\/imagenes\/2021\/02\/6027efffe75cb_1004x565.jpg","contentUrl":"https:\/\/www.telam.com.ar\/advf\/imagenes\/2021\/02\/6027efffe75cb_1004x565.jpg"},{"@type":"BreadcrumbList","@id":"https:\/\/www.noticiasradioreflejos.com.ar\/2021\/un-experto-pidio-endurecer-las-medidas-restrictivas-y-critico-los-programas-de-tv-sin-cuidados\/#breadcrumb","itemListElement":[{"@type":"ListItem","position":1,"name":"Portada","item":"https:\/\/www.noticiasradioreflejos.com.ar\/2021\/"},{"@type":"ListItem","position":2,"name":"Un experto pidi\u00f3 endurecer las medidas restrictivas y critic\u00f3 los programas de TV sin cuidados"}]},{"@type":"WebSite","@id":"https:\/\/www.noticiasradioreflejos.com.ar\/2021\/#website","url":"https:\/\/www.noticiasradioreflejos.com.ar\/2021\/","name":"Noticias Radio Reflejos","description":"Las noticias de mi comarca","potentialAction":[{"@type":"SearchAction","target":{"@type":"EntryPoint","urlTemplate":"https:\/\/www.noticiasradioreflejos.com.ar\/2021\/?s={search_term_string}"},"query-input":{"@type":"PropertyValueSpecification","valueRequired":true,"valueName":"search_term_string"}}],"inLanguage":"es"},{"@type":"Person","@id":"https:\/\/www.noticiasradioreflejos.com.ar\/2021\/#\/schema\/person\/ad82545263dcc5ec0996818884fd5fb1","name":"Arnaldo Botto","image":{"@type":"ImageObject","inLanguage":"es","@id":"https:\/\/www.noticiasradioreflejos.com.ar\/2021\/#\/schema\/person\/image\/","url":"https:\/\/secure.gravatar.com\/avatar\/55cb5e37c1efa326397366e6974cb338056df65cb50e7d64d1cf314e87504837?s=96&d=mm&r=g","contentUrl":"https:\/\/secure.gravatar.com\/avatar\/55cb5e37c1efa326397366e6974cb338056df65cb50e7d64d1cf314e87504837?s=96&d=mm&r=g","caption":"Arnaldo Botto"},"url":"https:\/\/www.noticiasradioreflejos.com.ar\/2021\/author\/arnaldo\/"}]}},"_links":{"self":[{"href":"https:\/\/www.noticiasradioreflejos.com.ar\/2021\/wp-json\/wp\/v2\/posts\/57137","targetHints":{"allow":["GET"]}}],"collection":[{"href":"https:\/\/www.noticiasradioreflejos.com.ar\/2021\/wp-json\/wp\/v2\/posts"}],"about":[{"href":"https:\/\/www.noticiasradioreflejos.com.ar\/2021\/wp-json\/wp\/v2\/types\/post"}],"author":[{"embeddable":true,"href":"https:\/\/www.noticiasradioreflejos.com.ar\/2021\/wp-json\/wp\/v2\/users\/3"}],"replies":[{"embeddable":true,"href":"https:\/\/www.noticiasradioreflejos.com.ar\/2021\/wp-json\/wp\/v2\/comments?post=57137"}],"version-history":[{"count":1,"href":"https:\/\/www.noticiasradioreflejos.com.ar\/2021\/wp-json\/wp\/v2\/posts\/57137\/revisions"}],"predecessor-version":[{"id":57139,"href":"https:\/\/www.noticiasradioreflejos.com.ar\/2021\/wp-json\/wp\/v2\/posts\/57137\/revisions\/57139"}],"wp:attachment":[{"href":"https:\/\/www.noticiasradioreflejos.com.ar\/2021\/wp-json\/wp\/v2\/media?parent=57137"}],"wp:term":[{"taxonomy":"category","embeddable":true,"href":"https:\/\/www.noticiasradioreflejos.com.ar\/2021\/wp-json\/wp\/v2\/categories?post=57137"},{"taxonomy":"post_tag","embeddable":true,"href":"https:\/\/www.noticiasradioreflejos.com.ar\/2021\/wp-json\/wp\/v2\/tags?post=57137"}],"curies":[{"name":"wp","href":"https:\/\/api.w.org\/{rel}","templated":true}]}}