{"id":57134,"date":"2021-05-19T17:43:44","date_gmt":"2021-05-19T17:43:44","guid":{"rendered":"http:\/\/www.noticiasradioreflejos.com.ar\/2021\/?p=57134"},"modified":"2021-05-19T17:45:27","modified_gmt":"2021-05-19T17:45:27","slug":"bordoni-firmo-convenio-para-concretar-una-historica-obra-de-pavimentacion-en-chasico","status":"publish","type":"post","link":"https:\/\/www.noticiasradioreflejos.com.ar\/2021\/bordoni-firmo-convenio-para-concretar-una-historica-obra-de-pavimentacion-en-chasico\/","title":{"rendered":"Bordoni firm\u00f3 convenio para concretar una hist\u00f3rica obra de pavimentaci\u00f3n en Chasic\u00f3"},"content":{"rendered":"<p>El intendente municipal Sergio Bordoni, viaj\u00f3 a la ciudad de Buenos Aires para firmar el convenio que concretar\u00e1 la obra de asfalto del acceso a la localidad de Chasic\u00f3, por Ruta Nacional N\u00b035.<!--more--><\/p>\n<p>Con un monto de $169.236.000 las tareas comprenden la repavimentaci\u00f3n del ingreso a la localidad (14km), m\u00e1s la pavimentaci\u00f3n de la Av. Caquice Catriel entre calle Pireco y Lolenco (850mts).<\/p>\n<p><a title=\"WhatsApp Image 2021-05-19 at 13.45.59\" href=\"https:\/\/www.flickr.com\/photos\/182279889@N02\/51189026407\/in\/dateposted-public\/\" data-flickr-embed=\"true\" data-header=\"true\"><img loading=\"lazy\" decoding=\"async\" src=\"https:\/\/live.staticflickr.com\/65535\/51189026407_4d94f75f50_c.jpg\" alt=\"WhatsApp Image 2021-05-19 at 13.45.59\" width=\"800\" height=\"521\" \/><\/a><script async src=\"\/\/embedr.flickr.com\/assets\/client-code.js\" charset=\"utf-8\"><\/script><\/p>\n<p>El documento fue rubricado por el Administrador General de la Direcci\u00f3n Nacional de Vialidad (DNV) Sr. Gustavo Arrieta, y el jefe comunal de Tornquist, en el marco del programa\u00a0 de \u201cSostenimiento de Redes Conexas para el Fortalecimiento de la Red Troncal Nacional\u201d.<\/p>\n<p>Un d\u00eda hist\u00f3rico para los vecinos del oeste de nuestro distrito, que ver\u00e1n la obra de pavimentaci\u00f3n m\u00e1s importante de los \u00faltimos a\u00f1os, que les garantizar\u00e1 la conectividad de la ciudad y zona, asegurando la salida de la producci\u00f3n agropecuaria, el ingreso de materias primas para los campos.<\/p>\n<p><a title=\"WhatsApp Image 2021-05-19 at 13.45.59 (1)\" href=\"https:\/\/www.flickr.com\/photos\/182279889@N02\/51189734446\/in\/dateposted-public\/\" data-flickr-embed=\"true\" data-header=\"true\"><img loading=\"lazy\" decoding=\"async\" src=\"https:\/\/live.staticflickr.com\/65535\/51189734446_723c40ab3b_c.jpg\" alt=\"WhatsApp Image 2021-05-19 at 13.45.59 (1)\" width=\"800\" height=\"378\" \/><\/a><script async src=\"\/\/embedr.flickr.com\/assets\/client-code.js\" charset=\"utf-8\"><\/script><\/p>\n<p>Bordoni destac\u00f3 que esta obra mejorar\u00e1 la calidad de vida de los habitantes de Chasic\u00f3, ya que este camino constituye la \u00fanica v\u00eda de acceso pavimentada a la localidad, por tal motivo es fundamental la realizaci\u00f3n de esta obra.<\/p>\n<p>Estuvieron presente en la firma, el Director del Distrito N\u00b019 de la DNV, Gustavo Trankels, la Secretaria de Hacienda municipal, Estefan\u00eda Bordoni, y el Director de Juventud, G\u00e9nero y Diversidad Sexual, Bruno Zacconi.<\/p>\n<p><a title=\"firmavialidad\" href=\"https:\/\/www.flickr.com\/photos\/182279889@N02\/51189947493\/in\/dateposted-public\/\" data-flickr-embed=\"true\" data-header=\"true\"><img loading=\"lazy\" decoding=\"async\" src=\"https:\/\/live.staticflickr.com\/65535\/51189947493_37b2b62b9e_c.jpg\" alt=\"firmavialidad\" width=\"757\" height=\"538\" \/><\/a><script async src=\"\/\/embedr.flickr.com\/assets\/client-code.js\" charset=\"utf-8\"><\/script><\/p>\n","protected":false},"excerpt":{"rendered":"<p>El intendente municipal Sergio Bordoni, viaj\u00f3 a la ciudad de Buenos Aires para firmar el convenio que concretar\u00e1 la obra de asfalto del acceso a la localidad de Chasic\u00f3, por Ruta Nacional N\u00b035.<\/p>\n","protected":false},"author":3,"featured_media":0,"comment_status":"closed","ping_status":"closed","sticky":false,"template":"","format":"standard","meta":{"footnotes":""},"categories":[28,24],"tags":[48],"class_list":["post-57134","post","type-post","status-publish","format-standard","hentry","category-municipales","category-politica","tag-destacada"],"yoast_head":"<!-- This site is optimized with the Yoast SEO plugin v25.9 - https:\/\/yoast.com\/wordpress\/plugins\/seo\/ -->\n<title>Bordoni firm\u00f3 convenio para concretar una hist\u00f3rica obra de pavimentaci\u00f3n en Chasic\u00f3 - Noticias Radio Reflejos<\/title>\n<meta name=\"robots\" content=\"index, follow, max-snippet:-1, max-image-preview:large, max-video-preview:-1\" \/>\n<link rel=\"canonical\" href=\"https:\/\/www.noticiasradioreflejos.com.ar\/2021\/bordoni-firmo-convenio-para-concretar-una-historica-obra-de-pavimentacion-en-chasico\/\" \/>\n<meta property=\"og:locale\" content=\"es_ES\" \/>\n<meta property=\"og:type\" content=\"article\" \/>\n<meta property=\"og:title\" content=\"Bordoni firm\u00f3 convenio para concretar una hist\u00f3rica obra de pavimentaci\u00f3n en Chasic\u00f3 - Noticias Radio Reflejos\" \/>\n<meta property=\"og:description\" content=\"El intendente municipal Sergio Bordoni, viaj\u00f3 a la ciudad de Buenos Aires para firmar el convenio que concretar\u00e1 la obra de asfalto del acceso a la localidad de Chasic\u00f3, por Ruta Nacional N\u00b035.\" \/>\n<meta property=\"og:url\" content=\"https:\/\/www.noticiasradioreflejos.com.ar\/2021\/bordoni-firmo-convenio-para-concretar-una-historica-obra-de-pavimentacion-en-chasico\/\" \/>\n<meta property=\"og:site_name\" content=\"Noticias Radio Reflejos\" \/>\n<meta property=\"article:published_time\" content=\"2021-05-19T17:43:44+00:00\" \/>\n<meta property=\"article:modified_time\" content=\"2021-05-19T17:45:27+00:00\" \/>\n<meta property=\"og:image\" content=\"https:\/\/live.staticflickr.com\/65535\/51189026407_4d94f75f50_c.jpg\" \/>\n<meta name=\"author\" content=\"Arnaldo Botto\" \/>\n<meta name=\"twitter:card\" content=\"summary_large_image\" \/>\n<script type=\"application\/ld+json\" class=\"yoast-schema-graph\">{\"@context\":\"https:\/\/schema.org\",\"@graph\":[{\"@type\":\"WebPage\",\"@id\":\"https:\/\/www.noticiasradioreflejos.com.ar\/2021\/bordoni-firmo-convenio-para-concretar-una-historica-obra-de-pavimentacion-en-chasico\/\",\"url\":\"https:\/\/www.noticiasradioreflejos.com.ar\/2021\/bordoni-firmo-convenio-para-concretar-una-historica-obra-de-pavimentacion-en-chasico\/\",\"name\":\"Bordoni firm\u00f3 convenio para concretar una hist\u00f3rica obra de pavimentaci\u00f3n en Chasic\u00f3 - Noticias Radio Reflejos\",\"isPartOf\":{\"@id\":\"https:\/\/www.noticiasradioreflejos.com.ar\/2021\/#website\"},\"primaryImageOfPage\":{\"@id\":\"https:\/\/www.noticiasradioreflejos.com.ar\/2021\/bordoni-firmo-convenio-para-concretar-una-historica-obra-de-pavimentacion-en-chasico\/#primaryimage\"},\"image\":{\"@id\":\"https:\/\/www.noticiasradioreflejos.com.ar\/2021\/bordoni-firmo-convenio-para-concretar-una-historica-obra-de-pavimentacion-en-chasico\/#primaryimage\"},\"thumbnailUrl\":\"https:\/\/live.staticflickr.com\/65535\/51189026407_4d94f75f50_c.jpg\",\"datePublished\":\"2021-05-19T17:43:44+00:00\",\"dateModified\":\"2021-05-19T17:45:27+00:00\",\"author\":{\"@id\":\"https:\/\/www.noticiasradioreflejos.com.ar\/2021\/#\/schema\/person\/ad82545263dcc5ec0996818884fd5fb1\"},\"breadcrumb\":{\"@id\":\"https:\/\/www.noticiasradioreflejos.com.ar\/2021\/bordoni-firmo-convenio-para-concretar-una-historica-obra-de-pavimentacion-en-chasico\/#breadcrumb\"},\"inLanguage\":\"es\",\"potentialAction\":[{\"@type\":\"ReadAction\",\"target\":[\"https:\/\/www.noticiasradioreflejos.com.ar\/2021\/bordoni-firmo-convenio-para-concretar-una-historica-obra-de-pavimentacion-en-chasico\/\"]}]},{\"@type\":\"ImageObject\",\"inLanguage\":\"es\",\"@id\":\"https:\/\/www.noticiasradioreflejos.com.ar\/2021\/bordoni-firmo-convenio-para-concretar-una-historica-obra-de-pavimentacion-en-chasico\/#primaryimage\",\"url\":\"https:\/\/live.staticflickr.com\/65535\/51189026407_4d94f75f50_c.jpg\",\"contentUrl\":\"https:\/\/live.staticflickr.com\/65535\/51189026407_4d94f75f50_c.jpg\"},{\"@type\":\"BreadcrumbList\",\"@id\":\"https:\/\/www.noticiasradioreflejos.com.ar\/2021\/bordoni-firmo-convenio-para-concretar-una-historica-obra-de-pavimentacion-en-chasico\/#breadcrumb\",\"itemListElement\":[{\"@type\":\"ListItem\",\"position\":1,\"name\":\"Portada\",\"item\":\"https:\/\/www.noticiasradioreflejos.com.ar\/2021\/\"},{\"@type\":\"ListItem\",\"position\":2,\"name\":\"Bordoni firm\u00f3 convenio para concretar una hist\u00f3rica obra de pavimentaci\u00f3n en Chasic\u00f3\"}]},{\"@type\":\"WebSite\",\"@id\":\"https:\/\/www.noticiasradioreflejos.com.ar\/2021\/#website\",\"url\":\"https:\/\/www.noticiasradioreflejos.com.ar\/2021\/\",\"name\":\"Noticias Radio Reflejos\",\"description\":\"Las noticias de mi comarca\",\"potentialAction\":[{\"@type\":\"SearchAction\",\"target\":{\"@type\":\"EntryPoint\",\"urlTemplate\":\"https:\/\/www.noticiasradioreflejos.com.ar\/2021\/?s={search_term_string}\"},\"query-input\":{\"@type\":\"PropertyValueSpecification\",\"valueRequired\":true,\"valueName\":\"search_term_string\"}}],\"inLanguage\":\"es\"},{\"@type\":\"Person\",\"@id\":\"https:\/\/www.noticiasradioreflejos.com.ar\/2021\/#\/schema\/person\/ad82545263dcc5ec0996818884fd5fb1\",\"name\":\"Arnaldo Botto\",\"image\":{\"@type\":\"ImageObject\",\"inLanguage\":\"es\",\"@id\":\"https:\/\/www.noticiasradioreflejos.com.ar\/2021\/#\/schema\/person\/image\/\",\"url\":\"https:\/\/secure.gravatar.com\/avatar\/55cb5e37c1efa326397366e6974cb338056df65cb50e7d64d1cf314e87504837?s=96&d=mm&r=g\",\"contentUrl\":\"https:\/\/secure.gravatar.com\/avatar\/55cb5e37c1efa326397366e6974cb338056df65cb50e7d64d1cf314e87504837?s=96&d=mm&r=g\",\"caption\":\"Arnaldo Botto\"},\"url\":\"https:\/\/www.noticiasradioreflejos.com.ar\/2021\/author\/arnaldo\/\"}]}<\/script>\n<!-- \/ Yoast SEO plugin. -->","yoast_head_json":{"title":"Bordoni firm\u00f3 convenio para concretar una hist\u00f3rica obra de pavimentaci\u00f3n en Chasic\u00f3 - Noticias Radio Reflejos","robots":{"index":"index","follow":"follow","max-snippet":"max-snippet:-1","max-image-preview":"max-image-preview:large","max-video-preview":"max-video-preview:-1"},"canonical":"https:\/\/www.noticiasradioreflejos.com.ar\/2021\/bordoni-firmo-convenio-para-concretar-una-historica-obra-de-pavimentacion-en-chasico\/","og_locale":"es_ES","og_type":"article","og_title":"Bordoni firm\u00f3 convenio para concretar una hist\u00f3rica obra de pavimentaci\u00f3n en Chasic\u00f3 - Noticias Radio Reflejos","og_description":"El intendente municipal Sergio Bordoni, viaj\u00f3 a la ciudad de Buenos Aires para firmar el convenio que concretar\u00e1 la obra de asfalto del acceso a la localidad de Chasic\u00f3, por Ruta Nacional N\u00b035.","og_url":"https:\/\/www.noticiasradioreflejos.com.ar\/2021\/bordoni-firmo-convenio-para-concretar-una-historica-obra-de-pavimentacion-en-chasico\/","og_site_name":"Noticias Radio Reflejos","article_published_time":"2021-05-19T17:43:44+00:00","article_modified_time":"2021-05-19T17:45:27+00:00","og_image":[{"url":"https:\/\/live.staticflickr.com\/65535\/51189026407_4d94f75f50_c.jpg","type":"","width":"","height":""}],"author":"Arnaldo Botto","twitter_card":"summary_large_image","schema":{"@context":"https:\/\/schema.org","@graph":[{"@type":"WebPage","@id":"https:\/\/www.noticiasradioreflejos.com.ar\/2021\/bordoni-firmo-convenio-para-concretar-una-historica-obra-de-pavimentacion-en-chasico\/","url":"https:\/\/www.noticiasradioreflejos.com.ar\/2021\/bordoni-firmo-convenio-para-concretar-una-historica-obra-de-pavimentacion-en-chasico\/","name":"Bordoni firm\u00f3 convenio para concretar una hist\u00f3rica obra de pavimentaci\u00f3n en Chasic\u00f3 - Noticias Radio Reflejos","isPartOf":{"@id":"https:\/\/www.noticiasradioreflejos.com.ar\/2021\/#website"},"primaryImageOfPage":{"@id":"https:\/\/www.noticiasradioreflejos.com.ar\/2021\/bordoni-firmo-convenio-para-concretar-una-historica-obra-de-pavimentacion-en-chasico\/#primaryimage"},"image":{"@id":"https:\/\/www.noticiasradioreflejos.com.ar\/2021\/bordoni-firmo-convenio-para-concretar-una-historica-obra-de-pavimentacion-en-chasico\/#primaryimage"},"thumbnailUrl":"https:\/\/live.staticflickr.com\/65535\/51189026407_4d94f75f50_c.jpg","datePublished":"2021-05-19T17:43:44+00:00","dateModified":"2021-05-19T17:45:27+00:00","author":{"@id":"https:\/\/www.noticiasradioreflejos.com.ar\/2021\/#\/schema\/person\/ad82545263dcc5ec0996818884fd5fb1"},"breadcrumb":{"@id":"https:\/\/www.noticiasradioreflejos.com.ar\/2021\/bordoni-firmo-convenio-para-concretar-una-historica-obra-de-pavimentacion-en-chasico\/#breadcrumb"},"inLanguage":"es","potentialAction":[{"@type":"ReadAction","target":["https:\/\/www.noticiasradioreflejos.com.ar\/2021\/bordoni-firmo-convenio-para-concretar-una-historica-obra-de-pavimentacion-en-chasico\/"]}]},{"@type":"ImageObject","inLanguage":"es","@id":"https:\/\/www.noticiasradioreflejos.com.ar\/2021\/bordoni-firmo-convenio-para-concretar-una-historica-obra-de-pavimentacion-en-chasico\/#primaryimage","url":"https:\/\/live.staticflickr.com\/65535\/51189026407_4d94f75f50_c.jpg","contentUrl":"https:\/\/live.staticflickr.com\/65535\/51189026407_4d94f75f50_c.jpg"},{"@type":"BreadcrumbList","@id":"https:\/\/www.noticiasradioreflejos.com.ar\/2021\/bordoni-firmo-convenio-para-concretar-una-historica-obra-de-pavimentacion-en-chasico\/#breadcrumb","itemListElement":[{"@type":"ListItem","position":1,"name":"Portada","item":"https:\/\/www.noticiasradioreflejos.com.ar\/2021\/"},{"@type":"ListItem","position":2,"name":"Bordoni firm\u00f3 convenio para concretar una hist\u00f3rica obra de pavimentaci\u00f3n en Chasic\u00f3"}]},{"@type":"WebSite","@id":"https:\/\/www.noticiasradioreflejos.com.ar\/2021\/#website","url":"https:\/\/www.noticiasradioreflejos.com.ar\/2021\/","name":"Noticias Radio Reflejos","description":"Las noticias de mi comarca","potentialAction":[{"@type":"SearchAction","target":{"@type":"EntryPoint","urlTemplate":"https:\/\/www.noticiasradioreflejos.com.ar\/2021\/?s={search_term_string}"},"query-input":{"@type":"PropertyValueSpecification","valueRequired":true,"valueName":"search_term_string"}}],"inLanguage":"es"},{"@type":"Person","@id":"https:\/\/www.noticiasradioreflejos.com.ar\/2021\/#\/schema\/person\/ad82545263dcc5ec0996818884fd5fb1","name":"Arnaldo Botto","image":{"@type":"ImageObject","inLanguage":"es","@id":"https:\/\/www.noticiasradioreflejos.com.ar\/2021\/#\/schema\/person\/image\/","url":"https:\/\/secure.gravatar.com\/avatar\/55cb5e37c1efa326397366e6974cb338056df65cb50e7d64d1cf314e87504837?s=96&d=mm&r=g","contentUrl":"https:\/\/secure.gravatar.com\/avatar\/55cb5e37c1efa326397366e6974cb338056df65cb50e7d64d1cf314e87504837?s=96&d=mm&r=g","caption":"Arnaldo Botto"},"url":"https:\/\/www.noticiasradioreflejos.com.ar\/2021\/author\/arnaldo\/"}]}},"_links":{"self":[{"href":"https:\/\/www.noticiasradioreflejos.com.ar\/2021\/wp-json\/wp\/v2\/posts\/57134","targetHints":{"allow":["GET"]}}],"collection":[{"href":"https:\/\/www.noticiasradioreflejos.com.ar\/2021\/wp-json\/wp\/v2\/posts"}],"about":[{"href":"https:\/\/www.noticiasradioreflejos.com.ar\/2021\/wp-json\/wp\/v2\/types\/post"}],"author":[{"embeddable":true,"href":"https:\/\/www.noticiasradioreflejos.com.ar\/2021\/wp-json\/wp\/v2\/users\/3"}],"replies":[{"embeddable":true,"href":"https:\/\/www.noticiasradioreflejos.com.ar\/2021\/wp-json\/wp\/v2\/comments?post=57134"}],"version-history":[{"count":1,"href":"https:\/\/www.noticiasradioreflejos.com.ar\/2021\/wp-json\/wp\/v2\/posts\/57134\/revisions"}],"predecessor-version":[{"id":57136,"href":"https:\/\/www.noticiasradioreflejos.com.ar\/2021\/wp-json\/wp\/v2\/posts\/57134\/revisions\/57136"}],"wp:attachment":[{"href":"https:\/\/www.noticiasradioreflejos.com.ar\/2021\/wp-json\/wp\/v2\/media?parent=57134"}],"wp:term":[{"taxonomy":"category","embeddable":true,"href":"https:\/\/www.noticiasradioreflejos.com.ar\/2021\/wp-json\/wp\/v2\/categories?post=57134"},{"taxonomy":"post_tag","embeddable":true,"href":"https:\/\/www.noticiasradioreflejos.com.ar\/2021\/wp-json\/wp\/v2\/tags?post=57134"}],"curies":[{"name":"wp","href":"https:\/\/api.w.org\/{rel}","templated":true}]}}