{"id":57128,"date":"2021-05-19T17:00:34","date_gmt":"2021-05-19T17:00:34","guid":{"rendered":"http:\/\/www.noticiasradioreflejos.com.ar\/2021\/?p=57128"},"modified":"2021-05-19T17:00:34","modified_gmt":"2021-05-19T17:00:34","slug":"la-jueza-servini-declaro-rebelde-a-rodriguez-simon-y-pide-su-captura-nacional-e-internacional","status":"publish","type":"post","link":"https:\/\/www.noticiasradioreflejos.com.ar\/2021\/la-jueza-servini-declaro-rebelde-a-rodriguez-simon-y-pide-su-captura-nacional-e-internacional\/","title":{"rendered":"La jueza Servini declar\u00f3 rebelde a Rodr\u00edguez Sim\u00f3n y pide su captura nacional e internacional"},"content":{"rendered":"<div class=\"head-content\">\n<p>La jueza federal dispuso tambi\u00e9n la inhibici\u00f3n general de bienes y el congelamiento de todos los productos bancarios del\u00a0diputado del Parlasur. Es en el\u00a0marco de la causa en la que se investigan las presiones del Gobierno de Mauricio Macri contra el Grupo Indalo.<\/p>\n<div class=\"addthis_custom_sharing\" data-url=\"https:\/\/www.telam.com.ar\/notas\/202105\/554754-pepin-rodriguez-simon-captura-nacional-e-internacional.html\" data-title=\"La jueza Servini declar\u00f3 rebelde a Rodr\u00edguez Sim\u00f3n y pide su captura nacional e internacional\" data-description=\"La jueza federal dispuso tambi\u00e9n la inhibici\u00f3n general de bienes y el congelamiento de todos los productos bancarios del\u00a0diputado del Parlasur. Es en el\u00a0marco de la causa en la que se investigan las presiones del Gobierno de Mauricio Macri contra el Grupo Indalo.\">\n<div id=\"atstbx\" class=\"at-resp-share-element at-style-responsive addthis-smartlayers addthis-animated at4-show\" role=\"region\" aria-labelledby=\"at-472d4c09-f040-4b49-a03e-0a3432145524\"><span id=\"at-472d4c09-f040-4b49-a03e-0a3432145524\" class=\"at4-visually-hidden\"><\/span><\/p>\n<div class=\"at-share-btn-elements\"><\/div>\n<\/div>\n<\/div>\n<\/div>\n<p><!--more--><\/p>\n<div class=\"main-content-block\">\n<div class=\"main-box clearfix\">\n<div class=\"wrapper-main-section clearfix\">\n<div class=\"wrapper-editable-content\">\n<div class=\"editable-content clearfix\">\n<div id=\"image\" class=\"image\"><img decoding=\"async\" title=\"El propio Rodr\u00edguez Sim\u00f3n anunci\u00f3 a trav\u00e9s de los medios que se encuentra en Uruguay y que no volver\u00e1 al pa\u00eds para prestar declaraci\u00f3n indagatoria.\" src=\"https:\/\/www.telam.com.ar\/advf\/imagenes\/2021\/05\/60a39dbdb42e4_1004x565.jpg\" alt=\"El propio Rodr\u00edguez Sim\u00f3n anunci\u00f3 a trav\u00e9s de los medios que se encuentra en Uruguay y que no volver\u00e1 al pa\u00eds para prestar declaraci\u00f3n indagatoria.\" \/><\/p>\n<div class=\"epigrafe\">El propio Rodr\u00edguez Sim\u00f3n anunci\u00f3 a trav\u00e9s de los medios que se encuentra en Uruguay y que no volver\u00e1 al pa\u00eds para prestar declaraci\u00f3n indagatoria.<\/div>\n<\/div>\n<p>La jueza federal Mar\u00eda Romilda Servini declar\u00f3 en rebeld\u00eda al diputado del Parlasur Fabian \u00abPep\u00edn\u00bb Rodr\u00edguez Sim\u00f3n (Cambiemos), orden\u00f3 su captura nacional e internacional, dispuso su inhibici\u00f3n general de bienes y el congelamiento de todos sus productos bancarios.<\/p>\n<p>La magistrada lo dispuso en el marco de la causa en la que se investigan las presiones del Gobierno de Mauricio Macri contra el Grupo Indalo, luego de que el propio Rodr\u00edguez Sim\u00f3n anunciara a trav\u00e9s de los medios que se encuentra en Uruguay y que no volver\u00e1 al pa\u00eds para prestar declaraci\u00f3n indagatoria.<\/p><\/div>\n<\/div>\n<\/div>\n<\/div>\n<\/div>\n","protected":false},"excerpt":{"rendered":"<p>La jueza federal dispuso tambi\u00e9n la inhibici\u00f3n general de bienes y el congelamiento de todos los productos bancarios del\u00a0diputado del Parlasur. Es en el\u00a0marco de la causa en la que se investigan las presiones del Gobierno de Mauricio Macri contra el Grupo Indalo.<\/p>\n","protected":false},"author":3,"featured_media":0,"comment_status":"closed","ping_status":"closed","sticky":false,"template":"","format":"standard","meta":{"footnotes":""},"categories":[24],"tags":[],"class_list":["post-57128","post","type-post","status-publish","format-standard","hentry","category-politica"],"yoast_head":"<!-- This site is optimized with the Yoast SEO plugin v25.9 - https:\/\/yoast.com\/wordpress\/plugins\/seo\/ -->\n<title>La jueza Servini declar\u00f3 rebelde a Rodr\u00edguez Sim\u00f3n y pide su captura nacional e internacional - Noticias Radio Reflejos<\/title>\n<meta name=\"robots\" content=\"index, follow, max-snippet:-1, max-image-preview:large, max-video-preview:-1\" \/>\n<link rel=\"canonical\" href=\"https:\/\/www.noticiasradioreflejos.com.ar\/2021\/la-jueza-servini-declaro-rebelde-a-rodriguez-simon-y-pide-su-captura-nacional-e-internacional\/\" \/>\n<meta property=\"og:locale\" content=\"es_ES\" \/>\n<meta property=\"og:type\" content=\"article\" \/>\n<meta property=\"og:title\" content=\"La jueza Servini declar\u00f3 rebelde a Rodr\u00edguez Sim\u00f3n y pide su captura nacional e internacional - Noticias Radio Reflejos\" \/>\n<meta property=\"og:description\" content=\"La jueza federal dispuso tambi\u00e9n la inhibici\u00f3n general de bienes y el congelamiento de todos los productos bancarios del\u00a0diputado del Parlasur. Es en el\u00a0marco de la causa en la que se investigan las presiones del Gobierno de Mauricio Macri contra el Grupo Indalo.\" \/>\n<meta property=\"og:url\" content=\"https:\/\/www.noticiasradioreflejos.com.ar\/2021\/la-jueza-servini-declaro-rebelde-a-rodriguez-simon-y-pide-su-captura-nacional-e-internacional\/\" \/>\n<meta property=\"og:site_name\" content=\"Noticias Radio Reflejos\" \/>\n<meta property=\"article:published_time\" content=\"2021-05-19T17:00:34+00:00\" \/>\n<meta property=\"og:image\" content=\"https:\/\/www.telam.com.ar\/advf\/imagenes\/2021\/05\/60a39dbdb42e4_1004x565.jpg\" \/>\n<meta name=\"author\" content=\"Arnaldo Botto\" \/>\n<meta name=\"twitter:card\" content=\"summary_large_image\" \/>\n<script type=\"application\/ld+json\" class=\"yoast-schema-graph\">{\"@context\":\"https:\/\/schema.org\",\"@graph\":[{\"@type\":\"WebPage\",\"@id\":\"https:\/\/www.noticiasradioreflejos.com.ar\/2021\/la-jueza-servini-declaro-rebelde-a-rodriguez-simon-y-pide-su-captura-nacional-e-internacional\/\",\"url\":\"https:\/\/www.noticiasradioreflejos.com.ar\/2021\/la-jueza-servini-declaro-rebelde-a-rodriguez-simon-y-pide-su-captura-nacional-e-internacional\/\",\"name\":\"La jueza Servini declar\u00f3 rebelde a Rodr\u00edguez Sim\u00f3n y pide su captura nacional e internacional - Noticias Radio Reflejos\",\"isPartOf\":{\"@id\":\"https:\/\/www.noticiasradioreflejos.com.ar\/2021\/#website\"},\"primaryImageOfPage\":{\"@id\":\"https:\/\/www.noticiasradioreflejos.com.ar\/2021\/la-jueza-servini-declaro-rebelde-a-rodriguez-simon-y-pide-su-captura-nacional-e-internacional\/#primaryimage\"},\"image\":{\"@id\":\"https:\/\/www.noticiasradioreflejos.com.ar\/2021\/la-jueza-servini-declaro-rebelde-a-rodriguez-simon-y-pide-su-captura-nacional-e-internacional\/#primaryimage\"},\"thumbnailUrl\":\"https:\/\/www.telam.com.ar\/advf\/imagenes\/2021\/05\/60a39dbdb42e4_1004x565.jpg\",\"datePublished\":\"2021-05-19T17:00:34+00:00\",\"author\":{\"@id\":\"https:\/\/www.noticiasradioreflejos.com.ar\/2021\/#\/schema\/person\/ad82545263dcc5ec0996818884fd5fb1\"},\"breadcrumb\":{\"@id\":\"https:\/\/www.noticiasradioreflejos.com.ar\/2021\/la-jueza-servini-declaro-rebelde-a-rodriguez-simon-y-pide-su-captura-nacional-e-internacional\/#breadcrumb\"},\"inLanguage\":\"es\",\"potentialAction\":[{\"@type\":\"ReadAction\",\"target\":[\"https:\/\/www.noticiasradioreflejos.com.ar\/2021\/la-jueza-servini-declaro-rebelde-a-rodriguez-simon-y-pide-su-captura-nacional-e-internacional\/\"]}]},{\"@type\":\"ImageObject\",\"inLanguage\":\"es\",\"@id\":\"https:\/\/www.noticiasradioreflejos.com.ar\/2021\/la-jueza-servini-declaro-rebelde-a-rodriguez-simon-y-pide-su-captura-nacional-e-internacional\/#primaryimage\",\"url\":\"https:\/\/www.telam.com.ar\/advf\/imagenes\/2021\/05\/60a39dbdb42e4_1004x565.jpg\",\"contentUrl\":\"https:\/\/www.telam.com.ar\/advf\/imagenes\/2021\/05\/60a39dbdb42e4_1004x565.jpg\"},{\"@type\":\"BreadcrumbList\",\"@id\":\"https:\/\/www.noticiasradioreflejos.com.ar\/2021\/la-jueza-servini-declaro-rebelde-a-rodriguez-simon-y-pide-su-captura-nacional-e-internacional\/#breadcrumb\",\"itemListElement\":[{\"@type\":\"ListItem\",\"position\":1,\"name\":\"Portada\",\"item\":\"https:\/\/www.noticiasradioreflejos.com.ar\/2021\/\"},{\"@type\":\"ListItem\",\"position\":2,\"name\":\"La jueza Servini declar\u00f3 rebelde a Rodr\u00edguez Sim\u00f3n y pide su captura nacional e internacional\"}]},{\"@type\":\"WebSite\",\"@id\":\"https:\/\/www.noticiasradioreflejos.com.ar\/2021\/#website\",\"url\":\"https:\/\/www.noticiasradioreflejos.com.ar\/2021\/\",\"name\":\"Noticias Radio Reflejos\",\"description\":\"Las noticias de mi comarca\",\"potentialAction\":[{\"@type\":\"SearchAction\",\"target\":{\"@type\":\"EntryPoint\",\"urlTemplate\":\"https:\/\/www.noticiasradioreflejos.com.ar\/2021\/?s={search_term_string}\"},\"query-input\":{\"@type\":\"PropertyValueSpecification\",\"valueRequired\":true,\"valueName\":\"search_term_string\"}}],\"inLanguage\":\"es\"},{\"@type\":\"Person\",\"@id\":\"https:\/\/www.noticiasradioreflejos.com.ar\/2021\/#\/schema\/person\/ad82545263dcc5ec0996818884fd5fb1\",\"name\":\"Arnaldo Botto\",\"image\":{\"@type\":\"ImageObject\",\"inLanguage\":\"es\",\"@id\":\"https:\/\/www.noticiasradioreflejos.com.ar\/2021\/#\/schema\/person\/image\/\",\"url\":\"https:\/\/secure.gravatar.com\/avatar\/55cb5e37c1efa326397366e6974cb338056df65cb50e7d64d1cf314e87504837?s=96&d=mm&r=g\",\"contentUrl\":\"https:\/\/secure.gravatar.com\/avatar\/55cb5e37c1efa326397366e6974cb338056df65cb50e7d64d1cf314e87504837?s=96&d=mm&r=g\",\"caption\":\"Arnaldo Botto\"},\"url\":\"https:\/\/www.noticiasradioreflejos.com.ar\/2021\/author\/arnaldo\/\"}]}<\/script>\n<!-- \/ Yoast SEO plugin. -->","yoast_head_json":{"title":"La jueza Servini declar\u00f3 rebelde a Rodr\u00edguez Sim\u00f3n y pide su captura nacional e internacional - Noticias Radio Reflejos","robots":{"index":"index","follow":"follow","max-snippet":"max-snippet:-1","max-image-preview":"max-image-preview:large","max-video-preview":"max-video-preview:-1"},"canonical":"https:\/\/www.noticiasradioreflejos.com.ar\/2021\/la-jueza-servini-declaro-rebelde-a-rodriguez-simon-y-pide-su-captura-nacional-e-internacional\/","og_locale":"es_ES","og_type":"article","og_title":"La jueza Servini declar\u00f3 rebelde a Rodr\u00edguez Sim\u00f3n y pide su captura nacional e internacional - Noticias Radio Reflejos","og_description":"La jueza federal dispuso tambi\u00e9n la inhibici\u00f3n general de bienes y el congelamiento de todos los productos bancarios del\u00a0diputado del Parlasur. Es en el\u00a0marco de la causa en la que se investigan las presiones del Gobierno de Mauricio Macri contra el Grupo Indalo.","og_url":"https:\/\/www.noticiasradioreflejos.com.ar\/2021\/la-jueza-servini-declaro-rebelde-a-rodriguez-simon-y-pide-su-captura-nacional-e-internacional\/","og_site_name":"Noticias Radio Reflejos","article_published_time":"2021-05-19T17:00:34+00:00","og_image":[{"url":"https:\/\/www.telam.com.ar\/advf\/imagenes\/2021\/05\/60a39dbdb42e4_1004x565.jpg","type":"","width":"","height":""}],"author":"Arnaldo Botto","twitter_card":"summary_large_image","schema":{"@context":"https:\/\/schema.org","@graph":[{"@type":"WebPage","@id":"https:\/\/www.noticiasradioreflejos.com.ar\/2021\/la-jueza-servini-declaro-rebelde-a-rodriguez-simon-y-pide-su-captura-nacional-e-internacional\/","url":"https:\/\/www.noticiasradioreflejos.com.ar\/2021\/la-jueza-servini-declaro-rebelde-a-rodriguez-simon-y-pide-su-captura-nacional-e-internacional\/","name":"La jueza Servini declar\u00f3 rebelde a Rodr\u00edguez Sim\u00f3n y pide su captura nacional e internacional - Noticias Radio Reflejos","isPartOf":{"@id":"https:\/\/www.noticiasradioreflejos.com.ar\/2021\/#website"},"primaryImageOfPage":{"@id":"https:\/\/www.noticiasradioreflejos.com.ar\/2021\/la-jueza-servini-declaro-rebelde-a-rodriguez-simon-y-pide-su-captura-nacional-e-internacional\/#primaryimage"},"image":{"@id":"https:\/\/www.noticiasradioreflejos.com.ar\/2021\/la-jueza-servini-declaro-rebelde-a-rodriguez-simon-y-pide-su-captura-nacional-e-internacional\/#primaryimage"},"thumbnailUrl":"https:\/\/www.telam.com.ar\/advf\/imagenes\/2021\/05\/60a39dbdb42e4_1004x565.jpg","datePublished":"2021-05-19T17:00:34+00:00","author":{"@id":"https:\/\/www.noticiasradioreflejos.com.ar\/2021\/#\/schema\/person\/ad82545263dcc5ec0996818884fd5fb1"},"breadcrumb":{"@id":"https:\/\/www.noticiasradioreflejos.com.ar\/2021\/la-jueza-servini-declaro-rebelde-a-rodriguez-simon-y-pide-su-captura-nacional-e-internacional\/#breadcrumb"},"inLanguage":"es","potentialAction":[{"@type":"ReadAction","target":["https:\/\/www.noticiasradioreflejos.com.ar\/2021\/la-jueza-servini-declaro-rebelde-a-rodriguez-simon-y-pide-su-captura-nacional-e-internacional\/"]}]},{"@type":"ImageObject","inLanguage":"es","@id":"https:\/\/www.noticiasradioreflejos.com.ar\/2021\/la-jueza-servini-declaro-rebelde-a-rodriguez-simon-y-pide-su-captura-nacional-e-internacional\/#primaryimage","url":"https:\/\/www.telam.com.ar\/advf\/imagenes\/2021\/05\/60a39dbdb42e4_1004x565.jpg","contentUrl":"https:\/\/www.telam.com.ar\/advf\/imagenes\/2021\/05\/60a39dbdb42e4_1004x565.jpg"},{"@type":"BreadcrumbList","@id":"https:\/\/www.noticiasradioreflejos.com.ar\/2021\/la-jueza-servini-declaro-rebelde-a-rodriguez-simon-y-pide-su-captura-nacional-e-internacional\/#breadcrumb","itemListElement":[{"@type":"ListItem","position":1,"name":"Portada","item":"https:\/\/www.noticiasradioreflejos.com.ar\/2021\/"},{"@type":"ListItem","position":2,"name":"La jueza Servini declar\u00f3 rebelde a Rodr\u00edguez Sim\u00f3n y pide su captura nacional e internacional"}]},{"@type":"WebSite","@id":"https:\/\/www.noticiasradioreflejos.com.ar\/2021\/#website","url":"https:\/\/www.noticiasradioreflejos.com.ar\/2021\/","name":"Noticias Radio Reflejos","description":"Las noticias de mi comarca","potentialAction":[{"@type":"SearchAction","target":{"@type":"EntryPoint","urlTemplate":"https:\/\/www.noticiasradioreflejos.com.ar\/2021\/?s={search_term_string}"},"query-input":{"@type":"PropertyValueSpecification","valueRequired":true,"valueName":"search_term_string"}}],"inLanguage":"es"},{"@type":"Person","@id":"https:\/\/www.noticiasradioreflejos.com.ar\/2021\/#\/schema\/person\/ad82545263dcc5ec0996818884fd5fb1","name":"Arnaldo Botto","image":{"@type":"ImageObject","inLanguage":"es","@id":"https:\/\/www.noticiasradioreflejos.com.ar\/2021\/#\/schema\/person\/image\/","url":"https:\/\/secure.gravatar.com\/avatar\/55cb5e37c1efa326397366e6974cb338056df65cb50e7d64d1cf314e87504837?s=96&d=mm&r=g","contentUrl":"https:\/\/secure.gravatar.com\/avatar\/55cb5e37c1efa326397366e6974cb338056df65cb50e7d64d1cf314e87504837?s=96&d=mm&r=g","caption":"Arnaldo Botto"},"url":"https:\/\/www.noticiasradioreflejos.com.ar\/2021\/author\/arnaldo\/"}]}},"_links":{"self":[{"href":"https:\/\/www.noticiasradioreflejos.com.ar\/2021\/wp-json\/wp\/v2\/posts\/57128","targetHints":{"allow":["GET"]}}],"collection":[{"href":"https:\/\/www.noticiasradioreflejos.com.ar\/2021\/wp-json\/wp\/v2\/posts"}],"about":[{"href":"https:\/\/www.noticiasradioreflejos.com.ar\/2021\/wp-json\/wp\/v2\/types\/post"}],"author":[{"embeddable":true,"href":"https:\/\/www.noticiasradioreflejos.com.ar\/2021\/wp-json\/wp\/v2\/users\/3"}],"replies":[{"embeddable":true,"href":"https:\/\/www.noticiasradioreflejos.com.ar\/2021\/wp-json\/wp\/v2\/comments?post=57128"}],"version-history":[{"count":1,"href":"https:\/\/www.noticiasradioreflejos.com.ar\/2021\/wp-json\/wp\/v2\/posts\/57128\/revisions"}],"predecessor-version":[{"id":57130,"href":"https:\/\/www.noticiasradioreflejos.com.ar\/2021\/wp-json\/wp\/v2\/posts\/57128\/revisions\/57130"}],"wp:attachment":[{"href":"https:\/\/www.noticiasradioreflejos.com.ar\/2021\/wp-json\/wp\/v2\/media?parent=57128"}],"wp:term":[{"taxonomy":"category","embeddable":true,"href":"https:\/\/www.noticiasradioreflejos.com.ar\/2021\/wp-json\/wp\/v2\/categories?post=57128"},{"taxonomy":"post_tag","embeddable":true,"href":"https:\/\/www.noticiasradioreflejos.com.ar\/2021\/wp-json\/wp\/v2\/tags?post=57128"}],"curies":[{"name":"wp","href":"https:\/\/api.w.org\/{rel}","templated":true}]}}