{"id":57105,"date":"2021-05-19T14:59:59","date_gmt":"2021-05-19T14:59:59","guid":{"rendered":"http:\/\/www.noticiasradioreflejos.com.ar\/2021\/?p=57105"},"modified":"2021-05-19T14:59:59","modified_gmt":"2021-05-19T14:59:59","slug":"redescubren-una-especie-que-se-creia-extinta-en-argentina","status":"publish","type":"post","link":"https:\/\/www.noticiasradioreflejos.com.ar\/2021\/redescubren-una-especie-que-se-creia-extinta-en-argentina\/","title":{"rendered":"Redescubren una especie que se cre\u00eda extinta en Argentina"},"content":{"rendered":"<div class=\"section-2-col article-header\">\n<div class=\"col 2-col\">\n<p>Los \u00faltimos registros confirmados de grupos familiares de nutria gigante en Argentina son de la d\u00e9cada de 1980.<\/p>\n<\/div>\n<\/div>\n<p><!--more--><\/p>\n<div class=\"section-2-col article-main-image\">\n<div class=\"col 2-col\">\n<div class=\"article-main-media-image__container\">\n<div class=\"image-wrapper\">\n<figure>\n<figure class=\"object-fit-block--contain intrinsic-container intrinsic-container-3x2\"><img decoding=\"async\" class=\" lazyloaded\" src=\"https:\/\/images.pagina12.com.ar\/styles\/focal_3_2_960x640\/public\/2021-05\/163224-teuco.jpg?itok=Gaik7elO\" alt=\"La nutria gigante avistada en una laguna a orillas del r\u00edo Bermejo, en el Parque Nacional El Impenetrable (Chaco). (Fuente: Fundaci\u00f3n Rewilding Argentina)\" data-src=\"https:\/\/images.pagina12.com.ar\/styles\/focal_3_2_960x640\/public\/2021-05\/163224-teuco.jpg?itok=Gaik7elO\" \/><\/figure><figcaption>La nutria gigante avistada en una laguna a orillas del r\u00edo Bermejo, en el Parque Nacional El Impenetrable (Chaco).. Imagen: Fundaci\u00f3n Rewilding Argentina<\/figcaption><\/figure>\n<\/div>\n<\/div>\n<\/div>\n<\/div>\n<div class=\"section-2-col article-main-content\">\n<div class=\"col 1-col\">\n<div id=\"cxense-new-related-articles-342340\">\n<div class=\"article-card\">\n<article class=\"article-item article-item--teaser-vertical\">\n<div class=\"article-item__header\"><\/div>\n<\/article>\n<\/div>\n<\/div>\n<\/div>\n<div class=\"col 2-col\">\n<div class=\"article-main-content article-text \">\n<p>Investigadores ambientales avistaron en\u00a0<strong>El Impenetrable\u00a0<\/strong>un ejemplar de\u00a0<strong>nutria gigante o lobo gargantilla<\/strong>, una especie que se cre\u00eda extinta en Argentina.<\/p>\n<p>La nutria gigante o lobo gargantilla se pudo ver el domingo\u00a0<strong>en aguas del r\u00edo Bermejo y fue captada por integrantes de la Estaci\u00f3n de Campo El Teuco<\/strong>, perteneciente a la fundaci\u00f3n\u00a0<a href=\"https:\/\/rewildingargentina.org\/\" target=\"_blank\" rel=\"noopener\">Rewilding Argentina<\/a>\u00a0que trabaja en la conservaci\u00f3n del\u00a0<b>Parque Nacional El Impenetrable,\u00a0<\/b>en la provincia de Chaco<b>.<\/b><\/p>\n<p>\u201cLos \u00faltimos registros confirmados de grupos familiares de nutria gigante en Argentina son de la d\u00e9cada de 1980. A partir de ah\u00ed solo se conocen algunos registros poco precisos de ejemplares solitarios.\u00a0<strong>En el r\u00edo Bermejo la extinci\u00f3n se verific\u00f3 mucho antes, al menos hace 100 a\u00f1os atr\u00e1s.<\/strong>\u00a0O eso cre\u00edamos\u201d,\u00a0<a href=\"https:\/\/www.facebook.com\/113333795414349\/videos\/4078817872199235\" target=\"_blank\" rel=\"noopener\">comunicaron desde la p\u00e1gina de Facebook de la fundaci\u00f3n.<\/a><\/p>\n<p><iframe loading=\"lazy\" src=\"\/\/content.jwplatform.com\/players\/7CjIPRy5-buQgiLVC.html\" width=\"640\" height=\"360\" frameborder=\"0\" scrolling=\"auto\"><\/iframe><\/p>\n<p>En el relato que hacen sobre el avistamiento, desde la fundaci\u00f3n contaron que sucedi\u00f3 el domingo en un \u00abalto de las tareas en la Estaci\u00f3n de Campo El Teuco\u00bb, por parte del director de Conservaci\u00f3n,\u00a0<strong>Sebasti\u00e1n Di Martino<\/strong>, quien sali\u00f3 a a andar en kayak por el r\u00edo Bermejo.<\/p>\n<p>Di Martino \u00abescuch\u00f3 un chapoteo en el agua\u00bb y crey\u00f3 ver un lobito de r\u00edo. Alertado por un grito del animal, se detuvo a observarlo por un grito. \u00abRecordaba mucho a los sonidos que profieren Coco y Alondra en su corral de presuelta de Iber\u00e1. Ya con el celular en mano comenz\u00f3 a filmarlo y cuando este animal se irgui\u00f3 en el agua y mostr\u00f3 su pechera blanca no quedaban dudas. Se trataba de un ejemplar de nutria gigante\u201d, describen en la publicaci\u00f3n sobre el descubrimiento.<\/p>\n<h2>\u201cEl Impenetrable sigue d\u00e1ndonos sorpresas\u201d<\/h2>\n<p>Por otra parte, la fundaci\u00f3n record\u00f3 que gran parte de sus integrantes se dedican \u201ca intentar revertir la crisis de extinci\u00f3n de especies que asola a nuestro planeta\u201d. Por eso destacaron: \u00ab<strong>El Impenetrable sigue d\u00e1ndonos sorpresas, mostr\u00e1ndonos que la naturaleza es resiliente y que, si la ayudamos un poco, puede recuperarse\u201d.<\/strong><\/p>\n<p>Tambi\u00e9n remarcaron la necesidad de proteger la zona de cazadores furtivos. \u201cToca ahora enfriar la cabeza y pensar acciones de conservaci\u00f3n para proteger a este ejemplar y a otros que pudiera haber por la zona. Urge patrullar el r\u00edo Bermejo\u201d, manifestaron.<\/p>\n<p>Cabe destacar, adem\u00e1s, que la fundaci\u00f3n en su cuenta de\u00a0<b>Twitter<\/b>\u00a0comunic\u00f3 recientemente la llegada al pais de \u00abNanay\u00bb, un macho de nustria gigante, con el objetivo de\u00a0\u00abformar una segunda pareja reproductiva para el proyecto y de a poco ir recuperando la especie en Iber\u00e1\u00bb.<\/p>\n<p><iframe loading=\"lazy\" src=\"\/\/content.jwplatform.com\/players\/yV8dJUye-buQgiLVC.html\" width=\"640\" height=\"360\" frameborder=\"0\" scrolling=\"auto\"><\/iframe><\/p>\n<\/div>\n<\/div>\n<\/div>\n","protected":false},"excerpt":{"rendered":"<p>Los \u00faltimos registros confirmados de grupos familiares de nutria gigante en Argentina son de la d\u00e9cada de 1980.<\/p>\n","protected":false},"author":3,"featured_media":0,"comment_status":"closed","ping_status":"closed","sticky":false,"template":"","format":"standard","meta":{"footnotes":""},"categories":[46,26],"tags":[],"class_list":["post-57105","post","type-post","status-publish","format-standard","hentry","category-ciencia-y-tecnologia","category-sociedad"],"yoast_head":"<!-- This site is optimized with the Yoast SEO plugin v25.9 - https:\/\/yoast.com\/wordpress\/plugins\/seo\/ -->\n<title>Redescubren una especie que se cre\u00eda extinta en Argentina - Noticias Radio Reflejos<\/title>\n<meta name=\"robots\" content=\"index, follow, max-snippet:-1, max-image-preview:large, max-video-preview:-1\" \/>\n<link rel=\"canonical\" href=\"https:\/\/www.noticiasradioreflejos.com.ar\/2021\/redescubren-una-especie-que-se-creia-extinta-en-argentina\/\" \/>\n<meta property=\"og:locale\" content=\"es_ES\" \/>\n<meta property=\"og:type\" content=\"article\" \/>\n<meta property=\"og:title\" content=\"Redescubren una especie que se cre\u00eda extinta en Argentina - Noticias Radio Reflejos\" \/>\n<meta property=\"og:description\" content=\"Los \u00faltimos registros confirmados de grupos familiares de nutria gigante en Argentina son de la d\u00e9cada de 1980.\" \/>\n<meta property=\"og:url\" content=\"https:\/\/www.noticiasradioreflejos.com.ar\/2021\/redescubren-una-especie-que-se-creia-extinta-en-argentina\/\" \/>\n<meta property=\"og:site_name\" content=\"Noticias Radio Reflejos\" \/>\n<meta property=\"article:published_time\" content=\"2021-05-19T14:59:59+00:00\" \/>\n<meta property=\"og:image\" content=\"https:\/\/images.pagina12.com.ar\/styles\/focal_3_2_960x640\/public\/2021-05\/163224-teuco.jpg?itok=Gaik7elO\" \/>\n<meta name=\"author\" content=\"Arnaldo Botto\" \/>\n<meta name=\"twitter:card\" content=\"summary_large_image\" \/>\n<script type=\"application\/ld+json\" class=\"yoast-schema-graph\">{\"@context\":\"https:\/\/schema.org\",\"@graph\":[{\"@type\":\"WebPage\",\"@id\":\"https:\/\/www.noticiasradioreflejos.com.ar\/2021\/redescubren-una-especie-que-se-creia-extinta-en-argentina\/\",\"url\":\"https:\/\/www.noticiasradioreflejos.com.ar\/2021\/redescubren-una-especie-que-se-creia-extinta-en-argentina\/\",\"name\":\"Redescubren una especie que se cre\u00eda extinta en Argentina - Noticias Radio Reflejos\",\"isPartOf\":{\"@id\":\"https:\/\/www.noticiasradioreflejos.com.ar\/2021\/#website\"},\"primaryImageOfPage\":{\"@id\":\"https:\/\/www.noticiasradioreflejos.com.ar\/2021\/redescubren-una-especie-que-se-creia-extinta-en-argentina\/#primaryimage\"},\"image\":{\"@id\":\"https:\/\/www.noticiasradioreflejos.com.ar\/2021\/redescubren-una-especie-que-se-creia-extinta-en-argentina\/#primaryimage\"},\"thumbnailUrl\":\"https:\/\/images.pagina12.com.ar\/styles\/focal_3_2_960x640\/public\/2021-05\/163224-teuco.jpg?itok=Gaik7elO\",\"datePublished\":\"2021-05-19T14:59:59+00:00\",\"author\":{\"@id\":\"https:\/\/www.noticiasradioreflejos.com.ar\/2021\/#\/schema\/person\/ad82545263dcc5ec0996818884fd5fb1\"},\"breadcrumb\":{\"@id\":\"https:\/\/www.noticiasradioreflejos.com.ar\/2021\/redescubren-una-especie-que-se-creia-extinta-en-argentina\/#breadcrumb\"},\"inLanguage\":\"es\",\"potentialAction\":[{\"@type\":\"ReadAction\",\"target\":[\"https:\/\/www.noticiasradioreflejos.com.ar\/2021\/redescubren-una-especie-que-se-creia-extinta-en-argentina\/\"]}]},{\"@type\":\"ImageObject\",\"inLanguage\":\"es\",\"@id\":\"https:\/\/www.noticiasradioreflejos.com.ar\/2021\/redescubren-una-especie-que-se-creia-extinta-en-argentina\/#primaryimage\",\"url\":\"https:\/\/images.pagina12.com.ar\/styles\/focal_3_2_960x640\/public\/2021-05\/163224-teuco.jpg?itok=Gaik7elO\",\"contentUrl\":\"https:\/\/images.pagina12.com.ar\/styles\/focal_3_2_960x640\/public\/2021-05\/163224-teuco.jpg?itok=Gaik7elO\"},{\"@type\":\"BreadcrumbList\",\"@id\":\"https:\/\/www.noticiasradioreflejos.com.ar\/2021\/redescubren-una-especie-que-se-creia-extinta-en-argentina\/#breadcrumb\",\"itemListElement\":[{\"@type\":\"ListItem\",\"position\":1,\"name\":\"Portada\",\"item\":\"https:\/\/www.noticiasradioreflejos.com.ar\/2021\/\"},{\"@type\":\"ListItem\",\"position\":2,\"name\":\"Redescubren una especie que se cre\u00eda extinta en Argentina\"}]},{\"@type\":\"WebSite\",\"@id\":\"https:\/\/www.noticiasradioreflejos.com.ar\/2021\/#website\",\"url\":\"https:\/\/www.noticiasradioreflejos.com.ar\/2021\/\",\"name\":\"Noticias Radio Reflejos\",\"description\":\"Las noticias de mi comarca\",\"potentialAction\":[{\"@type\":\"SearchAction\",\"target\":{\"@type\":\"EntryPoint\",\"urlTemplate\":\"https:\/\/www.noticiasradioreflejos.com.ar\/2021\/?s={search_term_string}\"},\"query-input\":{\"@type\":\"PropertyValueSpecification\",\"valueRequired\":true,\"valueName\":\"search_term_string\"}}],\"inLanguage\":\"es\"},{\"@type\":\"Person\",\"@id\":\"https:\/\/www.noticiasradioreflejos.com.ar\/2021\/#\/schema\/person\/ad82545263dcc5ec0996818884fd5fb1\",\"name\":\"Arnaldo Botto\",\"image\":{\"@type\":\"ImageObject\",\"inLanguage\":\"es\",\"@id\":\"https:\/\/www.noticiasradioreflejos.com.ar\/2021\/#\/schema\/person\/image\/\",\"url\":\"https:\/\/secure.gravatar.com\/avatar\/55cb5e37c1efa326397366e6974cb338056df65cb50e7d64d1cf314e87504837?s=96&d=mm&r=g\",\"contentUrl\":\"https:\/\/secure.gravatar.com\/avatar\/55cb5e37c1efa326397366e6974cb338056df65cb50e7d64d1cf314e87504837?s=96&d=mm&r=g\",\"caption\":\"Arnaldo Botto\"},\"url\":\"https:\/\/www.noticiasradioreflejos.com.ar\/2021\/author\/arnaldo\/\"}]}<\/script>\n<!-- \/ Yoast SEO plugin. -->","yoast_head_json":{"title":"Redescubren una especie que se cre\u00eda extinta en Argentina - Noticias Radio Reflejos","robots":{"index":"index","follow":"follow","max-snippet":"max-snippet:-1","max-image-preview":"max-image-preview:large","max-video-preview":"max-video-preview:-1"},"canonical":"https:\/\/www.noticiasradioreflejos.com.ar\/2021\/redescubren-una-especie-que-se-creia-extinta-en-argentina\/","og_locale":"es_ES","og_type":"article","og_title":"Redescubren una especie que se cre\u00eda extinta en Argentina - Noticias Radio Reflejos","og_description":"Los \u00faltimos registros confirmados de grupos familiares de nutria gigante en Argentina son de la d\u00e9cada de 1980.","og_url":"https:\/\/www.noticiasradioreflejos.com.ar\/2021\/redescubren-una-especie-que-se-creia-extinta-en-argentina\/","og_site_name":"Noticias Radio Reflejos","article_published_time":"2021-05-19T14:59:59+00:00","og_image":[{"url":"https:\/\/images.pagina12.com.ar\/styles\/focal_3_2_960x640\/public\/2021-05\/163224-teuco.jpg?itok=Gaik7elO","type":"","width":"","height":""}],"author":"Arnaldo Botto","twitter_card":"summary_large_image","schema":{"@context":"https:\/\/schema.org","@graph":[{"@type":"WebPage","@id":"https:\/\/www.noticiasradioreflejos.com.ar\/2021\/redescubren-una-especie-que-se-creia-extinta-en-argentina\/","url":"https:\/\/www.noticiasradioreflejos.com.ar\/2021\/redescubren-una-especie-que-se-creia-extinta-en-argentina\/","name":"Redescubren una especie que se cre\u00eda extinta en Argentina - Noticias Radio Reflejos","isPartOf":{"@id":"https:\/\/www.noticiasradioreflejos.com.ar\/2021\/#website"},"primaryImageOfPage":{"@id":"https:\/\/www.noticiasradioreflejos.com.ar\/2021\/redescubren-una-especie-que-se-creia-extinta-en-argentina\/#primaryimage"},"image":{"@id":"https:\/\/www.noticiasradioreflejos.com.ar\/2021\/redescubren-una-especie-que-se-creia-extinta-en-argentina\/#primaryimage"},"thumbnailUrl":"https:\/\/images.pagina12.com.ar\/styles\/focal_3_2_960x640\/public\/2021-05\/163224-teuco.jpg?itok=Gaik7elO","datePublished":"2021-05-19T14:59:59+00:00","author":{"@id":"https:\/\/www.noticiasradioreflejos.com.ar\/2021\/#\/schema\/person\/ad82545263dcc5ec0996818884fd5fb1"},"breadcrumb":{"@id":"https:\/\/www.noticiasradioreflejos.com.ar\/2021\/redescubren-una-especie-que-se-creia-extinta-en-argentina\/#breadcrumb"},"inLanguage":"es","potentialAction":[{"@type":"ReadAction","target":["https:\/\/www.noticiasradioreflejos.com.ar\/2021\/redescubren-una-especie-que-se-creia-extinta-en-argentina\/"]}]},{"@type":"ImageObject","inLanguage":"es","@id":"https:\/\/www.noticiasradioreflejos.com.ar\/2021\/redescubren-una-especie-que-se-creia-extinta-en-argentina\/#primaryimage","url":"https:\/\/images.pagina12.com.ar\/styles\/focal_3_2_960x640\/public\/2021-05\/163224-teuco.jpg?itok=Gaik7elO","contentUrl":"https:\/\/images.pagina12.com.ar\/styles\/focal_3_2_960x640\/public\/2021-05\/163224-teuco.jpg?itok=Gaik7elO"},{"@type":"BreadcrumbList","@id":"https:\/\/www.noticiasradioreflejos.com.ar\/2021\/redescubren-una-especie-que-se-creia-extinta-en-argentina\/#breadcrumb","itemListElement":[{"@type":"ListItem","position":1,"name":"Portada","item":"https:\/\/www.noticiasradioreflejos.com.ar\/2021\/"},{"@type":"ListItem","position":2,"name":"Redescubren una especie que se cre\u00eda extinta en Argentina"}]},{"@type":"WebSite","@id":"https:\/\/www.noticiasradioreflejos.com.ar\/2021\/#website","url":"https:\/\/www.noticiasradioreflejos.com.ar\/2021\/","name":"Noticias Radio Reflejos","description":"Las noticias de mi comarca","potentialAction":[{"@type":"SearchAction","target":{"@type":"EntryPoint","urlTemplate":"https:\/\/www.noticiasradioreflejos.com.ar\/2021\/?s={search_term_string}"},"query-input":{"@type":"PropertyValueSpecification","valueRequired":true,"valueName":"search_term_string"}}],"inLanguage":"es"},{"@type":"Person","@id":"https:\/\/www.noticiasradioreflejos.com.ar\/2021\/#\/schema\/person\/ad82545263dcc5ec0996818884fd5fb1","name":"Arnaldo Botto","image":{"@type":"ImageObject","inLanguage":"es","@id":"https:\/\/www.noticiasradioreflejos.com.ar\/2021\/#\/schema\/person\/image\/","url":"https:\/\/secure.gravatar.com\/avatar\/55cb5e37c1efa326397366e6974cb338056df65cb50e7d64d1cf314e87504837?s=96&d=mm&r=g","contentUrl":"https:\/\/secure.gravatar.com\/avatar\/55cb5e37c1efa326397366e6974cb338056df65cb50e7d64d1cf314e87504837?s=96&d=mm&r=g","caption":"Arnaldo Botto"},"url":"https:\/\/www.noticiasradioreflejos.com.ar\/2021\/author\/arnaldo\/"}]}},"_links":{"self":[{"href":"https:\/\/www.noticiasradioreflejos.com.ar\/2021\/wp-json\/wp\/v2\/posts\/57105","targetHints":{"allow":["GET"]}}],"collection":[{"href":"https:\/\/www.noticiasradioreflejos.com.ar\/2021\/wp-json\/wp\/v2\/posts"}],"about":[{"href":"https:\/\/www.noticiasradioreflejos.com.ar\/2021\/wp-json\/wp\/v2\/types\/post"}],"author":[{"embeddable":true,"href":"https:\/\/www.noticiasradioreflejos.com.ar\/2021\/wp-json\/wp\/v2\/users\/3"}],"replies":[{"embeddable":true,"href":"https:\/\/www.noticiasradioreflejos.com.ar\/2021\/wp-json\/wp\/v2\/comments?post=57105"}],"version-history":[{"count":1,"href":"https:\/\/www.noticiasradioreflejos.com.ar\/2021\/wp-json\/wp\/v2\/posts\/57105\/revisions"}],"predecessor-version":[{"id":57107,"href":"https:\/\/www.noticiasradioreflejos.com.ar\/2021\/wp-json\/wp\/v2\/posts\/57105\/revisions\/57107"}],"wp:attachment":[{"href":"https:\/\/www.noticiasradioreflejos.com.ar\/2021\/wp-json\/wp\/v2\/media?parent=57105"}],"wp:term":[{"taxonomy":"category","embeddable":true,"href":"https:\/\/www.noticiasradioreflejos.com.ar\/2021\/wp-json\/wp\/v2\/categories?post=57105"},{"taxonomy":"post_tag","embeddable":true,"href":"https:\/\/www.noticiasradioreflejos.com.ar\/2021\/wp-json\/wp\/v2\/tags?post=57105"}],"curies":[{"name":"wp","href":"https:\/\/api.w.org\/{rel}","templated":true}]}}