{"id":57093,"date":"2021-05-19T12:10:45","date_gmt":"2021-05-19T12:10:45","guid":{"rendered":"http:\/\/www.noticiasradioreflejos.com.ar\/2021\/?p=57093"},"modified":"2021-05-19T12:12:08","modified_gmt":"2021-05-19T12:12:08","slug":"coronel-suarez-el-ministerio-de-salud-de-la-provincia-confirmo-un-caso-fatal-de-rabia-humana","status":"publish","type":"post","link":"https:\/\/www.noticiasradioreflejos.com.ar\/2021\/coronel-suarez-el-ministerio-de-salud-de-la-provincia-confirmo-un-caso-fatal-de-rabia-humana\/","title":{"rendered":"Coronel Su\u00e1rez: El Ministerio de Salud de la provincia confirm\u00f3 un caso fatal de rabia humana"},"content":{"rendered":"<p style=\"font-weight: 400;\">Durante la jornada de hoy se reunir\u00e1n las mesas provincial y municipal de Zoonosis para evaluar la situaci\u00f3n sanitaria del distrito y los pasos a seguir.<!--more--><\/p>\n<p>Desde la sospecha del diagn\u00f3stico, las autoridades sanitarias se encuentran desarrollando acciones de prevenci\u00f3n e inicio de control de foco en la localidad con intensificaci\u00f3n de las acciones de control animal para prevenir la ocurrencia de nuevos casos humanos o animales.<\/p>\n<p>El Ministerio de Salud de la Provincia de Buenos Aires, en articulaci\u00f3n con las autoridades del Ministerio de Salud de la Naci\u00f3n informan que, luego del an\u00e1lisis post mortem de los tejidos de una persona fallecida con domicilio en Coronel Su\u00e1rez, se determin\u00f3 que la causa del deceso fue rabia humana.<\/p>\n<p>La mujer, de 33 a\u00f1os, hab\u00eda consultado al servicio de salud el pasado 18 de abril por debilidad en miembros superiores y alteraci\u00f3n de la sensibilidad. En los d\u00edas posteriores se agregaron s\u00edntomas de excitaci\u00f3n psicomotriz, cefalea, fotofobia, alteraci\u00f3n sensorial y midriasis que evolucion\u00f3 en un deterioro del nivel de la conciencia llegando al estado de coma.<\/p>\n<p>Durante el interrogatorio a sus familiares surgi\u00f3 un antecedente de mordedura por un felino no dom\u00e9stico (asilvestrado) a principios del mes de marzo que no habr\u00eda sido objeto de consulta por parte de la paciente en ese momento. Por lo tanto, el 6 de mayo se remitieron al Instituto Nacional de Microbiolog\u00eda Dr. Malbr\u00e1n muestras de l\u00edquido cefalorraqu\u00eddeo, saliva y biopsia de piel ante la sospecha de encefalomielitis r\u00e1bica, las cuales no detectaron virus o respuesta inmunol\u00f3gica asociada en ese momento.<\/p>\n<p>Cabe destacar que, para prevenir la ocurrencia de nuevos casos humanos o animales, desde el momento de la sospecha las autoridades sanitarias se encuentran realizando actividades de vigilancia epidemiol\u00f3gica, prevenci\u00f3n, control de foco y difusi\u00f3n sobre prevenci\u00f3n de la rabia en animales. Participan integrantes del \u00e1rea veterinaria municipal, SENASA, Distrito 12 del CVPBA, veterinarios del \u00e1mbito privado y ciudadanos de dicha localidad, con el apoyo de la Regi\u00f3n Sanitaria 1, Zoonosis Rurales y Zoonosis Urbanas del Ministerio de Salud provincial. Hasta la fecha se han vacunado 1417 animales y no se han identificado nuevos focos en animales silvestres analizados.<\/p>\n<p><em><strong>La enfermedad y sus s\u00edntomas<\/strong><\/em><\/p>\n<p>La rabia es una enfermedad zoon\u00f3tica causada por el virus de la rabia (RABV) -familia Rhabdoviridae g\u00e9nero Lyssavirus-, y se transmite al ser humano a trav\u00e9s de saliva de animales infectados, tanto dom\u00e9sticos (principalmente perros y gatos) como animales silvestres (murci\u00e9lagos, zorros, zorrillo). Generalmente, el virus entra a trav\u00e9s de la piel y membranas mucosas, por mordeduras o ara\u00f1azos.<\/p>\n<p>El periodo de incubaci\u00f3n de la enfermedad es variable, y en humanos va desde menos de dos semanas hasta m\u00e1s de un a\u00f1o, con un promedio de 2 a 4 meses. Este per\u00edodo est\u00e1 estrechamente ligado a localizaci\u00f3n, profundidad y gravedad de la mordedura, ara\u00f1azo, etc, del animal infectado, proximidad de troncos nerviosos, distancia al cerebro y cantidad de part\u00edculas virales inoculadas.<\/p>\n<p>El virus r\u00e1bico es neurotr\u00f3pico y su acci\u00f3n en el sistema nervioso central produce un cuadro cl\u00ednico de encefalomielitis aguda. Los s\u00edntomas incluyen manifestaciones de hiperexcitabilidad creciente, con fiebre, delirios y espasmos musculares involuntarios generalizados y \/o convulsiones que evolucionan a un cuadro de par\u00e1lisis con alteraciones cardiorrespiratorias, presentaci\u00f3n de coma y evoluci\u00f3n al \u00f3bito en un per\u00edodo de 5 a 7 d\u00edas.<\/p>\n<p>Cuando aparecen los s\u00edntomas, la enfermedad es fatal, por eso es muy importante la profilaxis post exposici\u00f3n, tanto con la vacuna como con la inmunoglobulina de acuerdo con la gravedad que el caso requiera.<\/p>\n<p><strong>Estrategias de prevenci\u00f3n<\/strong><\/p>\n<p>-La promoci\u00f3n de las campa\u00f1as de tenencia responsable de mascotas y de vacunaci\u00f3n antirr\u00e1bica en animales dom\u00e9sticos a partir del 3\u00ba mes de vida y revacunaci\u00f3n anual.<\/p>\n<p>-La observaci\u00f3n de animales involucrados en accidentes por mordedura o contacto infectante presuntamente a virus r\u00e1bico.<\/p>\n<p>-La vacunaci\u00f3n preexposici\u00f3n y control de inmunidad de poblaci\u00f3n expuesta al riesgo (veterinarios y otros).<\/p>\n<p>-La notificaci\u00f3n inmediata de accidente por mordedura o contacto infectante presuntamente a virus r\u00e1bico para el control del paciente con el tratamiento de la herida y la inmunizaci\u00f3n pasiva con inmunoglobulina antirr\u00e1bica y la vacunaci\u00f3n post exposici\u00f3n.<\/p>\n<p>La vacunaci\u00f3n antirr\u00e1bica de caninos y\/o felinos es una actividad sanitaria y debe sostenerse en el actual contexto de pandemia de COVID-19 (Resoluci\u00f3n 1890-MSALGP-2020)<\/p>\n<p>&nbsp;<\/p>\n<p>Por:\u00a0<b><strong>Ezequiel Villanueva para Suarez al D\u00eda<\/strong><\/b><\/p>\n","protected":false},"excerpt":{"rendered":"<p>Durante la jornada de hoy se reunir\u00e1n las mesas provincial y municipal de Zoonosis para evaluar la situaci\u00f3n sanitaria del distrito y los pasos a seguir.<\/p>\n","protected":false},"author":3,"featured_media":0,"comment_status":"closed","ping_status":"closed","sticky":false,"template":"","format":"standard","meta":{"footnotes":""},"categories":[24,30],"tags":[48],"class_list":["post-57093","post","type-post","status-publish","format-standard","hentry","category-politica","category-salud","tag-destacada"],"yoast_head":"<!-- This site is optimized with the Yoast SEO plugin v25.9 - https:\/\/yoast.com\/wordpress\/plugins\/seo\/ -->\n<title>Coronel Su\u00e1rez: El Ministerio de Salud de la provincia confirm\u00f3 un caso fatal de rabia humana - Noticias Radio Reflejos<\/title>\n<meta name=\"robots\" content=\"index, follow, max-snippet:-1, max-image-preview:large, max-video-preview:-1\" \/>\n<link rel=\"canonical\" href=\"https:\/\/www.noticiasradioreflejos.com.ar\/2021\/coronel-suarez-el-ministerio-de-salud-de-la-provincia-confirmo-un-caso-fatal-de-rabia-humana\/\" \/>\n<meta property=\"og:locale\" content=\"es_ES\" \/>\n<meta property=\"og:type\" content=\"article\" \/>\n<meta property=\"og:title\" content=\"Coronel Su\u00e1rez: El Ministerio de Salud de la provincia confirm\u00f3 un caso fatal de rabia humana - Noticias Radio Reflejos\" \/>\n<meta property=\"og:description\" content=\"Durante la jornada de hoy se reunir\u00e1n las mesas provincial y municipal de Zoonosis para evaluar la situaci\u00f3n sanitaria del distrito y los pasos a seguir.\" \/>\n<meta property=\"og:url\" content=\"https:\/\/www.noticiasradioreflejos.com.ar\/2021\/coronel-suarez-el-ministerio-de-salud-de-la-provincia-confirmo-un-caso-fatal-de-rabia-humana\/\" \/>\n<meta property=\"og:site_name\" content=\"Noticias Radio Reflejos\" \/>\n<meta property=\"article:published_time\" content=\"2021-05-19T12:10:45+00:00\" \/>\n<meta property=\"article:modified_time\" content=\"2021-05-19T12:12:08+00:00\" \/>\n<meta property=\"og:image\" content=\"https:\/\/www.noticiasradioreflejos.com.ar\/2021\/wp-content\/uploads\/2021\/07\/logosol300x200.png\" \/>\n\t<meta property=\"og:image:width\" content=\"300\" \/>\n\t<meta property=\"og:image:height\" content=\"200\" \/>\n\t<meta property=\"og:image:type\" content=\"image\/png\" \/>\n<meta name=\"author\" content=\"Arnaldo Botto\" \/>\n<meta name=\"twitter:card\" content=\"summary_large_image\" \/>\n<script type=\"application\/ld+json\" class=\"yoast-schema-graph\">{\"@context\":\"https:\/\/schema.org\",\"@graph\":[{\"@type\":\"WebPage\",\"@id\":\"https:\/\/www.noticiasradioreflejos.com.ar\/2021\/coronel-suarez-el-ministerio-de-salud-de-la-provincia-confirmo-un-caso-fatal-de-rabia-humana\/\",\"url\":\"https:\/\/www.noticiasradioreflejos.com.ar\/2021\/coronel-suarez-el-ministerio-de-salud-de-la-provincia-confirmo-un-caso-fatal-de-rabia-humana\/\",\"name\":\"Coronel Su\u00e1rez: El Ministerio de Salud de la provincia confirm\u00f3 un caso fatal de rabia humana - Noticias Radio Reflejos\",\"isPartOf\":{\"@id\":\"https:\/\/www.noticiasradioreflejos.com.ar\/2021\/#website\"},\"datePublished\":\"2021-05-19T12:10:45+00:00\",\"dateModified\":\"2021-05-19T12:12:08+00:00\",\"author\":{\"@id\":\"https:\/\/www.noticiasradioreflejos.com.ar\/2021\/#\/schema\/person\/ad82545263dcc5ec0996818884fd5fb1\"},\"breadcrumb\":{\"@id\":\"https:\/\/www.noticiasradioreflejos.com.ar\/2021\/coronel-suarez-el-ministerio-de-salud-de-la-provincia-confirmo-un-caso-fatal-de-rabia-humana\/#breadcrumb\"},\"inLanguage\":\"es\",\"potentialAction\":[{\"@type\":\"ReadAction\",\"target\":[\"https:\/\/www.noticiasradioreflejos.com.ar\/2021\/coronel-suarez-el-ministerio-de-salud-de-la-provincia-confirmo-un-caso-fatal-de-rabia-humana\/\"]}]},{\"@type\":\"BreadcrumbList\",\"@id\":\"https:\/\/www.noticiasradioreflejos.com.ar\/2021\/coronel-suarez-el-ministerio-de-salud-de-la-provincia-confirmo-un-caso-fatal-de-rabia-humana\/#breadcrumb\",\"itemListElement\":[{\"@type\":\"ListItem\",\"position\":1,\"name\":\"Portada\",\"item\":\"https:\/\/www.noticiasradioreflejos.com.ar\/2021\/\"},{\"@type\":\"ListItem\",\"position\":2,\"name\":\"Coronel Su\u00e1rez: El Ministerio de Salud de la provincia confirm\u00f3 un caso fatal de rabia humana\"}]},{\"@type\":\"WebSite\",\"@id\":\"https:\/\/www.noticiasradioreflejos.com.ar\/2021\/#website\",\"url\":\"https:\/\/www.noticiasradioreflejos.com.ar\/2021\/\",\"name\":\"Noticias Radio Reflejos\",\"description\":\"Las noticias de mi comarca\",\"potentialAction\":[{\"@type\":\"SearchAction\",\"target\":{\"@type\":\"EntryPoint\",\"urlTemplate\":\"https:\/\/www.noticiasradioreflejos.com.ar\/2021\/?s={search_term_string}\"},\"query-input\":{\"@type\":\"PropertyValueSpecification\",\"valueRequired\":true,\"valueName\":\"search_term_string\"}}],\"inLanguage\":\"es\"},{\"@type\":\"Person\",\"@id\":\"https:\/\/www.noticiasradioreflejos.com.ar\/2021\/#\/schema\/person\/ad82545263dcc5ec0996818884fd5fb1\",\"name\":\"Arnaldo Botto\",\"image\":{\"@type\":\"ImageObject\",\"inLanguage\":\"es\",\"@id\":\"https:\/\/www.noticiasradioreflejos.com.ar\/2021\/#\/schema\/person\/image\/\",\"url\":\"https:\/\/secure.gravatar.com\/avatar\/55cb5e37c1efa326397366e6974cb338056df65cb50e7d64d1cf314e87504837?s=96&d=mm&r=g\",\"contentUrl\":\"https:\/\/secure.gravatar.com\/avatar\/55cb5e37c1efa326397366e6974cb338056df65cb50e7d64d1cf314e87504837?s=96&d=mm&r=g\",\"caption\":\"Arnaldo Botto\"},\"url\":\"https:\/\/www.noticiasradioreflejos.com.ar\/2021\/author\/arnaldo\/\"}]}<\/script>\n<!-- \/ Yoast SEO plugin. -->","yoast_head_json":{"title":"Coronel Su\u00e1rez: El Ministerio de Salud de la provincia confirm\u00f3 un caso fatal de rabia humana - Noticias Radio Reflejos","robots":{"index":"index","follow":"follow","max-snippet":"max-snippet:-1","max-image-preview":"max-image-preview:large","max-video-preview":"max-video-preview:-1"},"canonical":"https:\/\/www.noticiasradioreflejos.com.ar\/2021\/coronel-suarez-el-ministerio-de-salud-de-la-provincia-confirmo-un-caso-fatal-de-rabia-humana\/","og_locale":"es_ES","og_type":"article","og_title":"Coronel Su\u00e1rez: El Ministerio de Salud de la provincia confirm\u00f3 un caso fatal de rabia humana - Noticias Radio Reflejos","og_description":"Durante la jornada de hoy se reunir\u00e1n las mesas provincial y municipal de Zoonosis para evaluar la situaci\u00f3n sanitaria del distrito y los pasos a seguir.","og_url":"https:\/\/www.noticiasradioreflejos.com.ar\/2021\/coronel-suarez-el-ministerio-de-salud-de-la-provincia-confirmo-un-caso-fatal-de-rabia-humana\/","og_site_name":"Noticias Radio Reflejos","article_published_time":"2021-05-19T12:10:45+00:00","article_modified_time":"2021-05-19T12:12:08+00:00","og_image":[{"width":300,"height":200,"url":"https:\/\/www.noticiasradioreflejos.com.ar\/2021\/wp-content\/uploads\/2021\/07\/logosol300x200.png","type":"image\/png"}],"author":"Arnaldo Botto","twitter_card":"summary_large_image","schema":{"@context":"https:\/\/schema.org","@graph":[{"@type":"WebPage","@id":"https:\/\/www.noticiasradioreflejos.com.ar\/2021\/coronel-suarez-el-ministerio-de-salud-de-la-provincia-confirmo-un-caso-fatal-de-rabia-humana\/","url":"https:\/\/www.noticiasradioreflejos.com.ar\/2021\/coronel-suarez-el-ministerio-de-salud-de-la-provincia-confirmo-un-caso-fatal-de-rabia-humana\/","name":"Coronel Su\u00e1rez: El Ministerio de Salud de la provincia confirm\u00f3 un caso fatal de rabia humana - Noticias Radio Reflejos","isPartOf":{"@id":"https:\/\/www.noticiasradioreflejos.com.ar\/2021\/#website"},"datePublished":"2021-05-19T12:10:45+00:00","dateModified":"2021-05-19T12:12:08+00:00","author":{"@id":"https:\/\/www.noticiasradioreflejos.com.ar\/2021\/#\/schema\/person\/ad82545263dcc5ec0996818884fd5fb1"},"breadcrumb":{"@id":"https:\/\/www.noticiasradioreflejos.com.ar\/2021\/coronel-suarez-el-ministerio-de-salud-de-la-provincia-confirmo-un-caso-fatal-de-rabia-humana\/#breadcrumb"},"inLanguage":"es","potentialAction":[{"@type":"ReadAction","target":["https:\/\/www.noticiasradioreflejos.com.ar\/2021\/coronel-suarez-el-ministerio-de-salud-de-la-provincia-confirmo-un-caso-fatal-de-rabia-humana\/"]}]},{"@type":"BreadcrumbList","@id":"https:\/\/www.noticiasradioreflejos.com.ar\/2021\/coronel-suarez-el-ministerio-de-salud-de-la-provincia-confirmo-un-caso-fatal-de-rabia-humana\/#breadcrumb","itemListElement":[{"@type":"ListItem","position":1,"name":"Portada","item":"https:\/\/www.noticiasradioreflejos.com.ar\/2021\/"},{"@type":"ListItem","position":2,"name":"Coronel Su\u00e1rez: El Ministerio de Salud de la provincia confirm\u00f3 un caso fatal de rabia humana"}]},{"@type":"WebSite","@id":"https:\/\/www.noticiasradioreflejos.com.ar\/2021\/#website","url":"https:\/\/www.noticiasradioreflejos.com.ar\/2021\/","name":"Noticias Radio Reflejos","description":"Las noticias de mi comarca","potentialAction":[{"@type":"SearchAction","target":{"@type":"EntryPoint","urlTemplate":"https:\/\/www.noticiasradioreflejos.com.ar\/2021\/?s={search_term_string}"},"query-input":{"@type":"PropertyValueSpecification","valueRequired":true,"valueName":"search_term_string"}}],"inLanguage":"es"},{"@type":"Person","@id":"https:\/\/www.noticiasradioreflejos.com.ar\/2021\/#\/schema\/person\/ad82545263dcc5ec0996818884fd5fb1","name":"Arnaldo Botto","image":{"@type":"ImageObject","inLanguage":"es","@id":"https:\/\/www.noticiasradioreflejos.com.ar\/2021\/#\/schema\/person\/image\/","url":"https:\/\/secure.gravatar.com\/avatar\/55cb5e37c1efa326397366e6974cb338056df65cb50e7d64d1cf314e87504837?s=96&d=mm&r=g","contentUrl":"https:\/\/secure.gravatar.com\/avatar\/55cb5e37c1efa326397366e6974cb338056df65cb50e7d64d1cf314e87504837?s=96&d=mm&r=g","caption":"Arnaldo Botto"},"url":"https:\/\/www.noticiasradioreflejos.com.ar\/2021\/author\/arnaldo\/"}]}},"_links":{"self":[{"href":"https:\/\/www.noticiasradioreflejos.com.ar\/2021\/wp-json\/wp\/v2\/posts\/57093","targetHints":{"allow":["GET"]}}],"collection":[{"href":"https:\/\/www.noticiasradioreflejos.com.ar\/2021\/wp-json\/wp\/v2\/posts"}],"about":[{"href":"https:\/\/www.noticiasradioreflejos.com.ar\/2021\/wp-json\/wp\/v2\/types\/post"}],"author":[{"embeddable":true,"href":"https:\/\/www.noticiasradioreflejos.com.ar\/2021\/wp-json\/wp\/v2\/users\/3"}],"replies":[{"embeddable":true,"href":"https:\/\/www.noticiasradioreflejos.com.ar\/2021\/wp-json\/wp\/v2\/comments?post=57093"}],"version-history":[{"count":1,"href":"https:\/\/www.noticiasradioreflejos.com.ar\/2021\/wp-json\/wp\/v2\/posts\/57093\/revisions"}],"predecessor-version":[{"id":57095,"href":"https:\/\/www.noticiasradioreflejos.com.ar\/2021\/wp-json\/wp\/v2\/posts\/57093\/revisions\/57095"}],"wp:attachment":[{"href":"https:\/\/www.noticiasradioreflejos.com.ar\/2021\/wp-json\/wp\/v2\/media?parent=57093"}],"wp:term":[{"taxonomy":"category","embeddable":true,"href":"https:\/\/www.noticiasradioreflejos.com.ar\/2021\/wp-json\/wp\/v2\/categories?post=57093"},{"taxonomy":"post_tag","embeddable":true,"href":"https:\/\/www.noticiasradioreflejos.com.ar\/2021\/wp-json\/wp\/v2\/tags?post=57093"}],"curies":[{"name":"wp","href":"https:\/\/api.w.org\/{rel}","templated":true}]}}