{"id":57082,"date":"2021-05-18T21:57:56","date_gmt":"2021-05-18T21:57:56","guid":{"rendered":"http:\/\/www.noticiasradioreflejos.com.ar\/2021\/?p=57082"},"modified":"2021-05-18T22:00:07","modified_gmt":"2021-05-18T22:00:07","slug":"avanzan-las-gestiones-en-materia-de-politicas-de-genero-y-diversidad","status":"publish","type":"post","link":"https:\/\/www.noticiasradioreflejos.com.ar\/2021\/avanzan-las-gestiones-en-materia-de-politicas-de-genero-y-diversidad\/","title":{"rendered":"Avanzan las gestiones en materia de pol\u00edticas de g\u00e9nero y diversidad"},"content":{"rendered":"<p>En horas del medio d\u00eda, el Secretario de Desarrollo Gonzalo Iparraguirre, junto al Director de Juventud, G\u00e9nero y Diversidad Sexual Bruno Zacconi, se reunieron con la Coordinadora Territorial de la Regi\u00f3n Sexta del Ministerio de las Mujeres, Pol\u00edticas de G\u00e9nero y Diversidad Sexual de la Provincia de Buenos Aires, Silvia Zaballa, con el objetivo de conversar sobre las pol\u00edticas p\u00fablicas que implementa el municipio sobre dichas tem\u00e1ticas.<!--more--><\/p>\n<p>Durante el encuentro, pudieron avanzar sobre los lineamientos que se trabajan de manera articulada con el Ministerio, y los proyectos que se realizar\u00e1n a mediano y largo plazo. Asimismo se analizaron las necesidades actuales que atraviesa el distrito en materia de g\u00e9nero y diversidades.<\/p>\n<p>\u00abLa articulaci\u00f3n entre la provincia y el municipio es fundamental para abordar las problem\u00e1ticas de los g\u00e9neros y las diversidades, fundamentalmente en lo que tiene que ver con la violencia por razones de g\u00e9nero. Tenemos que seguir trabajando y profundizar otras tem\u00e1ticas que todav\u00eda no han sido abordadas por la Direcci\u00f3n, pero creemos que el camino es correctos\u00bb, expres\u00f3 el Director de Juventud, G\u00e9nero y Diversidad Sexual.<\/p>\n<p>Por su parte, Zaballa manifest\u00f3 la necesidad de abordar algunas tem\u00e1ticas en materia de derechos de las mujeres vinculadas a la salud.<\/p>\n<p>En las pr\u00f3ximas semanas, Tornquist Municipio firmar\u00e1 una serie de convenios para la obtenci\u00f3n de un Fondo de Emergencia para el Abordaje de V\u00edctimas de Violencia por Razones de G\u00e9nero y el Programa Comunidades Sin Violencia, para el financiamiento de dos sedes de la Oficina de Violencias por Razones de G\u00e9nero que llevar\u00e1 adelante la cartera a cargo de Zacconi.<\/p>\n<p>Como parte integral de las pol\u00edticas en materia de violencia de genero, el Municipio avanza en la compra de botones antip\u00e1nico, con el objetivo de ponerlos en circulaci\u00f3n en lo inmediato.<\/p>\n","protected":false},"excerpt":{"rendered":"<p>En horas del medio d\u00eda, el Secretario de Desarrollo Gonzalo Iparraguirre, junto al Director de Juventud, G\u00e9nero y Diversidad Sexual Bruno Zacconi, se reunieron con la Coordinadora Territorial de la Regi\u00f3n Sexta del Ministerio de las Mujeres, Pol\u00edticas de G\u00e9nero y Diversidad Sexual de la Provincia de Buenos Aires, Silvia Zaballa, con el objetivo de [&hellip;]<\/p>\n","protected":false},"author":3,"featured_media":0,"comment_status":"closed","ping_status":"closed","sticky":false,"template":"","format":"standard","meta":{"footnotes":""},"categories":[28,24],"tags":[],"class_list":["post-57082","post","type-post","status-publish","format-standard","hentry","category-municipales","category-politica"],"yoast_head":"<!-- This site is optimized with the Yoast SEO plugin v25.9 - https:\/\/yoast.com\/wordpress\/plugins\/seo\/ -->\n<title>Avanzan las gestiones en materia de pol\u00edticas de g\u00e9nero y diversidad - Noticias Radio Reflejos<\/title>\n<meta name=\"robots\" content=\"index, follow, max-snippet:-1, max-image-preview:large, max-video-preview:-1\" \/>\n<link rel=\"canonical\" href=\"https:\/\/www.noticiasradioreflejos.com.ar\/2021\/avanzan-las-gestiones-en-materia-de-politicas-de-genero-y-diversidad\/\" \/>\n<meta property=\"og:locale\" content=\"es_ES\" \/>\n<meta property=\"og:type\" content=\"article\" \/>\n<meta property=\"og:title\" content=\"Avanzan las gestiones en materia de pol\u00edticas de g\u00e9nero y diversidad - Noticias Radio Reflejos\" \/>\n<meta property=\"og:description\" content=\"En horas del medio d\u00eda, el Secretario de Desarrollo Gonzalo Iparraguirre, junto al Director de Juventud, G\u00e9nero y Diversidad Sexual Bruno Zacconi, se reunieron con la Coordinadora Territorial de la Regi\u00f3n Sexta del Ministerio de las Mujeres, Pol\u00edticas de G\u00e9nero y Diversidad Sexual de la Provincia de Buenos Aires, Silvia Zaballa, con el objetivo de [&hellip;]\" \/>\n<meta property=\"og:url\" content=\"https:\/\/www.noticiasradioreflejos.com.ar\/2021\/avanzan-las-gestiones-en-materia-de-politicas-de-genero-y-diversidad\/\" \/>\n<meta property=\"og:site_name\" content=\"Noticias Radio Reflejos\" \/>\n<meta property=\"article:published_time\" content=\"2021-05-18T21:57:56+00:00\" \/>\n<meta property=\"article:modified_time\" content=\"2021-05-18T22:00:07+00:00\" \/>\n<meta property=\"og:image\" content=\"https:\/\/www.noticiasradioreflejos.com.ar\/2021\/wp-content\/uploads\/2021\/07\/logosol300x200.png\" \/>\n\t<meta property=\"og:image:width\" content=\"300\" \/>\n\t<meta property=\"og:image:height\" content=\"200\" \/>\n\t<meta property=\"og:image:type\" content=\"image\/png\" \/>\n<meta name=\"author\" content=\"Arnaldo Botto\" \/>\n<meta name=\"twitter:card\" content=\"summary_large_image\" \/>\n<script type=\"application\/ld+json\" class=\"yoast-schema-graph\">{\"@context\":\"https:\/\/schema.org\",\"@graph\":[{\"@type\":\"WebPage\",\"@id\":\"https:\/\/www.noticiasradioreflejos.com.ar\/2021\/avanzan-las-gestiones-en-materia-de-politicas-de-genero-y-diversidad\/\",\"url\":\"https:\/\/www.noticiasradioreflejos.com.ar\/2021\/avanzan-las-gestiones-en-materia-de-politicas-de-genero-y-diversidad\/\",\"name\":\"Avanzan las gestiones en materia de pol\u00edticas de g\u00e9nero y diversidad - Noticias Radio Reflejos\",\"isPartOf\":{\"@id\":\"https:\/\/www.noticiasradioreflejos.com.ar\/2021\/#website\"},\"datePublished\":\"2021-05-18T21:57:56+00:00\",\"dateModified\":\"2021-05-18T22:00:07+00:00\",\"author\":{\"@id\":\"https:\/\/www.noticiasradioreflejos.com.ar\/2021\/#\/schema\/person\/ad82545263dcc5ec0996818884fd5fb1\"},\"breadcrumb\":{\"@id\":\"https:\/\/www.noticiasradioreflejos.com.ar\/2021\/avanzan-las-gestiones-en-materia-de-politicas-de-genero-y-diversidad\/#breadcrumb\"},\"inLanguage\":\"es\",\"potentialAction\":[{\"@type\":\"ReadAction\",\"target\":[\"https:\/\/www.noticiasradioreflejos.com.ar\/2021\/avanzan-las-gestiones-en-materia-de-politicas-de-genero-y-diversidad\/\"]}]},{\"@type\":\"BreadcrumbList\",\"@id\":\"https:\/\/www.noticiasradioreflejos.com.ar\/2021\/avanzan-las-gestiones-en-materia-de-politicas-de-genero-y-diversidad\/#breadcrumb\",\"itemListElement\":[{\"@type\":\"ListItem\",\"position\":1,\"name\":\"Portada\",\"item\":\"https:\/\/www.noticiasradioreflejos.com.ar\/2021\/\"},{\"@type\":\"ListItem\",\"position\":2,\"name\":\"Avanzan las gestiones en materia de pol\u00edticas de g\u00e9nero y diversidad\"}]},{\"@type\":\"WebSite\",\"@id\":\"https:\/\/www.noticiasradioreflejos.com.ar\/2021\/#website\",\"url\":\"https:\/\/www.noticiasradioreflejos.com.ar\/2021\/\",\"name\":\"Noticias Radio Reflejos\",\"description\":\"Las noticias de mi comarca\",\"potentialAction\":[{\"@type\":\"SearchAction\",\"target\":{\"@type\":\"EntryPoint\",\"urlTemplate\":\"https:\/\/www.noticiasradioreflejos.com.ar\/2021\/?s={search_term_string}\"},\"query-input\":{\"@type\":\"PropertyValueSpecification\",\"valueRequired\":true,\"valueName\":\"search_term_string\"}}],\"inLanguage\":\"es\"},{\"@type\":\"Person\",\"@id\":\"https:\/\/www.noticiasradioreflejos.com.ar\/2021\/#\/schema\/person\/ad82545263dcc5ec0996818884fd5fb1\",\"name\":\"Arnaldo Botto\",\"image\":{\"@type\":\"ImageObject\",\"inLanguage\":\"es\",\"@id\":\"https:\/\/www.noticiasradioreflejos.com.ar\/2021\/#\/schema\/person\/image\/\",\"url\":\"https:\/\/secure.gravatar.com\/avatar\/55cb5e37c1efa326397366e6974cb338056df65cb50e7d64d1cf314e87504837?s=96&d=mm&r=g\",\"contentUrl\":\"https:\/\/secure.gravatar.com\/avatar\/55cb5e37c1efa326397366e6974cb338056df65cb50e7d64d1cf314e87504837?s=96&d=mm&r=g\",\"caption\":\"Arnaldo Botto\"},\"url\":\"https:\/\/www.noticiasradioreflejos.com.ar\/2021\/author\/arnaldo\/\"}]}<\/script>\n<!-- \/ Yoast SEO plugin. -->","yoast_head_json":{"title":"Avanzan las gestiones en materia de pol\u00edticas de g\u00e9nero y diversidad - Noticias Radio Reflejos","robots":{"index":"index","follow":"follow","max-snippet":"max-snippet:-1","max-image-preview":"max-image-preview:large","max-video-preview":"max-video-preview:-1"},"canonical":"https:\/\/www.noticiasradioreflejos.com.ar\/2021\/avanzan-las-gestiones-en-materia-de-politicas-de-genero-y-diversidad\/","og_locale":"es_ES","og_type":"article","og_title":"Avanzan las gestiones en materia de pol\u00edticas de g\u00e9nero y diversidad - Noticias Radio Reflejos","og_description":"En horas del medio d\u00eda, el Secretario de Desarrollo Gonzalo Iparraguirre, junto al Director de Juventud, G\u00e9nero y Diversidad Sexual Bruno Zacconi, se reunieron con la Coordinadora Territorial de la Regi\u00f3n Sexta del Ministerio de las Mujeres, Pol\u00edticas de G\u00e9nero y Diversidad Sexual de la Provincia de Buenos Aires, Silvia Zaballa, con el objetivo de [&hellip;]","og_url":"https:\/\/www.noticiasradioreflejos.com.ar\/2021\/avanzan-las-gestiones-en-materia-de-politicas-de-genero-y-diversidad\/","og_site_name":"Noticias Radio Reflejos","article_published_time":"2021-05-18T21:57:56+00:00","article_modified_time":"2021-05-18T22:00:07+00:00","og_image":[{"width":300,"height":200,"url":"https:\/\/www.noticiasradioreflejos.com.ar\/2021\/wp-content\/uploads\/2021\/07\/logosol300x200.png","type":"image\/png"}],"author":"Arnaldo Botto","twitter_card":"summary_large_image","schema":{"@context":"https:\/\/schema.org","@graph":[{"@type":"WebPage","@id":"https:\/\/www.noticiasradioreflejos.com.ar\/2021\/avanzan-las-gestiones-en-materia-de-politicas-de-genero-y-diversidad\/","url":"https:\/\/www.noticiasradioreflejos.com.ar\/2021\/avanzan-las-gestiones-en-materia-de-politicas-de-genero-y-diversidad\/","name":"Avanzan las gestiones en materia de pol\u00edticas de g\u00e9nero y diversidad - Noticias Radio Reflejos","isPartOf":{"@id":"https:\/\/www.noticiasradioreflejos.com.ar\/2021\/#website"},"datePublished":"2021-05-18T21:57:56+00:00","dateModified":"2021-05-18T22:00:07+00:00","author":{"@id":"https:\/\/www.noticiasradioreflejos.com.ar\/2021\/#\/schema\/person\/ad82545263dcc5ec0996818884fd5fb1"},"breadcrumb":{"@id":"https:\/\/www.noticiasradioreflejos.com.ar\/2021\/avanzan-las-gestiones-en-materia-de-politicas-de-genero-y-diversidad\/#breadcrumb"},"inLanguage":"es","potentialAction":[{"@type":"ReadAction","target":["https:\/\/www.noticiasradioreflejos.com.ar\/2021\/avanzan-las-gestiones-en-materia-de-politicas-de-genero-y-diversidad\/"]}]},{"@type":"BreadcrumbList","@id":"https:\/\/www.noticiasradioreflejos.com.ar\/2021\/avanzan-las-gestiones-en-materia-de-politicas-de-genero-y-diversidad\/#breadcrumb","itemListElement":[{"@type":"ListItem","position":1,"name":"Portada","item":"https:\/\/www.noticiasradioreflejos.com.ar\/2021\/"},{"@type":"ListItem","position":2,"name":"Avanzan las gestiones en materia de pol\u00edticas de g\u00e9nero y diversidad"}]},{"@type":"WebSite","@id":"https:\/\/www.noticiasradioreflejos.com.ar\/2021\/#website","url":"https:\/\/www.noticiasradioreflejos.com.ar\/2021\/","name":"Noticias Radio Reflejos","description":"Las noticias de mi comarca","potentialAction":[{"@type":"SearchAction","target":{"@type":"EntryPoint","urlTemplate":"https:\/\/www.noticiasradioreflejos.com.ar\/2021\/?s={search_term_string}"},"query-input":{"@type":"PropertyValueSpecification","valueRequired":true,"valueName":"search_term_string"}}],"inLanguage":"es"},{"@type":"Person","@id":"https:\/\/www.noticiasradioreflejos.com.ar\/2021\/#\/schema\/person\/ad82545263dcc5ec0996818884fd5fb1","name":"Arnaldo Botto","image":{"@type":"ImageObject","inLanguage":"es","@id":"https:\/\/www.noticiasradioreflejos.com.ar\/2021\/#\/schema\/person\/image\/","url":"https:\/\/secure.gravatar.com\/avatar\/55cb5e37c1efa326397366e6974cb338056df65cb50e7d64d1cf314e87504837?s=96&d=mm&r=g","contentUrl":"https:\/\/secure.gravatar.com\/avatar\/55cb5e37c1efa326397366e6974cb338056df65cb50e7d64d1cf314e87504837?s=96&d=mm&r=g","caption":"Arnaldo Botto"},"url":"https:\/\/www.noticiasradioreflejos.com.ar\/2021\/author\/arnaldo\/"}]}},"_links":{"self":[{"href":"https:\/\/www.noticiasradioreflejos.com.ar\/2021\/wp-json\/wp\/v2\/posts\/57082","targetHints":{"allow":["GET"]}}],"collection":[{"href":"https:\/\/www.noticiasradioreflejos.com.ar\/2021\/wp-json\/wp\/v2\/posts"}],"about":[{"href":"https:\/\/www.noticiasradioreflejos.com.ar\/2021\/wp-json\/wp\/v2\/types\/post"}],"author":[{"embeddable":true,"href":"https:\/\/www.noticiasradioreflejos.com.ar\/2021\/wp-json\/wp\/v2\/users\/3"}],"replies":[{"embeddable":true,"href":"https:\/\/www.noticiasradioreflejos.com.ar\/2021\/wp-json\/wp\/v2\/comments?post=57082"}],"version-history":[{"count":1,"href":"https:\/\/www.noticiasradioreflejos.com.ar\/2021\/wp-json\/wp\/v2\/posts\/57082\/revisions"}],"predecessor-version":[{"id":57084,"href":"https:\/\/www.noticiasradioreflejos.com.ar\/2021\/wp-json\/wp\/v2\/posts\/57082\/revisions\/57084"}],"wp:attachment":[{"href":"https:\/\/www.noticiasradioreflejos.com.ar\/2021\/wp-json\/wp\/v2\/media?parent=57082"}],"wp:term":[{"taxonomy":"category","embeddable":true,"href":"https:\/\/www.noticiasradioreflejos.com.ar\/2021\/wp-json\/wp\/v2\/categories?post=57082"},{"taxonomy":"post_tag","embeddable":true,"href":"https:\/\/www.noticiasradioreflejos.com.ar\/2021\/wp-json\/wp\/v2\/tags?post=57082"}],"curies":[{"name":"wp","href":"https:\/\/api.w.org\/{rel}","templated":true}]}}