{"id":57077,"date":"2021-05-18T20:22:36","date_gmt":"2021-05-18T20:22:36","guid":{"rendered":"http:\/\/www.noticiasradioreflejos.com.ar\/2021\/?p=57077"},"modified":"2021-05-18T20:22:36","modified_gmt":"2021-05-18T20:22:36","slug":"coronavirus-en-argentina-confirmaron-745-nuevas-muertes-y-35-543-contagios-en-las-ultimas-24-horas-record-para-una-jornada","status":"publish","type":"post","link":"https:\/\/www.noticiasradioreflejos.com.ar\/2021\/coronavirus-en-argentina-confirmaron-745-nuevas-muertes-y-35-543-contagios-en-las-ultimas-24-horas-record-para-una-jornada\/","title":{"rendered":"Coronavirus en Argentina: confirmaron 745 nuevas muertes y 35.543 contagios en las \u00faltimas 24 horas, r\u00e9cord para una jornada"},"content":{"rendered":"<header>\n<div class=\"article-header \">\n<p class=\"article-subheadline\">El Ministerio de Salud de la Naci\u00f3n inform\u00f3 que se realizaron 111.757 testeos, con un 31,8% de positividad. Con estas cifras, el total de infectados asciende a 3.371.508 y las v\u00edctimas fatales son 71.771<\/p>\n<\/div>\n<\/header>\n<p><!--more--><\/p>\n<article class=\"article | col widescreen-8 desktop-8 tablet-12 width_full\">\n<div class=\"nd-body-article\">\n<div class=\"margin_1 align_items_center width_full\">\n<div class=\"flourish-embed flourish-chart\" data-src=\"visualisation\/1605488\"><iframe title=\"Interactive or visual content\" src=\"https:\/\/flo.uri.sh\/visualisation\/1605488\/embed?auto=1\" frameborder=\"0\" scrolling=\"no\" sandbox=\"allow-same-origin allow-forms allow-scripts allow-downloads allow-popups allow-popups-to-escape-sandbox allow-top-navigation-by-user-activation\" data-mce-fragment=\"1\"><\/iframe><\/p>\n<div class=\"flourish-credit\"><a href=\"https:\/\/public.flourish.studio\/visualisation\/1605488\/?utm_source=showcase&amp;utm_campaign=visualisation\/1605488\" target=\"_top\" rel=\"noopener\"><img decoding=\"async\" src=\"https:\/\/public.flourish.studio\/resources\/bosh.svg\" alt=\"Flourish logo\" \/>A Flourish chart<\/a><\/div>\n<\/div>\n<\/div>\n<p class=\"paragraph\">El Ministerio de Salud de la Naci\u00f3n inform\u00f3 este martes que, en las \u00faltimas 24 horas,\u00a0<mark class=\"hl_yellow\"><b>se registraron 745 muertes y 35.543 nuevos contagios de coronavirus, r\u00e9cord para una jornada. Con estas cifras, el total de infectados asciende a 3.371.508 y las v\u00edctimas fatales son 71.771.<\/b><\/mark><\/p>\n<p class=\"paragraph\">Por otra parte,\u00a0<mark class=\"hl_yellow\"><b>en las \u00faltimas 24 horas fueron realizados 111.757 testeos, con un 31,8% de positividad.<\/b><\/mark>\u00a0Desde el inicio del brote, se llevaron a cabo 12.490.822 pruebas diagn\u00f3sticas para esta enfermedad. A la fecha, se registran 307.412 casos positivos activos en todo el pa\u00eds y 2.973.267 recuperados.<\/p>\n<div class=\"margin_1 align_items_center width_full\">\n<div class=\"flourish-embed flourish-chart\" data-src=\"visualisation\/1739991\"><iframe title=\"Interactive or visual content\" src=\"https:\/\/flo.uri.sh\/visualisation\/1739991\/embed?auto=1\" frameborder=\"0\" scrolling=\"no\" sandbox=\"allow-same-origin allow-forms allow-scripts allow-downloads allow-popups allow-popups-to-escape-sandbox allow-top-navigation-by-user-activation\" data-mce-fragment=\"1\"><\/iframe><\/p>\n<div class=\"flourish-credit\"><a href=\"https:\/\/public.flourish.studio\/visualisation\/1739991\/?utm_source=showcase&amp;utm_campaign=visualisation\/1739991\" target=\"_top\" rel=\"noopener\"><img decoding=\"async\" src=\"https:\/\/public.flourish.studio\/resources\/bosh.svg\" alt=\"Flourish logo\" \/>A Flourish chart<\/a><\/div>\n<\/div>\n<\/div>\n<div class=\"inline ad-wrapper\">\n<div class=\"dfpAd \n            display_inline_block ad_margin_wrapper text--center\"><\/p>\n<div id=\"infobae\/sociedad\/nota\/inline\" class=\"infobae\/sociedad\/nota\/inline arcad\" data-google-query-id=\"CMLo1uyG1PACFR4FuQYd3ycIZA\">\n<div id=\"google_ads_iframe_\/1058609\/infobae\/sociedad\/nota\/inline_0__container__\"><iframe id=\"google_ads_iframe_\/1058609\/infobae\/sociedad\/nota\/inline_0\" title=\"3rd party ad content\" name=\"google_ads_iframe_\/1058609\/infobae\/sociedad\/nota\/inline_0\" width=\"1\" height=\"1\" frameborder=\"0\" marginwidth=\"0\" marginheight=\"0\" scrolling=\"no\" data-google-container-id=\"4\" data-load-complete=\"true\" data-mce-fragment=\"1\"><\/iframe><\/div>\n<\/div>\n<\/div>\n<\/div>\n<p class=\"paragraph\">De acuerdo al parte epidemiol\u00f3gico, de momento en Argentina\u00a0<b>hay 5.813 personas con coronavirus internadas en terapia intensiva.<\/b>\u00a0El porcentaje de ocupaci\u00f3n de camas a nivel nacional es del 72,2% y en el \u00c1rea Metropolitana de Buenos Aires (AMBA) del 76,2%.<\/p>\n<p class=\"paragraph\"><mark class=\"hl_yellow\"><b>\u201cLo que estamos viendo es que los fr\u00edos nos han llevado hacia adentro y nos cuesta mucho sostener la decisi\u00f3n y necesidad de seguir sin vincularnos con alguien que no convivimos\u201d<\/b><\/mark>, dijo esta ma\u00f1ana el ministro de Salud de la ciudad de Buenos Aires,\u00a0<b>Fern\u00e1n Quir\u00f3s<\/b>, quien retir\u00f3 la estrategia del gobierno: cuidar a los trabajadores de la salud, que est\u00e1n cansados, e intensificar los testeos, rastreos y la vacunaci\u00f3n.<\/p>\n<p class=\"paragraph\"><mark class=\"hl_yellow\"><b>\u201cLas pr\u00f3ximas dos semanas van a ser semanas muy bisagra en la campa\u00f1a de vacunaci\u00f3n y en la curva de la pandemia en la Ciudad de Buenos Aires\u201d<\/b><\/mark>, remarc\u00f3 el funcionario.<\/p>\n<p class=\"paragraph\">Quir\u00f3s tambi\u00e9n se\u00f1al\u00f3 que<b>\u00a0en los pr\u00f3ximos d\u00edas estar\u00e1n ingresando un importante n\u00famero de dosis para vacunar a la enorme mayor\u00eda de las personas de riesgo.<\/b>\u00a0\u201cSomos capaces de aplicar una enorme cantidad de vacunas en pocos d\u00edas; en 10 d\u00edas podemos aplicar 300.000\u2033, enfatiz\u00f3.<\/p>\n<p class=\"paragraph\">Por otra parte, el ministro de Salud de la provincia de Buenos Aires,\u00a0<b>Daniel Goll\u00e1n<\/b>, indic\u00f3 en una rueda de prensa que se detuvo el descenso de casos y est\u00e1 acrecent\u00e1ndose la curva de contagios.<\/p>\n<p class=\"paragraph\">El funcionario manifest\u00f3 que\u00a0<mark class=\"hl_yellow\"><b>la curva de nuevos casos \u201cest\u00e1 aumentando a expensas de c\u00f3mo crecen los contagios en el Interior (bonaerense)\u201d.<\/b><\/mark><\/p>\n<p class=\"paragraph\">Y complet\u00f3: \u201c<b>La Provincia va a contar cuanto menos con casi 3 millones de dosis de vacunas en los pr\u00f3ximos 25 d\u00edas<\/b>, para completar los esquemas de AstraZeneca y Sinopharm. Adem\u00e1s, las 500.000 dosis semanales de Sputnik V alimentan expectativas positivas de vacunaci\u00f3n masiva\u201d,<\/p>\n<\/div>\n<\/article>\n","protected":false},"excerpt":{"rendered":"<p>El Ministerio de Salud de la Naci\u00f3n inform\u00f3 que se realizaron 111.757 testeos, con un 31,8% de positividad. Con estas cifras, el total de infectados asciende a 3.371.508 y las v\u00edctimas fatales son 71.771<\/p>\n","protected":false},"author":3,"featured_media":0,"comment_status":"closed","ping_status":"closed","sticky":false,"template":"","format":"standard","meta":{"footnotes":""},"categories":[30],"tags":[],"class_list":["post-57077","post","type-post","status-publish","format-standard","hentry","category-salud"],"yoast_head":"<!-- This site is optimized with the Yoast SEO plugin v25.9 - https:\/\/yoast.com\/wordpress\/plugins\/seo\/ -->\n<title>Coronavirus en Argentina: confirmaron 745 nuevas muertes y 35.543 contagios en las \u00faltimas 24 horas, r\u00e9cord para una jornada - Noticias Radio Reflejos<\/title>\n<meta name=\"robots\" content=\"index, follow, max-snippet:-1, max-image-preview:large, max-video-preview:-1\" \/>\n<link rel=\"canonical\" href=\"https:\/\/www.noticiasradioreflejos.com.ar\/2021\/coronavirus-en-argentina-confirmaron-745-nuevas-muertes-y-35-543-contagios-en-las-ultimas-24-horas-record-para-una-jornada\/\" \/>\n<meta property=\"og:locale\" content=\"es_ES\" \/>\n<meta property=\"og:type\" content=\"article\" \/>\n<meta property=\"og:title\" content=\"Coronavirus en Argentina: confirmaron 745 nuevas muertes y 35.543 contagios en las \u00faltimas 24 horas, r\u00e9cord para una jornada - Noticias Radio Reflejos\" \/>\n<meta property=\"og:description\" content=\"El Ministerio de Salud de la Naci\u00f3n inform\u00f3 que se realizaron 111.757 testeos, con un 31,8% de positividad. Con estas cifras, el total de infectados asciende a 3.371.508 y las v\u00edctimas fatales son 71.771\" \/>\n<meta property=\"og:url\" content=\"https:\/\/www.noticiasradioreflejos.com.ar\/2021\/coronavirus-en-argentina-confirmaron-745-nuevas-muertes-y-35-543-contagios-en-las-ultimas-24-horas-record-para-una-jornada\/\" \/>\n<meta property=\"og:site_name\" content=\"Noticias Radio Reflejos\" \/>\n<meta property=\"article:published_time\" content=\"2021-05-18T20:22:36+00:00\" \/>\n<meta property=\"og:image\" content=\"https:\/\/public.flourish.studio\/resources\/bosh.svg\" \/>\n<meta name=\"author\" content=\"Arnaldo Botto\" \/>\n<meta name=\"twitter:card\" content=\"summary_large_image\" \/>\n<script type=\"application\/ld+json\" class=\"yoast-schema-graph\">{\"@context\":\"https:\/\/schema.org\",\"@graph\":[{\"@type\":\"WebPage\",\"@id\":\"https:\/\/www.noticiasradioreflejos.com.ar\/2021\/coronavirus-en-argentina-confirmaron-745-nuevas-muertes-y-35-543-contagios-en-las-ultimas-24-horas-record-para-una-jornada\/\",\"url\":\"https:\/\/www.noticiasradioreflejos.com.ar\/2021\/coronavirus-en-argentina-confirmaron-745-nuevas-muertes-y-35-543-contagios-en-las-ultimas-24-horas-record-para-una-jornada\/\",\"name\":\"Coronavirus en Argentina: confirmaron 745 nuevas muertes y 35.543 contagios en las \u00faltimas 24 horas, r\u00e9cord para una jornada - Noticias Radio Reflejos\",\"isPartOf\":{\"@id\":\"https:\/\/www.noticiasradioreflejos.com.ar\/2021\/#website\"},\"primaryImageOfPage\":{\"@id\":\"https:\/\/www.noticiasradioreflejos.com.ar\/2021\/coronavirus-en-argentina-confirmaron-745-nuevas-muertes-y-35-543-contagios-en-las-ultimas-24-horas-record-para-una-jornada\/#primaryimage\"},\"image\":{\"@id\":\"https:\/\/www.noticiasradioreflejos.com.ar\/2021\/coronavirus-en-argentina-confirmaron-745-nuevas-muertes-y-35-543-contagios-en-las-ultimas-24-horas-record-para-una-jornada\/#primaryimage\"},\"thumbnailUrl\":\"https:\/\/public.flourish.studio\/resources\/bosh.svg\",\"datePublished\":\"2021-05-18T20:22:36+00:00\",\"author\":{\"@id\":\"https:\/\/www.noticiasradioreflejos.com.ar\/2021\/#\/schema\/person\/ad82545263dcc5ec0996818884fd5fb1\"},\"breadcrumb\":{\"@id\":\"https:\/\/www.noticiasradioreflejos.com.ar\/2021\/coronavirus-en-argentina-confirmaron-745-nuevas-muertes-y-35-543-contagios-en-las-ultimas-24-horas-record-para-una-jornada\/#breadcrumb\"},\"inLanguage\":\"es\",\"potentialAction\":[{\"@type\":\"ReadAction\",\"target\":[\"https:\/\/www.noticiasradioreflejos.com.ar\/2021\/coronavirus-en-argentina-confirmaron-745-nuevas-muertes-y-35-543-contagios-en-las-ultimas-24-horas-record-para-una-jornada\/\"]}]},{\"@type\":\"ImageObject\",\"inLanguage\":\"es\",\"@id\":\"https:\/\/www.noticiasradioreflejos.com.ar\/2021\/coronavirus-en-argentina-confirmaron-745-nuevas-muertes-y-35-543-contagios-en-las-ultimas-24-horas-record-para-una-jornada\/#primaryimage\",\"url\":\"https:\/\/public.flourish.studio\/resources\/bosh.svg\",\"contentUrl\":\"https:\/\/public.flourish.studio\/resources\/bosh.svg\"},{\"@type\":\"BreadcrumbList\",\"@id\":\"https:\/\/www.noticiasradioreflejos.com.ar\/2021\/coronavirus-en-argentina-confirmaron-745-nuevas-muertes-y-35-543-contagios-en-las-ultimas-24-horas-record-para-una-jornada\/#breadcrumb\",\"itemListElement\":[{\"@type\":\"ListItem\",\"position\":1,\"name\":\"Portada\",\"item\":\"https:\/\/www.noticiasradioreflejos.com.ar\/2021\/\"},{\"@type\":\"ListItem\",\"position\":2,\"name\":\"Coronavirus en Argentina: confirmaron 745 nuevas muertes y 35.543 contagios en las \u00faltimas 24 horas, r\u00e9cord para una jornada\"}]},{\"@type\":\"WebSite\",\"@id\":\"https:\/\/www.noticiasradioreflejos.com.ar\/2021\/#website\",\"url\":\"https:\/\/www.noticiasradioreflejos.com.ar\/2021\/\",\"name\":\"Noticias Radio Reflejos\",\"description\":\"Las noticias de mi comarca\",\"potentialAction\":[{\"@type\":\"SearchAction\",\"target\":{\"@type\":\"EntryPoint\",\"urlTemplate\":\"https:\/\/www.noticiasradioreflejos.com.ar\/2021\/?s={search_term_string}\"},\"query-input\":{\"@type\":\"PropertyValueSpecification\",\"valueRequired\":true,\"valueName\":\"search_term_string\"}}],\"inLanguage\":\"es\"},{\"@type\":\"Person\",\"@id\":\"https:\/\/www.noticiasradioreflejos.com.ar\/2021\/#\/schema\/person\/ad82545263dcc5ec0996818884fd5fb1\",\"name\":\"Arnaldo Botto\",\"image\":{\"@type\":\"ImageObject\",\"inLanguage\":\"es\",\"@id\":\"https:\/\/www.noticiasradioreflejos.com.ar\/2021\/#\/schema\/person\/image\/\",\"url\":\"https:\/\/secure.gravatar.com\/avatar\/55cb5e37c1efa326397366e6974cb338056df65cb50e7d64d1cf314e87504837?s=96&d=mm&r=g\",\"contentUrl\":\"https:\/\/secure.gravatar.com\/avatar\/55cb5e37c1efa326397366e6974cb338056df65cb50e7d64d1cf314e87504837?s=96&d=mm&r=g\",\"caption\":\"Arnaldo Botto\"},\"url\":\"https:\/\/www.noticiasradioreflejos.com.ar\/2021\/author\/arnaldo\/\"}]}<\/script>\n<!-- \/ Yoast SEO plugin. -->","yoast_head_json":{"title":"Coronavirus en Argentina: confirmaron 745 nuevas muertes y 35.543 contagios en las \u00faltimas 24 horas, r\u00e9cord para una jornada - Noticias Radio Reflejos","robots":{"index":"index","follow":"follow","max-snippet":"max-snippet:-1","max-image-preview":"max-image-preview:large","max-video-preview":"max-video-preview:-1"},"canonical":"https:\/\/www.noticiasradioreflejos.com.ar\/2021\/coronavirus-en-argentina-confirmaron-745-nuevas-muertes-y-35-543-contagios-en-las-ultimas-24-horas-record-para-una-jornada\/","og_locale":"es_ES","og_type":"article","og_title":"Coronavirus en Argentina: confirmaron 745 nuevas muertes y 35.543 contagios en las \u00faltimas 24 horas, r\u00e9cord para una jornada - Noticias Radio Reflejos","og_description":"El Ministerio de Salud de la Naci\u00f3n inform\u00f3 que se realizaron 111.757 testeos, con un 31,8% de positividad. Con estas cifras, el total de infectados asciende a 3.371.508 y las v\u00edctimas fatales son 71.771","og_url":"https:\/\/www.noticiasradioreflejos.com.ar\/2021\/coronavirus-en-argentina-confirmaron-745-nuevas-muertes-y-35-543-contagios-en-las-ultimas-24-horas-record-para-una-jornada\/","og_site_name":"Noticias Radio Reflejos","article_published_time":"2021-05-18T20:22:36+00:00","og_image":[{"url":"https:\/\/public.flourish.studio\/resources\/bosh.svg","type":"","width":"","height":""}],"author":"Arnaldo Botto","twitter_card":"summary_large_image","schema":{"@context":"https:\/\/schema.org","@graph":[{"@type":"WebPage","@id":"https:\/\/www.noticiasradioreflejos.com.ar\/2021\/coronavirus-en-argentina-confirmaron-745-nuevas-muertes-y-35-543-contagios-en-las-ultimas-24-horas-record-para-una-jornada\/","url":"https:\/\/www.noticiasradioreflejos.com.ar\/2021\/coronavirus-en-argentina-confirmaron-745-nuevas-muertes-y-35-543-contagios-en-las-ultimas-24-horas-record-para-una-jornada\/","name":"Coronavirus en Argentina: confirmaron 745 nuevas muertes y 35.543 contagios en las \u00faltimas 24 horas, r\u00e9cord para una jornada - Noticias Radio Reflejos","isPartOf":{"@id":"https:\/\/www.noticiasradioreflejos.com.ar\/2021\/#website"},"primaryImageOfPage":{"@id":"https:\/\/www.noticiasradioreflejos.com.ar\/2021\/coronavirus-en-argentina-confirmaron-745-nuevas-muertes-y-35-543-contagios-en-las-ultimas-24-horas-record-para-una-jornada\/#primaryimage"},"image":{"@id":"https:\/\/www.noticiasradioreflejos.com.ar\/2021\/coronavirus-en-argentina-confirmaron-745-nuevas-muertes-y-35-543-contagios-en-las-ultimas-24-horas-record-para-una-jornada\/#primaryimage"},"thumbnailUrl":"https:\/\/public.flourish.studio\/resources\/bosh.svg","datePublished":"2021-05-18T20:22:36+00:00","author":{"@id":"https:\/\/www.noticiasradioreflejos.com.ar\/2021\/#\/schema\/person\/ad82545263dcc5ec0996818884fd5fb1"},"breadcrumb":{"@id":"https:\/\/www.noticiasradioreflejos.com.ar\/2021\/coronavirus-en-argentina-confirmaron-745-nuevas-muertes-y-35-543-contagios-en-las-ultimas-24-horas-record-para-una-jornada\/#breadcrumb"},"inLanguage":"es","potentialAction":[{"@type":"ReadAction","target":["https:\/\/www.noticiasradioreflejos.com.ar\/2021\/coronavirus-en-argentina-confirmaron-745-nuevas-muertes-y-35-543-contagios-en-las-ultimas-24-horas-record-para-una-jornada\/"]}]},{"@type":"ImageObject","inLanguage":"es","@id":"https:\/\/www.noticiasradioreflejos.com.ar\/2021\/coronavirus-en-argentina-confirmaron-745-nuevas-muertes-y-35-543-contagios-en-las-ultimas-24-horas-record-para-una-jornada\/#primaryimage","url":"https:\/\/public.flourish.studio\/resources\/bosh.svg","contentUrl":"https:\/\/public.flourish.studio\/resources\/bosh.svg"},{"@type":"BreadcrumbList","@id":"https:\/\/www.noticiasradioreflejos.com.ar\/2021\/coronavirus-en-argentina-confirmaron-745-nuevas-muertes-y-35-543-contagios-en-las-ultimas-24-horas-record-para-una-jornada\/#breadcrumb","itemListElement":[{"@type":"ListItem","position":1,"name":"Portada","item":"https:\/\/www.noticiasradioreflejos.com.ar\/2021\/"},{"@type":"ListItem","position":2,"name":"Coronavirus en Argentina: confirmaron 745 nuevas muertes y 35.543 contagios en las \u00faltimas 24 horas, r\u00e9cord para una jornada"}]},{"@type":"WebSite","@id":"https:\/\/www.noticiasradioreflejos.com.ar\/2021\/#website","url":"https:\/\/www.noticiasradioreflejos.com.ar\/2021\/","name":"Noticias Radio Reflejos","description":"Las noticias de mi comarca","potentialAction":[{"@type":"SearchAction","target":{"@type":"EntryPoint","urlTemplate":"https:\/\/www.noticiasradioreflejos.com.ar\/2021\/?s={search_term_string}"},"query-input":{"@type":"PropertyValueSpecification","valueRequired":true,"valueName":"search_term_string"}}],"inLanguage":"es"},{"@type":"Person","@id":"https:\/\/www.noticiasradioreflejos.com.ar\/2021\/#\/schema\/person\/ad82545263dcc5ec0996818884fd5fb1","name":"Arnaldo Botto","image":{"@type":"ImageObject","inLanguage":"es","@id":"https:\/\/www.noticiasradioreflejos.com.ar\/2021\/#\/schema\/person\/image\/","url":"https:\/\/secure.gravatar.com\/avatar\/55cb5e37c1efa326397366e6974cb338056df65cb50e7d64d1cf314e87504837?s=96&d=mm&r=g","contentUrl":"https:\/\/secure.gravatar.com\/avatar\/55cb5e37c1efa326397366e6974cb338056df65cb50e7d64d1cf314e87504837?s=96&d=mm&r=g","caption":"Arnaldo Botto"},"url":"https:\/\/www.noticiasradioreflejos.com.ar\/2021\/author\/arnaldo\/"}]}},"_links":{"self":[{"href":"https:\/\/www.noticiasradioreflejos.com.ar\/2021\/wp-json\/wp\/v2\/posts\/57077","targetHints":{"allow":["GET"]}}],"collection":[{"href":"https:\/\/www.noticiasradioreflejos.com.ar\/2021\/wp-json\/wp\/v2\/posts"}],"about":[{"href":"https:\/\/www.noticiasradioreflejos.com.ar\/2021\/wp-json\/wp\/v2\/types\/post"}],"author":[{"embeddable":true,"href":"https:\/\/www.noticiasradioreflejos.com.ar\/2021\/wp-json\/wp\/v2\/users\/3"}],"replies":[{"embeddable":true,"href":"https:\/\/www.noticiasradioreflejos.com.ar\/2021\/wp-json\/wp\/v2\/comments?post=57077"}],"version-history":[{"count":1,"href":"https:\/\/www.noticiasradioreflejos.com.ar\/2021\/wp-json\/wp\/v2\/posts\/57077\/revisions"}],"predecessor-version":[{"id":57078,"href":"https:\/\/www.noticiasradioreflejos.com.ar\/2021\/wp-json\/wp\/v2\/posts\/57077\/revisions\/57078"}],"wp:attachment":[{"href":"https:\/\/www.noticiasradioreflejos.com.ar\/2021\/wp-json\/wp\/v2\/media?parent=57077"}],"wp:term":[{"taxonomy":"category","embeddable":true,"href":"https:\/\/www.noticiasradioreflejos.com.ar\/2021\/wp-json\/wp\/v2\/categories?post=57077"},{"taxonomy":"post_tag","embeddable":true,"href":"https:\/\/www.noticiasradioreflejos.com.ar\/2021\/wp-json\/wp\/v2\/tags?post=57077"}],"curies":[{"name":"wp","href":"https:\/\/api.w.org\/{rel}","templated":true}]}}