{"id":57069,"date":"2021-05-18T19:58:25","date_gmt":"2021-05-18T19:58:25","guid":{"rendered":"http:\/\/www.noticiasradioreflejos.com.ar\/2021\/?p=57069"},"modified":"2021-05-18T19:58:25","modified_gmt":"2021-05-18T19:58:25","slug":"un-remis-de-tornquist-protagonizo-un-accidente-en-la-ruta-33","status":"publish","type":"post","link":"https:\/\/www.noticiasradioreflejos.com.ar\/2021\/un-remis-de-tornquist-protagonizo-un-accidente-en-la-ruta-33\/","title":{"rendered":"Un remis de Tornquist protagoniz\u00f3 un accidente en la Ruta 33"},"content":{"rendered":"<div class=\"adelanto\">\n<p>El conductor recibi\u00f3 golpes pero no debi\u00f3 ser trasladado al hospital.<\/p>\n<\/div>\n<p><!--more--><\/p>\n<div class=\"text\">\n<p>Minutos despu\u00e9s de las 15 hs de este martes se produjo un accidente en el km 20 de la Ruta Nacional 33, en cercan\u00eda de La Vit\u00edcola.<\/p>\n<p>All\u00ed, colisionaron un auto VW Suran dominio MMI 218, al mando de Sergio Rodr\u00edguez, de 60 a\u00f1os, acompa\u00f1ado por su esposa Ester Rodr\u00edguez (55), y un Chevrolet Joy patente AB033GS de la empresa Remis Sur de Tornquist, conducido por Fabi\u00e1n Sandoval (38), quien trasladaba hacia Bah\u00eda Blanca a Nancy Zabala (54) y a Leandro Zabala (44).<\/p>\n<p>Los ocupantes del primer veh\u00edculo sufrieron peque\u00f1os golpes, mientras que en el remis solo recibi\u00f3 contuciones leves en las piernas el chofer, por cual ninguno debi\u00f3 ser trasladado en ambulancia.<\/p>\n<p>Trabaj\u00f3 en el lugar Defensa Civil, Bomberos de Cerri, polic\u00eda de la Provincia, Policia Vial y una ambulancia del servicio Siempre. Colabor\u00f3 el personal del obrador que trabaja en el sector.<\/p>\n<p>Fuente y fotos: Defensa Civil Bah\u00eda Blanca, a cargo de Jos\u00e9 Luis Herniquez.<\/p>\n<\/div>\n<div><img decoding=\"async\" src=\"https:\/\/www.noticiastornquist.com.ar\/imagen.php?imagen=\/whatsapp-image-20210518-at-3.42.07-pm-2.jpeg\" \/><\/p>\n<div><\/div>\n<hr \/>\n<p><img decoding=\"async\" src=\"https:\/\/www.noticiastornquist.com.ar\/imagen.php?imagen=\/whatsapp-image-20210518-at-3.42.07-pm-1.jpeg\" \/><\/p>\n<div><\/div>\n<hr \/>\n<p><img decoding=\"async\" src=\"https:\/\/www.noticiastornquist.com.ar\/imagen.php?imagen=\/whatsapp-image-20210518-at-3.42.07-pm.jpeg\" \/><\/p>\n<div><\/div>\n<hr \/>\n<p><img decoding=\"async\" src=\"https:\/\/www.noticiastornquist.com.ar\/imagen.php?imagen=\/whatsapp-image-20210518-at-3.42.06-pm-2.jpeg\" \/><\/p>\n<div><\/div>\n<hr \/>\n<p><img decoding=\"async\" src=\"https:\/\/www.noticiastornquist.com.ar\/imagen.php?imagen=\/whatsapp-image-20210518-at-3.42.06-pm-1.jpeg\" \/><\/p>\n<div><\/div>\n<hr \/>\n<p><img decoding=\"async\" src=\"https:\/\/www.noticiastornquist.com.ar\/imagen.php?imagen=\/whatsapp-image-20210518-at-3.42.06-pm.jpeg\" \/><\/div>\n","protected":false},"excerpt":{"rendered":"<p>El conductor recibi\u00f3 golpes pero no debi\u00f3 ser trasladado al hospital.<\/p>\n","protected":false},"author":3,"featured_media":0,"comment_status":"closed","ping_status":"closed","sticky":false,"template":"","format":"standard","meta":{"footnotes":""},"categories":[29],"tags":[],"class_list":["post-57069","post","type-post","status-publish","format-standard","hentry","category-policiales"],"yoast_head":"<!-- This site is optimized with the Yoast SEO plugin v25.9 - https:\/\/yoast.com\/wordpress\/plugins\/seo\/ -->\n<title>Un remis de Tornquist protagoniz\u00f3 un accidente en la Ruta 33 - Noticias Radio Reflejos<\/title>\n<meta name=\"robots\" content=\"index, follow, max-snippet:-1, max-image-preview:large, max-video-preview:-1\" \/>\n<link rel=\"canonical\" href=\"https:\/\/www.noticiasradioreflejos.com.ar\/2021\/un-remis-de-tornquist-protagonizo-un-accidente-en-la-ruta-33\/\" \/>\n<meta property=\"og:locale\" content=\"es_ES\" \/>\n<meta property=\"og:type\" content=\"article\" \/>\n<meta property=\"og:title\" content=\"Un remis de Tornquist protagoniz\u00f3 un accidente en la Ruta 33 - Noticias Radio Reflejos\" \/>\n<meta property=\"og:description\" content=\"El conductor recibi\u00f3 golpes pero no debi\u00f3 ser trasladado al hospital.\" \/>\n<meta property=\"og:url\" content=\"https:\/\/www.noticiasradioreflejos.com.ar\/2021\/un-remis-de-tornquist-protagonizo-un-accidente-en-la-ruta-33\/\" \/>\n<meta property=\"og:site_name\" content=\"Noticias Radio Reflejos\" \/>\n<meta property=\"article:published_time\" content=\"2021-05-18T19:58:25+00:00\" \/>\n<meta property=\"og:image\" content=\"https:\/\/www.noticiastornquist.com.ar\/imagen.php?imagen=\/whatsapp-image-20210518-at-3.42.07-pm-2.jpeg\" \/>\n<meta name=\"author\" content=\"Arnaldo Botto\" \/>\n<meta name=\"twitter:card\" content=\"summary_large_image\" \/>\n<script type=\"application\/ld+json\" class=\"yoast-schema-graph\">{\"@context\":\"https:\/\/schema.org\",\"@graph\":[{\"@type\":\"WebPage\",\"@id\":\"https:\/\/www.noticiasradioreflejos.com.ar\/2021\/un-remis-de-tornquist-protagonizo-un-accidente-en-la-ruta-33\/\",\"url\":\"https:\/\/www.noticiasradioreflejos.com.ar\/2021\/un-remis-de-tornquist-protagonizo-un-accidente-en-la-ruta-33\/\",\"name\":\"Un remis de Tornquist protagoniz\u00f3 un accidente en la Ruta 33 - Noticias Radio Reflejos\",\"isPartOf\":{\"@id\":\"https:\/\/www.noticiasradioreflejos.com.ar\/2021\/#website\"},\"primaryImageOfPage\":{\"@id\":\"https:\/\/www.noticiasradioreflejos.com.ar\/2021\/un-remis-de-tornquist-protagonizo-un-accidente-en-la-ruta-33\/#primaryimage\"},\"image\":{\"@id\":\"https:\/\/www.noticiasradioreflejos.com.ar\/2021\/un-remis-de-tornquist-protagonizo-un-accidente-en-la-ruta-33\/#primaryimage\"},\"thumbnailUrl\":\"https:\/\/www.noticiastornquist.com.ar\/imagen.php?imagen=\/whatsapp-image-20210518-at-3.42.07-pm-2.jpeg\",\"datePublished\":\"2021-05-18T19:58:25+00:00\",\"author\":{\"@id\":\"https:\/\/www.noticiasradioreflejos.com.ar\/2021\/#\/schema\/person\/ad82545263dcc5ec0996818884fd5fb1\"},\"breadcrumb\":{\"@id\":\"https:\/\/www.noticiasradioreflejos.com.ar\/2021\/un-remis-de-tornquist-protagonizo-un-accidente-en-la-ruta-33\/#breadcrumb\"},\"inLanguage\":\"es\",\"potentialAction\":[{\"@type\":\"ReadAction\",\"target\":[\"https:\/\/www.noticiasradioreflejos.com.ar\/2021\/un-remis-de-tornquist-protagonizo-un-accidente-en-la-ruta-33\/\"]}]},{\"@type\":\"ImageObject\",\"inLanguage\":\"es\",\"@id\":\"https:\/\/www.noticiasradioreflejos.com.ar\/2021\/un-remis-de-tornquist-protagonizo-un-accidente-en-la-ruta-33\/#primaryimage\",\"url\":\"https:\/\/www.noticiastornquist.com.ar\/imagen.php?imagen=\/whatsapp-image-20210518-at-3.42.07-pm-2.jpeg\",\"contentUrl\":\"https:\/\/www.noticiastornquist.com.ar\/imagen.php?imagen=\/whatsapp-image-20210518-at-3.42.07-pm-2.jpeg\"},{\"@type\":\"BreadcrumbList\",\"@id\":\"https:\/\/www.noticiasradioreflejos.com.ar\/2021\/un-remis-de-tornquist-protagonizo-un-accidente-en-la-ruta-33\/#breadcrumb\",\"itemListElement\":[{\"@type\":\"ListItem\",\"position\":1,\"name\":\"Portada\",\"item\":\"https:\/\/www.noticiasradioreflejos.com.ar\/2021\/\"},{\"@type\":\"ListItem\",\"position\":2,\"name\":\"Un remis de Tornquist protagoniz\u00f3 un accidente en la Ruta 33\"}]},{\"@type\":\"WebSite\",\"@id\":\"https:\/\/www.noticiasradioreflejos.com.ar\/2021\/#website\",\"url\":\"https:\/\/www.noticiasradioreflejos.com.ar\/2021\/\",\"name\":\"Noticias Radio Reflejos\",\"description\":\"Las noticias de mi comarca\",\"potentialAction\":[{\"@type\":\"SearchAction\",\"target\":{\"@type\":\"EntryPoint\",\"urlTemplate\":\"https:\/\/www.noticiasradioreflejos.com.ar\/2021\/?s={search_term_string}\"},\"query-input\":{\"@type\":\"PropertyValueSpecification\",\"valueRequired\":true,\"valueName\":\"search_term_string\"}}],\"inLanguage\":\"es\"},{\"@type\":\"Person\",\"@id\":\"https:\/\/www.noticiasradioreflejos.com.ar\/2021\/#\/schema\/person\/ad82545263dcc5ec0996818884fd5fb1\",\"name\":\"Arnaldo Botto\",\"image\":{\"@type\":\"ImageObject\",\"inLanguage\":\"es\",\"@id\":\"https:\/\/www.noticiasradioreflejos.com.ar\/2021\/#\/schema\/person\/image\/\",\"url\":\"https:\/\/secure.gravatar.com\/avatar\/55cb5e37c1efa326397366e6974cb338056df65cb50e7d64d1cf314e87504837?s=96&d=mm&r=g\",\"contentUrl\":\"https:\/\/secure.gravatar.com\/avatar\/55cb5e37c1efa326397366e6974cb338056df65cb50e7d64d1cf314e87504837?s=96&d=mm&r=g\",\"caption\":\"Arnaldo Botto\"},\"url\":\"https:\/\/www.noticiasradioreflejos.com.ar\/2021\/author\/arnaldo\/\"}]}<\/script>\n<!-- \/ Yoast SEO plugin. -->","yoast_head_json":{"title":"Un remis de Tornquist protagoniz\u00f3 un accidente en la Ruta 33 - Noticias Radio Reflejos","robots":{"index":"index","follow":"follow","max-snippet":"max-snippet:-1","max-image-preview":"max-image-preview:large","max-video-preview":"max-video-preview:-1"},"canonical":"https:\/\/www.noticiasradioreflejos.com.ar\/2021\/un-remis-de-tornquist-protagonizo-un-accidente-en-la-ruta-33\/","og_locale":"es_ES","og_type":"article","og_title":"Un remis de Tornquist protagoniz\u00f3 un accidente en la Ruta 33 - Noticias Radio Reflejos","og_description":"El conductor recibi\u00f3 golpes pero no debi\u00f3 ser trasladado al hospital.","og_url":"https:\/\/www.noticiasradioreflejos.com.ar\/2021\/un-remis-de-tornquist-protagonizo-un-accidente-en-la-ruta-33\/","og_site_name":"Noticias Radio Reflejos","article_published_time":"2021-05-18T19:58:25+00:00","og_image":[{"url":"https:\/\/www.noticiastornquist.com.ar\/imagen.php?imagen=\/whatsapp-image-20210518-at-3.42.07-pm-2.jpeg","type":"","width":"","height":""}],"author":"Arnaldo Botto","twitter_card":"summary_large_image","schema":{"@context":"https:\/\/schema.org","@graph":[{"@type":"WebPage","@id":"https:\/\/www.noticiasradioreflejos.com.ar\/2021\/un-remis-de-tornquist-protagonizo-un-accidente-en-la-ruta-33\/","url":"https:\/\/www.noticiasradioreflejos.com.ar\/2021\/un-remis-de-tornquist-protagonizo-un-accidente-en-la-ruta-33\/","name":"Un remis de Tornquist protagoniz\u00f3 un accidente en la Ruta 33 - Noticias Radio Reflejos","isPartOf":{"@id":"https:\/\/www.noticiasradioreflejos.com.ar\/2021\/#website"},"primaryImageOfPage":{"@id":"https:\/\/www.noticiasradioreflejos.com.ar\/2021\/un-remis-de-tornquist-protagonizo-un-accidente-en-la-ruta-33\/#primaryimage"},"image":{"@id":"https:\/\/www.noticiasradioreflejos.com.ar\/2021\/un-remis-de-tornquist-protagonizo-un-accidente-en-la-ruta-33\/#primaryimage"},"thumbnailUrl":"https:\/\/www.noticiastornquist.com.ar\/imagen.php?imagen=\/whatsapp-image-20210518-at-3.42.07-pm-2.jpeg","datePublished":"2021-05-18T19:58:25+00:00","author":{"@id":"https:\/\/www.noticiasradioreflejos.com.ar\/2021\/#\/schema\/person\/ad82545263dcc5ec0996818884fd5fb1"},"breadcrumb":{"@id":"https:\/\/www.noticiasradioreflejos.com.ar\/2021\/un-remis-de-tornquist-protagonizo-un-accidente-en-la-ruta-33\/#breadcrumb"},"inLanguage":"es","potentialAction":[{"@type":"ReadAction","target":["https:\/\/www.noticiasradioreflejos.com.ar\/2021\/un-remis-de-tornquist-protagonizo-un-accidente-en-la-ruta-33\/"]}]},{"@type":"ImageObject","inLanguage":"es","@id":"https:\/\/www.noticiasradioreflejos.com.ar\/2021\/un-remis-de-tornquist-protagonizo-un-accidente-en-la-ruta-33\/#primaryimage","url":"https:\/\/www.noticiastornquist.com.ar\/imagen.php?imagen=\/whatsapp-image-20210518-at-3.42.07-pm-2.jpeg","contentUrl":"https:\/\/www.noticiastornquist.com.ar\/imagen.php?imagen=\/whatsapp-image-20210518-at-3.42.07-pm-2.jpeg"},{"@type":"BreadcrumbList","@id":"https:\/\/www.noticiasradioreflejos.com.ar\/2021\/un-remis-de-tornquist-protagonizo-un-accidente-en-la-ruta-33\/#breadcrumb","itemListElement":[{"@type":"ListItem","position":1,"name":"Portada","item":"https:\/\/www.noticiasradioreflejos.com.ar\/2021\/"},{"@type":"ListItem","position":2,"name":"Un remis de Tornquist protagoniz\u00f3 un accidente en la Ruta 33"}]},{"@type":"WebSite","@id":"https:\/\/www.noticiasradioreflejos.com.ar\/2021\/#website","url":"https:\/\/www.noticiasradioreflejos.com.ar\/2021\/","name":"Noticias Radio Reflejos","description":"Las noticias de mi comarca","potentialAction":[{"@type":"SearchAction","target":{"@type":"EntryPoint","urlTemplate":"https:\/\/www.noticiasradioreflejos.com.ar\/2021\/?s={search_term_string}"},"query-input":{"@type":"PropertyValueSpecification","valueRequired":true,"valueName":"search_term_string"}}],"inLanguage":"es"},{"@type":"Person","@id":"https:\/\/www.noticiasradioreflejos.com.ar\/2021\/#\/schema\/person\/ad82545263dcc5ec0996818884fd5fb1","name":"Arnaldo Botto","image":{"@type":"ImageObject","inLanguage":"es","@id":"https:\/\/www.noticiasradioreflejos.com.ar\/2021\/#\/schema\/person\/image\/","url":"https:\/\/secure.gravatar.com\/avatar\/55cb5e37c1efa326397366e6974cb338056df65cb50e7d64d1cf314e87504837?s=96&d=mm&r=g","contentUrl":"https:\/\/secure.gravatar.com\/avatar\/55cb5e37c1efa326397366e6974cb338056df65cb50e7d64d1cf314e87504837?s=96&d=mm&r=g","caption":"Arnaldo Botto"},"url":"https:\/\/www.noticiasradioreflejos.com.ar\/2021\/author\/arnaldo\/"}]}},"_links":{"self":[{"href":"https:\/\/www.noticiasradioreflejos.com.ar\/2021\/wp-json\/wp\/v2\/posts\/57069","targetHints":{"allow":["GET"]}}],"collection":[{"href":"https:\/\/www.noticiasradioreflejos.com.ar\/2021\/wp-json\/wp\/v2\/posts"}],"about":[{"href":"https:\/\/www.noticiasradioreflejos.com.ar\/2021\/wp-json\/wp\/v2\/types\/post"}],"author":[{"embeddable":true,"href":"https:\/\/www.noticiasradioreflejos.com.ar\/2021\/wp-json\/wp\/v2\/users\/3"}],"replies":[{"embeddable":true,"href":"https:\/\/www.noticiasradioreflejos.com.ar\/2021\/wp-json\/wp\/v2\/comments?post=57069"}],"version-history":[{"count":1,"href":"https:\/\/www.noticiasradioreflejos.com.ar\/2021\/wp-json\/wp\/v2\/posts\/57069\/revisions"}],"predecessor-version":[{"id":57071,"href":"https:\/\/www.noticiasradioreflejos.com.ar\/2021\/wp-json\/wp\/v2\/posts\/57069\/revisions\/57071"}],"wp:attachment":[{"href":"https:\/\/www.noticiasradioreflejos.com.ar\/2021\/wp-json\/wp\/v2\/media?parent=57069"}],"wp:term":[{"taxonomy":"category","embeddable":true,"href":"https:\/\/www.noticiasradioreflejos.com.ar\/2021\/wp-json\/wp\/v2\/categories?post=57069"},{"taxonomy":"post_tag","embeddable":true,"href":"https:\/\/www.noticiasradioreflejos.com.ar\/2021\/wp-json\/wp\/v2\/tags?post=57069"}],"curies":[{"name":"wp","href":"https:\/\/api.w.org\/{rel}","templated":true}]}}