{"id":57063,"date":"2021-05-18T19:41:00","date_gmt":"2021-05-18T19:41:00","guid":{"rendered":"http:\/\/www.noticiasradioreflejos.com.ar\/2021\/?p=57063"},"modified":"2021-05-18T19:41:00","modified_gmt":"2021-05-18T19:41:00","slug":"sierra-de-la-ventana-y-una-obra-muy-esperada-el-asfalto-te-cambia-la-vida-cambio-el-barrio-cambia-muchas-cosas-con-video","status":"publish","type":"post","link":"https:\/\/www.noticiasradioreflejos.com.ar\/2021\/sierra-de-la-ventana-y-una-obra-muy-esperada-el-asfalto-te-cambia-la-vida-cambio-el-barrio-cambia-muchas-cosas-con-video\/","title":{"rendered":"Sierra de la Ventana y una obra muy esperada: \u00abEl asfalto te cambia la vida. Cambi\u00f3 el barrio. Cambia muchas cosas\u00bb. Con Video"},"content":{"rendered":"<p>A ra\u00edz de la ejecuci\u00f3n de la pavimentaci\u00f3n de la Avenida Ernesto Tornquist de Sierra de la Ventana, estuvimos haciendo algunas entrevistas que nos expresan el contento de la gente de la localidad tur\u00edstica al concretarse uno de los proyectos que se hab\u00edan prometido en la gesti\u00f3n anterior del Intendente Sergio Bordoni.<!--more--><\/p>\n<p><a title=\"12330138\" href=\"https:\/\/www.flickr.com\/photos\/182279889@N02\/51187152797\/in\/dateposted-public\/\" data-flickr-embed=\"true\" data-header=\"true\"><img loading=\"lazy\" decoding=\"async\" src=\"https:\/\/live.staticflickr.com\/65535\/51187152797_7d071cd2f3_c.jpg\" alt=\"12330138\" width=\"800\" height=\"450\" \/><\/a><script async src=\"\/\/embedr.flickr.com\/assets\/client-code.js\" charset=\"utf-8\"><\/script><\/p>\n<p><strong><img loading=\"lazy\" decoding=\"async\" class=\"alignleft size-jnews-350x250 wp-image-57058\" src=\"http:\/\/www.noticiasradioreflejos.com.ar\/2021\/wp-content\/uploads\/2021\/05\/12330136-350x250.jpg\" alt=\"\" width=\"350\" height=\"250\" \/>Sergio Bordoni, Intendente, nos comparte su conformidad con la ejecuci\u00f3n de la obra<\/strong><\/p>\n<p>\u00abEs una obra que mucha gente ha esperado. No s\u00f3lo por el asfalto, sino por el cambio rotundo que se le ha dado a esta avenida\u00bb fueron las primeras palabras del intendente Sergio Bordoni refiri\u00e9ndose a la obra de pavimentaci\u00f3n que tan contento puso a los vecinos de Sierra de la Ventana.<\/p>\n<p>\u00abEsperemos que en pocos meses m\u00e1s estar haciendo la avenida Meyer y otras cuadras que hemos prometido\u00bb. Sergio explic\u00f3 que este es un trabajo m\u00e1s extenso que la obra de calle E. Tornquist, ya que se debe realizar cordones cuneta, badenes, etc. \u00abYo calculo que en dos meses se estar\u00e1 licitando, y una vez que est\u00e9 licitado, se empezar\u00e1 con los cordones\u00bb continu\u00f3.<\/p>\n<p>\u00abSe van a hacer los tramos detonados con recurso propio Municipal\u00bb prometi\u00f3 el intendente haciendo referencia a los tramos en muy malas condiciones cerca de la YPF de Sierra de la Ventana.<\/p>\n<p><strong>Rosario Moronsini explica cuestiones t\u00e9cnicas de la pavimentaci\u00f3n<\/strong><\/p>\n<p><a title=\"12330137\" href=\"https:\/\/www.flickr.com\/photos\/182279889@N02\/51187855051\/in\/dateposted-public\/\" data-flickr-embed=\"true\" data-header=\"true\"><img loading=\"lazy\" decoding=\"async\" src=\"https:\/\/live.staticflickr.com\/65535\/51187855051_4ba26e1b5b_w.jpg\" alt=\"12330137\" width=\"400\" height=\"225\" \/><\/a><script async src=\"\/\/embedr.flickr.com\/assets\/client-code.js\" charset=\"utf-8\"><\/script>\u00abLo primero que se hizo fue un trabajo de cord\u00f3n cuneta y bad\u00e9n. Luego se sigui\u00f3 por las bases, se trabaj\u00f3 el suelo y se compact\u00f3. Se descalz\u00f3 el nivel de los cordones para que entrara bien la capa de asfalto. Cuando lleg\u00f3 la empresa, se trabaj\u00f3 con el asfalto\u00bb explic\u00f3 Rosario. Continu\u00f3 desarrollando que el asfalto utilizado es una mezcla compuesta por piedra 06 con cal, lo que se utiliza normalmente para el eje urbano y rutas. \u00abYa estamos con la ejecuci\u00f3n de toda la carpeta\u00bb resumi\u00f3.<\/p>\n<p><strong>Chiche Del Gobbo, vecino de Sierra de la Ventana, expresa su alegr\u00eda por tener la Ernesto Tornquist asfaltada<\/strong><\/p>\n<p><a title=\"12330142\" href=\"https:\/\/www.flickr.com\/photos\/182279889@N02\/51188918270\/in\/dateposted-public\/\" data-flickr-embed=\"true\" data-header=\"true\"><img loading=\"lazy\" decoding=\"async\" src=\"https:\/\/live.staticflickr.com\/65535\/51188918270_a5ff22a6e9_w.jpg\" alt=\"12330142\" width=\"400\" height=\"225\" \/><\/a><script async src=\"\/\/embedr.flickr.com\/assets\/client-code.js\" charset=\"utf-8\"><\/script>\u00abCambi\u00f3 el barrio. Cambia muchas cosas. Podemos abrir la ventana para ventilar y no entra tierra\u00bb fue lo primero que expres\u00f3 Chiche. \u00abMe gustar\u00eda que pongan todas plantas iguales\u00bb propuso el vecino, para que las veredas no est\u00e9n vac\u00edas y las casas puedan aprovechar un poco de sombra.<\/p>\n<p>&nbsp;<\/p>\n<p><iframe loading=\"lazy\" title=\"YouTube video player\" src=\"https:\/\/www.youtube.com\/embed\/G7K90RNSQO0\" width=\"640\" height=\"360\" frameborder=\"0\" allowfullscreen=\"allowfullscreen\"><\/iframe><\/p>\n<p><a title=\"12330140\" href=\"https:\/\/www.flickr.com\/photos\/182279889@N02\/51188627169\/in\/dateposted-public\/\" data-flickr-embed=\"true\" data-header=\"true\"><img loading=\"lazy\" decoding=\"async\" src=\"https:\/\/live.staticflickr.com\/65535\/51188627169_fb6a1f59c3_c.jpg\" alt=\"12330140\" width=\"800\" height=\"450\" \/><\/a><script async src=\"\/\/embedr.flickr.com\/assets\/client-code.js\" charset=\"utf-8\"><\/script><\/p>\n","protected":false},"excerpt":{"rendered":"<p>A ra\u00edz de la ejecuci\u00f3n de la pavimentaci\u00f3n de la Avenida Ernesto Tornquist de Sierra de la Ventana, estuvimos haciendo algunas entrevistas que nos expresan el contento de la gente de la localidad tur\u00edstica al concretarse uno de los proyectos que se hab\u00edan prometido en la gesti\u00f3n anterior del Intendente Sergio Bordoni.<\/p>\n","protected":false},"author":3,"featured_media":0,"comment_status":"closed","ping_status":"closed","sticky":false,"template":"","format":"standard","meta":{"footnotes":""},"categories":[28,26],"tags":[48],"class_list":["post-57063","post","type-post","status-publish","format-standard","hentry","category-municipales","category-sociedad","tag-destacada"],"yoast_head":"<!-- This site is optimized with the Yoast SEO plugin v25.9 - https:\/\/yoast.com\/wordpress\/plugins\/seo\/ -->\n<title>Sierra de la Ventana y una obra muy esperada: &quot;El asfalto te cambia la vida. Cambi\u00f3 el barrio. Cambia muchas cosas&quot;. Con Video - Noticias Radio Reflejos<\/title>\n<meta name=\"robots\" content=\"index, follow, max-snippet:-1, max-image-preview:large, max-video-preview:-1\" \/>\n<link rel=\"canonical\" href=\"https:\/\/www.noticiasradioreflejos.com.ar\/2021\/sierra-de-la-ventana-y-una-obra-muy-esperada-el-asfalto-te-cambia-la-vida-cambio-el-barrio-cambia-muchas-cosas-con-video\/\" \/>\n<meta property=\"og:locale\" content=\"es_ES\" \/>\n<meta property=\"og:type\" content=\"article\" \/>\n<meta property=\"og:title\" content=\"Sierra de la Ventana y una obra muy esperada: &quot;El asfalto te cambia la vida. Cambi\u00f3 el barrio. Cambia muchas cosas&quot;. Con Video - Noticias Radio Reflejos\" \/>\n<meta property=\"og:description\" content=\"A ra\u00edz de la ejecuci\u00f3n de la pavimentaci\u00f3n de la Avenida Ernesto Tornquist de Sierra de la Ventana, estuvimos haciendo algunas entrevistas que nos expresan el contento de la gente de la localidad tur\u00edstica al concretarse uno de los proyectos que se hab\u00edan prometido en la gesti\u00f3n anterior del Intendente Sergio Bordoni.\" \/>\n<meta property=\"og:url\" content=\"https:\/\/www.noticiasradioreflejos.com.ar\/2021\/sierra-de-la-ventana-y-una-obra-muy-esperada-el-asfalto-te-cambia-la-vida-cambio-el-barrio-cambia-muchas-cosas-con-video\/\" \/>\n<meta property=\"og:site_name\" content=\"Noticias Radio Reflejos\" \/>\n<meta property=\"article:published_time\" content=\"2021-05-18T19:41:00+00:00\" \/>\n<meta property=\"og:image\" content=\"https:\/\/live.staticflickr.com\/65535\/51187152797_7d071cd2f3_c.jpg\" \/>\n<meta name=\"author\" content=\"Arnaldo Botto\" \/>\n<meta name=\"twitter:card\" content=\"summary_large_image\" \/>\n<script type=\"application\/ld+json\" class=\"yoast-schema-graph\">{\"@context\":\"https:\/\/schema.org\",\"@graph\":[{\"@type\":\"WebPage\",\"@id\":\"https:\/\/www.noticiasradioreflejos.com.ar\/2021\/sierra-de-la-ventana-y-una-obra-muy-esperada-el-asfalto-te-cambia-la-vida-cambio-el-barrio-cambia-muchas-cosas-con-video\/\",\"url\":\"https:\/\/www.noticiasradioreflejos.com.ar\/2021\/sierra-de-la-ventana-y-una-obra-muy-esperada-el-asfalto-te-cambia-la-vida-cambio-el-barrio-cambia-muchas-cosas-con-video\/\",\"name\":\"Sierra de la Ventana y una obra muy esperada: \\\"El asfalto te cambia la vida. Cambi\u00f3 el barrio. Cambia muchas cosas\\\". Con Video - Noticias Radio Reflejos\",\"isPartOf\":{\"@id\":\"https:\/\/www.noticiasradioreflejos.com.ar\/2021\/#website\"},\"primaryImageOfPage\":{\"@id\":\"https:\/\/www.noticiasradioreflejos.com.ar\/2021\/sierra-de-la-ventana-y-una-obra-muy-esperada-el-asfalto-te-cambia-la-vida-cambio-el-barrio-cambia-muchas-cosas-con-video\/#primaryimage\"},\"image\":{\"@id\":\"https:\/\/www.noticiasradioreflejos.com.ar\/2021\/sierra-de-la-ventana-y-una-obra-muy-esperada-el-asfalto-te-cambia-la-vida-cambio-el-barrio-cambia-muchas-cosas-con-video\/#primaryimage\"},\"thumbnailUrl\":\"https:\/\/live.staticflickr.com\/65535\/51187152797_7d071cd2f3_c.jpg\",\"datePublished\":\"2021-05-18T19:41:00+00:00\",\"author\":{\"@id\":\"https:\/\/www.noticiasradioreflejos.com.ar\/2021\/#\/schema\/person\/ad82545263dcc5ec0996818884fd5fb1\"},\"breadcrumb\":{\"@id\":\"https:\/\/www.noticiasradioreflejos.com.ar\/2021\/sierra-de-la-ventana-y-una-obra-muy-esperada-el-asfalto-te-cambia-la-vida-cambio-el-barrio-cambia-muchas-cosas-con-video\/#breadcrumb\"},\"inLanguage\":\"es\",\"potentialAction\":[{\"@type\":\"ReadAction\",\"target\":[\"https:\/\/www.noticiasradioreflejos.com.ar\/2021\/sierra-de-la-ventana-y-una-obra-muy-esperada-el-asfalto-te-cambia-la-vida-cambio-el-barrio-cambia-muchas-cosas-con-video\/\"]}]},{\"@type\":\"ImageObject\",\"inLanguage\":\"es\",\"@id\":\"https:\/\/www.noticiasradioreflejos.com.ar\/2021\/sierra-de-la-ventana-y-una-obra-muy-esperada-el-asfalto-te-cambia-la-vida-cambio-el-barrio-cambia-muchas-cosas-con-video\/#primaryimage\",\"url\":\"https:\/\/live.staticflickr.com\/65535\/51187152797_7d071cd2f3_c.jpg\",\"contentUrl\":\"https:\/\/live.staticflickr.com\/65535\/51187152797_7d071cd2f3_c.jpg\"},{\"@type\":\"BreadcrumbList\",\"@id\":\"https:\/\/www.noticiasradioreflejos.com.ar\/2021\/sierra-de-la-ventana-y-una-obra-muy-esperada-el-asfalto-te-cambia-la-vida-cambio-el-barrio-cambia-muchas-cosas-con-video\/#breadcrumb\",\"itemListElement\":[{\"@type\":\"ListItem\",\"position\":1,\"name\":\"Portada\",\"item\":\"https:\/\/www.noticiasradioreflejos.com.ar\/2021\/\"},{\"@type\":\"ListItem\",\"position\":2,\"name\":\"Sierra de la Ventana y una obra muy esperada: \u00abEl asfalto te cambia la vida. Cambi\u00f3 el barrio. Cambia muchas cosas\u00bb. Con Video\"}]},{\"@type\":\"WebSite\",\"@id\":\"https:\/\/www.noticiasradioreflejos.com.ar\/2021\/#website\",\"url\":\"https:\/\/www.noticiasradioreflejos.com.ar\/2021\/\",\"name\":\"Noticias Radio Reflejos\",\"description\":\"Las noticias de mi comarca\",\"potentialAction\":[{\"@type\":\"SearchAction\",\"target\":{\"@type\":\"EntryPoint\",\"urlTemplate\":\"https:\/\/www.noticiasradioreflejos.com.ar\/2021\/?s={search_term_string}\"},\"query-input\":{\"@type\":\"PropertyValueSpecification\",\"valueRequired\":true,\"valueName\":\"search_term_string\"}}],\"inLanguage\":\"es\"},{\"@type\":\"Person\",\"@id\":\"https:\/\/www.noticiasradioreflejos.com.ar\/2021\/#\/schema\/person\/ad82545263dcc5ec0996818884fd5fb1\",\"name\":\"Arnaldo Botto\",\"image\":{\"@type\":\"ImageObject\",\"inLanguage\":\"es\",\"@id\":\"https:\/\/www.noticiasradioreflejos.com.ar\/2021\/#\/schema\/person\/image\/\",\"url\":\"https:\/\/secure.gravatar.com\/avatar\/55cb5e37c1efa326397366e6974cb338056df65cb50e7d64d1cf314e87504837?s=96&d=mm&r=g\",\"contentUrl\":\"https:\/\/secure.gravatar.com\/avatar\/55cb5e37c1efa326397366e6974cb338056df65cb50e7d64d1cf314e87504837?s=96&d=mm&r=g\",\"caption\":\"Arnaldo Botto\"},\"url\":\"https:\/\/www.noticiasradioreflejos.com.ar\/2021\/author\/arnaldo\/\"}]}<\/script>\n<!-- \/ Yoast SEO plugin. -->","yoast_head_json":{"title":"Sierra de la Ventana y una obra muy esperada: \"El asfalto te cambia la vida. Cambi\u00f3 el barrio. Cambia muchas cosas\". Con Video - Noticias Radio Reflejos","robots":{"index":"index","follow":"follow","max-snippet":"max-snippet:-1","max-image-preview":"max-image-preview:large","max-video-preview":"max-video-preview:-1"},"canonical":"https:\/\/www.noticiasradioreflejos.com.ar\/2021\/sierra-de-la-ventana-y-una-obra-muy-esperada-el-asfalto-te-cambia-la-vida-cambio-el-barrio-cambia-muchas-cosas-con-video\/","og_locale":"es_ES","og_type":"article","og_title":"Sierra de la Ventana y una obra muy esperada: \"El asfalto te cambia la vida. Cambi\u00f3 el barrio. Cambia muchas cosas\". Con Video - Noticias Radio Reflejos","og_description":"A ra\u00edz de la ejecuci\u00f3n de la pavimentaci\u00f3n de la Avenida Ernesto Tornquist de Sierra de la Ventana, estuvimos haciendo algunas entrevistas que nos expresan el contento de la gente de la localidad tur\u00edstica al concretarse uno de los proyectos que se hab\u00edan prometido en la gesti\u00f3n anterior del Intendente Sergio Bordoni.","og_url":"https:\/\/www.noticiasradioreflejos.com.ar\/2021\/sierra-de-la-ventana-y-una-obra-muy-esperada-el-asfalto-te-cambia-la-vida-cambio-el-barrio-cambia-muchas-cosas-con-video\/","og_site_name":"Noticias Radio Reflejos","article_published_time":"2021-05-18T19:41:00+00:00","og_image":[{"url":"https:\/\/live.staticflickr.com\/65535\/51187152797_7d071cd2f3_c.jpg","type":"","width":"","height":""}],"author":"Arnaldo Botto","twitter_card":"summary_large_image","schema":{"@context":"https:\/\/schema.org","@graph":[{"@type":"WebPage","@id":"https:\/\/www.noticiasradioreflejos.com.ar\/2021\/sierra-de-la-ventana-y-una-obra-muy-esperada-el-asfalto-te-cambia-la-vida-cambio-el-barrio-cambia-muchas-cosas-con-video\/","url":"https:\/\/www.noticiasradioreflejos.com.ar\/2021\/sierra-de-la-ventana-y-una-obra-muy-esperada-el-asfalto-te-cambia-la-vida-cambio-el-barrio-cambia-muchas-cosas-con-video\/","name":"Sierra de la Ventana y una obra muy esperada: \"El asfalto te cambia la vida. Cambi\u00f3 el barrio. Cambia muchas cosas\". Con Video - Noticias Radio Reflejos","isPartOf":{"@id":"https:\/\/www.noticiasradioreflejos.com.ar\/2021\/#website"},"primaryImageOfPage":{"@id":"https:\/\/www.noticiasradioreflejos.com.ar\/2021\/sierra-de-la-ventana-y-una-obra-muy-esperada-el-asfalto-te-cambia-la-vida-cambio-el-barrio-cambia-muchas-cosas-con-video\/#primaryimage"},"image":{"@id":"https:\/\/www.noticiasradioreflejos.com.ar\/2021\/sierra-de-la-ventana-y-una-obra-muy-esperada-el-asfalto-te-cambia-la-vida-cambio-el-barrio-cambia-muchas-cosas-con-video\/#primaryimage"},"thumbnailUrl":"https:\/\/live.staticflickr.com\/65535\/51187152797_7d071cd2f3_c.jpg","datePublished":"2021-05-18T19:41:00+00:00","author":{"@id":"https:\/\/www.noticiasradioreflejos.com.ar\/2021\/#\/schema\/person\/ad82545263dcc5ec0996818884fd5fb1"},"breadcrumb":{"@id":"https:\/\/www.noticiasradioreflejos.com.ar\/2021\/sierra-de-la-ventana-y-una-obra-muy-esperada-el-asfalto-te-cambia-la-vida-cambio-el-barrio-cambia-muchas-cosas-con-video\/#breadcrumb"},"inLanguage":"es","potentialAction":[{"@type":"ReadAction","target":["https:\/\/www.noticiasradioreflejos.com.ar\/2021\/sierra-de-la-ventana-y-una-obra-muy-esperada-el-asfalto-te-cambia-la-vida-cambio-el-barrio-cambia-muchas-cosas-con-video\/"]}]},{"@type":"ImageObject","inLanguage":"es","@id":"https:\/\/www.noticiasradioreflejos.com.ar\/2021\/sierra-de-la-ventana-y-una-obra-muy-esperada-el-asfalto-te-cambia-la-vida-cambio-el-barrio-cambia-muchas-cosas-con-video\/#primaryimage","url":"https:\/\/live.staticflickr.com\/65535\/51187152797_7d071cd2f3_c.jpg","contentUrl":"https:\/\/live.staticflickr.com\/65535\/51187152797_7d071cd2f3_c.jpg"},{"@type":"BreadcrumbList","@id":"https:\/\/www.noticiasradioreflejos.com.ar\/2021\/sierra-de-la-ventana-y-una-obra-muy-esperada-el-asfalto-te-cambia-la-vida-cambio-el-barrio-cambia-muchas-cosas-con-video\/#breadcrumb","itemListElement":[{"@type":"ListItem","position":1,"name":"Portada","item":"https:\/\/www.noticiasradioreflejos.com.ar\/2021\/"},{"@type":"ListItem","position":2,"name":"Sierra de la Ventana y una obra muy esperada: \u00abEl asfalto te cambia la vida. Cambi\u00f3 el barrio. Cambia muchas cosas\u00bb. Con Video"}]},{"@type":"WebSite","@id":"https:\/\/www.noticiasradioreflejos.com.ar\/2021\/#website","url":"https:\/\/www.noticiasradioreflejos.com.ar\/2021\/","name":"Noticias Radio Reflejos","description":"Las noticias de mi comarca","potentialAction":[{"@type":"SearchAction","target":{"@type":"EntryPoint","urlTemplate":"https:\/\/www.noticiasradioreflejos.com.ar\/2021\/?s={search_term_string}"},"query-input":{"@type":"PropertyValueSpecification","valueRequired":true,"valueName":"search_term_string"}}],"inLanguage":"es"},{"@type":"Person","@id":"https:\/\/www.noticiasradioreflejos.com.ar\/2021\/#\/schema\/person\/ad82545263dcc5ec0996818884fd5fb1","name":"Arnaldo Botto","image":{"@type":"ImageObject","inLanguage":"es","@id":"https:\/\/www.noticiasradioreflejos.com.ar\/2021\/#\/schema\/person\/image\/","url":"https:\/\/secure.gravatar.com\/avatar\/55cb5e37c1efa326397366e6974cb338056df65cb50e7d64d1cf314e87504837?s=96&d=mm&r=g","contentUrl":"https:\/\/secure.gravatar.com\/avatar\/55cb5e37c1efa326397366e6974cb338056df65cb50e7d64d1cf314e87504837?s=96&d=mm&r=g","caption":"Arnaldo Botto"},"url":"https:\/\/www.noticiasradioreflejos.com.ar\/2021\/author\/arnaldo\/"}]}},"_links":{"self":[{"href":"https:\/\/www.noticiasradioreflejos.com.ar\/2021\/wp-json\/wp\/v2\/posts\/57063","targetHints":{"allow":["GET"]}}],"collection":[{"href":"https:\/\/www.noticiasradioreflejos.com.ar\/2021\/wp-json\/wp\/v2\/posts"}],"about":[{"href":"https:\/\/www.noticiasradioreflejos.com.ar\/2021\/wp-json\/wp\/v2\/types\/post"}],"author":[{"embeddable":true,"href":"https:\/\/www.noticiasradioreflejos.com.ar\/2021\/wp-json\/wp\/v2\/users\/3"}],"replies":[{"embeddable":true,"href":"https:\/\/www.noticiasradioreflejos.com.ar\/2021\/wp-json\/wp\/v2\/comments?post=57063"}],"version-history":[{"count":4,"href":"https:\/\/www.noticiasradioreflejos.com.ar\/2021\/wp-json\/wp\/v2\/posts\/57063\/revisions"}],"predecessor-version":[{"id":57068,"href":"https:\/\/www.noticiasradioreflejos.com.ar\/2021\/wp-json\/wp\/v2\/posts\/57063\/revisions\/57068"}],"wp:attachment":[{"href":"https:\/\/www.noticiasradioreflejos.com.ar\/2021\/wp-json\/wp\/v2\/media?parent=57063"}],"wp:term":[{"taxonomy":"category","embeddable":true,"href":"https:\/\/www.noticiasradioreflejos.com.ar\/2021\/wp-json\/wp\/v2\/categories?post=57063"},{"taxonomy":"post_tag","embeddable":true,"href":"https:\/\/www.noticiasradioreflejos.com.ar\/2021\/wp-json\/wp\/v2\/tags?post=57063"}],"curies":[{"name":"wp","href":"https:\/\/api.w.org\/{rel}","templated":true}]}}