{"id":57057,"date":"2021-05-18T18:18:35","date_gmt":"2021-05-18T18:18:35","guid":{"rendered":"http:\/\/www.noticiasradioreflejos.com.ar\/2021\/?p=57057"},"modified":"2021-05-18T18:18:47","modified_gmt":"2021-05-18T18:18:47","slug":"no-tengo-previsto-realizar-controles-en-los-accesos-afirmo-bordoni","status":"publish","type":"post","link":"https:\/\/www.noticiasradioreflejos.com.ar\/2021\/no-tengo-previsto-realizar-controles-en-los-accesos-afirmo-bordoni\/","title":{"rendered":"\u201cNo tengo previsto realizar controles en los accesos\u201d, afirm\u00f3 Bordoni"},"content":{"rendered":"<div class=\"hnoti\">Ante la situaci\u00f3n epidemiol\u00f3gica y tras decisiones para mitigar la ola de contagios, Sergio Bordoni abord\u00f3 la situaci\u00f3n sanitaria y respondi\u00f3 inquietudes vecinales.<\/div>\n<p><!--more--><\/p>\n<div class=\"text\">\n<p>El Intendente Sergio Bordoni dialog\u00f3 con este medio sobre la situaci\u00f3n epidemiol\u00f3gica del distrito y contest\u00f3 varias inquietudes de los vecinos de Tornquist.<\/p>\n<p>Con 103 casos positivos (33 Tornquist, 31 Sierra de la Ventana, 18 Saldungaray, 17 Villa Ventana y 4 casos repartidos entre La Gruta y Chasic\u00f3), la \u00fanica localidad que no muestra ning\u00fan contagio es Tres Picos. Ante esto, Bordoni expresa que \u201ces un aliciente porque, en comparaci\u00f3n los porcentajes de infectados y fallecidos en pandemia de Provincia y Naci\u00f3n, Tornquist est\u00e1 muy por debajo.<\/p>\n<\/div>\n<div class=\"text\">\n<p>En medio de una segunda ola que preocupa por la masividad de contagios, el pr\u00f3ximo jueves se instalar\u00e1 una segunda planta de oxigeno destinada al abastecimiento del nosocomio local y todas las salas sanitarias del distrito.<\/p>\n<p>La gesti\u00f3n fue llevada en conjunto con el \u00e1rea de sanidad, tras observar el inminente desabastecimiento: \u201cFue una decisi\u00f3n que se tom\u00f3 en tiempo record y lleg\u00f3 de la misma manera. Se invirtieron recursos y cuando pase la pandemia, a Tornquist le quedar\u00e1 un hospital de lujo que nada tiene que envidiarles a las ciudades de cabecera dentro de la regi\u00f3n\u201d<\/p>\n<p>Al momento, con respecto a nuevas restricciones, Bordoni afirma que el Distrito continua en fase 3 y que \u201cno se tiene previsto realizar controles en los accesos\u201d.<\/p>\n<p>\u201cNo tengo previsto realizar controles en los accesos porque es un gasto de dinero que puede redirigirse a salud. La decisi\u00f3n del Intendente de Monte Hermoso de controlar la entrada es una decisi\u00f3n pol\u00edtica, ya vivimos un a\u00f1o de pandemia y me parece que tenemos que empezar a tomar otras decisiones\u201d, expres\u00f3.<\/p>\n<p>Al momento de resolver dudas o inquietudes de los vecinos de Tornquist, Bordoni reiter\u00f3 que las Iglesias y reuniones siguen prohibidas en el marco de la fase vigente y que la vacunaci\u00f3n de menores de 60 sin riesgos o patolog\u00edas a\u00fan no comienzan dado que se prioriza la inoculaci\u00f3n de pacientes de riesgo: \u201cAntes de pasar el invierno tenemos que tener al 60% de la poblaci\u00f3n vacunada\u201d, se\u00f1al\u00f3.<\/p>\n<p>En cuanto a la aplicaci\u00f3n del segundo componente de la Sputnik, 100 dosis de las 200 habilitadas fueron aplicadas. Al momento, se aguarda la habilitaci\u00f3n de una turnera para distribuir las restantes.<\/p>\n<p>En cuanto a la \u201cfalta de prevenci\u00f3n\u201d con la que se acusa al municipio, Bordoni respondi\u00f3: \u201cEl trabajo siempre es serio y profesional, el tema es que la gente no lo es. Si esto se desborda, se enojan cuando toca bajar de fase. Si la responsabilidad social no es seria, esto no sirve\u201d.<\/p>\n<p>En lo que a obras p\u00fablicas se refiere, actualmente se encuentran en desarrollo las obras cloacales de norte a sur, con un tiempo de trabajo de seis meses. A su vez, se encuentran culminando las obras asf\u00e1lticas en la Av. Ernesto Tornquist de Sierra de la Ventana, en tanto que la licitaci\u00f3n de la Av. Sarmiento se est\u00e1 llevando a cabo luego de un desfasaje presupuestario.<\/p>\n<p>Luego de la entrega de 17 viviendas en Chasic\u00f3, se anunciar\u00e1 para el sector una obra esperada; se reasfaltar\u00e1 de manera completa 13 Km de la entrada principal por ruta 35: \u201cEs una obra muy esperada por la comunidad y ser\u00e1 anunciada de manera virtual o presencial\u201d, expres\u00f3.<\/p>\n<p>La gesti\u00f3n fue realizada de manera conjunta con el Presidente de la c\u00e1mara de Diputados, Sergio Massa, y con Gustavo Trankels desde vialidad nacional.<\/p>\n<p>\u201cTengo que hacer m\u00e1s viviendas. Este a\u00f1o tengo que estar firmando convenios para el distrito, entre tantas obras pendientes. Nos tienen que permitir ir a La Plata, presentarnos en el Ministerio, el tema viviendas es un tema pendiente\u201d, concluy\u00f3.<\/p>\n<p><iframe loading=\"lazy\" width=\"100%\" height=\"166\" scrolling=\"no\" frameborder=\"no\" allow=\"autoplay\" src=\"https:\/\/w.soundcloud.com\/player\/?url=https%3A\/\/api.soundcloud.com\/tracks\/1051039903&#038;color=%23ff5500&#038;auto_play=false&#038;hide_related=false&#038;show_comments=true&#038;show_user=true&#038;show_reposts=false&#038;show_teaser=true\"><\/iframe><\/p>\n<div style=\"font-size: 10px; color: #cccccc;line-break: anywhere;word-break: normal;overflow: hidden;white-space: nowrap;text-overflow: ellipsis; font-family: Interstate,Lucida Grande,Lucida Sans Unicode,Lucida Sans,Garuda,Verdana,Tahoma,sans-serif;font-weight: 100;\"><a href=\"https:\/\/soundcloud.com\/fmreflejos-103-7\" title=\"fmreflejos 103.7\" target=\"_blank\" style=\"color: #cccccc; text-decoration: none;\" rel=\"noopener\">fmreflejos 103.7<\/a> \u00b7 <a href=\"https:\/\/soundcloud.com\/fmreflejos-103-7\/nota-sergio-bordoni-1805mp3-original\" title=\"Nota - Sergio - Bordoni - 1805.mp3 Original\" target=\"_blank\" style=\"color: #cccccc; text-decoration: none;\" rel=\"noopener\">Nota &#8211; Sergio &#8211; Bordoni &#8211; 1805.mp3 Original<\/a><\/div>\n","protected":false},"excerpt":{"rendered":"<p>Ante la situaci\u00f3n epidemiol\u00f3gica y tras decisiones para mitigar la ola de contagios, Sergio Bordoni abord\u00f3 la situaci\u00f3n sanitaria y respondi\u00f3 inquietudes vecinales.<\/p>\n","protected":false},"author":3,"featured_media":0,"comment_status":"closed","ping_status":"closed","sticky":false,"template":"","format":"standard","meta":{"footnotes":""},"categories":[28,24],"tags":[48],"class_list":["post-57057","post","type-post","status-publish","format-standard","hentry","category-municipales","category-politica","tag-destacada"],"yoast_head":"<!-- This site is optimized with the Yoast SEO plugin v25.9 - https:\/\/yoast.com\/wordpress\/plugins\/seo\/ -->\n<title>\u201cNo tengo previsto realizar controles en los accesos\u201d, afirm\u00f3 Bordoni - Noticias Radio Reflejos<\/title>\n<meta name=\"robots\" content=\"index, follow, max-snippet:-1, max-image-preview:large, max-video-preview:-1\" \/>\n<link rel=\"canonical\" href=\"https:\/\/www.noticiasradioreflejos.com.ar\/2021\/no-tengo-previsto-realizar-controles-en-los-accesos-afirmo-bordoni\/\" \/>\n<meta property=\"og:locale\" content=\"es_ES\" \/>\n<meta property=\"og:type\" content=\"article\" \/>\n<meta property=\"og:title\" content=\"\u201cNo tengo previsto realizar controles en los accesos\u201d, afirm\u00f3 Bordoni - Noticias Radio Reflejos\" \/>\n<meta property=\"og:description\" content=\"Ante la situaci\u00f3n epidemiol\u00f3gica y tras decisiones para mitigar la ola de contagios, Sergio Bordoni abord\u00f3 la situaci\u00f3n sanitaria y respondi\u00f3 inquietudes vecinales.\" \/>\n<meta property=\"og:url\" content=\"https:\/\/www.noticiasradioreflejos.com.ar\/2021\/no-tengo-previsto-realizar-controles-en-los-accesos-afirmo-bordoni\/\" \/>\n<meta property=\"og:site_name\" content=\"Noticias Radio Reflejos\" \/>\n<meta property=\"article:published_time\" content=\"2021-05-18T18:18:35+00:00\" \/>\n<meta property=\"article:modified_time\" content=\"2021-05-18T18:18:47+00:00\" \/>\n<meta property=\"og:image\" content=\"https:\/\/www.noticiasradioreflejos.com.ar\/2021\/wp-content\/uploads\/2021\/07\/logosol300x200.png\" \/>\n\t<meta property=\"og:image:width\" content=\"300\" \/>\n\t<meta property=\"og:image:height\" content=\"200\" \/>\n\t<meta property=\"og:image:type\" content=\"image\/png\" \/>\n<meta name=\"author\" content=\"Arnaldo Botto\" \/>\n<meta name=\"twitter:card\" content=\"summary_large_image\" \/>\n<script type=\"application\/ld+json\" class=\"yoast-schema-graph\">{\"@context\":\"https:\/\/schema.org\",\"@graph\":[{\"@type\":\"WebPage\",\"@id\":\"https:\/\/www.noticiasradioreflejos.com.ar\/2021\/no-tengo-previsto-realizar-controles-en-los-accesos-afirmo-bordoni\/\",\"url\":\"https:\/\/www.noticiasradioreflejos.com.ar\/2021\/no-tengo-previsto-realizar-controles-en-los-accesos-afirmo-bordoni\/\",\"name\":\"\u201cNo tengo previsto realizar controles en los accesos\u201d, afirm\u00f3 Bordoni - Noticias Radio Reflejos\",\"isPartOf\":{\"@id\":\"https:\/\/www.noticiasradioreflejos.com.ar\/2021\/#website\"},\"datePublished\":\"2021-05-18T18:18:35+00:00\",\"dateModified\":\"2021-05-18T18:18:47+00:00\",\"author\":{\"@id\":\"https:\/\/www.noticiasradioreflejos.com.ar\/2021\/#\/schema\/person\/ad82545263dcc5ec0996818884fd5fb1\"},\"breadcrumb\":{\"@id\":\"https:\/\/www.noticiasradioreflejos.com.ar\/2021\/no-tengo-previsto-realizar-controles-en-los-accesos-afirmo-bordoni\/#breadcrumb\"},\"inLanguage\":\"es\",\"potentialAction\":[{\"@type\":\"ReadAction\",\"target\":[\"https:\/\/www.noticiasradioreflejos.com.ar\/2021\/no-tengo-previsto-realizar-controles-en-los-accesos-afirmo-bordoni\/\"]}]},{\"@type\":\"BreadcrumbList\",\"@id\":\"https:\/\/www.noticiasradioreflejos.com.ar\/2021\/no-tengo-previsto-realizar-controles-en-los-accesos-afirmo-bordoni\/#breadcrumb\",\"itemListElement\":[{\"@type\":\"ListItem\",\"position\":1,\"name\":\"Portada\",\"item\":\"https:\/\/www.noticiasradioreflejos.com.ar\/2021\/\"},{\"@type\":\"ListItem\",\"position\":2,\"name\":\"\u201cNo tengo previsto realizar controles en los accesos\u201d, afirm\u00f3 Bordoni\"}]},{\"@type\":\"WebSite\",\"@id\":\"https:\/\/www.noticiasradioreflejos.com.ar\/2021\/#website\",\"url\":\"https:\/\/www.noticiasradioreflejos.com.ar\/2021\/\",\"name\":\"Noticias Radio Reflejos\",\"description\":\"Las noticias de mi comarca\",\"potentialAction\":[{\"@type\":\"SearchAction\",\"target\":{\"@type\":\"EntryPoint\",\"urlTemplate\":\"https:\/\/www.noticiasradioreflejos.com.ar\/2021\/?s={search_term_string}\"},\"query-input\":{\"@type\":\"PropertyValueSpecification\",\"valueRequired\":true,\"valueName\":\"search_term_string\"}}],\"inLanguage\":\"es\"},{\"@type\":\"Person\",\"@id\":\"https:\/\/www.noticiasradioreflejos.com.ar\/2021\/#\/schema\/person\/ad82545263dcc5ec0996818884fd5fb1\",\"name\":\"Arnaldo Botto\",\"image\":{\"@type\":\"ImageObject\",\"inLanguage\":\"es\",\"@id\":\"https:\/\/www.noticiasradioreflejos.com.ar\/2021\/#\/schema\/person\/image\/\",\"url\":\"https:\/\/secure.gravatar.com\/avatar\/55cb5e37c1efa326397366e6974cb338056df65cb50e7d64d1cf314e87504837?s=96&d=mm&r=g\",\"contentUrl\":\"https:\/\/secure.gravatar.com\/avatar\/55cb5e37c1efa326397366e6974cb338056df65cb50e7d64d1cf314e87504837?s=96&d=mm&r=g\",\"caption\":\"Arnaldo Botto\"},\"url\":\"https:\/\/www.noticiasradioreflejos.com.ar\/2021\/author\/arnaldo\/\"}]}<\/script>\n<!-- \/ Yoast SEO plugin. -->","yoast_head_json":{"title":"\u201cNo tengo previsto realizar controles en los accesos\u201d, afirm\u00f3 Bordoni - Noticias Radio Reflejos","robots":{"index":"index","follow":"follow","max-snippet":"max-snippet:-1","max-image-preview":"max-image-preview:large","max-video-preview":"max-video-preview:-1"},"canonical":"https:\/\/www.noticiasradioreflejos.com.ar\/2021\/no-tengo-previsto-realizar-controles-en-los-accesos-afirmo-bordoni\/","og_locale":"es_ES","og_type":"article","og_title":"\u201cNo tengo previsto realizar controles en los accesos\u201d, afirm\u00f3 Bordoni - Noticias Radio Reflejos","og_description":"Ante la situaci\u00f3n epidemiol\u00f3gica y tras decisiones para mitigar la ola de contagios, Sergio Bordoni abord\u00f3 la situaci\u00f3n sanitaria y respondi\u00f3 inquietudes vecinales.","og_url":"https:\/\/www.noticiasradioreflejos.com.ar\/2021\/no-tengo-previsto-realizar-controles-en-los-accesos-afirmo-bordoni\/","og_site_name":"Noticias Radio Reflejos","article_published_time":"2021-05-18T18:18:35+00:00","article_modified_time":"2021-05-18T18:18:47+00:00","og_image":[{"width":300,"height":200,"url":"https:\/\/www.noticiasradioreflejos.com.ar\/2021\/wp-content\/uploads\/2021\/07\/logosol300x200.png","type":"image\/png"}],"author":"Arnaldo Botto","twitter_card":"summary_large_image","schema":{"@context":"https:\/\/schema.org","@graph":[{"@type":"WebPage","@id":"https:\/\/www.noticiasradioreflejos.com.ar\/2021\/no-tengo-previsto-realizar-controles-en-los-accesos-afirmo-bordoni\/","url":"https:\/\/www.noticiasradioreflejos.com.ar\/2021\/no-tengo-previsto-realizar-controles-en-los-accesos-afirmo-bordoni\/","name":"\u201cNo tengo previsto realizar controles en los accesos\u201d, afirm\u00f3 Bordoni - Noticias Radio Reflejos","isPartOf":{"@id":"https:\/\/www.noticiasradioreflejos.com.ar\/2021\/#website"},"datePublished":"2021-05-18T18:18:35+00:00","dateModified":"2021-05-18T18:18:47+00:00","author":{"@id":"https:\/\/www.noticiasradioreflejos.com.ar\/2021\/#\/schema\/person\/ad82545263dcc5ec0996818884fd5fb1"},"breadcrumb":{"@id":"https:\/\/www.noticiasradioreflejos.com.ar\/2021\/no-tengo-previsto-realizar-controles-en-los-accesos-afirmo-bordoni\/#breadcrumb"},"inLanguage":"es","potentialAction":[{"@type":"ReadAction","target":["https:\/\/www.noticiasradioreflejos.com.ar\/2021\/no-tengo-previsto-realizar-controles-en-los-accesos-afirmo-bordoni\/"]}]},{"@type":"BreadcrumbList","@id":"https:\/\/www.noticiasradioreflejos.com.ar\/2021\/no-tengo-previsto-realizar-controles-en-los-accesos-afirmo-bordoni\/#breadcrumb","itemListElement":[{"@type":"ListItem","position":1,"name":"Portada","item":"https:\/\/www.noticiasradioreflejos.com.ar\/2021\/"},{"@type":"ListItem","position":2,"name":"\u201cNo tengo previsto realizar controles en los accesos\u201d, afirm\u00f3 Bordoni"}]},{"@type":"WebSite","@id":"https:\/\/www.noticiasradioreflejos.com.ar\/2021\/#website","url":"https:\/\/www.noticiasradioreflejos.com.ar\/2021\/","name":"Noticias Radio Reflejos","description":"Las noticias de mi comarca","potentialAction":[{"@type":"SearchAction","target":{"@type":"EntryPoint","urlTemplate":"https:\/\/www.noticiasradioreflejos.com.ar\/2021\/?s={search_term_string}"},"query-input":{"@type":"PropertyValueSpecification","valueRequired":true,"valueName":"search_term_string"}}],"inLanguage":"es"},{"@type":"Person","@id":"https:\/\/www.noticiasradioreflejos.com.ar\/2021\/#\/schema\/person\/ad82545263dcc5ec0996818884fd5fb1","name":"Arnaldo Botto","image":{"@type":"ImageObject","inLanguage":"es","@id":"https:\/\/www.noticiasradioreflejos.com.ar\/2021\/#\/schema\/person\/image\/","url":"https:\/\/secure.gravatar.com\/avatar\/55cb5e37c1efa326397366e6974cb338056df65cb50e7d64d1cf314e87504837?s=96&d=mm&r=g","contentUrl":"https:\/\/secure.gravatar.com\/avatar\/55cb5e37c1efa326397366e6974cb338056df65cb50e7d64d1cf314e87504837?s=96&d=mm&r=g","caption":"Arnaldo Botto"},"url":"https:\/\/www.noticiasradioreflejos.com.ar\/2021\/author\/arnaldo\/"}]}},"_links":{"self":[{"href":"https:\/\/www.noticiasradioreflejos.com.ar\/2021\/wp-json\/wp\/v2\/posts\/57057","targetHints":{"allow":["GET"]}}],"collection":[{"href":"https:\/\/www.noticiasradioreflejos.com.ar\/2021\/wp-json\/wp\/v2\/posts"}],"about":[{"href":"https:\/\/www.noticiasradioreflejos.com.ar\/2021\/wp-json\/wp\/v2\/types\/post"}],"author":[{"embeddable":true,"href":"https:\/\/www.noticiasradioreflejos.com.ar\/2021\/wp-json\/wp\/v2\/users\/3"}],"replies":[{"embeddable":true,"href":"https:\/\/www.noticiasradioreflejos.com.ar\/2021\/wp-json\/wp\/v2\/comments?post=57057"}],"version-history":[{"count":1,"href":"https:\/\/www.noticiasradioreflejos.com.ar\/2021\/wp-json\/wp\/v2\/posts\/57057\/revisions"}],"predecessor-version":[{"id":57059,"href":"https:\/\/www.noticiasradioreflejos.com.ar\/2021\/wp-json\/wp\/v2\/posts\/57057\/revisions\/57059"}],"wp:attachment":[{"href":"https:\/\/www.noticiasradioreflejos.com.ar\/2021\/wp-json\/wp\/v2\/media?parent=57057"}],"wp:term":[{"taxonomy":"category","embeddable":true,"href":"https:\/\/www.noticiasradioreflejos.com.ar\/2021\/wp-json\/wp\/v2\/categories?post=57057"},{"taxonomy":"post_tag","embeddable":true,"href":"https:\/\/www.noticiasradioreflejos.com.ar\/2021\/wp-json\/wp\/v2\/tags?post=57057"}],"curies":[{"name":"wp","href":"https:\/\/api.w.org\/{rel}","templated":true}]}}