{"id":57054,"date":"2021-05-18T18:10:13","date_gmt":"2021-05-18T18:10:13","guid":{"rendered":"http:\/\/www.noticiasradioreflejos.com.ar\/2021\/?p=57054"},"modified":"2021-05-18T18:10:13","modified_gmt":"2021-05-18T18:10:13","slug":"para-los-carniceros-el-cierre-de-exportaciones-es-un-paso-para-organizar-el-mercado","status":"publish","type":"post","link":"https:\/\/www.noticiasradioreflejos.com.ar\/2021\/para-los-carniceros-el-cierre-de-exportaciones-es-un-paso-para-organizar-el-mercado\/","title":{"rendered":"Para los carniceros, el cierre de exportaciones \u00abes un paso\u00bb para organizar el mercado"},"content":{"rendered":"<div class=\"head-content\">\n<p>La medida fue bien recibida por el presidente de la Asociaci\u00f3n de Propietarios de Carnicer\u00edas, Alberto Williams: \u00abCon este precio es imposible seguir trabajando; ya la gente pr\u00e1cticamente no va a comprar carne porque un kilo de milanesas a 850 pesos es un disparate\u00bb.<\/p>\n<\/div>\n<p><!--more--><\/p>\n<div class=\"main-content-block\">\n<div class=\"main-box clearfix\">\n<div class=\"wrapper-main-section clearfix\">\n<div class=\"wrapper-editable-content\">\n<div class=\"editable-content clearfix\">\nEl presidente de la Asociaci\u00f3n de Propietarios de Carnicer\u00edas, Alberto Williams, dijo que la disposici\u00f3n oficial de cerrar las exportaciones de carnes por 30 d\u00edas \u00abes buena\u00bb, y que deber\u00eda ser el punto de partida para \u00aborganizar este mercado que se dispar\u00f3\u00bb.<\/p>\n<p>En declaraciones a T\u00e9lam Radio, Williams dijo que el cierre de exportaciones de carne \u00abes un paso, hay que organizar este mercado porque se dispar\u00f3, ya la carne no est\u00e1 al alcance del consumidor argentino; es un paso y hay que seguir luchando a ver c\u00f3mo se puede organizar ese mercado que est\u00e1 incontrolable\u00bb.<\/p>\n<div class=\"js-code\"><iframe loading=\"lazy\" src=\"https:\/\/w.soundcloud.com\/player\/?url=https%3A\/\/api.soundcloud.com\/tracks\/1050784099&amp;color=%23343342&amp;auto_play=false&amp;hide_related=false&amp;show_comments=true&amp;show_user=true&amp;show_reposts=false&amp;show_teaser=true\" width=\"100%\" height=\"166\" frameborder=\"no\" scrolling=\"no\" data-mce-fragment=\"1\"><\/iframe><\/p>\n<div><a title=\"PODCAST\" href=\"https:\/\/soundcloud.com\/user-961456406\" target=\"_blank\" rel=\"noopener\">PODCAST<\/a>\u00a0\u00b7\u00a0<a title=\"CIERRE DE EXPORTACIONES DE CARNES:\u201dES UN PASO Y HAY QUE SEGUIR\u201d\" href=\"https:\/\/soundcloud.com\/user-961456406\/cierre-de-exportaciones-de-carneses-un-paso-y-hay-que-seguir\" target=\"_blank\" rel=\"noopener\">CIERRE DE EXPORTACIONES DE CARNES:\u201dES UN PASO Y HAY QUE SEGUIR\u201d<\/a><\/div>\n<\/div>\n<p>\u00abLa medida por este momento es buena; en el Mercado de Liniers hay un problema, no est\u00e1 entrando la suficiente hacienda para el consumo interno, habr\u00e1 que ver qu\u00e9 pasa y c\u00f3mo continua todo esto; ojal\u00e1 que sea para bien del consumidor\u00bb, agreg\u00f3.<\/p>\n<p>Se\u00f1al\u00f3 que \u00aba las carnicer\u00edas carne no nos falt\u00f3, pero con este precio es imposible seguir trabajando; ya la gente pr\u00e1cticamente no va a comprar carne porque un kilo de milanesas a 850 pesos es un disparate, no da para el bolsillo del consumidor argentino\u00bb.<\/p>\n<h4 class=\"auth\">En defensa del consumidor<\/h4>\n<p>Williams consider\u00f3 que la medida podr\u00eda ser el puntapi\u00e9 para que \u00abse empiece la conversaci\u00f3n, ver qu\u00e9 se puede hacer para bajar el costo que tiene la carne hoy porque la suba ha sido muy grande, muy muy grande, y tambi\u00e9n tenemos que pensar que es un alimento de primera necesidad\u00bb.<\/p>\n<p>\u00abHay que sentarse, hay que dialogar y hay que ver qu\u00e9 se puede hacer. Est\u00e1 en las manos del Gobierno, yo creo que el Gobierno en ese sentido va a actuar en defensa del consumidor\u00bb, concluy\u00f3.<\/p>\n<div id=\"image\" class=\"image\"><img decoding=\"async\" title=\"Williams consider\u00f3 que la medida podr\u00eda ser el puntapi\u00e9 para que &quot;se empiece la conversaci\u00f3n, ver qu\u00e9 se puede hacer para bajar el costo que tiene la carne hoy&quot;.\" src=\"https:\/\/www.telam.com.ar\/advf\/imagenes\/2021\/03\/60560451d65ad_1004x565.jpg\" alt=\"Williams consider\u00f3 que la medida podr\u00eda ser el puntapi\u00e9 para que &quot;se empiece la conversaci\u00f3n, ver qu\u00e9 se puede hacer para bajar el costo que tiene la carne hoy&quot;.\" \/><\/p>\n<div class=\"epigrafe\">Williams consider\u00f3 que la medida podr\u00eda ser el puntapi\u00e9 para que \u00abse empiece la conversaci\u00f3n, ver qu\u00e9 se puede hacer para bajar el costo que tiene la carne hoy\u00bb.<\/div>\n<\/div>\n<\/div>\n<\/div>\n<\/div>\n<\/div>\n<\/div>\n","protected":false},"excerpt":{"rendered":"<p>La medida fue bien recibida por el presidente de la Asociaci\u00f3n de Propietarios de Carnicer\u00edas, Alberto Williams: \u00abCon este precio es imposible seguir trabajando; ya la gente pr\u00e1cticamente no va a comprar carne porque un kilo de milanesas a 850 pesos es un disparate\u00bb.<\/p>\n","protected":false},"author":3,"featured_media":0,"comment_status":"closed","ping_status":"closed","sticky":false,"template":"","format":"standard","meta":{"footnotes":""},"categories":[36],"tags":[],"class_list":["post-57054","post","type-post","status-publish","format-standard","hentry","category-economia"],"yoast_head":"<!-- This site is optimized with the Yoast SEO plugin v25.9 - https:\/\/yoast.com\/wordpress\/plugins\/seo\/ -->\n<title>Para los carniceros, el cierre de exportaciones &quot;es un paso&quot; para organizar el mercado - Noticias Radio Reflejos<\/title>\n<meta name=\"robots\" content=\"index, follow, max-snippet:-1, max-image-preview:large, max-video-preview:-1\" \/>\n<link rel=\"canonical\" href=\"https:\/\/www.noticiasradioreflejos.com.ar\/2021\/para-los-carniceros-el-cierre-de-exportaciones-es-un-paso-para-organizar-el-mercado\/\" \/>\n<meta property=\"og:locale\" content=\"es_ES\" \/>\n<meta property=\"og:type\" content=\"article\" \/>\n<meta property=\"og:title\" content=\"Para los carniceros, el cierre de exportaciones &quot;es un paso&quot; para organizar el mercado - Noticias Radio Reflejos\" \/>\n<meta property=\"og:description\" content=\"La medida fue bien recibida por el presidente de la Asociaci\u00f3n de Propietarios de Carnicer\u00edas, Alberto Williams: \u00abCon este precio es imposible seguir trabajando; ya la gente pr\u00e1cticamente no va a comprar carne porque un kilo de milanesas a 850 pesos es un disparate\u00bb.\" \/>\n<meta property=\"og:url\" content=\"https:\/\/www.noticiasradioreflejos.com.ar\/2021\/para-los-carniceros-el-cierre-de-exportaciones-es-un-paso-para-organizar-el-mercado\/\" \/>\n<meta property=\"og:site_name\" content=\"Noticias Radio Reflejos\" \/>\n<meta property=\"article:published_time\" content=\"2021-05-18T18:10:13+00:00\" \/>\n<meta property=\"og:image\" content=\"https:\/\/www.telam.com.ar\/advf\/imagenes\/2021\/03\/60560451d65ad_1004x565.jpg\" \/>\n<meta name=\"author\" content=\"Arnaldo Botto\" \/>\n<meta name=\"twitter:card\" content=\"summary_large_image\" \/>\n<script type=\"application\/ld+json\" class=\"yoast-schema-graph\">{\"@context\":\"https:\/\/schema.org\",\"@graph\":[{\"@type\":\"WebPage\",\"@id\":\"https:\/\/www.noticiasradioreflejos.com.ar\/2021\/para-los-carniceros-el-cierre-de-exportaciones-es-un-paso-para-organizar-el-mercado\/\",\"url\":\"https:\/\/www.noticiasradioreflejos.com.ar\/2021\/para-los-carniceros-el-cierre-de-exportaciones-es-un-paso-para-organizar-el-mercado\/\",\"name\":\"Para los carniceros, el cierre de exportaciones \\\"es un paso\\\" para organizar el mercado - Noticias Radio Reflejos\",\"isPartOf\":{\"@id\":\"https:\/\/www.noticiasradioreflejos.com.ar\/2021\/#website\"},\"primaryImageOfPage\":{\"@id\":\"https:\/\/www.noticiasradioreflejos.com.ar\/2021\/para-los-carniceros-el-cierre-de-exportaciones-es-un-paso-para-organizar-el-mercado\/#primaryimage\"},\"image\":{\"@id\":\"https:\/\/www.noticiasradioreflejos.com.ar\/2021\/para-los-carniceros-el-cierre-de-exportaciones-es-un-paso-para-organizar-el-mercado\/#primaryimage\"},\"thumbnailUrl\":\"https:\/\/www.telam.com.ar\/advf\/imagenes\/2021\/03\/60560451d65ad_1004x565.jpg\",\"datePublished\":\"2021-05-18T18:10:13+00:00\",\"author\":{\"@id\":\"https:\/\/www.noticiasradioreflejos.com.ar\/2021\/#\/schema\/person\/ad82545263dcc5ec0996818884fd5fb1\"},\"breadcrumb\":{\"@id\":\"https:\/\/www.noticiasradioreflejos.com.ar\/2021\/para-los-carniceros-el-cierre-de-exportaciones-es-un-paso-para-organizar-el-mercado\/#breadcrumb\"},\"inLanguage\":\"es\",\"potentialAction\":[{\"@type\":\"ReadAction\",\"target\":[\"https:\/\/www.noticiasradioreflejos.com.ar\/2021\/para-los-carniceros-el-cierre-de-exportaciones-es-un-paso-para-organizar-el-mercado\/\"]}]},{\"@type\":\"ImageObject\",\"inLanguage\":\"es\",\"@id\":\"https:\/\/www.noticiasradioreflejos.com.ar\/2021\/para-los-carniceros-el-cierre-de-exportaciones-es-un-paso-para-organizar-el-mercado\/#primaryimage\",\"url\":\"https:\/\/www.telam.com.ar\/advf\/imagenes\/2021\/03\/60560451d65ad_1004x565.jpg\",\"contentUrl\":\"https:\/\/www.telam.com.ar\/advf\/imagenes\/2021\/03\/60560451d65ad_1004x565.jpg\"},{\"@type\":\"BreadcrumbList\",\"@id\":\"https:\/\/www.noticiasradioreflejos.com.ar\/2021\/para-los-carniceros-el-cierre-de-exportaciones-es-un-paso-para-organizar-el-mercado\/#breadcrumb\",\"itemListElement\":[{\"@type\":\"ListItem\",\"position\":1,\"name\":\"Portada\",\"item\":\"https:\/\/www.noticiasradioreflejos.com.ar\/2021\/\"},{\"@type\":\"ListItem\",\"position\":2,\"name\":\"Para los carniceros, el cierre de exportaciones \u00abes un paso\u00bb para organizar el mercado\"}]},{\"@type\":\"WebSite\",\"@id\":\"https:\/\/www.noticiasradioreflejos.com.ar\/2021\/#website\",\"url\":\"https:\/\/www.noticiasradioreflejos.com.ar\/2021\/\",\"name\":\"Noticias Radio Reflejos\",\"description\":\"Las noticias de mi comarca\",\"potentialAction\":[{\"@type\":\"SearchAction\",\"target\":{\"@type\":\"EntryPoint\",\"urlTemplate\":\"https:\/\/www.noticiasradioreflejos.com.ar\/2021\/?s={search_term_string}\"},\"query-input\":{\"@type\":\"PropertyValueSpecification\",\"valueRequired\":true,\"valueName\":\"search_term_string\"}}],\"inLanguage\":\"es\"},{\"@type\":\"Person\",\"@id\":\"https:\/\/www.noticiasradioreflejos.com.ar\/2021\/#\/schema\/person\/ad82545263dcc5ec0996818884fd5fb1\",\"name\":\"Arnaldo Botto\",\"image\":{\"@type\":\"ImageObject\",\"inLanguage\":\"es\",\"@id\":\"https:\/\/www.noticiasradioreflejos.com.ar\/2021\/#\/schema\/person\/image\/\",\"url\":\"https:\/\/secure.gravatar.com\/avatar\/55cb5e37c1efa326397366e6974cb338056df65cb50e7d64d1cf314e87504837?s=96&d=mm&r=g\",\"contentUrl\":\"https:\/\/secure.gravatar.com\/avatar\/55cb5e37c1efa326397366e6974cb338056df65cb50e7d64d1cf314e87504837?s=96&d=mm&r=g\",\"caption\":\"Arnaldo Botto\"},\"url\":\"https:\/\/www.noticiasradioreflejos.com.ar\/2021\/author\/arnaldo\/\"}]}<\/script>\n<!-- \/ Yoast SEO plugin. -->","yoast_head_json":{"title":"Para los carniceros, el cierre de exportaciones \"es un paso\" para organizar el mercado - Noticias Radio Reflejos","robots":{"index":"index","follow":"follow","max-snippet":"max-snippet:-1","max-image-preview":"max-image-preview:large","max-video-preview":"max-video-preview:-1"},"canonical":"https:\/\/www.noticiasradioreflejos.com.ar\/2021\/para-los-carniceros-el-cierre-de-exportaciones-es-un-paso-para-organizar-el-mercado\/","og_locale":"es_ES","og_type":"article","og_title":"Para los carniceros, el cierre de exportaciones \"es un paso\" para organizar el mercado - Noticias Radio Reflejos","og_description":"La medida fue bien recibida por el presidente de la Asociaci\u00f3n de Propietarios de Carnicer\u00edas, Alberto Williams: \u00abCon este precio es imposible seguir trabajando; ya la gente pr\u00e1cticamente no va a comprar carne porque un kilo de milanesas a 850 pesos es un disparate\u00bb.","og_url":"https:\/\/www.noticiasradioreflejos.com.ar\/2021\/para-los-carniceros-el-cierre-de-exportaciones-es-un-paso-para-organizar-el-mercado\/","og_site_name":"Noticias Radio Reflejos","article_published_time":"2021-05-18T18:10:13+00:00","og_image":[{"url":"https:\/\/www.telam.com.ar\/advf\/imagenes\/2021\/03\/60560451d65ad_1004x565.jpg","type":"","width":"","height":""}],"author":"Arnaldo Botto","twitter_card":"summary_large_image","schema":{"@context":"https:\/\/schema.org","@graph":[{"@type":"WebPage","@id":"https:\/\/www.noticiasradioreflejos.com.ar\/2021\/para-los-carniceros-el-cierre-de-exportaciones-es-un-paso-para-organizar-el-mercado\/","url":"https:\/\/www.noticiasradioreflejos.com.ar\/2021\/para-los-carniceros-el-cierre-de-exportaciones-es-un-paso-para-organizar-el-mercado\/","name":"Para los carniceros, el cierre de exportaciones \"es un paso\" para organizar el mercado - Noticias Radio Reflejos","isPartOf":{"@id":"https:\/\/www.noticiasradioreflejos.com.ar\/2021\/#website"},"primaryImageOfPage":{"@id":"https:\/\/www.noticiasradioreflejos.com.ar\/2021\/para-los-carniceros-el-cierre-de-exportaciones-es-un-paso-para-organizar-el-mercado\/#primaryimage"},"image":{"@id":"https:\/\/www.noticiasradioreflejos.com.ar\/2021\/para-los-carniceros-el-cierre-de-exportaciones-es-un-paso-para-organizar-el-mercado\/#primaryimage"},"thumbnailUrl":"https:\/\/www.telam.com.ar\/advf\/imagenes\/2021\/03\/60560451d65ad_1004x565.jpg","datePublished":"2021-05-18T18:10:13+00:00","author":{"@id":"https:\/\/www.noticiasradioreflejos.com.ar\/2021\/#\/schema\/person\/ad82545263dcc5ec0996818884fd5fb1"},"breadcrumb":{"@id":"https:\/\/www.noticiasradioreflejos.com.ar\/2021\/para-los-carniceros-el-cierre-de-exportaciones-es-un-paso-para-organizar-el-mercado\/#breadcrumb"},"inLanguage":"es","potentialAction":[{"@type":"ReadAction","target":["https:\/\/www.noticiasradioreflejos.com.ar\/2021\/para-los-carniceros-el-cierre-de-exportaciones-es-un-paso-para-organizar-el-mercado\/"]}]},{"@type":"ImageObject","inLanguage":"es","@id":"https:\/\/www.noticiasradioreflejos.com.ar\/2021\/para-los-carniceros-el-cierre-de-exportaciones-es-un-paso-para-organizar-el-mercado\/#primaryimage","url":"https:\/\/www.telam.com.ar\/advf\/imagenes\/2021\/03\/60560451d65ad_1004x565.jpg","contentUrl":"https:\/\/www.telam.com.ar\/advf\/imagenes\/2021\/03\/60560451d65ad_1004x565.jpg"},{"@type":"BreadcrumbList","@id":"https:\/\/www.noticiasradioreflejos.com.ar\/2021\/para-los-carniceros-el-cierre-de-exportaciones-es-un-paso-para-organizar-el-mercado\/#breadcrumb","itemListElement":[{"@type":"ListItem","position":1,"name":"Portada","item":"https:\/\/www.noticiasradioreflejos.com.ar\/2021\/"},{"@type":"ListItem","position":2,"name":"Para los carniceros, el cierre de exportaciones \u00abes un paso\u00bb para organizar el mercado"}]},{"@type":"WebSite","@id":"https:\/\/www.noticiasradioreflejos.com.ar\/2021\/#website","url":"https:\/\/www.noticiasradioreflejos.com.ar\/2021\/","name":"Noticias Radio Reflejos","description":"Las noticias de mi comarca","potentialAction":[{"@type":"SearchAction","target":{"@type":"EntryPoint","urlTemplate":"https:\/\/www.noticiasradioreflejos.com.ar\/2021\/?s={search_term_string}"},"query-input":{"@type":"PropertyValueSpecification","valueRequired":true,"valueName":"search_term_string"}}],"inLanguage":"es"},{"@type":"Person","@id":"https:\/\/www.noticiasradioreflejos.com.ar\/2021\/#\/schema\/person\/ad82545263dcc5ec0996818884fd5fb1","name":"Arnaldo Botto","image":{"@type":"ImageObject","inLanguage":"es","@id":"https:\/\/www.noticiasradioreflejos.com.ar\/2021\/#\/schema\/person\/image\/","url":"https:\/\/secure.gravatar.com\/avatar\/55cb5e37c1efa326397366e6974cb338056df65cb50e7d64d1cf314e87504837?s=96&d=mm&r=g","contentUrl":"https:\/\/secure.gravatar.com\/avatar\/55cb5e37c1efa326397366e6974cb338056df65cb50e7d64d1cf314e87504837?s=96&d=mm&r=g","caption":"Arnaldo Botto"},"url":"https:\/\/www.noticiasradioreflejos.com.ar\/2021\/author\/arnaldo\/"}]}},"_links":{"self":[{"href":"https:\/\/www.noticiasradioreflejos.com.ar\/2021\/wp-json\/wp\/v2\/posts\/57054","targetHints":{"allow":["GET"]}}],"collection":[{"href":"https:\/\/www.noticiasradioreflejos.com.ar\/2021\/wp-json\/wp\/v2\/posts"}],"about":[{"href":"https:\/\/www.noticiasradioreflejos.com.ar\/2021\/wp-json\/wp\/v2\/types\/post"}],"author":[{"embeddable":true,"href":"https:\/\/www.noticiasradioreflejos.com.ar\/2021\/wp-json\/wp\/v2\/users\/3"}],"replies":[{"embeddable":true,"href":"https:\/\/www.noticiasradioreflejos.com.ar\/2021\/wp-json\/wp\/v2\/comments?post=57054"}],"version-history":[{"count":1,"href":"https:\/\/www.noticiasradioreflejos.com.ar\/2021\/wp-json\/wp\/v2\/posts\/57054\/revisions"}],"predecessor-version":[{"id":57056,"href":"https:\/\/www.noticiasradioreflejos.com.ar\/2021\/wp-json\/wp\/v2\/posts\/57054\/revisions\/57056"}],"wp:attachment":[{"href":"https:\/\/www.noticiasradioreflejos.com.ar\/2021\/wp-json\/wp\/v2\/media?parent=57054"}],"wp:term":[{"taxonomy":"category","embeddable":true,"href":"https:\/\/www.noticiasradioreflejos.com.ar\/2021\/wp-json\/wp\/v2\/categories?post=57054"},{"taxonomy":"post_tag","embeddable":true,"href":"https:\/\/www.noticiasradioreflejos.com.ar\/2021\/wp-json\/wp\/v2\/tags?post=57054"}],"curies":[{"name":"wp","href":"https:\/\/api.w.org\/{rel}","templated":true}]}}