{"id":57051,"date":"2021-05-18T18:03:13","date_gmt":"2021-05-18T18:03:13","guid":{"rendered":"http:\/\/www.noticiasradioreflejos.com.ar\/2021\/?p=57051"},"modified":"2021-05-18T18:03:13","modified_gmt":"2021-05-18T18:03:13","slug":"el-presidente-adelanto-que-seguiran-las-restricciones-pero-descarto-una-vuelta-a-fase-1","status":"publish","type":"post","link":"https:\/\/www.noticiasradioreflejos.com.ar\/2021\/el-presidente-adelanto-que-seguiran-las-restricciones-pero-descarto-una-vuelta-a-fase-1\/","title":{"rendered":"El Presidente adelant\u00f3 que seguir\u00e1n las restricciones pero descart\u00f3 una vuelta a Fase 1"},"content":{"rendered":"<div class=\"head-content\">\n<p>El mandatario reclam\u00f3 a las jurisdicciones que \u00abse hagan cargo\u00bb de la situaci\u00f3n, y lament\u00f3 \u00abel tiempo que han perdido\u00bb distritos como la ciudad de Buenos Aires y C\u00f3rdoba al no adoptar algunas de las medidas.<\/p>\n<\/div>\n<p><!--more--><\/p>\n<div class=\"main-content-block\">\n<div class=\"main-box clearfix\">\n<div class=\"wrapper-main-section clearfix\">\n<div class=\"wrapper-editable-content\">\n<div class=\"editable-content clearfix\">\n<div id=\"image\" class=\"image\">\n<div class=\"epigrafe\"><\/div>\n<\/div>\n<p>El presidente Alberto Fern\u00e1ndez dijo este martes que en los \u00abt\u00e9rminos\u00bb en los que se presenta actualmente la evoluci\u00f3n de la pandemia de coronavirus, \u00abvan a seguir las restricciones\u00bb m\u00e1s all\u00e1 de este viernes, cuando vencen las actuales medidas, aunque descart\u00f3 de plano un regreso a Fase 1 y lament\u00f3 \u00abel tiempo que han perdido\u00bb distritos como la ciudad de Buenos Aires y C\u00f3rdoba al no adoptar algunas de esas decisiones.<\/p>\n<p>\u00abEn estos t\u00e9rminos, van a seguir las restricciones\u00bb frente a la segunda ola de coronavirus, anticip\u00f3 el mandatario en declaraciones formuladas a Radio 10, en las que, no obstante, aclar\u00f3 que no habr\u00e1 una vuelta a Fase 1, incluso \u00abpor un tema sociol\u00f3gico\u00bb, y reclam\u00f3 a las jurisdicciones que \u00abse hagan cargo\u00bb de la situaci\u00f3n.<\/p>\n<p>\u00abMe parece que, en estos t\u00e9rminos, debemos seguir\u00bb con las restricciones, asever\u00f3 el Presidente, con vistas al vencimiento este viernes del \u00faltimo decreto de necesidad y urgencia que estableci\u00f3 las restricciones que rigen actualmente para mitigar la propagaci\u00f3n de la segunda ola de coronavirus.<\/p>\n<p>En esa l\u00ednea, sostuvo que \u00abtodos estamos cansados, angustiados, pero es lo que nos toca vivir, y lo que m\u00e1s queremos es vivir y dejar de hacer pol\u00edtica por la pandemia\u00bb.<\/p>\n<\/div>\n<blockquote class=\"twitter-tweet\" data-width=\"500\" data-dnt=\"true\">\n<p lang=\"es\" dir=\"ltr\">Situaci\u00f3n <a href=\"https:\/\/twitter.com\/hashtag\/COVID19?src=hash&amp;ref_src=twsrc%5Etfw\">#COVID19<\/a> en Argentina<\/p>\n<p>Confirmados: 28.680 | Total: 3.335.965 casos          <\/p>\n<p>Fallecidos: 505 | Total: 71.027<\/p>\n<p>Ocupaci\u00f3n camas UTI: 5.690<\/p>\n<p>Porcentaje ocupaci\u00f3n total camas UTI adulto: <\/p>\n<p>&#8211; Naci\u00f3n: 69,7%<br \/>&#8211; AMBA: 75,7%<\/p>\n<p>Reporte completo\ud83d\udd3b<a href=\"https:\/\/t.co\/be4GiHOwpj\">https:\/\/t.co\/be4GiHOwpj<\/a><\/p>\n<p>&mdash; Ministerio de Salud de la Naci\u00f3n (@msalnacion) <a href=\"https:\/\/twitter.com\/msalnacion\/status\/1394403442232373251?ref_src=twsrc%5Etfw\">May 17, 2021<\/a><\/p><\/blockquote>\n<p><script async src=\"https:\/\/platform.twitter.com\/widgets.js\" charset=\"utf-8\"><\/script><\/p>\n<p>Cuando fue consultado sobre la posibilidad de que el gobernador cordob\u00e9s, Juan Schiaretti, y el jefe de Gobierno porte\u00f1o, Horacio Rodr\u00edguez Larreta, est\u00e9n analizando aplicar aplicar en esta oportunidad, a diferencia de la anterior, las nuevas restricciones, el Presidente dijo: \u00abLamento el tiempo que han perdido\u00bb.<\/p>\n<p>En ese marco, Fern\u00e1ndez agreg\u00f3 que es \u00abmuy respetuoso de las libertades individuales\u00bb y enfatiz\u00f3:<strong>\u00a0\u00abAlgo que no he querido es restringir la circulaci\u00f3n, pero no hay otro modo de resolver el tema que no sea \u00e9ste\u00bb<\/strong>.<\/p>\n<p>De todos modos, asegur\u00f3 que \u00aba Fase 1 no se vuelve\u00bb y le pidi\u00f3 a las autoridades de cada jurisdicci\u00f3n que \u00abvuelvan a poner los controles\u00bb ante un cierto relajamiento de la poblaci\u00f3n frente a las medidas necesarias para evitar los contagios.<\/p>\n<p>\u00abLo que pido es que se entienda lo que est\u00e1 pasando y que se hagan cargo de esta mayor cantidad de casos, que es el resultado de decir que la vida siga como si no pasara nada\u00bb, sostuvo el mandatario.<\/p>\n<blockquote><p>\u00abTodos estamos cansados, angustiados, pero es lo que nos toca vivir, y lo que m\u00e1s queremos es vivir y dejar de hacer pol\u00edtica por la pandemia\u00bb<\/p><\/blockquote>\n<div id=\"image\" class=\"image\">\n<p><img decoding=\"async\" title=\"&quot;En estos t\u00e9rminos, van a seguir las restricciones&quot; frente a la segunda ola de coronavirus, anticip\u00f3 el mandatario.\" src=\"https:\/\/www.telam.com.ar\/advf\/imagenes\/2020\/07\/5efc7dd2494f4_1004x565.jpg\" alt=\"&quot;En estos t\u00e9rminos, van a seguir las restricciones&quot; frente a la segunda ola de coronavirus, anticip\u00f3 el mandatario.\" \/><\/p>\n<div class=\"epigrafe\">\u00abEn estos t\u00e9rminos, van a seguir las restricciones\u00bb frente a la segunda ola de coronavirus, anticip\u00f3 el mandatario.<\/div>\n<\/div>\n<p>En ese sentido, Fern\u00e1ndez insisti\u00f3 en que \u00abhay una pandemia, un virus que nos contagia y nos mata, y nos tiene que doler el n\u00famero de 500 personas muertas en un d\u00eda, y tenemos que llamar a la reflexi\u00f3n porque no nos estamos cuidando\u00bb.<\/p>\n<p>En ese marco, respecto de las restricciones, record\u00f3 que la semana pasada, durante su gira europea y en Par\u00eds, se fue \u00abcaminando desde el hotel a las 11 de la ma\u00f1ana hasta la torre Eiffel\u00bb y sostuvo que, en el trayecto de \u00ab25 cuadras\u00bb no encontr\u00f3 \u00abun bar donde comprar un caf\u00e9\u00bb.<\/p>\n<p>Respeto de diferencias con Rodr\u00edguez Larreta, explic\u00f3:<strong>\u00a0\u00abSiempre digo lo mismo, le dije a Horacio que si en el colegio no se contagian, si en los restaurants, los bares y cines no se contagian, \u00bfd\u00f3nde se contagian?\u00bb<\/strong>.<\/p>\n<p>Record\u00f3 adem\u00e1s que, cuando tom\u00f3 la decisi\u00f3n de disponer nuevas restricciones, \u00e9l mismo \u00abacababa de salir del Covid (por su contagio el abril \u00faltimo), y habl\u00e9 con los infect\u00f3logos, y todos me dec\u00edan que hab\u00edamos adquirido un ritmo con el que \u00edbamos a llegar a 40 mil contagios diarios\u00bb.<\/p>\n<p>\u00abDurante d\u00edas no dorm\u00ed pensando en eso, y tuvimos uno de los d\u00edas 29 mil, y sal\u00ed decidido a decir que se cortaban las clases presenciales y la circulaci\u00f3n desde las 8 de la noche, pero me criticaron y me llevaron a la Corte, a la que le hicieron decir lo que le hicieron decir\u00bb, concluy\u00f3 el mandatario.<\/p>\n<\/div>\n<\/div>\n<\/div>\n<\/div>\n","protected":false},"excerpt":{"rendered":"<p>El mandatario reclam\u00f3 a las jurisdicciones que \u00abse hagan cargo\u00bb de la situaci\u00f3n, y lament\u00f3 \u00abel tiempo que han perdido\u00bb distritos como la ciudad de Buenos Aires y C\u00f3rdoba al no adoptar algunas de las medidas.<\/p>\n","protected":false},"author":3,"featured_media":0,"comment_status":"closed","ping_status":"closed","sticky":false,"template":"","format":"standard","meta":{"footnotes":""},"categories":[24],"tags":[],"class_list":["post-57051","post","type-post","status-publish","format-standard","hentry","category-politica"],"yoast_head":"<!-- This site is optimized with the Yoast SEO plugin v25.9 - https:\/\/yoast.com\/wordpress\/plugins\/seo\/ -->\n<title>El Presidente adelant\u00f3 que seguir\u00e1n las restricciones pero descart\u00f3 una vuelta a Fase 1 - Noticias Radio Reflejos<\/title>\n<meta name=\"robots\" content=\"index, follow, max-snippet:-1, max-image-preview:large, max-video-preview:-1\" \/>\n<link rel=\"canonical\" href=\"https:\/\/www.noticiasradioreflejos.com.ar\/2021\/el-presidente-adelanto-que-seguiran-las-restricciones-pero-descarto-una-vuelta-a-fase-1\/\" \/>\n<meta property=\"og:locale\" content=\"es_ES\" \/>\n<meta property=\"og:type\" content=\"article\" \/>\n<meta property=\"og:title\" content=\"El Presidente adelant\u00f3 que seguir\u00e1n las restricciones pero descart\u00f3 una vuelta a Fase 1 - Noticias Radio Reflejos\" \/>\n<meta property=\"og:description\" content=\"El mandatario reclam\u00f3 a las jurisdicciones que \u00abse hagan cargo\u00bb de la situaci\u00f3n, y lament\u00f3 \u00abel tiempo que han perdido\u00bb distritos como la ciudad de Buenos Aires y C\u00f3rdoba al no adoptar algunas de las medidas.\" \/>\n<meta property=\"og:url\" content=\"https:\/\/www.noticiasradioreflejos.com.ar\/2021\/el-presidente-adelanto-que-seguiran-las-restricciones-pero-descarto-una-vuelta-a-fase-1\/\" \/>\n<meta property=\"og:site_name\" content=\"Noticias Radio Reflejos\" \/>\n<meta property=\"article:published_time\" content=\"2021-05-18T18:03:13+00:00\" \/>\n<meta property=\"og:image\" content=\"https:\/\/www.telam.com.ar\/advf\/imagenes\/2020\/07\/5efc7dd2494f4_1004x565.jpg\" \/>\n<meta name=\"author\" content=\"Arnaldo Botto\" \/>\n<meta name=\"twitter:card\" content=\"summary_large_image\" \/>\n<script type=\"application\/ld+json\" class=\"yoast-schema-graph\">{\"@context\":\"https:\/\/schema.org\",\"@graph\":[{\"@type\":\"WebPage\",\"@id\":\"https:\/\/www.noticiasradioreflejos.com.ar\/2021\/el-presidente-adelanto-que-seguiran-las-restricciones-pero-descarto-una-vuelta-a-fase-1\/\",\"url\":\"https:\/\/www.noticiasradioreflejos.com.ar\/2021\/el-presidente-adelanto-que-seguiran-las-restricciones-pero-descarto-una-vuelta-a-fase-1\/\",\"name\":\"El Presidente adelant\u00f3 que seguir\u00e1n las restricciones pero descart\u00f3 una vuelta a Fase 1 - Noticias Radio Reflejos\",\"isPartOf\":{\"@id\":\"https:\/\/www.noticiasradioreflejos.com.ar\/2021\/#website\"},\"primaryImageOfPage\":{\"@id\":\"https:\/\/www.noticiasradioreflejos.com.ar\/2021\/el-presidente-adelanto-que-seguiran-las-restricciones-pero-descarto-una-vuelta-a-fase-1\/#primaryimage\"},\"image\":{\"@id\":\"https:\/\/www.noticiasradioreflejos.com.ar\/2021\/el-presidente-adelanto-que-seguiran-las-restricciones-pero-descarto-una-vuelta-a-fase-1\/#primaryimage\"},\"thumbnailUrl\":\"https:\/\/www.telam.com.ar\/advf\/imagenes\/2020\/07\/5efc7dd2494f4_1004x565.jpg\",\"datePublished\":\"2021-05-18T18:03:13+00:00\",\"author\":{\"@id\":\"https:\/\/www.noticiasradioreflejos.com.ar\/2021\/#\/schema\/person\/ad82545263dcc5ec0996818884fd5fb1\"},\"breadcrumb\":{\"@id\":\"https:\/\/www.noticiasradioreflejos.com.ar\/2021\/el-presidente-adelanto-que-seguiran-las-restricciones-pero-descarto-una-vuelta-a-fase-1\/#breadcrumb\"},\"inLanguage\":\"es\",\"potentialAction\":[{\"@type\":\"ReadAction\",\"target\":[\"https:\/\/www.noticiasradioreflejos.com.ar\/2021\/el-presidente-adelanto-que-seguiran-las-restricciones-pero-descarto-una-vuelta-a-fase-1\/\"]}]},{\"@type\":\"ImageObject\",\"inLanguage\":\"es\",\"@id\":\"https:\/\/www.noticiasradioreflejos.com.ar\/2021\/el-presidente-adelanto-que-seguiran-las-restricciones-pero-descarto-una-vuelta-a-fase-1\/#primaryimage\",\"url\":\"https:\/\/www.telam.com.ar\/advf\/imagenes\/2020\/07\/5efc7dd2494f4_1004x565.jpg\",\"contentUrl\":\"https:\/\/www.telam.com.ar\/advf\/imagenes\/2020\/07\/5efc7dd2494f4_1004x565.jpg\"},{\"@type\":\"BreadcrumbList\",\"@id\":\"https:\/\/www.noticiasradioreflejos.com.ar\/2021\/el-presidente-adelanto-que-seguiran-las-restricciones-pero-descarto-una-vuelta-a-fase-1\/#breadcrumb\",\"itemListElement\":[{\"@type\":\"ListItem\",\"position\":1,\"name\":\"Portada\",\"item\":\"https:\/\/www.noticiasradioreflejos.com.ar\/2021\/\"},{\"@type\":\"ListItem\",\"position\":2,\"name\":\"El Presidente adelant\u00f3 que seguir\u00e1n las restricciones pero descart\u00f3 una vuelta a Fase 1\"}]},{\"@type\":\"WebSite\",\"@id\":\"https:\/\/www.noticiasradioreflejos.com.ar\/2021\/#website\",\"url\":\"https:\/\/www.noticiasradioreflejos.com.ar\/2021\/\",\"name\":\"Noticias Radio Reflejos\",\"description\":\"Las noticias de mi comarca\",\"potentialAction\":[{\"@type\":\"SearchAction\",\"target\":{\"@type\":\"EntryPoint\",\"urlTemplate\":\"https:\/\/www.noticiasradioreflejos.com.ar\/2021\/?s={search_term_string}\"},\"query-input\":{\"@type\":\"PropertyValueSpecification\",\"valueRequired\":true,\"valueName\":\"search_term_string\"}}],\"inLanguage\":\"es\"},{\"@type\":\"Person\",\"@id\":\"https:\/\/www.noticiasradioreflejos.com.ar\/2021\/#\/schema\/person\/ad82545263dcc5ec0996818884fd5fb1\",\"name\":\"Arnaldo Botto\",\"image\":{\"@type\":\"ImageObject\",\"inLanguage\":\"es\",\"@id\":\"https:\/\/www.noticiasradioreflejos.com.ar\/2021\/#\/schema\/person\/image\/\",\"url\":\"https:\/\/secure.gravatar.com\/avatar\/55cb5e37c1efa326397366e6974cb338056df65cb50e7d64d1cf314e87504837?s=96&d=mm&r=g\",\"contentUrl\":\"https:\/\/secure.gravatar.com\/avatar\/55cb5e37c1efa326397366e6974cb338056df65cb50e7d64d1cf314e87504837?s=96&d=mm&r=g\",\"caption\":\"Arnaldo Botto\"},\"url\":\"https:\/\/www.noticiasradioreflejos.com.ar\/2021\/author\/arnaldo\/\"}]}<\/script>\n<!-- \/ Yoast SEO plugin. -->","yoast_head_json":{"title":"El Presidente adelant\u00f3 que seguir\u00e1n las restricciones pero descart\u00f3 una vuelta a Fase 1 - Noticias Radio Reflejos","robots":{"index":"index","follow":"follow","max-snippet":"max-snippet:-1","max-image-preview":"max-image-preview:large","max-video-preview":"max-video-preview:-1"},"canonical":"https:\/\/www.noticiasradioreflejos.com.ar\/2021\/el-presidente-adelanto-que-seguiran-las-restricciones-pero-descarto-una-vuelta-a-fase-1\/","og_locale":"es_ES","og_type":"article","og_title":"El Presidente adelant\u00f3 que seguir\u00e1n las restricciones pero descart\u00f3 una vuelta a Fase 1 - Noticias Radio Reflejos","og_description":"El mandatario reclam\u00f3 a las jurisdicciones que \u00abse hagan cargo\u00bb de la situaci\u00f3n, y lament\u00f3 \u00abel tiempo que han perdido\u00bb distritos como la ciudad de Buenos Aires y C\u00f3rdoba al no adoptar algunas de las medidas.","og_url":"https:\/\/www.noticiasradioreflejos.com.ar\/2021\/el-presidente-adelanto-que-seguiran-las-restricciones-pero-descarto-una-vuelta-a-fase-1\/","og_site_name":"Noticias Radio Reflejos","article_published_time":"2021-05-18T18:03:13+00:00","og_image":[{"url":"https:\/\/www.telam.com.ar\/advf\/imagenes\/2020\/07\/5efc7dd2494f4_1004x565.jpg","type":"","width":"","height":""}],"author":"Arnaldo Botto","twitter_card":"summary_large_image","schema":{"@context":"https:\/\/schema.org","@graph":[{"@type":"WebPage","@id":"https:\/\/www.noticiasradioreflejos.com.ar\/2021\/el-presidente-adelanto-que-seguiran-las-restricciones-pero-descarto-una-vuelta-a-fase-1\/","url":"https:\/\/www.noticiasradioreflejos.com.ar\/2021\/el-presidente-adelanto-que-seguiran-las-restricciones-pero-descarto-una-vuelta-a-fase-1\/","name":"El Presidente adelant\u00f3 que seguir\u00e1n las restricciones pero descart\u00f3 una vuelta a Fase 1 - Noticias Radio Reflejos","isPartOf":{"@id":"https:\/\/www.noticiasradioreflejos.com.ar\/2021\/#website"},"primaryImageOfPage":{"@id":"https:\/\/www.noticiasradioreflejos.com.ar\/2021\/el-presidente-adelanto-que-seguiran-las-restricciones-pero-descarto-una-vuelta-a-fase-1\/#primaryimage"},"image":{"@id":"https:\/\/www.noticiasradioreflejos.com.ar\/2021\/el-presidente-adelanto-que-seguiran-las-restricciones-pero-descarto-una-vuelta-a-fase-1\/#primaryimage"},"thumbnailUrl":"https:\/\/www.telam.com.ar\/advf\/imagenes\/2020\/07\/5efc7dd2494f4_1004x565.jpg","datePublished":"2021-05-18T18:03:13+00:00","author":{"@id":"https:\/\/www.noticiasradioreflejos.com.ar\/2021\/#\/schema\/person\/ad82545263dcc5ec0996818884fd5fb1"},"breadcrumb":{"@id":"https:\/\/www.noticiasradioreflejos.com.ar\/2021\/el-presidente-adelanto-que-seguiran-las-restricciones-pero-descarto-una-vuelta-a-fase-1\/#breadcrumb"},"inLanguage":"es","potentialAction":[{"@type":"ReadAction","target":["https:\/\/www.noticiasradioreflejos.com.ar\/2021\/el-presidente-adelanto-que-seguiran-las-restricciones-pero-descarto-una-vuelta-a-fase-1\/"]}]},{"@type":"ImageObject","inLanguage":"es","@id":"https:\/\/www.noticiasradioreflejos.com.ar\/2021\/el-presidente-adelanto-que-seguiran-las-restricciones-pero-descarto-una-vuelta-a-fase-1\/#primaryimage","url":"https:\/\/www.telam.com.ar\/advf\/imagenes\/2020\/07\/5efc7dd2494f4_1004x565.jpg","contentUrl":"https:\/\/www.telam.com.ar\/advf\/imagenes\/2020\/07\/5efc7dd2494f4_1004x565.jpg"},{"@type":"BreadcrumbList","@id":"https:\/\/www.noticiasradioreflejos.com.ar\/2021\/el-presidente-adelanto-que-seguiran-las-restricciones-pero-descarto-una-vuelta-a-fase-1\/#breadcrumb","itemListElement":[{"@type":"ListItem","position":1,"name":"Portada","item":"https:\/\/www.noticiasradioreflejos.com.ar\/2021\/"},{"@type":"ListItem","position":2,"name":"El Presidente adelant\u00f3 que seguir\u00e1n las restricciones pero descart\u00f3 una vuelta a Fase 1"}]},{"@type":"WebSite","@id":"https:\/\/www.noticiasradioreflejos.com.ar\/2021\/#website","url":"https:\/\/www.noticiasradioreflejos.com.ar\/2021\/","name":"Noticias Radio Reflejos","description":"Las noticias de mi comarca","potentialAction":[{"@type":"SearchAction","target":{"@type":"EntryPoint","urlTemplate":"https:\/\/www.noticiasradioreflejos.com.ar\/2021\/?s={search_term_string}"},"query-input":{"@type":"PropertyValueSpecification","valueRequired":true,"valueName":"search_term_string"}}],"inLanguage":"es"},{"@type":"Person","@id":"https:\/\/www.noticiasradioreflejos.com.ar\/2021\/#\/schema\/person\/ad82545263dcc5ec0996818884fd5fb1","name":"Arnaldo Botto","image":{"@type":"ImageObject","inLanguage":"es","@id":"https:\/\/www.noticiasradioreflejos.com.ar\/2021\/#\/schema\/person\/image\/","url":"https:\/\/secure.gravatar.com\/avatar\/55cb5e37c1efa326397366e6974cb338056df65cb50e7d64d1cf314e87504837?s=96&d=mm&r=g","contentUrl":"https:\/\/secure.gravatar.com\/avatar\/55cb5e37c1efa326397366e6974cb338056df65cb50e7d64d1cf314e87504837?s=96&d=mm&r=g","caption":"Arnaldo Botto"},"url":"https:\/\/www.noticiasradioreflejos.com.ar\/2021\/author\/arnaldo\/"}]}},"_links":{"self":[{"href":"https:\/\/www.noticiasradioreflejos.com.ar\/2021\/wp-json\/wp\/v2\/posts\/57051","targetHints":{"allow":["GET"]}}],"collection":[{"href":"https:\/\/www.noticiasradioreflejos.com.ar\/2021\/wp-json\/wp\/v2\/posts"}],"about":[{"href":"https:\/\/www.noticiasradioreflejos.com.ar\/2021\/wp-json\/wp\/v2\/types\/post"}],"author":[{"embeddable":true,"href":"https:\/\/www.noticiasradioreflejos.com.ar\/2021\/wp-json\/wp\/v2\/users\/3"}],"replies":[{"embeddable":true,"href":"https:\/\/www.noticiasradioreflejos.com.ar\/2021\/wp-json\/wp\/v2\/comments?post=57051"}],"version-history":[{"count":1,"href":"https:\/\/www.noticiasradioreflejos.com.ar\/2021\/wp-json\/wp\/v2\/posts\/57051\/revisions"}],"predecessor-version":[{"id":57053,"href":"https:\/\/www.noticiasradioreflejos.com.ar\/2021\/wp-json\/wp\/v2\/posts\/57051\/revisions\/57053"}],"wp:attachment":[{"href":"https:\/\/www.noticiasradioreflejos.com.ar\/2021\/wp-json\/wp\/v2\/media?parent=57051"}],"wp:term":[{"taxonomy":"category","embeddable":true,"href":"https:\/\/www.noticiasradioreflejos.com.ar\/2021\/wp-json\/wp\/v2\/categories?post=57051"},{"taxonomy":"post_tag","embeddable":true,"href":"https:\/\/www.noticiasradioreflejos.com.ar\/2021\/wp-json\/wp\/v2\/tags?post=57051"}],"curies":[{"name":"wp","href":"https:\/\/api.w.org\/{rel}","templated":true}]}}