{"id":57048,"date":"2021-05-18T17:58:22","date_gmt":"2021-05-18T17:58:22","guid":{"rendered":"http:\/\/www.noticiasradioreflejos.com.ar\/2021\/?p=57048"},"modified":"2021-05-18T17:59:57","modified_gmt":"2021-05-18T17:59:57","slug":"bahia-blanca-confirman-546-casos-nuevos-en-la-ciudad-la-cifra-mas-alta-en-una-jornada","status":"publish","type":"post","link":"https:\/\/www.noticiasradioreflejos.com.ar\/2021\/bahia-blanca-confirman-546-casos-nuevos-en-la-ciudad-la-cifra-mas-alta-en-una-jornada\/","title":{"rendered":"Bah\u00eda Blanca: Confirman 546 casos nuevos en la ciudad, la cifra m\u00e1s alta en una jornada"},"content":{"rendered":"<header id=\"mvp-post-head\" class=\"left relative\">De esta manera, la cantidad de contagios en la ciudad desde que se inici\u00f3 la pandemia lleg\u00f3 a 26.648, mientras que la cifra de muertos alcanz\u00f3 los 526.<\/header>\n<p><!--more--><\/p>\n<div class=\"mvp-post-main-out left relative\">\n<div class=\"mvp-post-main-in\">\n<div id=\"mvp-post-content\" class=\"left relative\">\n<div id=\"mvp-post-feat-img\" class=\"left relative mvp-post-feat-img-wide2\"><img loading=\"lazy\" decoding=\"async\" class=\"attachment- size- wp-post-image\" src=\"https:\/\/www.labrujula24.com\/wp-content\/uploads\/2020\/03\/corona-8.jpg\" sizes=\"auto, (max-width: 1000px) 100vw, 1000px\" srcset=\"https:\/\/www.labrujula24.com\/wp-content\/uploads\/2020\/03\/corona-8.jpg 1000w, https:\/\/www.labrujula24.com\/wp-content\/uploads\/2020\/03\/corona-8-768x461.jpg 768w, https:\/\/www.labrujula24.com\/wp-content\/uploads\/2020\/03\/corona-8-590x354.jpg 590w, https:\/\/www.labrujula24.com\/wp-content\/uploads\/2020\/03\/corona-8-400x240.jpg 400w, https:\/\/www.labrujula24.com\/wp-content\/uploads\/2020\/03\/corona-8-600x360.jpg 600w\" alt=\"\" width=\"1000\" height=\"600\" \/><\/div>\n<div id=\"mvp-content-wrap\" class=\"left relative\">\n<div class=\"mvp-post-soc-out right relative\">\n<div class=\"mvp-post-soc-in\">\n<div id=\"mvp-content-body\" class=\"left relative\">\n<div id=\"mvp-content-body-top\" class=\"left relative\">\n<div id=\"mvp-content-main\" class=\"left relative\">\n<div id=\"textbody\">\n<div class=\"code-block code-block-9\">\n<div id=\"ads_Q7WHF96ES5PN\"><\/div>\n<\/div>\n<div class=\"code-block code-block-2\">\n<div class=\"at-above-post\" data-url=\"https:\/\/www.labrujula24.com\/notas\/2021\/05\/18\/confirman-546-casos-nuevos-en-bahia-la-cifra-mas-alta-en-una-jornada-n130390\/\" data-title=\"Confirman 546 casos nuevos en la ciudad, la cifra m\u00e1s alta en una jornada\" data-description=\"De esta manera, la cantidad de contagios en la ciudad desde que se inici\u00f3 la pandemia lleg\u00f3 a 26.648, mientras que la cifra de muertos alcanz\u00f3 los 526.\">\n<div id=\"atstbx\" class=\"at-resp-share-element at-style-responsive addthis-smartlayers addthis-animated at4-show\" role=\"region\" aria-labelledby=\"at-47bb4f8f-ea8b-4219-b0f7-5e23d446cc8b\">\n<p>&nbsp;<\/p>\n<div class=\"at-share-btn-elements\"><\/div>\n<\/div>\n<\/div>\n<\/div>\n<p>El Comit\u00e9 de Contingencia del Municipio de Bah\u00eda Blanca confirm\u00f3 hoy un total de 546 casos nuevos de coronavirus en las \u00faltimas 24 horas. Adem\u00e1s, report\u00f3 un fallecimiento y 243 recuperados.<\/p>\n<p>Se trata de la cifra m\u00e1s alta de una jornada, superando lo registrado el pasado 15 de abril, cuando se registraron 485.<\/p>\n<figure class=\"wp-block-image size-large\"><img loading=\"lazy\" decoding=\"async\" class=\"wp-image-130391\" src=\"https:\/\/www.labrujula24.com\/wp-content\/uploads\/2021\/05\/image-13.png\" alt=\"\" width=\"689\" height=\"458\" \/><\/figure>\n<p>De esta manera, la cantidad de casos en la ciudad desde que se inici\u00f3 la pandemia lleg\u00f3 a 26.648, mientras que la cifra de muertos alcanz\u00f3 los 526.<\/p>\n<p>En estos momentos, la ciudad tiene 3.245 casos activos de coronavirus, la mayor cantidad desde que se inici\u00f3 el brote.<\/p>\n<p>Por \u00faltimo, la cantidad de personas que lograron recuperarse de la enfermedad lleg\u00f3 a 22.877.<\/p>\n<\/div>\n<\/div>\n<\/div>\n<\/div>\n<\/div>\n<\/div>\n<\/div>\n<\/div>\n<\/div>\n<\/div>\n","protected":false},"excerpt":{"rendered":"<p>De esta manera, la cantidad de contagios en la ciudad desde que se inici\u00f3 la pandemia lleg\u00f3 a 26.648, mientras que la cifra de muertos alcanz\u00f3 los 526.<\/p>\n","protected":false},"author":3,"featured_media":0,"comment_status":"closed","ping_status":"closed","sticky":false,"template":"","format":"standard","meta":{"footnotes":""},"categories":[1],"tags":[],"class_list":["post-57048","post","type-post","status-publish","format-standard","hentry","category-sin-categoria"],"yoast_head":"<!-- This site is optimized with the Yoast SEO plugin v25.9 - https:\/\/yoast.com\/wordpress\/plugins\/seo\/ -->\n<title>Bah\u00eda Blanca: Confirman 546 casos nuevos en la ciudad, la cifra m\u00e1s alta en una jornada - Noticias Radio Reflejos<\/title>\n<meta name=\"robots\" content=\"index, follow, max-snippet:-1, max-image-preview:large, max-video-preview:-1\" \/>\n<link rel=\"canonical\" href=\"https:\/\/www.noticiasradioreflejos.com.ar\/2021\/bahia-blanca-confirman-546-casos-nuevos-en-la-ciudad-la-cifra-mas-alta-en-una-jornada\/\" \/>\n<meta property=\"og:locale\" content=\"es_ES\" \/>\n<meta property=\"og:type\" content=\"article\" \/>\n<meta property=\"og:title\" content=\"Bah\u00eda Blanca: Confirman 546 casos nuevos en la ciudad, la cifra m\u00e1s alta en una jornada - Noticias Radio Reflejos\" \/>\n<meta property=\"og:description\" content=\"De esta manera, la cantidad de contagios en la ciudad desde que se inici\u00f3 la pandemia lleg\u00f3 a 26.648, mientras que la cifra de muertos alcanz\u00f3 los 526.\" \/>\n<meta property=\"og:url\" content=\"https:\/\/www.noticiasradioreflejos.com.ar\/2021\/bahia-blanca-confirman-546-casos-nuevos-en-la-ciudad-la-cifra-mas-alta-en-una-jornada\/\" \/>\n<meta property=\"og:site_name\" content=\"Noticias Radio Reflejos\" \/>\n<meta property=\"article:published_time\" content=\"2021-05-18T17:58:22+00:00\" \/>\n<meta property=\"article:modified_time\" content=\"2021-05-18T17:59:57+00:00\" \/>\n<meta property=\"og:image\" content=\"https:\/\/www.labrujula24.com\/wp-content\/uploads\/2020\/03\/corona-8.jpg\" \/>\n<meta name=\"author\" content=\"Arnaldo Botto\" \/>\n<meta name=\"twitter:card\" content=\"summary_large_image\" \/>\n<script type=\"application\/ld+json\" class=\"yoast-schema-graph\">{\"@context\":\"https:\/\/schema.org\",\"@graph\":[{\"@type\":\"WebPage\",\"@id\":\"https:\/\/www.noticiasradioreflejos.com.ar\/2021\/bahia-blanca-confirman-546-casos-nuevos-en-la-ciudad-la-cifra-mas-alta-en-una-jornada\/\",\"url\":\"https:\/\/www.noticiasradioreflejos.com.ar\/2021\/bahia-blanca-confirman-546-casos-nuevos-en-la-ciudad-la-cifra-mas-alta-en-una-jornada\/\",\"name\":\"Bah\u00eda Blanca: Confirman 546 casos nuevos en la ciudad, la cifra m\u00e1s alta en una jornada - Noticias Radio Reflejos\",\"isPartOf\":{\"@id\":\"https:\/\/www.noticiasradioreflejos.com.ar\/2021\/#website\"},\"primaryImageOfPage\":{\"@id\":\"https:\/\/www.noticiasradioreflejos.com.ar\/2021\/bahia-blanca-confirman-546-casos-nuevos-en-la-ciudad-la-cifra-mas-alta-en-una-jornada\/#primaryimage\"},\"image\":{\"@id\":\"https:\/\/www.noticiasradioreflejos.com.ar\/2021\/bahia-blanca-confirman-546-casos-nuevos-en-la-ciudad-la-cifra-mas-alta-en-una-jornada\/#primaryimage\"},\"thumbnailUrl\":\"https:\/\/www.labrujula24.com\/wp-content\/uploads\/2020\/03\/corona-8.jpg\",\"datePublished\":\"2021-05-18T17:58:22+00:00\",\"dateModified\":\"2021-05-18T17:59:57+00:00\",\"author\":{\"@id\":\"https:\/\/www.noticiasradioreflejos.com.ar\/2021\/#\/schema\/person\/ad82545263dcc5ec0996818884fd5fb1\"},\"breadcrumb\":{\"@id\":\"https:\/\/www.noticiasradioreflejos.com.ar\/2021\/bahia-blanca-confirman-546-casos-nuevos-en-la-ciudad-la-cifra-mas-alta-en-una-jornada\/#breadcrumb\"},\"inLanguage\":\"es\",\"potentialAction\":[{\"@type\":\"ReadAction\",\"target\":[\"https:\/\/www.noticiasradioreflejos.com.ar\/2021\/bahia-blanca-confirman-546-casos-nuevos-en-la-ciudad-la-cifra-mas-alta-en-una-jornada\/\"]}]},{\"@type\":\"ImageObject\",\"inLanguage\":\"es\",\"@id\":\"https:\/\/www.noticiasradioreflejos.com.ar\/2021\/bahia-blanca-confirman-546-casos-nuevos-en-la-ciudad-la-cifra-mas-alta-en-una-jornada\/#primaryimage\",\"url\":\"https:\/\/www.labrujula24.com\/wp-content\/uploads\/2020\/03\/corona-8.jpg\",\"contentUrl\":\"https:\/\/www.labrujula24.com\/wp-content\/uploads\/2020\/03\/corona-8.jpg\"},{\"@type\":\"BreadcrumbList\",\"@id\":\"https:\/\/www.noticiasradioreflejos.com.ar\/2021\/bahia-blanca-confirman-546-casos-nuevos-en-la-ciudad-la-cifra-mas-alta-en-una-jornada\/#breadcrumb\",\"itemListElement\":[{\"@type\":\"ListItem\",\"position\":1,\"name\":\"Portada\",\"item\":\"https:\/\/www.noticiasradioreflejos.com.ar\/2021\/\"},{\"@type\":\"ListItem\",\"position\":2,\"name\":\"Bah\u00eda Blanca: Confirman 546 casos nuevos en la ciudad, la cifra m\u00e1s alta en una jornada\"}]},{\"@type\":\"WebSite\",\"@id\":\"https:\/\/www.noticiasradioreflejos.com.ar\/2021\/#website\",\"url\":\"https:\/\/www.noticiasradioreflejos.com.ar\/2021\/\",\"name\":\"Noticias Radio Reflejos\",\"description\":\"Las noticias de mi comarca\",\"potentialAction\":[{\"@type\":\"SearchAction\",\"target\":{\"@type\":\"EntryPoint\",\"urlTemplate\":\"https:\/\/www.noticiasradioreflejos.com.ar\/2021\/?s={search_term_string}\"},\"query-input\":{\"@type\":\"PropertyValueSpecification\",\"valueRequired\":true,\"valueName\":\"search_term_string\"}}],\"inLanguage\":\"es\"},{\"@type\":\"Person\",\"@id\":\"https:\/\/www.noticiasradioreflejos.com.ar\/2021\/#\/schema\/person\/ad82545263dcc5ec0996818884fd5fb1\",\"name\":\"Arnaldo Botto\",\"image\":{\"@type\":\"ImageObject\",\"inLanguage\":\"es\",\"@id\":\"https:\/\/www.noticiasradioreflejos.com.ar\/2021\/#\/schema\/person\/image\/\",\"url\":\"https:\/\/secure.gravatar.com\/avatar\/55cb5e37c1efa326397366e6974cb338056df65cb50e7d64d1cf314e87504837?s=96&d=mm&r=g\",\"contentUrl\":\"https:\/\/secure.gravatar.com\/avatar\/55cb5e37c1efa326397366e6974cb338056df65cb50e7d64d1cf314e87504837?s=96&d=mm&r=g\",\"caption\":\"Arnaldo Botto\"},\"url\":\"https:\/\/www.noticiasradioreflejos.com.ar\/2021\/author\/arnaldo\/\"}]}<\/script>\n<!-- \/ Yoast SEO plugin. -->","yoast_head_json":{"title":"Bah\u00eda Blanca: Confirman 546 casos nuevos en la ciudad, la cifra m\u00e1s alta en una jornada - Noticias Radio Reflejos","robots":{"index":"index","follow":"follow","max-snippet":"max-snippet:-1","max-image-preview":"max-image-preview:large","max-video-preview":"max-video-preview:-1"},"canonical":"https:\/\/www.noticiasradioreflejos.com.ar\/2021\/bahia-blanca-confirman-546-casos-nuevos-en-la-ciudad-la-cifra-mas-alta-en-una-jornada\/","og_locale":"es_ES","og_type":"article","og_title":"Bah\u00eda Blanca: Confirman 546 casos nuevos en la ciudad, la cifra m\u00e1s alta en una jornada - Noticias Radio Reflejos","og_description":"De esta manera, la cantidad de contagios en la ciudad desde que se inici\u00f3 la pandemia lleg\u00f3 a 26.648, mientras que la cifra de muertos alcanz\u00f3 los 526.","og_url":"https:\/\/www.noticiasradioreflejos.com.ar\/2021\/bahia-blanca-confirman-546-casos-nuevos-en-la-ciudad-la-cifra-mas-alta-en-una-jornada\/","og_site_name":"Noticias Radio Reflejos","article_published_time":"2021-05-18T17:58:22+00:00","article_modified_time":"2021-05-18T17:59:57+00:00","og_image":[{"url":"https:\/\/www.labrujula24.com\/wp-content\/uploads\/2020\/03\/corona-8.jpg","type":"","width":"","height":""}],"author":"Arnaldo Botto","twitter_card":"summary_large_image","schema":{"@context":"https:\/\/schema.org","@graph":[{"@type":"WebPage","@id":"https:\/\/www.noticiasradioreflejos.com.ar\/2021\/bahia-blanca-confirman-546-casos-nuevos-en-la-ciudad-la-cifra-mas-alta-en-una-jornada\/","url":"https:\/\/www.noticiasradioreflejos.com.ar\/2021\/bahia-blanca-confirman-546-casos-nuevos-en-la-ciudad-la-cifra-mas-alta-en-una-jornada\/","name":"Bah\u00eda Blanca: Confirman 546 casos nuevos en la ciudad, la cifra m\u00e1s alta en una jornada - Noticias Radio Reflejos","isPartOf":{"@id":"https:\/\/www.noticiasradioreflejos.com.ar\/2021\/#website"},"primaryImageOfPage":{"@id":"https:\/\/www.noticiasradioreflejos.com.ar\/2021\/bahia-blanca-confirman-546-casos-nuevos-en-la-ciudad-la-cifra-mas-alta-en-una-jornada\/#primaryimage"},"image":{"@id":"https:\/\/www.noticiasradioreflejos.com.ar\/2021\/bahia-blanca-confirman-546-casos-nuevos-en-la-ciudad-la-cifra-mas-alta-en-una-jornada\/#primaryimage"},"thumbnailUrl":"https:\/\/www.labrujula24.com\/wp-content\/uploads\/2020\/03\/corona-8.jpg","datePublished":"2021-05-18T17:58:22+00:00","dateModified":"2021-05-18T17:59:57+00:00","author":{"@id":"https:\/\/www.noticiasradioreflejos.com.ar\/2021\/#\/schema\/person\/ad82545263dcc5ec0996818884fd5fb1"},"breadcrumb":{"@id":"https:\/\/www.noticiasradioreflejos.com.ar\/2021\/bahia-blanca-confirman-546-casos-nuevos-en-la-ciudad-la-cifra-mas-alta-en-una-jornada\/#breadcrumb"},"inLanguage":"es","potentialAction":[{"@type":"ReadAction","target":["https:\/\/www.noticiasradioreflejos.com.ar\/2021\/bahia-blanca-confirman-546-casos-nuevos-en-la-ciudad-la-cifra-mas-alta-en-una-jornada\/"]}]},{"@type":"ImageObject","inLanguage":"es","@id":"https:\/\/www.noticiasradioreflejos.com.ar\/2021\/bahia-blanca-confirman-546-casos-nuevos-en-la-ciudad-la-cifra-mas-alta-en-una-jornada\/#primaryimage","url":"https:\/\/www.labrujula24.com\/wp-content\/uploads\/2020\/03\/corona-8.jpg","contentUrl":"https:\/\/www.labrujula24.com\/wp-content\/uploads\/2020\/03\/corona-8.jpg"},{"@type":"BreadcrumbList","@id":"https:\/\/www.noticiasradioreflejos.com.ar\/2021\/bahia-blanca-confirman-546-casos-nuevos-en-la-ciudad-la-cifra-mas-alta-en-una-jornada\/#breadcrumb","itemListElement":[{"@type":"ListItem","position":1,"name":"Portada","item":"https:\/\/www.noticiasradioreflejos.com.ar\/2021\/"},{"@type":"ListItem","position":2,"name":"Bah\u00eda Blanca: Confirman 546 casos nuevos en la ciudad, la cifra m\u00e1s alta en una jornada"}]},{"@type":"WebSite","@id":"https:\/\/www.noticiasradioreflejos.com.ar\/2021\/#website","url":"https:\/\/www.noticiasradioreflejos.com.ar\/2021\/","name":"Noticias Radio Reflejos","description":"Las noticias de mi comarca","potentialAction":[{"@type":"SearchAction","target":{"@type":"EntryPoint","urlTemplate":"https:\/\/www.noticiasradioreflejos.com.ar\/2021\/?s={search_term_string}"},"query-input":{"@type":"PropertyValueSpecification","valueRequired":true,"valueName":"search_term_string"}}],"inLanguage":"es"},{"@type":"Person","@id":"https:\/\/www.noticiasradioreflejos.com.ar\/2021\/#\/schema\/person\/ad82545263dcc5ec0996818884fd5fb1","name":"Arnaldo Botto","image":{"@type":"ImageObject","inLanguage":"es","@id":"https:\/\/www.noticiasradioreflejos.com.ar\/2021\/#\/schema\/person\/image\/","url":"https:\/\/secure.gravatar.com\/avatar\/55cb5e37c1efa326397366e6974cb338056df65cb50e7d64d1cf314e87504837?s=96&d=mm&r=g","contentUrl":"https:\/\/secure.gravatar.com\/avatar\/55cb5e37c1efa326397366e6974cb338056df65cb50e7d64d1cf314e87504837?s=96&d=mm&r=g","caption":"Arnaldo Botto"},"url":"https:\/\/www.noticiasradioreflejos.com.ar\/2021\/author\/arnaldo\/"}]}},"_links":{"self":[{"href":"https:\/\/www.noticiasradioreflejos.com.ar\/2021\/wp-json\/wp\/v2\/posts\/57048","targetHints":{"allow":["GET"]}}],"collection":[{"href":"https:\/\/www.noticiasradioreflejos.com.ar\/2021\/wp-json\/wp\/v2\/posts"}],"about":[{"href":"https:\/\/www.noticiasradioreflejos.com.ar\/2021\/wp-json\/wp\/v2\/types\/post"}],"author":[{"embeddable":true,"href":"https:\/\/www.noticiasradioreflejos.com.ar\/2021\/wp-json\/wp\/v2\/users\/3"}],"replies":[{"embeddable":true,"href":"https:\/\/www.noticiasradioreflejos.com.ar\/2021\/wp-json\/wp\/v2\/comments?post=57048"}],"version-history":[{"count":2,"href":"https:\/\/www.noticiasradioreflejos.com.ar\/2021\/wp-json\/wp\/v2\/posts\/57048\/revisions"}],"predecessor-version":[{"id":57050,"href":"https:\/\/www.noticiasradioreflejos.com.ar\/2021\/wp-json\/wp\/v2\/posts\/57048\/revisions\/57050"}],"wp:attachment":[{"href":"https:\/\/www.noticiasradioreflejos.com.ar\/2021\/wp-json\/wp\/v2\/media?parent=57048"}],"wp:term":[{"taxonomy":"category","embeddable":true,"href":"https:\/\/www.noticiasradioreflejos.com.ar\/2021\/wp-json\/wp\/v2\/categories?post=57048"},{"taxonomy":"post_tag","embeddable":true,"href":"https:\/\/www.noticiasradioreflejos.com.ar\/2021\/wp-json\/wp\/v2\/tags?post=57048"}],"curies":[{"name":"wp","href":"https:\/\/api.w.org\/{rel}","templated":true}]}}