{"id":57028,"date":"2021-05-18T15:34:52","date_gmt":"2021-05-18T15:34:52","guid":{"rendered":"http:\/\/www.noticiasradioreflejos.com.ar\/2021\/?p=57028"},"modified":"2021-05-18T15:54:45","modified_gmt":"2021-05-18T15:54:45","slug":"descubrieron-el-talon-de-aquiles-del-coronavirus-para-evitar-que-se-multiplique-en-el-cuerpo","status":"publish","type":"post","link":"https:\/\/www.noticiasradioreflejos.com.ar\/2021\/descubrieron-el-talon-de-aquiles-del-coronavirus-para-evitar-que-se-multiplique-en-el-cuerpo\/","title":{"rendered":"Descubrieron el \u201ctal\u00f3n de Aquiles\u201d del coronavirus para evitar que se multiplique en el cuerpo"},"content":{"rendered":"<p>Investigadores suizos e irlandeses hallaron un mecanismo por el que se podr\u00eda inhibir la replicaci\u00f3n del SARS-CoV-2 en el organismo. El freno a la producci\u00f3n de prote\u00ednas reducir\u00eda la r\u00e9plica viral y podr\u00eda abrir el camino al desarrollo de medicamentos antivirales que aprovechen esa debilidad.<br \/>\n<!--more--><br \/>\nMientras muchos pa\u00edses intentan sin \u00e9xito vacunar a la mayor parte de sus poblaciones para ganarle la carrera a las segundas olas de la pandemia en los diferentes territorios, un reciente hallazgo de la ciencia podr\u00eda ser el puntapi\u00e9 para\u00a0<a href=\"https:\/\/www.infobae.com\/america\/tendencias-america\/2021\/05\/04\/por-que-es-tan-dificil-hallar-un-antiviral-para-tratar-el-covid-19\/\" target=\"_blank\" rel=\"noopener\">el estudio de f\u00e1rmacos efectivos<\/a>\u00a0a la hora de tratar la enfermedad COVID-19 causada por el nuevo coronavirus.<\/p>\n<p class=\"paragraph\">Investigadores de la Universidad Polit\u00e9cnica Federal de Z\u00farich, en Suiza,\u00a0<a href=\"https:\/\/science.sciencemag.org\/content\/371\/6532\/884\" target=\"_blank\" rel=\"noopener\"><b>descubrieron\u00a0<\/b><\/a><b>un importante \u201cpunto d\u00e9bil\u201d del coronavirus causante del COVID-19 con el que se puede inhibir su multiplicaci\u00f3n\u00a0<\/b>y, con ello, abrir el camino al desarrollo de medicamentos antivirales que aprovechen esa debilidad.<\/p>\n<p class=\"paragraph\">Seg\u00fan inform\u00f3 la televisi\u00f3n suiza RTS, el equipo cient\u00edfico, con colaboraci\u00f3n de expertos de las universidades de Berna, Lausana y Cork, en Irlanda, consigui\u00f3\u00a0<mark class=\"hl_yellow\"><b>hallar un m\u00e9todo te\u00f3rico para frenar el mecanismo de producci\u00f3n de prote\u00ednas que podr\u00eda ser la base para futuros f\u00e1rmacos contra el coronavirus SARS-CoV-2.<\/b><\/mark><\/p>\n<p class=\"paragraph\">El freno a la producci\u00f3n de prote\u00ednas reducir\u00eda la r\u00e9plica viral del SARS-CoV-2 en c\u00e9lulas infectadas, un \u201ctal\u00f3n de Aquiles\u201d hasta ahora desconocido en un coronavirus contra el que muy pocos f\u00e1rmacos se mostraron eficaces, por lo que la ciencia se centr\u00f3 en el desarrollo de vacunas y no tanto en terapias.<\/p>\n<p class=\"paragraph\">Seg\u00fan explican los cient\u00edficos suizos e irlandeses,<mark class=\"hl_yellow\">\u00a0su hallazgo se basa en el hecho de que las c\u00e9lulas producen prote\u00ednas mediante uno de sus elementos, el ribosoma, que las sintetiza mediante la lectura del ARN en secuencias de tres letras.<\/mark><\/p>\n<div class=\"visual__image \"><img loading=\"lazy\" decoding=\"async\" src=\"https:\/\/www.infobae.com\/new-resizer\/nLqUXpQU-99KYwpUFLa8_qiyZMg=\/420x280\/filters:format(jpg):quality(85)\/cloudfront-us-east-1.images.arcpublishing.com\/infobae\/3RFRS4KVNVBDBF4OXBV4IIYVL4.jpg%20420w\" sizes=\"auto, (min-width: 800px) 50vw, 90vw\" srcset=\"https:\/\/www.infobae.com\/new-resizer\/nLqUXpQU-99KYwpUFLa8_qiyZMg=\/420x280\/filters:format(jpg):quality(85)\/cloudfront-us-east-1.images.arcpublishing.com\/infobae\/3RFRS4KVNVBDBF4OXBV4IIYVL4.jpg 420w,https:\/\/www.infobae.com\/new-resizer\/Abm7NKAXgdGOFSLjrcThlG5JUD0=\/768x512\/filters:format(jpg):quality(85)\/cloudfront-us-east-1.images.arcpublishing.com\/infobae\/3RFRS4KVNVBDBF4OXBV4IIYVL4.jpg 768w,https:\/\/www.infobae.com\/new-resizer\/RRNjLLWqBSke2BXYgBEhPBmNXQo=\/992x661\/filters:format(jpg):quality(85)\/cloudfront-us-east-1.images.arcpublishing.com\/infobae\/3RFRS4KVNVBDBF4OXBV4IIYVL4.jpg 992w,https:\/\/www.infobae.com\/new-resizer\/RMAxMOwayjORSeGqrgPIkvd67fw=\/1200x800\/filters:format(jpg):quality(85)\/cloudfront-us-east-1.images.arcpublishing.com\/infobae\/3RFRS4KVNVBDBF4OXBV4IIYVL4.jpg 1200w\" alt=\"Investigadores hallaron un m\u00e9todo te\u00f3rico para frenar el mecanismo de producci\u00f3n de prote\u00ednas que podr\u00eda ser la base para futuros f\u00e1rmacos contra el coronavirus SARS-CoV-2 (NIAID\/National Institutes of Health v\u00eda AP)\" width=\"2400\" height=\"1600\" \/>Investigadores hallaron un m\u00e9todo te\u00f3rico para frenar el mecanismo de producci\u00f3n de prote\u00ednas que podr\u00eda ser la base para futuros f\u00e1rmacos contra el coronavirus SARS-CoV-2 (NIAID\/National Institutes of Health v\u00eda AP)<\/div>\n<p class=\"paragraph\"><mark class=\"hl_yellow\"><b>Para replicarse en una c\u00e9lula infectada, los virus necesitan que el ribosoma tenga una anomal\u00eda en esa lectura del c\u00f3digo gen\u00e9tico del ARN, denominada \u201ccambio de marco\u201d (\u201cframeshifting\u201d), mediante la cual solo lea una o dos letras del \u00e1cido ribonucleico en una secuencia.<\/b><\/mark><\/p>\n<p class=\"paragraph\">Tanto el coronavirus causante del COVID-19, como el VIH que provoca el sida, necesitan de estos \u201ccambios de marco\u201d, en general raros en las c\u00e9lulas humanas, para reproducirse, por lo que cualquier componente que consiga garantizar que esa lectura incorrecta del ARN nunca se produzca puede debilitar significativamente al virus.<\/p>\n<p class=\"paragraph\">\u201c<mark class=\"hl_yellow\">En t\u00e9rminos generales, los tratamientos para las infecciones virales pueden dirigirse al virus, el hu\u00e9sped o los s\u00edntomas subyacentes de la infecci\u00f3n<\/mark>. Los tratamientos antivirales funcionan interrumpiendo el ciclo de vida viral. Para el SARS-CoV-2, el ciclo de vida se puede dividir en tres etapas: entrada y tr\u00e1fico de la c\u00e9lula hu\u00e9sped, replicaci\u00f3n del genoma viral y empaquetamiento y salida de nuevos viriones\u201d, apuntaron los investigadores en la revista<i>\u00a0Science.<\/i><\/p>\n<p class=\"paragraph\"><b>Un enfoque antiv\u00edrico alternativo es, seg\u00fan los cient\u00edficos, \u201capuntar a las v\u00edas de la c\u00e9lula hu\u00e9sped que son esenciales para la replicaci\u00f3n del virus, como la s\u00edntesis de prote\u00ednas\u201d.\u00a0<\/b>Los virus dependen completamente del anfitri\u00f3n para la traducci\u00f3n y desarrollaron una variedad de formas de explotar esta maquinaria para su uso. En las c\u00e9lulas humanas, la traducci\u00f3n se puede dividir en cuatro fases: inicio, alargamiento, terminaci\u00f3n y reciclaje del ribosoma.<\/p>\n<div class=\"visual__image \"><img loading=\"lazy\" decoding=\"async\" src=\"https:\/\/www.infobae.com\/new-resizer\/olk3RIMgFuTjw7aCjepI27D-_No=\/420x280\/filters:format(jpg):quality(85)\/cloudfront-us-east-1.images.arcpublishing.com\/infobae\/D4N2GBKO65AZFLV72TL2MQPUIQ.jpg%20420w\" sizes=\"auto, (min-width: 800px) 50vw, 90vw\" srcset=\"https:\/\/www.infobae.com\/new-resizer\/olk3RIMgFuTjw7aCjepI27D-_No=\/420x280\/filters:format(jpg):quality(85)\/cloudfront-us-east-1.images.arcpublishing.com\/infobae\/D4N2GBKO65AZFLV72TL2MQPUIQ.jpg 420w,https:\/\/www.infobae.com\/new-resizer\/wxnbiq_ker1qS9A6qPKraqWmku0=\/768x512\/filters:format(jpg):quality(85)\/cloudfront-us-east-1.images.arcpublishing.com\/infobae\/D4N2GBKO65AZFLV72TL2MQPUIQ.jpg 768w,https:\/\/www.infobae.com\/new-resizer\/rKoO-Jr71ozt6b2Qd1eKco43-As=\/992x661\/filters:format(jpg):quality(85)\/cloudfront-us-east-1.images.arcpublishing.com\/infobae\/D4N2GBKO65AZFLV72TL2MQPUIQ.jpg 992w,https:\/\/www.infobae.com\/new-resizer\/1VHvS9skWgy_u528QNANKXZqLk8=\/1200x800\/filters:format(jpg):quality(85)\/cloudfront-us-east-1.images.arcpublishing.com\/infobae\/D4N2GBKO65AZFLV72TL2MQPUIQ.jpg 1200w\" alt=\"Un enfoque antiv\u00edrico alternativo es, seg\u00fan los cient\u00edficos, &quot;apuntar a las v\u00edas de la c\u00e9lula hu\u00e9sped que son esenciales para la replicaci\u00f3n del virus, como la s\u00edntesis de prote\u00ednas&quot; (Efe) \" width=\"4000\" height=\"2798\" \/>Un enfoque antiv\u00edrico alternativo es, seg\u00fan los cient\u00edficos, \u00abapuntar a las v\u00edas de la c\u00e9lula hu\u00e9sped que son esenciales para la replicaci\u00f3n del virus, como la s\u00edntesis de prote\u00ednas\u00bb (Efe)<\/div>\n<p class=\"paragraph\"><mark class=\"hl_yellow\"><b>El estudio revel\u00f3 este camino a seguir para atacar el virus, aunque no concreta qu\u00e9 componente o f\u00e1rmaco determinado podr\u00eda eliminar las lecturas incorrectas del ARN, algo que quedar\u00eda ahora en manos de investigadores farmac\u00e9uticos.<\/b><\/mark><\/p>\n<p class=\"paragraph\">Adem\u00e1s,\u00a0<b>muchos virus dependen de v\u00edas de propagaci\u00f3n del hu\u00e9sped similares, lo que lleva a que algunos antivirales tengan un amplio espectro de actividad contra m\u00faltiples virus<\/b>. De hecho, en la pr\u00e1ctica, muchos de los estudios de f\u00e1rmacos contra el COVID-19 constituyeron lo que se considera una \u201cre prueba\u201d, es decir, evaluar el uso de drogas ya aprobadas para otros fines -o combinaciones de ellas- para tratar el nuevo coronavirus, lo que sugiere que los antivirales descubiertos en la carrera para tratar COVID-19 pueden ser \u00fatiles para futuras epidemias.<\/p>\n<p class=\"paragraph\">A pesar del lanzamiento de vacunas en varios pa\u00edses,\u00a0<mark class=\"hl_yellow\">el descubrimiento de antivirales para tratar el SARS-CoV-2 sigue siendo importante.<\/mark>\u00a0Ya existen preocupaciones sobre la aparici\u00f3n de variantes del SARS-CoV-2 que pueden ser menos susceptibles a las vacunas actuales.<\/p>\n<p><strong><span style=\"color: #ff6600;\">Fuente INFOBAE<\/span><\/strong><\/p>\n","protected":false},"excerpt":{"rendered":"<p>Investigadores suizos e irlandeses hallaron un mecanismo por el que se podr\u00eda inhibir la replicaci\u00f3n del SARS-CoV-2 en el organismo. El freno a la producci\u00f3n de prote\u00ednas reducir\u00eda la r\u00e9plica viral y podr\u00eda abrir el camino al desarrollo de medicamentos antivirales que aprovechen esa debilidad.<\/p>\n","protected":false},"author":3,"featured_media":0,"comment_status":"closed","ping_status":"closed","sticky":false,"template":"","format":"standard","meta":{"footnotes":""},"categories":[30],"tags":[],"class_list":["post-57028","post","type-post","status-publish","format-standard","hentry","category-salud"],"yoast_head":"<!-- This site is optimized with the Yoast SEO plugin v25.9 - https:\/\/yoast.com\/wordpress\/plugins\/seo\/ -->\n<title>Descubrieron el \u201ctal\u00f3n de Aquiles\u201d del coronavirus para evitar que se multiplique en el cuerpo - Noticias Radio Reflejos<\/title>\n<meta name=\"robots\" content=\"index, follow, max-snippet:-1, max-image-preview:large, max-video-preview:-1\" \/>\n<link rel=\"canonical\" href=\"https:\/\/www.noticiasradioreflejos.com.ar\/2021\/descubrieron-el-talon-de-aquiles-del-coronavirus-para-evitar-que-se-multiplique-en-el-cuerpo\/\" \/>\n<meta property=\"og:locale\" content=\"es_ES\" \/>\n<meta property=\"og:type\" content=\"article\" \/>\n<meta property=\"og:title\" content=\"Descubrieron el \u201ctal\u00f3n de Aquiles\u201d del coronavirus para evitar que se multiplique en el cuerpo - Noticias Radio Reflejos\" \/>\n<meta property=\"og:description\" content=\"Investigadores suizos e irlandeses hallaron un mecanismo por el que se podr\u00eda inhibir la replicaci\u00f3n del SARS-CoV-2 en el organismo. El freno a la producci\u00f3n de prote\u00ednas reducir\u00eda la r\u00e9plica viral y podr\u00eda abrir el camino al desarrollo de medicamentos antivirales que aprovechen esa debilidad.\" \/>\n<meta property=\"og:url\" content=\"https:\/\/www.noticiasradioreflejos.com.ar\/2021\/descubrieron-el-talon-de-aquiles-del-coronavirus-para-evitar-que-se-multiplique-en-el-cuerpo\/\" \/>\n<meta property=\"og:site_name\" content=\"Noticias Radio Reflejos\" \/>\n<meta property=\"article:published_time\" content=\"2021-05-18T15:34:52+00:00\" \/>\n<meta property=\"article:modified_time\" content=\"2021-05-18T15:54:45+00:00\" \/>\n<meta property=\"og:image\" content=\"https:\/\/www.infobae.com\/new-resizer\/nLqUXpQU-99KYwpUFLa8_qiyZMg=\/420x280\/filters:format(jpg):quality(85)\/cloudfront-us-east-1.images.arcpublishing.com\/infobae\/3RFRS4KVNVBDBF4OXBV4IIYVL4.jpg%20420w\" \/>\n<meta name=\"author\" content=\"Arnaldo Botto\" \/>\n<meta name=\"twitter:card\" content=\"summary_large_image\" \/>\n<script type=\"application\/ld+json\" class=\"yoast-schema-graph\">{\"@context\":\"https:\/\/schema.org\",\"@graph\":[{\"@type\":\"WebPage\",\"@id\":\"https:\/\/www.noticiasradioreflejos.com.ar\/2021\/descubrieron-el-talon-de-aquiles-del-coronavirus-para-evitar-que-se-multiplique-en-el-cuerpo\/\",\"url\":\"https:\/\/www.noticiasradioreflejos.com.ar\/2021\/descubrieron-el-talon-de-aquiles-del-coronavirus-para-evitar-que-se-multiplique-en-el-cuerpo\/\",\"name\":\"Descubrieron el \u201ctal\u00f3n de Aquiles\u201d del coronavirus para evitar que se multiplique en el cuerpo - Noticias Radio Reflejos\",\"isPartOf\":{\"@id\":\"https:\/\/www.noticiasradioreflejos.com.ar\/2021\/#website\"},\"primaryImageOfPage\":{\"@id\":\"https:\/\/www.noticiasradioreflejos.com.ar\/2021\/descubrieron-el-talon-de-aquiles-del-coronavirus-para-evitar-que-se-multiplique-en-el-cuerpo\/#primaryimage\"},\"image\":{\"@id\":\"https:\/\/www.noticiasradioreflejos.com.ar\/2021\/descubrieron-el-talon-de-aquiles-del-coronavirus-para-evitar-que-se-multiplique-en-el-cuerpo\/#primaryimage\"},\"thumbnailUrl\":\"https:\/\/www.infobae.com\/new-resizer\/nLqUXpQU-99KYwpUFLa8_qiyZMg=\/420x280\/filters:format(jpg):quality(85)\/cloudfront-us-east-1.images.arcpublishing.com\/infobae\/3RFRS4KVNVBDBF4OXBV4IIYVL4.jpg%20420w\",\"datePublished\":\"2021-05-18T15:34:52+00:00\",\"dateModified\":\"2021-05-18T15:54:45+00:00\",\"author\":{\"@id\":\"https:\/\/www.noticiasradioreflejos.com.ar\/2021\/#\/schema\/person\/ad82545263dcc5ec0996818884fd5fb1\"},\"breadcrumb\":{\"@id\":\"https:\/\/www.noticiasradioreflejos.com.ar\/2021\/descubrieron-el-talon-de-aquiles-del-coronavirus-para-evitar-que-se-multiplique-en-el-cuerpo\/#breadcrumb\"},\"inLanguage\":\"es\",\"potentialAction\":[{\"@type\":\"ReadAction\",\"target\":[\"https:\/\/www.noticiasradioreflejos.com.ar\/2021\/descubrieron-el-talon-de-aquiles-del-coronavirus-para-evitar-que-se-multiplique-en-el-cuerpo\/\"]}]},{\"@type\":\"ImageObject\",\"inLanguage\":\"es\",\"@id\":\"https:\/\/www.noticiasradioreflejos.com.ar\/2021\/descubrieron-el-talon-de-aquiles-del-coronavirus-para-evitar-que-se-multiplique-en-el-cuerpo\/#primaryimage\",\"url\":\"https:\/\/www.infobae.com\/new-resizer\/nLqUXpQU-99KYwpUFLa8_qiyZMg=\/420x280\/filters:format(jpg):quality(85)\/cloudfront-us-east-1.images.arcpublishing.com\/infobae\/3RFRS4KVNVBDBF4OXBV4IIYVL4.jpg%20420w\",\"contentUrl\":\"https:\/\/www.infobae.com\/new-resizer\/nLqUXpQU-99KYwpUFLa8_qiyZMg=\/420x280\/filters:format(jpg):quality(85)\/cloudfront-us-east-1.images.arcpublishing.com\/infobae\/3RFRS4KVNVBDBF4OXBV4IIYVL4.jpg%20420w\"},{\"@type\":\"BreadcrumbList\",\"@id\":\"https:\/\/www.noticiasradioreflejos.com.ar\/2021\/descubrieron-el-talon-de-aquiles-del-coronavirus-para-evitar-que-se-multiplique-en-el-cuerpo\/#breadcrumb\",\"itemListElement\":[{\"@type\":\"ListItem\",\"position\":1,\"name\":\"Portada\",\"item\":\"https:\/\/www.noticiasradioreflejos.com.ar\/2021\/\"},{\"@type\":\"ListItem\",\"position\":2,\"name\":\"Descubrieron el \u201ctal\u00f3n de Aquiles\u201d del coronavirus para evitar que se multiplique en el cuerpo\"}]},{\"@type\":\"WebSite\",\"@id\":\"https:\/\/www.noticiasradioreflejos.com.ar\/2021\/#website\",\"url\":\"https:\/\/www.noticiasradioreflejos.com.ar\/2021\/\",\"name\":\"Noticias Radio Reflejos\",\"description\":\"Las noticias de mi comarca\",\"potentialAction\":[{\"@type\":\"SearchAction\",\"target\":{\"@type\":\"EntryPoint\",\"urlTemplate\":\"https:\/\/www.noticiasradioreflejos.com.ar\/2021\/?s={search_term_string}\"},\"query-input\":{\"@type\":\"PropertyValueSpecification\",\"valueRequired\":true,\"valueName\":\"search_term_string\"}}],\"inLanguage\":\"es\"},{\"@type\":\"Person\",\"@id\":\"https:\/\/www.noticiasradioreflejos.com.ar\/2021\/#\/schema\/person\/ad82545263dcc5ec0996818884fd5fb1\",\"name\":\"Arnaldo Botto\",\"image\":{\"@type\":\"ImageObject\",\"inLanguage\":\"es\",\"@id\":\"https:\/\/www.noticiasradioreflejos.com.ar\/2021\/#\/schema\/person\/image\/\",\"url\":\"https:\/\/secure.gravatar.com\/avatar\/55cb5e37c1efa326397366e6974cb338056df65cb50e7d64d1cf314e87504837?s=96&d=mm&r=g\",\"contentUrl\":\"https:\/\/secure.gravatar.com\/avatar\/55cb5e37c1efa326397366e6974cb338056df65cb50e7d64d1cf314e87504837?s=96&d=mm&r=g\",\"caption\":\"Arnaldo Botto\"},\"url\":\"https:\/\/www.noticiasradioreflejos.com.ar\/2021\/author\/arnaldo\/\"}]}<\/script>\n<!-- \/ Yoast SEO plugin. -->","yoast_head_json":{"title":"Descubrieron el \u201ctal\u00f3n de Aquiles\u201d del coronavirus para evitar que se multiplique en el cuerpo - Noticias Radio Reflejos","robots":{"index":"index","follow":"follow","max-snippet":"max-snippet:-1","max-image-preview":"max-image-preview:large","max-video-preview":"max-video-preview:-1"},"canonical":"https:\/\/www.noticiasradioreflejos.com.ar\/2021\/descubrieron-el-talon-de-aquiles-del-coronavirus-para-evitar-que-se-multiplique-en-el-cuerpo\/","og_locale":"es_ES","og_type":"article","og_title":"Descubrieron el \u201ctal\u00f3n de Aquiles\u201d del coronavirus para evitar que se multiplique en el cuerpo - Noticias Radio Reflejos","og_description":"Investigadores suizos e irlandeses hallaron un mecanismo por el que se podr\u00eda inhibir la replicaci\u00f3n del SARS-CoV-2 en el organismo. El freno a la producci\u00f3n de prote\u00ednas reducir\u00eda la r\u00e9plica viral y podr\u00eda abrir el camino al desarrollo de medicamentos antivirales que aprovechen esa debilidad.","og_url":"https:\/\/www.noticiasradioreflejos.com.ar\/2021\/descubrieron-el-talon-de-aquiles-del-coronavirus-para-evitar-que-se-multiplique-en-el-cuerpo\/","og_site_name":"Noticias Radio Reflejos","article_published_time":"2021-05-18T15:34:52+00:00","article_modified_time":"2021-05-18T15:54:45+00:00","og_image":[{"url":"https:\/\/www.infobae.com\/new-resizer\/nLqUXpQU-99KYwpUFLa8_qiyZMg=\/420x280\/filters:format(jpg):quality(85)\/cloudfront-us-east-1.images.arcpublishing.com\/infobae\/3RFRS4KVNVBDBF4OXBV4IIYVL4.jpg%20420w","type":"","width":"","height":""}],"author":"Arnaldo Botto","twitter_card":"summary_large_image","schema":{"@context":"https:\/\/schema.org","@graph":[{"@type":"WebPage","@id":"https:\/\/www.noticiasradioreflejos.com.ar\/2021\/descubrieron-el-talon-de-aquiles-del-coronavirus-para-evitar-que-se-multiplique-en-el-cuerpo\/","url":"https:\/\/www.noticiasradioreflejos.com.ar\/2021\/descubrieron-el-talon-de-aquiles-del-coronavirus-para-evitar-que-se-multiplique-en-el-cuerpo\/","name":"Descubrieron el \u201ctal\u00f3n de Aquiles\u201d del coronavirus para evitar que se multiplique en el cuerpo - Noticias Radio Reflejos","isPartOf":{"@id":"https:\/\/www.noticiasradioreflejos.com.ar\/2021\/#website"},"primaryImageOfPage":{"@id":"https:\/\/www.noticiasradioreflejos.com.ar\/2021\/descubrieron-el-talon-de-aquiles-del-coronavirus-para-evitar-que-se-multiplique-en-el-cuerpo\/#primaryimage"},"image":{"@id":"https:\/\/www.noticiasradioreflejos.com.ar\/2021\/descubrieron-el-talon-de-aquiles-del-coronavirus-para-evitar-que-se-multiplique-en-el-cuerpo\/#primaryimage"},"thumbnailUrl":"https:\/\/www.infobae.com\/new-resizer\/nLqUXpQU-99KYwpUFLa8_qiyZMg=\/420x280\/filters:format(jpg):quality(85)\/cloudfront-us-east-1.images.arcpublishing.com\/infobae\/3RFRS4KVNVBDBF4OXBV4IIYVL4.jpg%20420w","datePublished":"2021-05-18T15:34:52+00:00","dateModified":"2021-05-18T15:54:45+00:00","author":{"@id":"https:\/\/www.noticiasradioreflejos.com.ar\/2021\/#\/schema\/person\/ad82545263dcc5ec0996818884fd5fb1"},"breadcrumb":{"@id":"https:\/\/www.noticiasradioreflejos.com.ar\/2021\/descubrieron-el-talon-de-aquiles-del-coronavirus-para-evitar-que-se-multiplique-en-el-cuerpo\/#breadcrumb"},"inLanguage":"es","potentialAction":[{"@type":"ReadAction","target":["https:\/\/www.noticiasradioreflejos.com.ar\/2021\/descubrieron-el-talon-de-aquiles-del-coronavirus-para-evitar-que-se-multiplique-en-el-cuerpo\/"]}]},{"@type":"ImageObject","inLanguage":"es","@id":"https:\/\/www.noticiasradioreflejos.com.ar\/2021\/descubrieron-el-talon-de-aquiles-del-coronavirus-para-evitar-que-se-multiplique-en-el-cuerpo\/#primaryimage","url":"https:\/\/www.infobae.com\/new-resizer\/nLqUXpQU-99KYwpUFLa8_qiyZMg=\/420x280\/filters:format(jpg):quality(85)\/cloudfront-us-east-1.images.arcpublishing.com\/infobae\/3RFRS4KVNVBDBF4OXBV4IIYVL4.jpg%20420w","contentUrl":"https:\/\/www.infobae.com\/new-resizer\/nLqUXpQU-99KYwpUFLa8_qiyZMg=\/420x280\/filters:format(jpg):quality(85)\/cloudfront-us-east-1.images.arcpublishing.com\/infobae\/3RFRS4KVNVBDBF4OXBV4IIYVL4.jpg%20420w"},{"@type":"BreadcrumbList","@id":"https:\/\/www.noticiasradioreflejos.com.ar\/2021\/descubrieron-el-talon-de-aquiles-del-coronavirus-para-evitar-que-se-multiplique-en-el-cuerpo\/#breadcrumb","itemListElement":[{"@type":"ListItem","position":1,"name":"Portada","item":"https:\/\/www.noticiasradioreflejos.com.ar\/2021\/"},{"@type":"ListItem","position":2,"name":"Descubrieron el \u201ctal\u00f3n de Aquiles\u201d del coronavirus para evitar que se multiplique en el cuerpo"}]},{"@type":"WebSite","@id":"https:\/\/www.noticiasradioreflejos.com.ar\/2021\/#website","url":"https:\/\/www.noticiasradioreflejos.com.ar\/2021\/","name":"Noticias Radio Reflejos","description":"Las noticias de mi comarca","potentialAction":[{"@type":"SearchAction","target":{"@type":"EntryPoint","urlTemplate":"https:\/\/www.noticiasradioreflejos.com.ar\/2021\/?s={search_term_string}"},"query-input":{"@type":"PropertyValueSpecification","valueRequired":true,"valueName":"search_term_string"}}],"inLanguage":"es"},{"@type":"Person","@id":"https:\/\/www.noticiasradioreflejos.com.ar\/2021\/#\/schema\/person\/ad82545263dcc5ec0996818884fd5fb1","name":"Arnaldo Botto","image":{"@type":"ImageObject","inLanguage":"es","@id":"https:\/\/www.noticiasradioreflejos.com.ar\/2021\/#\/schema\/person\/image\/","url":"https:\/\/secure.gravatar.com\/avatar\/55cb5e37c1efa326397366e6974cb338056df65cb50e7d64d1cf314e87504837?s=96&d=mm&r=g","contentUrl":"https:\/\/secure.gravatar.com\/avatar\/55cb5e37c1efa326397366e6974cb338056df65cb50e7d64d1cf314e87504837?s=96&d=mm&r=g","caption":"Arnaldo Botto"},"url":"https:\/\/www.noticiasradioreflejos.com.ar\/2021\/author\/arnaldo\/"}]}},"_links":{"self":[{"href":"https:\/\/www.noticiasradioreflejos.com.ar\/2021\/wp-json\/wp\/v2\/posts\/57028","targetHints":{"allow":["GET"]}}],"collection":[{"href":"https:\/\/www.noticiasradioreflejos.com.ar\/2021\/wp-json\/wp\/v2\/posts"}],"about":[{"href":"https:\/\/www.noticiasradioreflejos.com.ar\/2021\/wp-json\/wp\/v2\/types\/post"}],"author":[{"embeddable":true,"href":"https:\/\/www.noticiasradioreflejos.com.ar\/2021\/wp-json\/wp\/v2\/users\/3"}],"replies":[{"embeddable":true,"href":"https:\/\/www.noticiasradioreflejos.com.ar\/2021\/wp-json\/wp\/v2\/comments?post=57028"}],"version-history":[{"count":2,"href":"https:\/\/www.noticiasradioreflejos.com.ar\/2021\/wp-json\/wp\/v2\/posts\/57028\/revisions"}],"predecessor-version":[{"id":57031,"href":"https:\/\/www.noticiasradioreflejos.com.ar\/2021\/wp-json\/wp\/v2\/posts\/57028\/revisions\/57031"}],"wp:attachment":[{"href":"https:\/\/www.noticiasradioreflejos.com.ar\/2021\/wp-json\/wp\/v2\/media?parent=57028"}],"wp:term":[{"taxonomy":"category","embeddable":true,"href":"https:\/\/www.noticiasradioreflejos.com.ar\/2021\/wp-json\/wp\/v2\/categories?post=57028"},{"taxonomy":"post_tag","embeddable":true,"href":"https:\/\/www.noticiasradioreflejos.com.ar\/2021\/wp-json\/wp\/v2\/tags?post=57028"}],"curies":[{"name":"wp","href":"https:\/\/api.w.org\/{rel}","templated":true}]}}