{"id":57007,"date":"2021-05-17T23:57:12","date_gmt":"2021-05-17T23:57:12","guid":{"rendered":"http:\/\/www.noticiasradioreflejos.com.ar\/2021\/?p=57007"},"modified":"2021-05-17T23:57:12","modified_gmt":"2021-05-17T23:57:12","slug":"murieron-505-personas-y-28-680-fueron-reportadas-con-coronavirus-en-las-ultimas-24-horas","status":"publish","type":"post","link":"https:\/\/www.noticiasradioreflejos.com.ar\/2021\/murieron-505-personas-y-28-680-fueron-reportadas-con-coronavirus-en-las-ultimas-24-horas\/","title":{"rendered":"Murieron 505 personas y 28.680 fueron reportadas con coronavirus en las \u00faltimas 24 horas"},"content":{"rendered":"<div class=\"head-content\">\n<p>El Ministerio de Salud indic\u00f3 que son 5.690 los internados en unidades de terapia intensiva, con un porcentaje de ocupaci\u00f3n de camas de adultos de 69,7% en el pa\u00eds y del 75,7% en el AMBA.<\/p>\n<\/div>\n<p><!--more--><\/p>\n<div class=\"main-content-block\">\n<div class=\"main-box clearfix\">\n<div class=\"wrapper-main-section clearfix\">\n<div class=\"wrapper-editable-content\">\n<div class=\"editable-content clearfix\">\n<div id=\"image\" class=\"image\"><img decoding=\"async\" title=\"Con estas cifras suman 71.027 los fallecidos registrados oficialmente.\" src=\"https:\/\/www.telam.com.ar\/advf\/imagenes\/2021\/04\/6085c3bea8a0a_1004x565.jpg\" alt=\"Con estas cifras suman 71.027 los fallecidos registrados oficialmente.\" \/><\/p>\n<div class=\"epigrafe\">Con estas cifras suman 71.027 los fallecidos registrados oficialmente.<\/div>\n<\/div>\n<p>Otras<strong>\u00a0505 personas murieron y 28.680 fueron reportadas con coronavirus<\/strong>\u00a0en las \u00faltimas\u00a0<strong>24 horas<\/strong>\u00a0en la Argentina, con lo que suman\u00a0<strong>71.027 los fallecidos<\/strong>\u00a0registrados oficialmente a nivel nacional y 3.335.965 los contagiados desde el inicio de la pandemia, inform\u00f3 este lunes el Ministerio de Salud.<\/p>\n<p>La cantidad de contagios en el parte de hoy se vio abultada por 5.630 casos positivos declarados por Formosa, que corresponden a meses anteriores y estaban pendientes de carga.<\/p>\n<p>De acuerdo con el Monitor P\u00fablico de Vacunaci\u00f3n actualizado a las 18, el total de inoculados asciende a 10.138.169, de los cuales 8.110.076 recibieron una dosis y 2.028.093 las dos, mientras que las vacunas distribuidas a las jurisdicciones llegan a 11.763.270.<\/p>\n<p>Un\u00a0<strong>39,83%<\/strong>\u00a0(11.424 personas) de los infectados de este lunes (28.680) c<strong>orresponden a la Ciudad y a la provincia de Buenos Aires<\/strong>.<\/p>\n<p>De los 3.335.965 contagiados, el 89,12% (2.973.267) recibi\u00f3 el alta y 291.671 son casos confirmados activos.<\/p>\n<p>El reporte consign\u00f3 que fallecieron 326 hombres y 175 mujeres, mientras que 3 personas de la provincia de Buenos Aires y 1 de Entre R\u00edos que fueron reportadas sin dato de sexo.<\/p>\n<div class=\"auth\">Decesos por distrito<\/div>\n<p>El parte precis\u00f3 que murieron 140 hombres en la provincia de Buenos Aires; 46 en la Ciudad de Buenos Aires; 7 en Chaco; 2 en Chubut; 14 en C\u00f3rdoba; 33 en Entre R\u00edos; 3 en Jujuy; 6 en La Pampa; 23 en Mendoza; 4 en R\u00edo Negro; 1 en Salta; 2 en San Juan; 10 en San Luis; 1 en Santa Cruz; 27 en Santa Fe; 3 en Santiago del Estero; 1 en Tierra del Fuego; y 3 en Tucum\u00e1n.<\/p>\n<p>Tambi\u00e9n fallecieron 83 mujeres en Buenos Aires; 25 en la Ciudad de Buenos Aires; 1 en Chaco; 1 en Chubut; 1 en Corrientes; 4 en C\u00f3rdoba; 18 en Entre R\u00edos; 1 en Jujuy; 7 en La Pampa; 8 en Mendoza; 1 en Neuqu\u00e9n; 7 en R\u00edo Negro; 1 en Salta; 1 en San Juan; 2 en San Luis; 6 en Santa Fe; 2 en Santiago del Estero; 2 en Tierra del Fuego y 4 en Tucum\u00e1n.<\/p>\n<div class=\"auth\">Casos por distrito<\/div>\n<p>Este lunes se registraron en la provincia de Buenos Aires 8.979 casos; en la Ciudad de Buenos Aires, 2.445; en Catamarca, 163; en Chaco, 442; en Chubut, 265; en Corrientes, 294; en C\u00f3rdoba, 2.745; en Entre R\u00edos, 465; en Formosa, 5.630; en Jujuy, 77; en La Pampa, 509; en La Rioja, 162; en Mendoza, 898; en Misiones, 152; en Neuqu\u00e9n, 700; en R\u00edo Negro, 406; en Salta, 248; en San Juan, 562; en San Luis, 319; en Santa Cruz, 216; en Santa Fe, 1.618; en Santiago del Estero, 429; Tierra del Fuego, 46 y en Tucum\u00e1n, 910.<\/p>\n<p>Sobre la cifra de casos reportados para Formosa, el Ministerio de Salud aclar\u00f3 que en las ultimas 24 horas dicha \u00abprovincia notific\u00f3 5.630 casos. Esta situaci\u00f3n se debi\u00f3 a la actualizaci\u00f3n de sus notificaciones de casos de meses previos pendientes de carga en el Sistema Nacional de Vigilancia de la salud (SNVS 2.0)\u00bb.<\/p>\n<div class=\"js-code\">\n<div class=\"twitter-tweet twitter-tweet-rendered\"><iframe id=\"twitter-widget-0\" class=\"\" title=\"Twitter Tweet\" src=\"https:\/\/platform.twitter.com\/embed\/Tweet.html?creatorScreenName=agenciatelam&amp;dnt=false&amp;embedId=twitter-widget-0&amp;features=eyJ0ZndfZXhwZXJpbWVudHNfY29va2llX2V4cGlyYXRpb24iOnsiYnVja2V0IjoxMjA5NjAwLCJ2ZXJzaW9uIjpudWxsfSwidGZ3X2hvcml6b25fdHdlZXRfZW1iZWRfOTU1NSI6eyJidWNrZXQiOiJodGUiLCJ2ZXJzaW9uIjpudWxsfSwidGZ3X3R3ZWV0X2VtYmVkX2NsaWNrYWJpbGl0eV8xMjEwMiI6eyJidWNrZXQiOiJjb250cm9sIiwidmVyc2lvbiI6bnVsbH19&amp;frame=false&amp;hideCard=false&amp;hideThread=false&amp;id=1394364735295037443&amp;lang=en&amp;origin=https%3A%2F%2Fwww.telam.com.ar%2Fnotas%2F202105%2F554497-murieron-505-personas-y-28680-reportadas-coronavirus-ultimas-24-horas.html&amp;sessionId=a0a9d5a206db7688df4313432fb5f2398da48da1&amp;siteScreenName=agenciatelam&amp;theme=light&amp;widgetsVersion=82e1070%3A1619632193066&amp;width=550px\" frameborder=\"0\" scrolling=\"no\" allowfullscreen=\"allowfullscreen\" data-tweet-id=\"1394364735295037443\"><\/iframe><\/div>\n<\/div>\n<p>El Ministerio indic\u00f3, adem\u00e1s, que se realizaron en las \u00faltimas 24 horas\u00a0<strong>91.456 testeos<\/strong>\u00a0y desde el inicio del brote ascienden a 12.490.822 pruebas diagn\u00f3sticas para esta enfermedad.<\/p>\n<div class=\"auth\">Casos acumulados por distrito<\/div>\n<p>El total de acumulados por distrito indica que la provincia de Buenos Aires suma 1.448.377 casos; la Ciudad de Buenos Aires, 380.554; Catamarca, 18.192; Chaco, 49.739; Chubut, 58.134; Corrientes, 40.844; C\u00f3rdoba 259.389; Entre R\u00edos, 72.547; Formosa, 13.796; Jujuy, 26.319; La Pampa, 34.101.; La Rioja, 15.016; Mendoza, 109.235; Misiones, 18.070; Neuqu\u00e9n, 79.092; R\u00edo Negro, 66.845; Salta, 38.706; San Juan, 29.787; San Luis, 45.084.; Santa Cruz, 48.357; Santa Fe, 304.625; Santiago del Estero, 35.755; Tierra del Fuego, 27.578 y Tucum\u00e1n, 115.823.<\/p>\n<p>Se incluyen 17 casos existentes en las Islas Malvinas seg\u00fan informaci\u00f3n de prensa (debido a la ocupaci\u00f3n ilegal del Reino Unido, Gran Breta\u00f1a e Irlanda del Norte no es posible contar con informaci\u00f3n propia sobre el impacto de la Covid-19 en esa parte del territorio argentino).<\/p>\n<div id=\"image\" class=\"image\"><img decoding=\"async\" title=\"De los 3.335.965 contagiados, el 89,12% (2.973.267) recibi\u00f3 el alta.\" src=\"https:\/\/www.telam.com.ar\/advf\/imagenes\/2021\/05\/60a2d9f157f86.05.2021_1004x1872.jpg\" alt=\"De los 3.335.965 contagiados, el 89,12% (2.973.267) recibi\u00f3 el alta.\" \/><\/p>\n<div class=\"epigrafe\">De los 3.335.965 contagiados, el 89,12% (2.973.267) recibi\u00f3 el alta.<\/div>\n<\/div>\n<\/div>\n<\/div>\n<\/div>\n<\/div>\n<\/div>\n","protected":false},"excerpt":{"rendered":"<p>El Ministerio de Salud indic\u00f3 que son 5.690 los internados en unidades de terapia intensiva, con un porcentaje de ocupaci\u00f3n de camas de adultos de 69,7% en el pa\u00eds y del 75,7% en el AMBA.<\/p>\n","protected":false},"author":3,"featured_media":0,"comment_status":"closed","ping_status":"closed","sticky":false,"template":"","format":"standard","meta":{"footnotes":""},"categories":[30],"tags":[],"class_list":["post-57007","post","type-post","status-publish","format-standard","hentry","category-salud"],"yoast_head":"<!-- This site is optimized with the Yoast SEO plugin v25.9 - https:\/\/yoast.com\/wordpress\/plugins\/seo\/ -->\n<title>Murieron 505 personas y 28.680 fueron reportadas con coronavirus en las \u00faltimas 24 horas - Noticias Radio Reflejos<\/title>\n<meta name=\"robots\" content=\"index, follow, max-snippet:-1, max-image-preview:large, max-video-preview:-1\" \/>\n<link rel=\"canonical\" href=\"https:\/\/www.noticiasradioreflejos.com.ar\/2021\/murieron-505-personas-y-28-680-fueron-reportadas-con-coronavirus-en-las-ultimas-24-horas\/\" \/>\n<meta property=\"og:locale\" content=\"es_ES\" \/>\n<meta property=\"og:type\" content=\"article\" \/>\n<meta property=\"og:title\" content=\"Murieron 505 personas y 28.680 fueron reportadas con coronavirus en las \u00faltimas 24 horas - Noticias Radio Reflejos\" \/>\n<meta property=\"og:description\" content=\"El Ministerio de Salud indic\u00f3 que son 5.690 los internados en unidades de terapia intensiva, con un porcentaje de ocupaci\u00f3n de camas de adultos de 69,7% en el pa\u00eds y del 75,7% en el AMBA.\" \/>\n<meta property=\"og:url\" content=\"https:\/\/www.noticiasradioreflejos.com.ar\/2021\/murieron-505-personas-y-28-680-fueron-reportadas-con-coronavirus-en-las-ultimas-24-horas\/\" \/>\n<meta property=\"og:site_name\" content=\"Noticias Radio Reflejos\" \/>\n<meta property=\"article:published_time\" content=\"2021-05-17T23:57:12+00:00\" \/>\n<meta property=\"og:image\" content=\"https:\/\/www.telam.com.ar\/advf\/imagenes\/2021\/04\/6085c3bea8a0a_1004x565.jpg\" \/>\n<meta name=\"author\" content=\"Arnaldo Botto\" \/>\n<meta name=\"twitter:card\" content=\"summary_large_image\" \/>\n<script type=\"application\/ld+json\" class=\"yoast-schema-graph\">{\"@context\":\"https:\/\/schema.org\",\"@graph\":[{\"@type\":\"WebPage\",\"@id\":\"https:\/\/www.noticiasradioreflejos.com.ar\/2021\/murieron-505-personas-y-28-680-fueron-reportadas-con-coronavirus-en-las-ultimas-24-horas\/\",\"url\":\"https:\/\/www.noticiasradioreflejos.com.ar\/2021\/murieron-505-personas-y-28-680-fueron-reportadas-con-coronavirus-en-las-ultimas-24-horas\/\",\"name\":\"Murieron 505 personas y 28.680 fueron reportadas con coronavirus en las \u00faltimas 24 horas - Noticias Radio Reflejos\",\"isPartOf\":{\"@id\":\"https:\/\/www.noticiasradioreflejos.com.ar\/2021\/#website\"},\"primaryImageOfPage\":{\"@id\":\"https:\/\/www.noticiasradioreflejos.com.ar\/2021\/murieron-505-personas-y-28-680-fueron-reportadas-con-coronavirus-en-las-ultimas-24-horas\/#primaryimage\"},\"image\":{\"@id\":\"https:\/\/www.noticiasradioreflejos.com.ar\/2021\/murieron-505-personas-y-28-680-fueron-reportadas-con-coronavirus-en-las-ultimas-24-horas\/#primaryimage\"},\"thumbnailUrl\":\"https:\/\/www.telam.com.ar\/advf\/imagenes\/2021\/04\/6085c3bea8a0a_1004x565.jpg\",\"datePublished\":\"2021-05-17T23:57:12+00:00\",\"author\":{\"@id\":\"https:\/\/www.noticiasradioreflejos.com.ar\/2021\/#\/schema\/person\/ad82545263dcc5ec0996818884fd5fb1\"},\"breadcrumb\":{\"@id\":\"https:\/\/www.noticiasradioreflejos.com.ar\/2021\/murieron-505-personas-y-28-680-fueron-reportadas-con-coronavirus-en-las-ultimas-24-horas\/#breadcrumb\"},\"inLanguage\":\"es\",\"potentialAction\":[{\"@type\":\"ReadAction\",\"target\":[\"https:\/\/www.noticiasradioreflejos.com.ar\/2021\/murieron-505-personas-y-28-680-fueron-reportadas-con-coronavirus-en-las-ultimas-24-horas\/\"]}]},{\"@type\":\"ImageObject\",\"inLanguage\":\"es\",\"@id\":\"https:\/\/www.noticiasradioreflejos.com.ar\/2021\/murieron-505-personas-y-28-680-fueron-reportadas-con-coronavirus-en-las-ultimas-24-horas\/#primaryimage\",\"url\":\"https:\/\/www.telam.com.ar\/advf\/imagenes\/2021\/04\/6085c3bea8a0a_1004x565.jpg\",\"contentUrl\":\"https:\/\/www.telam.com.ar\/advf\/imagenes\/2021\/04\/6085c3bea8a0a_1004x565.jpg\"},{\"@type\":\"BreadcrumbList\",\"@id\":\"https:\/\/www.noticiasradioreflejos.com.ar\/2021\/murieron-505-personas-y-28-680-fueron-reportadas-con-coronavirus-en-las-ultimas-24-horas\/#breadcrumb\",\"itemListElement\":[{\"@type\":\"ListItem\",\"position\":1,\"name\":\"Portada\",\"item\":\"https:\/\/www.noticiasradioreflejos.com.ar\/2021\/\"},{\"@type\":\"ListItem\",\"position\":2,\"name\":\"Murieron 505 personas y 28.680 fueron reportadas con coronavirus en las \u00faltimas 24 horas\"}]},{\"@type\":\"WebSite\",\"@id\":\"https:\/\/www.noticiasradioreflejos.com.ar\/2021\/#website\",\"url\":\"https:\/\/www.noticiasradioreflejos.com.ar\/2021\/\",\"name\":\"Noticias Radio Reflejos\",\"description\":\"Las noticias de mi comarca\",\"potentialAction\":[{\"@type\":\"SearchAction\",\"target\":{\"@type\":\"EntryPoint\",\"urlTemplate\":\"https:\/\/www.noticiasradioreflejos.com.ar\/2021\/?s={search_term_string}\"},\"query-input\":{\"@type\":\"PropertyValueSpecification\",\"valueRequired\":true,\"valueName\":\"search_term_string\"}}],\"inLanguage\":\"es\"},{\"@type\":\"Person\",\"@id\":\"https:\/\/www.noticiasradioreflejos.com.ar\/2021\/#\/schema\/person\/ad82545263dcc5ec0996818884fd5fb1\",\"name\":\"Arnaldo Botto\",\"image\":{\"@type\":\"ImageObject\",\"inLanguage\":\"es\",\"@id\":\"https:\/\/www.noticiasradioreflejos.com.ar\/2021\/#\/schema\/person\/image\/\",\"url\":\"https:\/\/secure.gravatar.com\/avatar\/55cb5e37c1efa326397366e6974cb338056df65cb50e7d64d1cf314e87504837?s=96&d=mm&r=g\",\"contentUrl\":\"https:\/\/secure.gravatar.com\/avatar\/55cb5e37c1efa326397366e6974cb338056df65cb50e7d64d1cf314e87504837?s=96&d=mm&r=g\",\"caption\":\"Arnaldo Botto\"},\"url\":\"https:\/\/www.noticiasradioreflejos.com.ar\/2021\/author\/arnaldo\/\"}]}<\/script>\n<!-- \/ Yoast SEO plugin. -->","yoast_head_json":{"title":"Murieron 505 personas y 28.680 fueron reportadas con coronavirus en las \u00faltimas 24 horas - Noticias Radio Reflejos","robots":{"index":"index","follow":"follow","max-snippet":"max-snippet:-1","max-image-preview":"max-image-preview:large","max-video-preview":"max-video-preview:-1"},"canonical":"https:\/\/www.noticiasradioreflejos.com.ar\/2021\/murieron-505-personas-y-28-680-fueron-reportadas-con-coronavirus-en-las-ultimas-24-horas\/","og_locale":"es_ES","og_type":"article","og_title":"Murieron 505 personas y 28.680 fueron reportadas con coronavirus en las \u00faltimas 24 horas - Noticias Radio Reflejos","og_description":"El Ministerio de Salud indic\u00f3 que son 5.690 los internados en unidades de terapia intensiva, con un porcentaje de ocupaci\u00f3n de camas de adultos de 69,7% en el pa\u00eds y del 75,7% en el AMBA.","og_url":"https:\/\/www.noticiasradioreflejos.com.ar\/2021\/murieron-505-personas-y-28-680-fueron-reportadas-con-coronavirus-en-las-ultimas-24-horas\/","og_site_name":"Noticias Radio Reflejos","article_published_time":"2021-05-17T23:57:12+00:00","og_image":[{"url":"https:\/\/www.telam.com.ar\/advf\/imagenes\/2021\/04\/6085c3bea8a0a_1004x565.jpg","type":"","width":"","height":""}],"author":"Arnaldo Botto","twitter_card":"summary_large_image","schema":{"@context":"https:\/\/schema.org","@graph":[{"@type":"WebPage","@id":"https:\/\/www.noticiasradioreflejos.com.ar\/2021\/murieron-505-personas-y-28-680-fueron-reportadas-con-coronavirus-en-las-ultimas-24-horas\/","url":"https:\/\/www.noticiasradioreflejos.com.ar\/2021\/murieron-505-personas-y-28-680-fueron-reportadas-con-coronavirus-en-las-ultimas-24-horas\/","name":"Murieron 505 personas y 28.680 fueron reportadas con coronavirus en las \u00faltimas 24 horas - Noticias Radio Reflejos","isPartOf":{"@id":"https:\/\/www.noticiasradioreflejos.com.ar\/2021\/#website"},"primaryImageOfPage":{"@id":"https:\/\/www.noticiasradioreflejos.com.ar\/2021\/murieron-505-personas-y-28-680-fueron-reportadas-con-coronavirus-en-las-ultimas-24-horas\/#primaryimage"},"image":{"@id":"https:\/\/www.noticiasradioreflejos.com.ar\/2021\/murieron-505-personas-y-28-680-fueron-reportadas-con-coronavirus-en-las-ultimas-24-horas\/#primaryimage"},"thumbnailUrl":"https:\/\/www.telam.com.ar\/advf\/imagenes\/2021\/04\/6085c3bea8a0a_1004x565.jpg","datePublished":"2021-05-17T23:57:12+00:00","author":{"@id":"https:\/\/www.noticiasradioreflejos.com.ar\/2021\/#\/schema\/person\/ad82545263dcc5ec0996818884fd5fb1"},"breadcrumb":{"@id":"https:\/\/www.noticiasradioreflejos.com.ar\/2021\/murieron-505-personas-y-28-680-fueron-reportadas-con-coronavirus-en-las-ultimas-24-horas\/#breadcrumb"},"inLanguage":"es","potentialAction":[{"@type":"ReadAction","target":["https:\/\/www.noticiasradioreflejos.com.ar\/2021\/murieron-505-personas-y-28-680-fueron-reportadas-con-coronavirus-en-las-ultimas-24-horas\/"]}]},{"@type":"ImageObject","inLanguage":"es","@id":"https:\/\/www.noticiasradioreflejos.com.ar\/2021\/murieron-505-personas-y-28-680-fueron-reportadas-con-coronavirus-en-las-ultimas-24-horas\/#primaryimage","url":"https:\/\/www.telam.com.ar\/advf\/imagenes\/2021\/04\/6085c3bea8a0a_1004x565.jpg","contentUrl":"https:\/\/www.telam.com.ar\/advf\/imagenes\/2021\/04\/6085c3bea8a0a_1004x565.jpg"},{"@type":"BreadcrumbList","@id":"https:\/\/www.noticiasradioreflejos.com.ar\/2021\/murieron-505-personas-y-28-680-fueron-reportadas-con-coronavirus-en-las-ultimas-24-horas\/#breadcrumb","itemListElement":[{"@type":"ListItem","position":1,"name":"Portada","item":"https:\/\/www.noticiasradioreflejos.com.ar\/2021\/"},{"@type":"ListItem","position":2,"name":"Murieron 505 personas y 28.680 fueron reportadas con coronavirus en las \u00faltimas 24 horas"}]},{"@type":"WebSite","@id":"https:\/\/www.noticiasradioreflejos.com.ar\/2021\/#website","url":"https:\/\/www.noticiasradioreflejos.com.ar\/2021\/","name":"Noticias Radio Reflejos","description":"Las noticias de mi comarca","potentialAction":[{"@type":"SearchAction","target":{"@type":"EntryPoint","urlTemplate":"https:\/\/www.noticiasradioreflejos.com.ar\/2021\/?s={search_term_string}"},"query-input":{"@type":"PropertyValueSpecification","valueRequired":true,"valueName":"search_term_string"}}],"inLanguage":"es"},{"@type":"Person","@id":"https:\/\/www.noticiasradioreflejos.com.ar\/2021\/#\/schema\/person\/ad82545263dcc5ec0996818884fd5fb1","name":"Arnaldo Botto","image":{"@type":"ImageObject","inLanguage":"es","@id":"https:\/\/www.noticiasradioreflejos.com.ar\/2021\/#\/schema\/person\/image\/","url":"https:\/\/secure.gravatar.com\/avatar\/55cb5e37c1efa326397366e6974cb338056df65cb50e7d64d1cf314e87504837?s=96&d=mm&r=g","contentUrl":"https:\/\/secure.gravatar.com\/avatar\/55cb5e37c1efa326397366e6974cb338056df65cb50e7d64d1cf314e87504837?s=96&d=mm&r=g","caption":"Arnaldo Botto"},"url":"https:\/\/www.noticiasradioreflejos.com.ar\/2021\/author\/arnaldo\/"}]}},"_links":{"self":[{"href":"https:\/\/www.noticiasradioreflejos.com.ar\/2021\/wp-json\/wp\/v2\/posts\/57007","targetHints":{"allow":["GET"]}}],"collection":[{"href":"https:\/\/www.noticiasradioreflejos.com.ar\/2021\/wp-json\/wp\/v2\/posts"}],"about":[{"href":"https:\/\/www.noticiasradioreflejos.com.ar\/2021\/wp-json\/wp\/v2\/types\/post"}],"author":[{"embeddable":true,"href":"https:\/\/www.noticiasradioreflejos.com.ar\/2021\/wp-json\/wp\/v2\/users\/3"}],"replies":[{"embeddable":true,"href":"https:\/\/www.noticiasradioreflejos.com.ar\/2021\/wp-json\/wp\/v2\/comments?post=57007"}],"version-history":[{"count":1,"href":"https:\/\/www.noticiasradioreflejos.com.ar\/2021\/wp-json\/wp\/v2\/posts\/57007\/revisions"}],"predecessor-version":[{"id":57008,"href":"https:\/\/www.noticiasradioreflejos.com.ar\/2021\/wp-json\/wp\/v2\/posts\/57007\/revisions\/57008"}],"wp:attachment":[{"href":"https:\/\/www.noticiasradioreflejos.com.ar\/2021\/wp-json\/wp\/v2\/media?parent=57007"}],"wp:term":[{"taxonomy":"category","embeddable":true,"href":"https:\/\/www.noticiasradioreflejos.com.ar\/2021\/wp-json\/wp\/v2\/categories?post=57007"},{"taxonomy":"post_tag","embeddable":true,"href":"https:\/\/www.noticiasradioreflejos.com.ar\/2021\/wp-json\/wp\/v2\/tags?post=57007"}],"curies":[{"name":"wp","href":"https:\/\/api.w.org\/{rel}","templated":true}]}}