{"id":56999,"date":"2021-05-18T10:52:04","date_gmt":"2021-05-18T10:52:04","guid":{"rendered":"http:\/\/www.noticiasradioreflejos.com.ar\/2021\/?p=56999"},"modified":"2021-05-18T10:52:04","modified_gmt":"2021-05-18T10:52:04","slug":"chupacabras-en-tornquist-mientras-los-cientificos-no-me-den-ninguna-explicacion-voy-a-tener-que-aferrarme-a-estas-cuestiones-paranormales","status":"publish","type":"post","link":"https:\/\/www.noticiasradioreflejos.com.ar\/2021\/chupacabras-en-tornquist-mientras-los-cientificos-no-me-den-ninguna-explicacion-voy-a-tener-que-aferrarme-a-estas-cuestiones-paranormales\/","title":{"rendered":"Chupacabras en Tornquist: \u00abMientras los cient\u00edficos no me den ninguna explicaci\u00f3n, voy a tener que aferrarme a estas cuestiones paranormales\u00bb"},"content":{"rendered":"<p>El pasado viernes por la tarde, en el establecimiento rural a pocos kil\u00f3metros de Tornquist, apareci\u00f3 muerto un ternero de unos 200 kilos mutilado en su cabeza y a hace pensar en el famoso \u201cChupacabras\u201d o quiz\u00e1s en un rat\u00f3n, como ocurri\u00f3 en otras provincias. A ra\u00edz de la aparici\u00f3n del animal con estas condiciones, esta ma\u00f1ana conversamos con <strong>Domingo Bilbao<\/strong>, propietario del campo en cuesti\u00f3n, quien nos comparti\u00f3 su experiencia y su opini\u00f3n acerca de lo ocurrido.<!--more--><\/p>\n<p><a title=\"7e2f65063c3c4346b0309f490d594dc6-1.jpg_864\" href=\"https:\/\/www.flickr.com\/photos\/182279889@N02\/51181076816\/in\/dateposted-public\/\" data-flickr-embed=\"true\"><img loading=\"lazy\" decoding=\"async\" src=\"https:\/\/live.staticflickr.com\/65535\/51181076816_063808ae84_o.jpg\" alt=\"7e2f65063c3c4346b0309f490d594dc6-1.jpg_864\" width=\"864\" height=\"1152\" \/><\/a><script async src=\"\/\/embedr.flickr.com\/assets\/client-code.js\" charset=\"utf-8\"><\/script><\/p>\n<p>\u00abLo llamativo es que el corte es como si fuera un bistur\u00ed. Es imposible que el cuero salga tan bien como est\u00e1 cortado eso, por m\u00e1s afilado que est\u00e9 el cuchillo\u00bb destac\u00f3 Domingo lo que m\u00e1s le llam\u00f3 la atenci\u00f3n del estado del cad\u00e1ver. \u00abEsto no lo v\u00ed nunca\u00bb mencion\u00f3.<\/p>\n<p>Domingo explic\u00f3 que tiene varios terneros en su campo y que este fue el \u00fanico que apareci\u00f3 muerto, adem\u00e1s de tener estas condiciones tan extra\u00f1as.<\/p>\n<p>\u00abYo saqu\u00e9 una foto de Wikipedia de un caso en C\u00f3rdoba, que tiene exactamente el mismo corte en la mand\u00edbula que tiene el m\u00edo\u00bb compar\u00f3 con asombro.<\/p>\n<p><strong>Antecedentes:<\/strong><\/p>\n<p>El 16 de agosto del 2018 en nuestra p\u00e1gina, describ\u00edamos un hecho similar a menos de un km de la localidad de Saldungaray. Con el t\u00edtulo<strong><a href=\"http:\/\/www.noticiasradioreflejos.com.ar\/2021\/extranas-mutilaciones-en-saldungaray-mito-o-realidad\/\"> \u00abExtra\u00f1as mutilaciones en Saldungaray, mito o realidad?\u00bb<\/a><\/strong> describ\u00edamos de que manera los pobladores del establecimiento rural encontraron dos animales en condiciones similares a las descriptas por Bilbao en el hecho del viernes pasado. A esto se sumaba que d\u00edas antes, una serie de luces extra\u00f1as envolvieron las nubes en toda la zona del hecho.<\/p>\n<p><a title=\"Chupacabras en Saldungaray 1\" href=\"https:\/\/www.flickr.com\/photos\/182279889@N02\/51186929806\/in\/dateposted-public\/\" data-flickr-embed=\"true\"><img loading=\"lazy\" decoding=\"async\" src=\"https:\/\/live.staticflickr.com\/65535\/51186929806_b06ecf8f6b_o.jpg\" alt=\"Chupacabras en Saldungaray 1\" width=\"640\" height=\"480\" \/><\/a><script async src=\"\/\/embedr.flickr.com\/assets\/client-code.js\" charset=\"utf-8\"><\/script><\/p>\n<p><span style=\"color: #ff6600;\"><em>En Saldungaray<\/em><em>, los animales mostraban mutilaciones mayores<\/em><\/span><\/p>\n<p>&nbsp;<\/p>\n<p>Alg\u00fan paisano tambi\u00e9n esbozo, \u00abni los perros se acercan al animal\u00bb, mil historias, diferentes protagonistas y lugares se envuelven en este halo de misterio. El colectivo imaginario y popular habla de la intervenci\u00f3n de seres de otro planeta y as\u00ed se tejen las historias, miles por cierto. Y esta vez la aparici\u00f3n de los animales se dio nuevamente en la comarca serrana.<\/p>\n<p><a title=\"Chupacabras en Saldungaray\" href=\"https:\/\/www.flickr.com\/photos\/182279889@N02\/51187998890\/in\/dateposted-public\/\" data-flickr-embed=\"true\"><img loading=\"lazy\" decoding=\"async\" src=\"https:\/\/live.staticflickr.com\/65535\/51187998890_f30e9044a9_o.jpg\" alt=\"Chupacabras en Saldungaray\" width=\"640\" height=\"480\" \/><\/a><script async src=\"\/\/embedr.flickr.com\/assets\/client-code.js\" charset=\"utf-8\"><\/script><\/p>\n<p><strong><em><span style=\"color: #ff6600;\">El 16 de agosto del 2018, a 500 mts del casco urbano de Saldungaray hubo un hecho similar<\/span><\/em><\/strong><\/p>\n<p>\u00abMientras los cient\u00edficos no me den ninguna explicaci\u00f3n, voy a tener que aferrarme a estas cuestiones paranormales\u00bb confirm\u00f3 su creencia en que la raz\u00f3n de la aparici\u00f3n del cad\u00e1ver tenga origen en el Chupacabras o alguna otra criatura extra\u00f1a que provenga de lo extraterrestre.<\/p>\n<p>&nbsp;<\/p>\n<p><strong>Nota completa a continuaci\u00f3n:<\/strong><br \/>\n<iframe loading=\"lazy\" src=\"https:\/\/w.soundcloud.com\/player\/?url=https%3A\/\/api.soundcloud.com\/tracks\/1050267148&amp;color=%23ff5500&amp;auto_play=false&amp;hide_related=false&amp;show_comments=true&amp;show_user=true&amp;show_reposts=false&amp;show_teaser=true\" width=\"100%\" height=\"166\" frameborder=\"no\" scrolling=\"no\"><\/iframe><\/p>\n<div style=\"font-size: 10px; color: #cccccc; line-break: anywhere; word-break: normal; overflow: hidden; white-space: nowrap; text-overflow: ellipsis; font-family: Interstate,Lucida Grande,Lucida Sans Unicode,Lucida Sans,Garuda,Verdana,Tahoma,sans-serif; font-weight: 100;\"><a style=\"color: #cccccc; text-decoration: none;\" title=\"fmreflejos 103.7\" href=\"https:\/\/soundcloud.com\/fmreflejos-103-7\" target=\"_blank\" rel=\"noopener\">fmreflejos 103.7<\/a> \u00b7 <a style=\"color: #cccccc; text-decoration: none;\" title=\"Nota Domingo Bilbao\" href=\"https:\/\/soundcloud.com\/fmreflejos-103-7\/nota-domingo-bilbao\" target=\"_blank\" rel=\"noopener\">Nota Domingo Bilbao<\/a><\/div>\n","protected":false},"excerpt":{"rendered":"<p>El pasado viernes por la tarde, en el establecimiento rural a pocos kil\u00f3metros de Tornquist, apareci\u00f3 muerto un ternero de unos 200 kilos mutilado en su cabeza y a hace pensar en el famoso \u201cChupacabras\u201d o quiz\u00e1s en un rat\u00f3n, como ocurri\u00f3 en otras provincias. A ra\u00edz de la aparici\u00f3n del animal con estas condiciones, [&hellip;]<\/p>\n","protected":false},"author":3,"featured_media":0,"comment_status":"closed","ping_status":"closed","sticky":false,"template":"","format":"standard","meta":{"footnotes":""},"categories":[26],"tags":[48],"class_list":["post-56999","post","type-post","status-publish","format-standard","hentry","category-sociedad","tag-destacada"],"yoast_head":"<!-- This site is optimized with the Yoast SEO plugin v25.9 - https:\/\/yoast.com\/wordpress\/plugins\/seo\/ -->\n<title>Chupacabras en Tornquist: &quot;Mientras los cient\u00edficos no me den ninguna explicaci\u00f3n, voy a tener que aferrarme a estas cuestiones paranormales&quot; - Noticias Radio Reflejos<\/title>\n<meta name=\"robots\" content=\"index, follow, max-snippet:-1, max-image-preview:large, max-video-preview:-1\" \/>\n<link rel=\"canonical\" href=\"https:\/\/www.noticiasradioreflejos.com.ar\/2021\/chupacabras-en-tornquist-mientras-los-cientificos-no-me-den-ninguna-explicacion-voy-a-tener-que-aferrarme-a-estas-cuestiones-paranormales\/\" \/>\n<meta property=\"og:locale\" content=\"es_ES\" \/>\n<meta property=\"og:type\" content=\"article\" \/>\n<meta property=\"og:title\" content=\"Chupacabras en Tornquist: &quot;Mientras los cient\u00edficos no me den ninguna explicaci\u00f3n, voy a tener que aferrarme a estas cuestiones paranormales&quot; - Noticias Radio Reflejos\" \/>\n<meta property=\"og:description\" content=\"El pasado viernes por la tarde, en el establecimiento rural a pocos kil\u00f3metros de Tornquist, apareci\u00f3 muerto un ternero de unos 200 kilos mutilado en su cabeza y a hace pensar en el famoso \u201cChupacabras\u201d o quiz\u00e1s en un rat\u00f3n, como ocurri\u00f3 en otras provincias. A ra\u00edz de la aparici\u00f3n del animal con estas condiciones, [&hellip;]\" \/>\n<meta property=\"og:url\" content=\"https:\/\/www.noticiasradioreflejos.com.ar\/2021\/chupacabras-en-tornquist-mientras-los-cientificos-no-me-den-ninguna-explicacion-voy-a-tener-que-aferrarme-a-estas-cuestiones-paranormales\/\" \/>\n<meta property=\"og:site_name\" content=\"Noticias Radio Reflejos\" \/>\n<meta property=\"article:published_time\" content=\"2021-05-18T10:52:04+00:00\" \/>\n<meta property=\"og:image\" content=\"https:\/\/live.staticflickr.com\/65535\/51181076816_063808ae84_o.jpg\" \/>\n<meta name=\"author\" content=\"Arnaldo Botto\" \/>\n<meta name=\"twitter:card\" content=\"summary_large_image\" \/>\n<script type=\"application\/ld+json\" class=\"yoast-schema-graph\">{\"@context\":\"https:\/\/schema.org\",\"@graph\":[{\"@type\":\"WebPage\",\"@id\":\"https:\/\/www.noticiasradioreflejos.com.ar\/2021\/chupacabras-en-tornquist-mientras-los-cientificos-no-me-den-ninguna-explicacion-voy-a-tener-que-aferrarme-a-estas-cuestiones-paranormales\/\",\"url\":\"https:\/\/www.noticiasradioreflejos.com.ar\/2021\/chupacabras-en-tornquist-mientras-los-cientificos-no-me-den-ninguna-explicacion-voy-a-tener-que-aferrarme-a-estas-cuestiones-paranormales\/\",\"name\":\"Chupacabras en Tornquist: \\\"Mientras los cient\u00edficos no me den ninguna explicaci\u00f3n, voy a tener que aferrarme a estas cuestiones paranormales\\\" - Noticias Radio Reflejos\",\"isPartOf\":{\"@id\":\"https:\/\/www.noticiasradioreflejos.com.ar\/2021\/#website\"},\"primaryImageOfPage\":{\"@id\":\"https:\/\/www.noticiasradioreflejos.com.ar\/2021\/chupacabras-en-tornquist-mientras-los-cientificos-no-me-den-ninguna-explicacion-voy-a-tener-que-aferrarme-a-estas-cuestiones-paranormales\/#primaryimage\"},\"image\":{\"@id\":\"https:\/\/www.noticiasradioreflejos.com.ar\/2021\/chupacabras-en-tornquist-mientras-los-cientificos-no-me-den-ninguna-explicacion-voy-a-tener-que-aferrarme-a-estas-cuestiones-paranormales\/#primaryimage\"},\"thumbnailUrl\":\"https:\/\/live.staticflickr.com\/65535\/51181076816_063808ae84_o.jpg\",\"datePublished\":\"2021-05-18T10:52:04+00:00\",\"author\":{\"@id\":\"https:\/\/www.noticiasradioreflejos.com.ar\/2021\/#\/schema\/person\/ad82545263dcc5ec0996818884fd5fb1\"},\"breadcrumb\":{\"@id\":\"https:\/\/www.noticiasradioreflejos.com.ar\/2021\/chupacabras-en-tornquist-mientras-los-cientificos-no-me-den-ninguna-explicacion-voy-a-tener-que-aferrarme-a-estas-cuestiones-paranormales\/#breadcrumb\"},\"inLanguage\":\"es\",\"potentialAction\":[{\"@type\":\"ReadAction\",\"target\":[\"https:\/\/www.noticiasradioreflejos.com.ar\/2021\/chupacabras-en-tornquist-mientras-los-cientificos-no-me-den-ninguna-explicacion-voy-a-tener-que-aferrarme-a-estas-cuestiones-paranormales\/\"]}]},{\"@type\":\"ImageObject\",\"inLanguage\":\"es\",\"@id\":\"https:\/\/www.noticiasradioreflejos.com.ar\/2021\/chupacabras-en-tornquist-mientras-los-cientificos-no-me-den-ninguna-explicacion-voy-a-tener-que-aferrarme-a-estas-cuestiones-paranormales\/#primaryimage\",\"url\":\"https:\/\/live.staticflickr.com\/65535\/51181076816_063808ae84_o.jpg\",\"contentUrl\":\"https:\/\/live.staticflickr.com\/65535\/51181076816_063808ae84_o.jpg\"},{\"@type\":\"BreadcrumbList\",\"@id\":\"https:\/\/www.noticiasradioreflejos.com.ar\/2021\/chupacabras-en-tornquist-mientras-los-cientificos-no-me-den-ninguna-explicacion-voy-a-tener-que-aferrarme-a-estas-cuestiones-paranormales\/#breadcrumb\",\"itemListElement\":[{\"@type\":\"ListItem\",\"position\":1,\"name\":\"Portada\",\"item\":\"https:\/\/www.noticiasradioreflejos.com.ar\/2021\/\"},{\"@type\":\"ListItem\",\"position\":2,\"name\":\"Chupacabras en Tornquist: \u00abMientras los cient\u00edficos no me den ninguna explicaci\u00f3n, voy a tener que aferrarme a estas cuestiones paranormales\u00bb\"}]},{\"@type\":\"WebSite\",\"@id\":\"https:\/\/www.noticiasradioreflejos.com.ar\/2021\/#website\",\"url\":\"https:\/\/www.noticiasradioreflejos.com.ar\/2021\/\",\"name\":\"Noticias Radio Reflejos\",\"description\":\"Las noticias de mi comarca\",\"potentialAction\":[{\"@type\":\"SearchAction\",\"target\":{\"@type\":\"EntryPoint\",\"urlTemplate\":\"https:\/\/www.noticiasradioreflejos.com.ar\/2021\/?s={search_term_string}\"},\"query-input\":{\"@type\":\"PropertyValueSpecification\",\"valueRequired\":true,\"valueName\":\"search_term_string\"}}],\"inLanguage\":\"es\"},{\"@type\":\"Person\",\"@id\":\"https:\/\/www.noticiasradioreflejos.com.ar\/2021\/#\/schema\/person\/ad82545263dcc5ec0996818884fd5fb1\",\"name\":\"Arnaldo Botto\",\"image\":{\"@type\":\"ImageObject\",\"inLanguage\":\"es\",\"@id\":\"https:\/\/www.noticiasradioreflejos.com.ar\/2021\/#\/schema\/person\/image\/\",\"url\":\"https:\/\/secure.gravatar.com\/avatar\/55cb5e37c1efa326397366e6974cb338056df65cb50e7d64d1cf314e87504837?s=96&d=mm&r=g\",\"contentUrl\":\"https:\/\/secure.gravatar.com\/avatar\/55cb5e37c1efa326397366e6974cb338056df65cb50e7d64d1cf314e87504837?s=96&d=mm&r=g\",\"caption\":\"Arnaldo Botto\"},\"url\":\"https:\/\/www.noticiasradioreflejos.com.ar\/2021\/author\/arnaldo\/\"}]}<\/script>\n<!-- \/ Yoast SEO plugin. -->","yoast_head_json":{"title":"Chupacabras en Tornquist: \"Mientras los cient\u00edficos no me den ninguna explicaci\u00f3n, voy a tener que aferrarme a estas cuestiones paranormales\" - Noticias Radio Reflejos","robots":{"index":"index","follow":"follow","max-snippet":"max-snippet:-1","max-image-preview":"max-image-preview:large","max-video-preview":"max-video-preview:-1"},"canonical":"https:\/\/www.noticiasradioreflejos.com.ar\/2021\/chupacabras-en-tornquist-mientras-los-cientificos-no-me-den-ninguna-explicacion-voy-a-tener-que-aferrarme-a-estas-cuestiones-paranormales\/","og_locale":"es_ES","og_type":"article","og_title":"Chupacabras en Tornquist: \"Mientras los cient\u00edficos no me den ninguna explicaci\u00f3n, voy a tener que aferrarme a estas cuestiones paranormales\" - Noticias Radio Reflejos","og_description":"El pasado viernes por la tarde, en el establecimiento rural a pocos kil\u00f3metros de Tornquist, apareci\u00f3 muerto un ternero de unos 200 kilos mutilado en su cabeza y a hace pensar en el famoso \u201cChupacabras\u201d o quiz\u00e1s en un rat\u00f3n, como ocurri\u00f3 en otras provincias. A ra\u00edz de la aparici\u00f3n del animal con estas condiciones, [&hellip;]","og_url":"https:\/\/www.noticiasradioreflejos.com.ar\/2021\/chupacabras-en-tornquist-mientras-los-cientificos-no-me-den-ninguna-explicacion-voy-a-tener-que-aferrarme-a-estas-cuestiones-paranormales\/","og_site_name":"Noticias Radio Reflejos","article_published_time":"2021-05-18T10:52:04+00:00","og_image":[{"url":"https:\/\/live.staticflickr.com\/65535\/51181076816_063808ae84_o.jpg","type":"","width":"","height":""}],"author":"Arnaldo Botto","twitter_card":"summary_large_image","schema":{"@context":"https:\/\/schema.org","@graph":[{"@type":"WebPage","@id":"https:\/\/www.noticiasradioreflejos.com.ar\/2021\/chupacabras-en-tornquist-mientras-los-cientificos-no-me-den-ninguna-explicacion-voy-a-tener-que-aferrarme-a-estas-cuestiones-paranormales\/","url":"https:\/\/www.noticiasradioreflejos.com.ar\/2021\/chupacabras-en-tornquist-mientras-los-cientificos-no-me-den-ninguna-explicacion-voy-a-tener-que-aferrarme-a-estas-cuestiones-paranormales\/","name":"Chupacabras en Tornquist: \"Mientras los cient\u00edficos no me den ninguna explicaci\u00f3n, voy a tener que aferrarme a estas cuestiones paranormales\" - Noticias Radio Reflejos","isPartOf":{"@id":"https:\/\/www.noticiasradioreflejos.com.ar\/2021\/#website"},"primaryImageOfPage":{"@id":"https:\/\/www.noticiasradioreflejos.com.ar\/2021\/chupacabras-en-tornquist-mientras-los-cientificos-no-me-den-ninguna-explicacion-voy-a-tener-que-aferrarme-a-estas-cuestiones-paranormales\/#primaryimage"},"image":{"@id":"https:\/\/www.noticiasradioreflejos.com.ar\/2021\/chupacabras-en-tornquist-mientras-los-cientificos-no-me-den-ninguna-explicacion-voy-a-tener-que-aferrarme-a-estas-cuestiones-paranormales\/#primaryimage"},"thumbnailUrl":"https:\/\/live.staticflickr.com\/65535\/51181076816_063808ae84_o.jpg","datePublished":"2021-05-18T10:52:04+00:00","author":{"@id":"https:\/\/www.noticiasradioreflejos.com.ar\/2021\/#\/schema\/person\/ad82545263dcc5ec0996818884fd5fb1"},"breadcrumb":{"@id":"https:\/\/www.noticiasradioreflejos.com.ar\/2021\/chupacabras-en-tornquist-mientras-los-cientificos-no-me-den-ninguna-explicacion-voy-a-tener-que-aferrarme-a-estas-cuestiones-paranormales\/#breadcrumb"},"inLanguage":"es","potentialAction":[{"@type":"ReadAction","target":["https:\/\/www.noticiasradioreflejos.com.ar\/2021\/chupacabras-en-tornquist-mientras-los-cientificos-no-me-den-ninguna-explicacion-voy-a-tener-que-aferrarme-a-estas-cuestiones-paranormales\/"]}]},{"@type":"ImageObject","inLanguage":"es","@id":"https:\/\/www.noticiasradioreflejos.com.ar\/2021\/chupacabras-en-tornquist-mientras-los-cientificos-no-me-den-ninguna-explicacion-voy-a-tener-que-aferrarme-a-estas-cuestiones-paranormales\/#primaryimage","url":"https:\/\/live.staticflickr.com\/65535\/51181076816_063808ae84_o.jpg","contentUrl":"https:\/\/live.staticflickr.com\/65535\/51181076816_063808ae84_o.jpg"},{"@type":"BreadcrumbList","@id":"https:\/\/www.noticiasradioreflejos.com.ar\/2021\/chupacabras-en-tornquist-mientras-los-cientificos-no-me-den-ninguna-explicacion-voy-a-tener-que-aferrarme-a-estas-cuestiones-paranormales\/#breadcrumb","itemListElement":[{"@type":"ListItem","position":1,"name":"Portada","item":"https:\/\/www.noticiasradioreflejos.com.ar\/2021\/"},{"@type":"ListItem","position":2,"name":"Chupacabras en Tornquist: \u00abMientras los cient\u00edficos no me den ninguna explicaci\u00f3n, voy a tener que aferrarme a estas cuestiones paranormales\u00bb"}]},{"@type":"WebSite","@id":"https:\/\/www.noticiasradioreflejos.com.ar\/2021\/#website","url":"https:\/\/www.noticiasradioreflejos.com.ar\/2021\/","name":"Noticias Radio Reflejos","description":"Las noticias de mi comarca","potentialAction":[{"@type":"SearchAction","target":{"@type":"EntryPoint","urlTemplate":"https:\/\/www.noticiasradioreflejos.com.ar\/2021\/?s={search_term_string}"},"query-input":{"@type":"PropertyValueSpecification","valueRequired":true,"valueName":"search_term_string"}}],"inLanguage":"es"},{"@type":"Person","@id":"https:\/\/www.noticiasradioreflejos.com.ar\/2021\/#\/schema\/person\/ad82545263dcc5ec0996818884fd5fb1","name":"Arnaldo Botto","image":{"@type":"ImageObject","inLanguage":"es","@id":"https:\/\/www.noticiasradioreflejos.com.ar\/2021\/#\/schema\/person\/image\/","url":"https:\/\/secure.gravatar.com\/avatar\/55cb5e37c1efa326397366e6974cb338056df65cb50e7d64d1cf314e87504837?s=96&d=mm&r=g","contentUrl":"https:\/\/secure.gravatar.com\/avatar\/55cb5e37c1efa326397366e6974cb338056df65cb50e7d64d1cf314e87504837?s=96&d=mm&r=g","caption":"Arnaldo Botto"},"url":"https:\/\/www.noticiasradioreflejos.com.ar\/2021\/author\/arnaldo\/"}]}},"_links":{"self":[{"href":"https:\/\/www.noticiasradioreflejos.com.ar\/2021\/wp-json\/wp\/v2\/posts\/56999","targetHints":{"allow":["GET"]}}],"collection":[{"href":"https:\/\/www.noticiasradioreflejos.com.ar\/2021\/wp-json\/wp\/v2\/posts"}],"about":[{"href":"https:\/\/www.noticiasradioreflejos.com.ar\/2021\/wp-json\/wp\/v2\/types\/post"}],"author":[{"embeddable":true,"href":"https:\/\/www.noticiasradioreflejos.com.ar\/2021\/wp-json\/wp\/v2\/users\/3"}],"replies":[{"embeddable":true,"href":"https:\/\/www.noticiasradioreflejos.com.ar\/2021\/wp-json\/wp\/v2\/comments?post=56999"}],"version-history":[{"count":3,"href":"https:\/\/www.noticiasradioreflejos.com.ar\/2021\/wp-json\/wp\/v2\/posts\/56999\/revisions"}],"predecessor-version":[{"id":57010,"href":"https:\/\/www.noticiasradioreflejos.com.ar\/2021\/wp-json\/wp\/v2\/posts\/56999\/revisions\/57010"}],"wp:attachment":[{"href":"https:\/\/www.noticiasradioreflejos.com.ar\/2021\/wp-json\/wp\/v2\/media?parent=56999"}],"wp:term":[{"taxonomy":"category","embeddable":true,"href":"https:\/\/www.noticiasradioreflejos.com.ar\/2021\/wp-json\/wp\/v2\/categories?post=56999"},{"taxonomy":"post_tag","embeddable":true,"href":"https:\/\/www.noticiasradioreflejos.com.ar\/2021\/wp-json\/wp\/v2\/tags?post=56999"}],"curies":[{"name":"wp","href":"https:\/\/api.w.org\/{rel}","templated":true}]}}