{"id":56998,"date":"2021-05-17T20:50:45","date_gmt":"2021-05-17T20:50:45","guid":{"rendered":"http:\/\/www.noticiasradioreflejos.com.ar\/2021\/?p=56998"},"modified":"2021-05-17T20:50:45","modified_gmt":"2021-05-17T20:50:45","slug":"llegan-casi-4-millones-de-vacunas-de-astrazeneca-para-reforzar-el-plan-de-vacunacion","status":"publish","type":"post","link":"https:\/\/www.noticiasradioreflejos.com.ar\/2021\/llegan-casi-4-millones-de-vacunas-de-astrazeneca-para-reforzar-el-plan-de-vacunacion\/","title":{"rendered":"Llegan casi 4 millones de vacunas de AstraZeneca para reforzar el plan de vacunaci\u00f3n"},"content":{"rendered":"<div class=\"head-content\">\n<p style=\"padding-left: 40px;\"><span style=\"color: #333333; font-size: 15px;\">Este mes el pa\u00eds recibir\u00e1 3.960.000 dosis en el marco del contrato celebrado el a\u00f1o pasado con la empresa farmac\u00e9utica, por 22.400.000 vacunas, a las cuales se sumar\u00e1n otras 861.600 a trav\u00e9s del mecanismo Covax, de la OMS.<\/span><\/p>\n<\/div>\n<p><!--more--><\/p>\n<div class=\"main-content-block\">\n<div class=\"main-box clearfix\">\n<div class=\"wrapper-main-section clearfix\">\n<div class=\"wrapper-editable-content\">\n<div class=\"editable-content clearfix\">\n<div id=\"image\" class=\"image\"><img decoding=\"async\" title=\"Durante este mes llegar\u00e1n a la Argentina  3.960.000 dosis en el marco del contrato celebrado el a\u00f1o pasado con la empresa farmac\u00e9utica,\" src=\"https:\/\/www.telam.com.ar\/advf\/imagenes\/2021\/03\/605888c5b2670_1004x565.jpg\" alt=\"Durante este mes llegar\u00e1n a la Argentina  3.960.000 dosis en el marco del contrato celebrado el a\u00f1o pasado con la empresa farmac\u00e9utica,\" \/><\/p>\n<div class=\"epigrafe\">Durante este mes llegar\u00e1n a la Argentina 3.960.000 dosis en el marco del contrato celebrado el a\u00f1o pasado con la empresa farmac\u00e9utica,<\/div>\n<\/div>\n<p>El\u00a0<strong>Plan de Vacunaci\u00f3n avanza con la llegada de dosis de Oxford\/AstraZeneca, previstas para el mes de mayo,<\/strong>\u00a0que se sumar\u00e1n a las que ya se aplican en el pa\u00eds -Sputnik, Covishield y Sinopharm-, con el objetivo de abarcar a la mayor cantidad posible de poblaci\u00f3n, luego de haber inmunizado a adultos mayores, personal de salud y docentes.<\/p>\n<p>De acuerdo al informe oficial, en el transcurso de este mes\u00a0<strong>estar\u00e1n llegando 3.960.000 dosis al pa\u00eds en el marco del contrato celebrado el a\u00f1o pasado con la empresa farmac\u00e9utica, por 22.400.000 vacunas,<\/strong>\u00a0a las cuales se sumar\u00e1n otras 861.600 a trav\u00e9s del mecanismo Covax, de la Organizaci\u00f3n Mundial de la Salud,\u00a0<a href=\"https:\/\/www.telam.com.ar\/notas\/202105\/553944-sputnikv-entrega-dosis.html\" target=\"_blank\" rel=\"noopener\">y las cargas que ya llegaron d\u00edas atr\u00e1s desde Mosc\u00fa de la vacuna Sputnik V en vuelos de Aerol\u00edneas Argentinas.<\/a><\/p>\n<p>AstraZeneca produce el principio activo de su f\u00e1rmaco contra la Covid-19 en el laboratorio del Grupo Insud en la provincia de Buenos Aires y las env\u00eda para su \u00abformulado\u00bb a M\u00e9xico, desde donde son posteriormente distribuidas.<\/p>\n<div class=\"auth\">Las dosis que llegaron<\/div>\n<p><strong><a href=\"https:\/\/www.telam.com.ar\/notas\/202105\/554206-campana-vacunacion-coronavirus-distribucion-vacunas.html\" target=\"_blank\" rel=\"noopener\">La Argentina recibi\u00f3 hasta el momento un total de 12.698.250 de dosis, entre vacunas Sputnik V, Sinopharm y AstraZeneca.<\/a><\/strong><\/p>\n<div id=\"image\" class=\"image\"><img decoding=\"async\" title=\"El pa\u00eds ya recibi\u00f3 1.082.400 de dosis de AstraZeneca a trav\u00e9s del mecanismo COVAX de la OMS.\" src=\"https:\/\/www.telam.com.ar\/advf\/imagenes\/2021\/04\/607c6594d7ee3.04.2021%20565_1004x565.jpg\" alt=\"El pa\u00eds ya recibi\u00f3 1.082.400 de dosis de AstraZeneca a trav\u00e9s del mecanismo COVAX de la OMS.\" \/><\/p>\n<div class=\"epigrafe\">El pa\u00eds ya recibi\u00f3 1.082.400 de dosis de AstraZeneca a trav\u00e9s del mecanismo COVAX de la OMS.<\/div>\n<\/div>\n<p>De ese total,\u00a0<strong>6.535.850 dosis corresponden a la vacuna Sputnik V\u00a0<\/strong>(5.475.690 del primer componente y 1.060.160 del segundo componente);\u00a0<strong>4.000.000 a Sinopharm; 580.000 a Covishield\/AstraZeneca; y 1.082.400 de AstraZeneca\u00a0<\/strong>que se recibieron a trav\u00e9s del mecanismo COVAX de la Organizaci\u00f3n Mundial de la Salud.<\/p>\n<p>Entre diciembre y enero llegaron al pa\u00eds 820.150 dosis de Sputnik (410.150 del primer componente y 410.000 del segundo).<\/p>\n<p>En febrero arribaron un total de 2.497.890: 917.890 corresponden a la vacuna Sputnik V (729.090 al componente 1 y 188.800 al componente 2); 580.000 a Covishield y 1.000.000 a Sinopharm.<\/p>\n<p>En marzo se recibieron 2.452.870 dosis de vacunas contra la Covid-19. De ese total, 2.234.470 son Sputnik (1.773.110 del componente 1 y 461.360 del componente 2) y 218.400 de AstraZeneca del mecanismo Covax.<\/p>\n<blockquote><p>Con los embarques de Sputnik V que llegaron d\u00edas atr\u00e1s en vuelos de Aerol\u00edneas Argentinas, se habr\u00e1 vacunado con una dosis a todos los mayores de 60 a\u00f1os que se inscribieron en el pa\u00eds.<\/p><\/blockquote>\n<p>Mientras que en abril arribaron al pa\u00eds un total de 5.927.340 vacunas, de las cuales 2.063.340 son del componente 1 de Sputnik; 864.000 de AstraZeneca del mecanismo Covax y 3.000.000 a Sinopharm.<\/p>\n<p>A su vez, en el per\u00edodo comprendido desde el d\u00eda lunes 29 de marzo hasta el domingo 2 de mayo llegaron a la Argentina m\u00e1s de 6 millones de vacunas (6.229.430), de las cuales fueron aplicadas 4.393.725.<\/p>\n<p>Seg\u00fan fuentes oficiales,\u00a0<strong>con los embarques de Sputnik V que llegaron d\u00edas atr\u00e1s en vuelos de Aerol\u00edneas Argentinas, se habr\u00e1 vacunado con una dosis a todos los mayores de 60 a\u00f1os que se inscribieron en el pa\u00eds.<\/strong><\/p>\n<div class=\"auth\"><strong>Alberto Fern\u00e1ndez y su inter\u00e9s en conseguir m\u00e1s vacunas<\/strong><\/div>\n<p>En cuanto a la posibilidad de contar con m\u00e1s dosis de vacunas, el presidente Alberto Fern\u00e1ndez sostuvo que el v\u00ednculo con el laboratorio estadounidense Pfizer para la compra de vacunas contra el coronavirus \u00abno se rompi\u00f3\u00bb y afirm\u00f3 que el Gobierno argentino sigue \u00abnegociando hasta el d\u00eda de hoy\u00bb.<\/p>\n<div id=\"image\" class=\"image\"><img decoding=\"async\" title=\"El presidente Alberto Fern\u00e1ndez en una videconferencia con directivos de AstraZeneca. \" src=\"https:\/\/www.telam.com.ar\/advf\/imagenes\/2020\/08\/5f3ea973b5cc1_1004x565.jpg\" alt=\"El presidente Alberto Fern\u00e1ndez en una videconferencia con directivos de AstraZeneca. \" \/><\/p>\n<div class=\"epigrafe\">El presidente Alberto Fern\u00e1ndez en una videconferencia con directivos de AstraZeneca.<\/div>\n<\/div>\n<p>\u00abLa primera vacuna que fue autorizada en Argentina para ser dada fue Pfizer;\u00a0<strong>ten\u00edamos todo el inter\u00e9s de contar con Pfizer y despu\u00e9s hubo una serie de problemas contractuales que tuvieron que ver con Pfizer Estados Unidos y que empezaron a complicar la posibilidad de hacer un acuerdo y comprar las vacunas<\/strong>\u00ab, repas\u00f3 el mandatario.<\/p>\n<p>Al respecto, record\u00f3 que durante su reciente gira internacional consult\u00f3 si \u00abpod\u00eda comprarle la vacuna Pfizer a Europa directamente\u00bb, pero le consignaron que en ese continente \u00abtienen problemas de suministro\u00bb con ese laboratorio, adem\u00e1s de que las dosis que se producen en Europa est\u00e1n \u00abprohibidas para exportaci\u00f3n a terceros pa\u00edses\u00bb.<\/p>\n<p>No obstante,\u00a0<a href=\"https:\/\/www.telam.com.ar\/notas\/202104\/550863-alberto-fernandez-oposicion-conseguir-vacunas.html\" target=\"_blank\" rel=\"noopener\"><strong>el jefe de Estado reafirm\u00f3 que seguir\u00e1 \u00abtrabajando para que los argentinos tengan todas las vacunas\u00bb para afrontar el coronavirus.<\/strong><\/a><\/p>\n<div class=\"auth\"><strong>Una dosis israel\u00ed<\/strong><\/div>\n<p>Siguiendo esa l\u00ednea,\u00a0<a href=\"https:\/\/www.telam.com.ar\/notas\/202105\/553677-cafiero-vizzotti-reunion-comitiva-israel-vacunas.html\" target=\"_blank\" rel=\"noopener\">la vacuna israel\u00ed-argentina BriLife realizar\u00e1 sus estudios en fase tres en el pa\u00eds con un modelo que pretende producir millones de dosis en la Argentina\u00a0<\/a>con tecnolog\u00eda israel\u00ed y distribuirla hacia el mundo, para lo cual expertos de ese pa\u00eds mantuvieron una reuni\u00f3n.<\/p>\n<div id=\"image\" class=\"image\"><img decoding=\"async\" title=\"Con los embarques de Sputnik V que llegaron d\u00edas atr\u00e1s, se habr\u00e1 vacunado con una dosis a todos los mayores de 60 a\u00f1os que se inscribieron en el pa\u00eds.\" src=\"https:\/\/www.telam.com.ar\/advf\/imagenes\/2021\/04\/606e1898824cb_1004x565.jpg\" alt=\"Con los embarques de Sputnik V que llegaron d\u00edas atr\u00e1s, se habr\u00e1 vacunado con una dosis a todos los mayores de 60 a\u00f1os que se inscribieron en el pa\u00eds.\" \/><\/p>\n<div class=\"epigrafe\">Con los embarques de Sputnik V que llegaron d\u00edas atr\u00e1s, se habr\u00e1 vacunado con una dosis a todos los mayores de 60 a\u00f1os que se inscribieron en el pa\u00eds.<\/div>\n<\/div>\n<p>En otro orden, Vizzotti, y la asesora presidencial Cecilia Nicolini avanzaron en la gesti\u00f3n para la posibilidad de acelerar un cronograma de entrega del componente 2 de la vacuna Sputnik V y completar as\u00ed los esquemas de inmunizaci\u00f3n.<\/p>\n<div class=\"auth\"><em><strong>Diferir la segunda dosis<\/strong><\/em><\/div>\n<p>Al respecto,<strong>\u00a0el m\u00e9dico cl\u00ednico Luis C\u00e1mera, integrante del comit\u00e9 que asesora al presidente Alberto Fern\u00e1ndez, asegur\u00f3 este lunes que la segunda aplicaci\u00f3n de la vacuna Sputnik V se puede \u00abestirar\u00bb<\/strong>\u00a0hasta \u00abtres o cuatro meses\u00bb ya que la mayor parte de su efectividad se alcanza con la primera dosis.<\/p>\n<p>\u00abHasta tres o cuatro meses se puede estirar la aplicaci\u00f3n de la segunda dosis. La Sputnik ha demostrado ser sumamente efectiva con la primera alcanzando una inmunidad muy similar a la que uno tendr\u00eda ya con la segunda\u00bb, dijo, y aclar\u00f3 que la segunda dosis lo que hace es darle durabilidad en el tiempo.<\/p>\n<p>\u00abLa segunda dosis refuerza la inmunidad temporalmente, pero no se puede saber ya que la vida real no es exactamente lo mismo que el laboratorio\u00bb, precis\u00f3.<\/p>\n<p>C\u00e1mera dijo que se estima que<strong>\u00a0el efecto protector de la vacuna es alrededor de un a\u00f1o,<\/strong>\u00a0aunque todav\u00eda no transcurri\u00f3 el tiempo suficiente para tener la certeza de cu\u00e1nto dura la inmunidad ya que las primeras vacunas se aplicaron entre diciembre y enero.<\/div>\n<\/div>\n<\/div>\n<\/div>\n<\/div>\n","protected":false},"excerpt":{"rendered":"<p>Este mes el pa\u00eds recibir\u00e1 3.960.000 dosis en el marco del contrato celebrado el a\u00f1o pasado con la empresa farmac\u00e9utica, por 22.400.000 vacunas, a las cuales se sumar\u00e1n otras 861.600 a trav\u00e9s del mecanismo Covax, de la OMS.<\/p>\n","protected":false},"author":3,"featured_media":0,"comment_status":"closed","ping_status":"closed","sticky":false,"template":"","format":"standard","meta":{"footnotes":""},"categories":[24,30],"tags":[48],"class_list":["post-56998","post","type-post","status-publish","format-standard","hentry","category-politica","category-salud","tag-destacada"],"yoast_head":"<!-- This site is optimized with the Yoast SEO plugin v25.9 - https:\/\/yoast.com\/wordpress\/plugins\/seo\/ -->\n<title>Llegan casi 4 millones de vacunas de AstraZeneca para reforzar el plan de vacunaci\u00f3n - Noticias Radio Reflejos<\/title>\n<meta name=\"robots\" content=\"index, follow, max-snippet:-1, max-image-preview:large, max-video-preview:-1\" \/>\n<link rel=\"canonical\" href=\"https:\/\/www.noticiasradioreflejos.com.ar\/2021\/llegan-casi-4-millones-de-vacunas-de-astrazeneca-para-reforzar-el-plan-de-vacunacion\/\" \/>\n<meta property=\"og:locale\" content=\"es_ES\" \/>\n<meta property=\"og:type\" content=\"article\" \/>\n<meta property=\"og:title\" content=\"Llegan casi 4 millones de vacunas de AstraZeneca para reforzar el plan de vacunaci\u00f3n - Noticias Radio Reflejos\" \/>\n<meta property=\"og:description\" content=\"Este mes el pa\u00eds recibir\u00e1 3.960.000 dosis en el marco del contrato celebrado el a\u00f1o pasado con la empresa farmac\u00e9utica, por 22.400.000 vacunas, a las cuales se sumar\u00e1n otras 861.600 a trav\u00e9s del mecanismo Covax, de la OMS.\" \/>\n<meta property=\"og:url\" content=\"https:\/\/www.noticiasradioreflejos.com.ar\/2021\/llegan-casi-4-millones-de-vacunas-de-astrazeneca-para-reforzar-el-plan-de-vacunacion\/\" \/>\n<meta property=\"og:site_name\" content=\"Noticias Radio Reflejos\" \/>\n<meta property=\"article:published_time\" content=\"2021-05-17T20:50:45+00:00\" \/>\n<meta property=\"og:image\" content=\"https:\/\/www.telam.com.ar\/advf\/imagenes\/2021\/03\/605888c5b2670_1004x565.jpg\" \/>\n<meta name=\"author\" content=\"Arnaldo Botto\" \/>\n<meta name=\"twitter:card\" content=\"summary_large_image\" \/>\n<script type=\"application\/ld+json\" class=\"yoast-schema-graph\">{\"@context\":\"https:\/\/schema.org\",\"@graph\":[{\"@type\":\"WebPage\",\"@id\":\"https:\/\/www.noticiasradioreflejos.com.ar\/2021\/llegan-casi-4-millones-de-vacunas-de-astrazeneca-para-reforzar-el-plan-de-vacunacion\/\",\"url\":\"https:\/\/www.noticiasradioreflejos.com.ar\/2021\/llegan-casi-4-millones-de-vacunas-de-astrazeneca-para-reforzar-el-plan-de-vacunacion\/\",\"name\":\"Llegan casi 4 millones de vacunas de AstraZeneca para reforzar el plan de vacunaci\u00f3n - Noticias Radio Reflejos\",\"isPartOf\":{\"@id\":\"https:\/\/www.noticiasradioreflejos.com.ar\/2021\/#website\"},\"primaryImageOfPage\":{\"@id\":\"https:\/\/www.noticiasradioreflejos.com.ar\/2021\/llegan-casi-4-millones-de-vacunas-de-astrazeneca-para-reforzar-el-plan-de-vacunacion\/#primaryimage\"},\"image\":{\"@id\":\"https:\/\/www.noticiasradioreflejos.com.ar\/2021\/llegan-casi-4-millones-de-vacunas-de-astrazeneca-para-reforzar-el-plan-de-vacunacion\/#primaryimage\"},\"thumbnailUrl\":\"https:\/\/www.telam.com.ar\/advf\/imagenes\/2021\/03\/605888c5b2670_1004x565.jpg\",\"datePublished\":\"2021-05-17T20:50:45+00:00\",\"author\":{\"@id\":\"https:\/\/www.noticiasradioreflejos.com.ar\/2021\/#\/schema\/person\/ad82545263dcc5ec0996818884fd5fb1\"},\"breadcrumb\":{\"@id\":\"https:\/\/www.noticiasradioreflejos.com.ar\/2021\/llegan-casi-4-millones-de-vacunas-de-astrazeneca-para-reforzar-el-plan-de-vacunacion\/#breadcrumb\"},\"inLanguage\":\"es\",\"potentialAction\":[{\"@type\":\"ReadAction\",\"target\":[\"https:\/\/www.noticiasradioreflejos.com.ar\/2021\/llegan-casi-4-millones-de-vacunas-de-astrazeneca-para-reforzar-el-plan-de-vacunacion\/\"]}]},{\"@type\":\"ImageObject\",\"inLanguage\":\"es\",\"@id\":\"https:\/\/www.noticiasradioreflejos.com.ar\/2021\/llegan-casi-4-millones-de-vacunas-de-astrazeneca-para-reforzar-el-plan-de-vacunacion\/#primaryimage\",\"url\":\"https:\/\/www.telam.com.ar\/advf\/imagenes\/2021\/03\/605888c5b2670_1004x565.jpg\",\"contentUrl\":\"https:\/\/www.telam.com.ar\/advf\/imagenes\/2021\/03\/605888c5b2670_1004x565.jpg\"},{\"@type\":\"BreadcrumbList\",\"@id\":\"https:\/\/www.noticiasradioreflejos.com.ar\/2021\/llegan-casi-4-millones-de-vacunas-de-astrazeneca-para-reforzar-el-plan-de-vacunacion\/#breadcrumb\",\"itemListElement\":[{\"@type\":\"ListItem\",\"position\":1,\"name\":\"Portada\",\"item\":\"https:\/\/www.noticiasradioreflejos.com.ar\/2021\/\"},{\"@type\":\"ListItem\",\"position\":2,\"name\":\"Llegan casi 4 millones de vacunas de AstraZeneca para reforzar el plan de vacunaci\u00f3n\"}]},{\"@type\":\"WebSite\",\"@id\":\"https:\/\/www.noticiasradioreflejos.com.ar\/2021\/#website\",\"url\":\"https:\/\/www.noticiasradioreflejos.com.ar\/2021\/\",\"name\":\"Noticias Radio Reflejos\",\"description\":\"Las noticias de mi comarca\",\"potentialAction\":[{\"@type\":\"SearchAction\",\"target\":{\"@type\":\"EntryPoint\",\"urlTemplate\":\"https:\/\/www.noticiasradioreflejos.com.ar\/2021\/?s={search_term_string}\"},\"query-input\":{\"@type\":\"PropertyValueSpecification\",\"valueRequired\":true,\"valueName\":\"search_term_string\"}}],\"inLanguage\":\"es\"},{\"@type\":\"Person\",\"@id\":\"https:\/\/www.noticiasradioreflejos.com.ar\/2021\/#\/schema\/person\/ad82545263dcc5ec0996818884fd5fb1\",\"name\":\"Arnaldo Botto\",\"image\":{\"@type\":\"ImageObject\",\"inLanguage\":\"es\",\"@id\":\"https:\/\/www.noticiasradioreflejos.com.ar\/2021\/#\/schema\/person\/image\/\",\"url\":\"https:\/\/secure.gravatar.com\/avatar\/55cb5e37c1efa326397366e6974cb338056df65cb50e7d64d1cf314e87504837?s=96&d=mm&r=g\",\"contentUrl\":\"https:\/\/secure.gravatar.com\/avatar\/55cb5e37c1efa326397366e6974cb338056df65cb50e7d64d1cf314e87504837?s=96&d=mm&r=g\",\"caption\":\"Arnaldo Botto\"},\"url\":\"https:\/\/www.noticiasradioreflejos.com.ar\/2021\/author\/arnaldo\/\"}]}<\/script>\n<!-- \/ Yoast SEO plugin. -->","yoast_head_json":{"title":"Llegan casi 4 millones de vacunas de AstraZeneca para reforzar el plan de vacunaci\u00f3n - Noticias Radio Reflejos","robots":{"index":"index","follow":"follow","max-snippet":"max-snippet:-1","max-image-preview":"max-image-preview:large","max-video-preview":"max-video-preview:-1"},"canonical":"https:\/\/www.noticiasradioreflejos.com.ar\/2021\/llegan-casi-4-millones-de-vacunas-de-astrazeneca-para-reforzar-el-plan-de-vacunacion\/","og_locale":"es_ES","og_type":"article","og_title":"Llegan casi 4 millones de vacunas de AstraZeneca para reforzar el plan de vacunaci\u00f3n - Noticias Radio Reflejos","og_description":"Este mes el pa\u00eds recibir\u00e1 3.960.000 dosis en el marco del contrato celebrado el a\u00f1o pasado con la empresa farmac\u00e9utica, por 22.400.000 vacunas, a las cuales se sumar\u00e1n otras 861.600 a trav\u00e9s del mecanismo Covax, de la OMS.","og_url":"https:\/\/www.noticiasradioreflejos.com.ar\/2021\/llegan-casi-4-millones-de-vacunas-de-astrazeneca-para-reforzar-el-plan-de-vacunacion\/","og_site_name":"Noticias Radio Reflejos","article_published_time":"2021-05-17T20:50:45+00:00","og_image":[{"url":"https:\/\/www.telam.com.ar\/advf\/imagenes\/2021\/03\/605888c5b2670_1004x565.jpg","type":"","width":"","height":""}],"author":"Arnaldo Botto","twitter_card":"summary_large_image","schema":{"@context":"https:\/\/schema.org","@graph":[{"@type":"WebPage","@id":"https:\/\/www.noticiasradioreflejos.com.ar\/2021\/llegan-casi-4-millones-de-vacunas-de-astrazeneca-para-reforzar-el-plan-de-vacunacion\/","url":"https:\/\/www.noticiasradioreflejos.com.ar\/2021\/llegan-casi-4-millones-de-vacunas-de-astrazeneca-para-reforzar-el-plan-de-vacunacion\/","name":"Llegan casi 4 millones de vacunas de AstraZeneca para reforzar el plan de vacunaci\u00f3n - Noticias Radio Reflejos","isPartOf":{"@id":"https:\/\/www.noticiasradioreflejos.com.ar\/2021\/#website"},"primaryImageOfPage":{"@id":"https:\/\/www.noticiasradioreflejos.com.ar\/2021\/llegan-casi-4-millones-de-vacunas-de-astrazeneca-para-reforzar-el-plan-de-vacunacion\/#primaryimage"},"image":{"@id":"https:\/\/www.noticiasradioreflejos.com.ar\/2021\/llegan-casi-4-millones-de-vacunas-de-astrazeneca-para-reforzar-el-plan-de-vacunacion\/#primaryimage"},"thumbnailUrl":"https:\/\/www.telam.com.ar\/advf\/imagenes\/2021\/03\/605888c5b2670_1004x565.jpg","datePublished":"2021-05-17T20:50:45+00:00","author":{"@id":"https:\/\/www.noticiasradioreflejos.com.ar\/2021\/#\/schema\/person\/ad82545263dcc5ec0996818884fd5fb1"},"breadcrumb":{"@id":"https:\/\/www.noticiasradioreflejos.com.ar\/2021\/llegan-casi-4-millones-de-vacunas-de-astrazeneca-para-reforzar-el-plan-de-vacunacion\/#breadcrumb"},"inLanguage":"es","potentialAction":[{"@type":"ReadAction","target":["https:\/\/www.noticiasradioreflejos.com.ar\/2021\/llegan-casi-4-millones-de-vacunas-de-astrazeneca-para-reforzar-el-plan-de-vacunacion\/"]}]},{"@type":"ImageObject","inLanguage":"es","@id":"https:\/\/www.noticiasradioreflejos.com.ar\/2021\/llegan-casi-4-millones-de-vacunas-de-astrazeneca-para-reforzar-el-plan-de-vacunacion\/#primaryimage","url":"https:\/\/www.telam.com.ar\/advf\/imagenes\/2021\/03\/605888c5b2670_1004x565.jpg","contentUrl":"https:\/\/www.telam.com.ar\/advf\/imagenes\/2021\/03\/605888c5b2670_1004x565.jpg"},{"@type":"BreadcrumbList","@id":"https:\/\/www.noticiasradioreflejos.com.ar\/2021\/llegan-casi-4-millones-de-vacunas-de-astrazeneca-para-reforzar-el-plan-de-vacunacion\/#breadcrumb","itemListElement":[{"@type":"ListItem","position":1,"name":"Portada","item":"https:\/\/www.noticiasradioreflejos.com.ar\/2021\/"},{"@type":"ListItem","position":2,"name":"Llegan casi 4 millones de vacunas de AstraZeneca para reforzar el plan de vacunaci\u00f3n"}]},{"@type":"WebSite","@id":"https:\/\/www.noticiasradioreflejos.com.ar\/2021\/#website","url":"https:\/\/www.noticiasradioreflejos.com.ar\/2021\/","name":"Noticias Radio Reflejos","description":"Las noticias de mi comarca","potentialAction":[{"@type":"SearchAction","target":{"@type":"EntryPoint","urlTemplate":"https:\/\/www.noticiasradioreflejos.com.ar\/2021\/?s={search_term_string}"},"query-input":{"@type":"PropertyValueSpecification","valueRequired":true,"valueName":"search_term_string"}}],"inLanguage":"es"},{"@type":"Person","@id":"https:\/\/www.noticiasradioreflejos.com.ar\/2021\/#\/schema\/person\/ad82545263dcc5ec0996818884fd5fb1","name":"Arnaldo Botto","image":{"@type":"ImageObject","inLanguage":"es","@id":"https:\/\/www.noticiasradioreflejos.com.ar\/2021\/#\/schema\/person\/image\/","url":"https:\/\/secure.gravatar.com\/avatar\/55cb5e37c1efa326397366e6974cb338056df65cb50e7d64d1cf314e87504837?s=96&d=mm&r=g","contentUrl":"https:\/\/secure.gravatar.com\/avatar\/55cb5e37c1efa326397366e6974cb338056df65cb50e7d64d1cf314e87504837?s=96&d=mm&r=g","caption":"Arnaldo Botto"},"url":"https:\/\/www.noticiasradioreflejos.com.ar\/2021\/author\/arnaldo\/"}]}},"_links":{"self":[{"href":"https:\/\/www.noticiasradioreflejos.com.ar\/2021\/wp-json\/wp\/v2\/posts\/56998","targetHints":{"allow":["GET"]}}],"collection":[{"href":"https:\/\/www.noticiasradioreflejos.com.ar\/2021\/wp-json\/wp\/v2\/posts"}],"about":[{"href":"https:\/\/www.noticiasradioreflejos.com.ar\/2021\/wp-json\/wp\/v2\/types\/post"}],"author":[{"embeddable":true,"href":"https:\/\/www.noticiasradioreflejos.com.ar\/2021\/wp-json\/wp\/v2\/users\/3"}],"replies":[{"embeddable":true,"href":"https:\/\/www.noticiasradioreflejos.com.ar\/2021\/wp-json\/wp\/v2\/comments?post=56998"}],"version-history":[{"count":1,"href":"https:\/\/www.noticiasradioreflejos.com.ar\/2021\/wp-json\/wp\/v2\/posts\/56998\/revisions"}],"predecessor-version":[{"id":57000,"href":"https:\/\/www.noticiasradioreflejos.com.ar\/2021\/wp-json\/wp\/v2\/posts\/56998\/revisions\/57000"}],"wp:attachment":[{"href":"https:\/\/www.noticiasradioreflejos.com.ar\/2021\/wp-json\/wp\/v2\/media?parent=56998"}],"wp:term":[{"taxonomy":"category","embeddable":true,"href":"https:\/\/www.noticiasradioreflejos.com.ar\/2021\/wp-json\/wp\/v2\/categories?post=56998"},{"taxonomy":"post_tag","embeddable":true,"href":"https:\/\/www.noticiasradioreflejos.com.ar\/2021\/wp-json\/wp\/v2\/tags?post=56998"}],"curies":[{"name":"wp","href":"https:\/\/api.w.org\/{rel}","templated":true}]}}