{"id":56983,"date":"2021-05-17T17:39:53","date_gmt":"2021-05-17T17:39:53","guid":{"rendered":"http:\/\/www.noticiasradioreflejos.com.ar\/2021\/?p=56983"},"modified":"2021-05-17T17:39:53","modified_gmt":"2021-05-17T17:39:53","slug":"17-de-mayo-dia-internacional-del-reciclado","status":"publish","type":"post","link":"https:\/\/www.noticiasradioreflejos.com.ar\/2021\/17-de-mayo-dia-internacional-del-reciclado\/","title":{"rendered":"17 de Mayo: D\u00eda Internacional del Reciclado\u00a0"},"content":{"rendered":"<p>Este lunes, como cada 17 de Mayo, se conmemora el D\u00eda Internacional del Reciclado, para reforzar que reducir, reutilizar y reciclar mejora el medio ambiente. Estrategia que busca reorientar las conductas de los vecinos, para mejorar el manejo de los residuos. <!--more-->En este marco, la Direcci\u00f3n de Medio Ambiente subraya que reciclar implica dar una nueva vida al material en desuso, lo que ayudar a reducir el consumo de nuestros recursos. Es por esto, que es de suma importancia continuar con los esfuerzos de separaci\u00f3n en origen de los materiales, y su reutilizaci\u00f3n, para de esta forma evitar generar toneladas de residuos.<\/p>\n<p>En todas las localidades de nuestro distrito, hay distribuidos puntos limpios, para que todos los vecinos puedan acercar sus residuos reciclables, de manera limpia y ordenada.<\/p>\n<p>Los recuperadores del Galp\u00f3n de Reciclado y del Taller Protegido, cumplen un rol fundamental, ya que trabajan para que la recolecci\u00f3n diferenciada pueda desarrollarse de manera adecuada.<\/p>\n<p>Este a\u00f1o, nuevamente, nos encuentra atravesando otro periodo de pandemia, el cual creemos que es oportuno para fortalecer h\u00e1bitos de separaci\u00f3n de residuos en casa y reutilizaci\u00f3n de materiales. El tiempo que se comparte en familia es una oportunidad para crear juegos y juguetes con materiales que se pueden encontrar en casa: cajas de cart\u00f3n, broches, tapas de botellas, bolsas de pl\u00e1stico, entre otros.<\/p>\n<p>Reducir la cantidad de residuos, depende de cada uno de nosotros, por tal motivo, debemos darle valor a los conceptos de reutilizaci\u00f3n, y consumo responsable, para as\u00ed contribuir a la reducci\u00f3n de emisiones de gases que propician el cambio clim\u00e1tico y al ahorro de energ\u00eda.<\/p>\n<p>&nbsp;<\/p>\n","protected":false},"excerpt":{"rendered":"<p>Este lunes, como cada 17 de Mayo, se conmemora el D\u00eda Internacional del Reciclado, para reforzar que reducir, reutilizar y reciclar mejora el medio ambiente. Estrategia que busca reorientar las conductas de los vecinos, para mejorar el manejo de los residuos.<\/p>\n","protected":false},"author":3,"featured_media":0,"comment_status":"closed","ping_status":"closed","sticky":false,"template":"","format":"standard","meta":{"footnotes":""},"categories":[28],"tags":[],"class_list":["post-56983","post","type-post","status-publish","format-standard","hentry","category-municipales"],"yoast_head":"<!-- This site is optimized with the Yoast SEO plugin v25.9 - https:\/\/yoast.com\/wordpress\/plugins\/seo\/ -->\n<title>17 de Mayo: D\u00eda Internacional del Reciclado\u00a0 - Noticias Radio Reflejos<\/title>\n<meta name=\"robots\" content=\"index, follow, max-snippet:-1, max-image-preview:large, max-video-preview:-1\" \/>\n<link rel=\"canonical\" href=\"https:\/\/www.noticiasradioreflejos.com.ar\/2021\/17-de-mayo-dia-internacional-del-reciclado\/\" \/>\n<meta property=\"og:locale\" content=\"es_ES\" \/>\n<meta property=\"og:type\" content=\"article\" \/>\n<meta property=\"og:title\" content=\"17 de Mayo: D\u00eda Internacional del Reciclado\u00a0 - Noticias Radio Reflejos\" \/>\n<meta property=\"og:description\" content=\"Este lunes, como cada 17 de Mayo, se conmemora el D\u00eda Internacional del Reciclado, para reforzar que reducir, reutilizar y reciclar mejora el medio ambiente. Estrategia que busca reorientar las conductas de los vecinos, para mejorar el manejo de los residuos.\" \/>\n<meta property=\"og:url\" content=\"https:\/\/www.noticiasradioreflejos.com.ar\/2021\/17-de-mayo-dia-internacional-del-reciclado\/\" \/>\n<meta property=\"og:site_name\" content=\"Noticias Radio Reflejos\" \/>\n<meta property=\"article:published_time\" content=\"2021-05-17T17:39:53+00:00\" \/>\n<meta property=\"og:image\" content=\"https:\/\/www.noticiasradioreflejos.com.ar\/2021\/wp-content\/uploads\/2021\/07\/logosol300x200.png\" \/>\n\t<meta property=\"og:image:width\" content=\"300\" \/>\n\t<meta property=\"og:image:height\" content=\"200\" \/>\n\t<meta property=\"og:image:type\" content=\"image\/png\" \/>\n<meta name=\"author\" content=\"Arnaldo Botto\" \/>\n<meta name=\"twitter:card\" content=\"summary_large_image\" \/>\n<script type=\"application\/ld+json\" class=\"yoast-schema-graph\">{\"@context\":\"https:\/\/schema.org\",\"@graph\":[{\"@type\":\"WebPage\",\"@id\":\"https:\/\/www.noticiasradioreflejos.com.ar\/2021\/17-de-mayo-dia-internacional-del-reciclado\/\",\"url\":\"https:\/\/www.noticiasradioreflejos.com.ar\/2021\/17-de-mayo-dia-internacional-del-reciclado\/\",\"name\":\"17 de Mayo: D\u00eda Internacional del Reciclado\u00a0 - Noticias Radio Reflejos\",\"isPartOf\":{\"@id\":\"https:\/\/www.noticiasradioreflejos.com.ar\/2021\/#website\"},\"datePublished\":\"2021-05-17T17:39:53+00:00\",\"author\":{\"@id\":\"https:\/\/www.noticiasradioreflejos.com.ar\/2021\/#\/schema\/person\/ad82545263dcc5ec0996818884fd5fb1\"},\"breadcrumb\":{\"@id\":\"https:\/\/www.noticiasradioreflejos.com.ar\/2021\/17-de-mayo-dia-internacional-del-reciclado\/#breadcrumb\"},\"inLanguage\":\"es\",\"potentialAction\":[{\"@type\":\"ReadAction\",\"target\":[\"https:\/\/www.noticiasradioreflejos.com.ar\/2021\/17-de-mayo-dia-internacional-del-reciclado\/\"]}]},{\"@type\":\"BreadcrumbList\",\"@id\":\"https:\/\/www.noticiasradioreflejos.com.ar\/2021\/17-de-mayo-dia-internacional-del-reciclado\/#breadcrumb\",\"itemListElement\":[{\"@type\":\"ListItem\",\"position\":1,\"name\":\"Portada\",\"item\":\"https:\/\/www.noticiasradioreflejos.com.ar\/2021\/\"},{\"@type\":\"ListItem\",\"position\":2,\"name\":\"17 de Mayo: D\u00eda Internacional del Reciclado\u00a0\"}]},{\"@type\":\"WebSite\",\"@id\":\"https:\/\/www.noticiasradioreflejos.com.ar\/2021\/#website\",\"url\":\"https:\/\/www.noticiasradioreflejos.com.ar\/2021\/\",\"name\":\"Noticias Radio Reflejos\",\"description\":\"Las noticias de mi comarca\",\"potentialAction\":[{\"@type\":\"SearchAction\",\"target\":{\"@type\":\"EntryPoint\",\"urlTemplate\":\"https:\/\/www.noticiasradioreflejos.com.ar\/2021\/?s={search_term_string}\"},\"query-input\":{\"@type\":\"PropertyValueSpecification\",\"valueRequired\":true,\"valueName\":\"search_term_string\"}}],\"inLanguage\":\"es\"},{\"@type\":\"Person\",\"@id\":\"https:\/\/www.noticiasradioreflejos.com.ar\/2021\/#\/schema\/person\/ad82545263dcc5ec0996818884fd5fb1\",\"name\":\"Arnaldo Botto\",\"image\":{\"@type\":\"ImageObject\",\"inLanguage\":\"es\",\"@id\":\"https:\/\/www.noticiasradioreflejos.com.ar\/2021\/#\/schema\/person\/image\/\",\"url\":\"https:\/\/secure.gravatar.com\/avatar\/55cb5e37c1efa326397366e6974cb338056df65cb50e7d64d1cf314e87504837?s=96&d=mm&r=g\",\"contentUrl\":\"https:\/\/secure.gravatar.com\/avatar\/55cb5e37c1efa326397366e6974cb338056df65cb50e7d64d1cf314e87504837?s=96&d=mm&r=g\",\"caption\":\"Arnaldo Botto\"},\"url\":\"https:\/\/www.noticiasradioreflejos.com.ar\/2021\/author\/arnaldo\/\"}]}<\/script>\n<!-- \/ Yoast SEO plugin. -->","yoast_head_json":{"title":"17 de Mayo: D\u00eda Internacional del Reciclado\u00a0 - Noticias Radio Reflejos","robots":{"index":"index","follow":"follow","max-snippet":"max-snippet:-1","max-image-preview":"max-image-preview:large","max-video-preview":"max-video-preview:-1"},"canonical":"https:\/\/www.noticiasradioreflejos.com.ar\/2021\/17-de-mayo-dia-internacional-del-reciclado\/","og_locale":"es_ES","og_type":"article","og_title":"17 de Mayo: D\u00eda Internacional del Reciclado\u00a0 - Noticias Radio Reflejos","og_description":"Este lunes, como cada 17 de Mayo, se conmemora el D\u00eda Internacional del Reciclado, para reforzar que reducir, reutilizar y reciclar mejora el medio ambiente. Estrategia que busca reorientar las conductas de los vecinos, para mejorar el manejo de los residuos.","og_url":"https:\/\/www.noticiasradioreflejos.com.ar\/2021\/17-de-mayo-dia-internacional-del-reciclado\/","og_site_name":"Noticias Radio Reflejos","article_published_time":"2021-05-17T17:39:53+00:00","og_image":[{"width":300,"height":200,"url":"https:\/\/www.noticiasradioreflejos.com.ar\/2021\/wp-content\/uploads\/2021\/07\/logosol300x200.png","type":"image\/png"}],"author":"Arnaldo Botto","twitter_card":"summary_large_image","schema":{"@context":"https:\/\/schema.org","@graph":[{"@type":"WebPage","@id":"https:\/\/www.noticiasradioreflejos.com.ar\/2021\/17-de-mayo-dia-internacional-del-reciclado\/","url":"https:\/\/www.noticiasradioreflejos.com.ar\/2021\/17-de-mayo-dia-internacional-del-reciclado\/","name":"17 de Mayo: D\u00eda Internacional del Reciclado\u00a0 - Noticias Radio Reflejos","isPartOf":{"@id":"https:\/\/www.noticiasradioreflejos.com.ar\/2021\/#website"},"datePublished":"2021-05-17T17:39:53+00:00","author":{"@id":"https:\/\/www.noticiasradioreflejos.com.ar\/2021\/#\/schema\/person\/ad82545263dcc5ec0996818884fd5fb1"},"breadcrumb":{"@id":"https:\/\/www.noticiasradioreflejos.com.ar\/2021\/17-de-mayo-dia-internacional-del-reciclado\/#breadcrumb"},"inLanguage":"es","potentialAction":[{"@type":"ReadAction","target":["https:\/\/www.noticiasradioreflejos.com.ar\/2021\/17-de-mayo-dia-internacional-del-reciclado\/"]}]},{"@type":"BreadcrumbList","@id":"https:\/\/www.noticiasradioreflejos.com.ar\/2021\/17-de-mayo-dia-internacional-del-reciclado\/#breadcrumb","itemListElement":[{"@type":"ListItem","position":1,"name":"Portada","item":"https:\/\/www.noticiasradioreflejos.com.ar\/2021\/"},{"@type":"ListItem","position":2,"name":"17 de Mayo: D\u00eda Internacional del Reciclado\u00a0"}]},{"@type":"WebSite","@id":"https:\/\/www.noticiasradioreflejos.com.ar\/2021\/#website","url":"https:\/\/www.noticiasradioreflejos.com.ar\/2021\/","name":"Noticias Radio Reflejos","description":"Las noticias de mi comarca","potentialAction":[{"@type":"SearchAction","target":{"@type":"EntryPoint","urlTemplate":"https:\/\/www.noticiasradioreflejos.com.ar\/2021\/?s={search_term_string}"},"query-input":{"@type":"PropertyValueSpecification","valueRequired":true,"valueName":"search_term_string"}}],"inLanguage":"es"},{"@type":"Person","@id":"https:\/\/www.noticiasradioreflejos.com.ar\/2021\/#\/schema\/person\/ad82545263dcc5ec0996818884fd5fb1","name":"Arnaldo Botto","image":{"@type":"ImageObject","inLanguage":"es","@id":"https:\/\/www.noticiasradioreflejos.com.ar\/2021\/#\/schema\/person\/image\/","url":"https:\/\/secure.gravatar.com\/avatar\/55cb5e37c1efa326397366e6974cb338056df65cb50e7d64d1cf314e87504837?s=96&d=mm&r=g","contentUrl":"https:\/\/secure.gravatar.com\/avatar\/55cb5e37c1efa326397366e6974cb338056df65cb50e7d64d1cf314e87504837?s=96&d=mm&r=g","caption":"Arnaldo Botto"},"url":"https:\/\/www.noticiasradioreflejos.com.ar\/2021\/author\/arnaldo\/"}]}},"_links":{"self":[{"href":"https:\/\/www.noticiasradioreflejos.com.ar\/2021\/wp-json\/wp\/v2\/posts\/56983","targetHints":{"allow":["GET"]}}],"collection":[{"href":"https:\/\/www.noticiasradioreflejos.com.ar\/2021\/wp-json\/wp\/v2\/posts"}],"about":[{"href":"https:\/\/www.noticiasradioreflejos.com.ar\/2021\/wp-json\/wp\/v2\/types\/post"}],"author":[{"embeddable":true,"href":"https:\/\/www.noticiasradioreflejos.com.ar\/2021\/wp-json\/wp\/v2\/users\/3"}],"replies":[{"embeddable":true,"href":"https:\/\/www.noticiasradioreflejos.com.ar\/2021\/wp-json\/wp\/v2\/comments?post=56983"}],"version-history":[{"count":1,"href":"https:\/\/www.noticiasradioreflejos.com.ar\/2021\/wp-json\/wp\/v2\/posts\/56983\/revisions"}],"predecessor-version":[{"id":56985,"href":"https:\/\/www.noticiasradioreflejos.com.ar\/2021\/wp-json\/wp\/v2\/posts\/56983\/revisions\/56985"}],"wp:attachment":[{"href":"https:\/\/www.noticiasradioreflejos.com.ar\/2021\/wp-json\/wp\/v2\/media?parent=56983"}],"wp:term":[{"taxonomy":"category","embeddable":true,"href":"https:\/\/www.noticiasradioreflejos.com.ar\/2021\/wp-json\/wp\/v2\/categories?post=56983"},{"taxonomy":"post_tag","embeddable":true,"href":"https:\/\/www.noticiasradioreflejos.com.ar\/2021\/wp-json\/wp\/v2\/tags?post=56983"}],"curies":[{"name":"wp","href":"https:\/\/api.w.org\/{rel}","templated":true}]}}