{"id":56979,"date":"2021-05-17T15:57:18","date_gmt":"2021-05-17T15:57:18","guid":{"rendered":"http:\/\/www.noticiasradioreflejos.com.ar\/2021\/?p=56979"},"modified":"2021-05-17T15:57:18","modified_gmt":"2021-05-17T15:57:18","slug":"sesiona-el-concejo-deliberante-de-tornquist-2","status":"publish","type":"post","link":"https:\/\/www.noticiasradioreflejos.com.ar\/2021\/sesiona-el-concejo-deliberante-de-tornquist-2\/","title":{"rendered":"Sesiona el Concejo Deliberante de Tornquist"},"content":{"rendered":"<p><strong><u>Orden del D\u00eda<\/u><\/strong><strong>\u00a0 \u00a0 \u00a0 \u00a0 \u00a0 \u00a0 \u00a0 \u00a0 \u00a0 \u00a0 \u00a0 \u00a0 \u00a0 \u00a0 \u00a0 \u00a0 \u00a0 \u00a0 \u00a0 \u00a0 \u00a0 \u00a0 \u00a0 \u00a0 \u00a0 \u00a0 \u00a0 \u00a0 \u00a0 \u00a0 \u00a0 \u00a0 \u00a0 \u00a0 \u00a0 \u00a0 \u00a0\u00a0<\/strong><\/p>\n<p><strong>1.- Aprobaci\u00f3n de las Actas N\u00ba 1162\/21 y 1163\/21.<\/strong>&#8212;&#8212;&#8212;&#8212;&#8212;&#8212;&#8212;&#8212;&#8212;&#8212;&#8212;&#8212;&#8212;<\/p>\n<p><strong>2.- Comunicaciones Oficiales: <\/strong>&#8212;&#8212;&#8212;&#8212;&#8212;&#8212;&#8212;&#8212;&#8212;&#8212;&#8212;&#8212;&#8212;&#8212;&#8212;&#8212;&#8212;&#8212;&#8212;&#8212;&#8212;&#8212;-<\/p>\n<p>#<strong><u>Expte. <\/u><\/strong><strong><u>N\u00ba 07\/21:<\/u><\/strong> Secretar\u00eda de Producci\u00f3n, Comercio e Industria: Particular, Leonardo Mayer solicita un terreno en Parque Ap\u00edcola.&#8212;&#8212;&#8212;&#8212;&#8212;&#8212;&#8212;&#8212;&#8212;&#8212;&#8212;&#8212;-<\/p>\n<p>#<strong><u>Expte. <\/u><\/strong><strong><u>N\u00ba 031\/21:<\/u><\/strong> S.D. Proyecto de Ordenanza: Creaci\u00f3n del Programa \u201cEstudiemos Juntos\u201d.&#8212;&#8212;&#8212;&#8212;<\/p>\n<p>#<strong><u>Expte. <\/u><\/strong><strong><u>N\u00ba 110\/21:<\/u><\/strong> D.E. Convalida la firma del Acta Acuerdo de Adhesi\u00f3n Ventanilla INTI celebrado e\/ el Instituto Nacional de Tecnolog\u00eda Industrial, la UPSO y el Municipio de Tornquist.&#8212;&#8212;&#8212;&#8212;&#8212;&#8212;&#8212;&#8212;&#8212;-<\/p>\n<p>#<strong><u>Expte. <\/u><\/strong><strong><u>N\u00ba 122\/21:<\/u><\/strong> D.E. Convalida la firma del Convenio Marco celebrado entre la Municipalidad de Tornquist y el Instituto Nacional de Tecnolog\u00eda Agropecuaria.&#8212;-<\/p>\n<p>#<strong><u>Expte. <\/u><\/strong><strong><u>N\u00ba 130\/21:<\/u><\/strong> D.E. Convalida la firma del Convenio Marco y Convenio Espec\u00edfico de Colaboraci\u00f3n entre la Facultad Regional Bah\u00eda Blanca de la Universidad Tecnol\u00f3gica Nacional y El Municipio de Tornquist.<\/p>\n<p>#<strong><u>Expte. <\/u><\/strong><strong><u>N\u00ba 131\/21:<\/u><\/strong> D.E. Convalida la firma del Contrato de Locaci\u00f3n celebrado e\/Mendiz\u00e1bal-Jensen y el Municipio de Tornquist.<\/p>\n<p>#<strong><u>Expte. <\/u><\/strong><strong><u>N\u00ba 7064\/18:<\/u><\/strong> N.P. Manuel Gonz\u00e1lez S\u00e1enz: Presenta Proyecto de Ordenanza referente a la realizaci\u00f3n de un Curso de Capacitaci\u00f3n para Candidatos a Concejales del Distrito.&#8212;&#8212;&#8212;&#8212;&#8212;&#8212;&#8212;&#8212;-<\/p>\n<p>#<strong><u>Expte. <\/u><\/strong><strong><u>N\u00ba 7192\/20:<\/u><\/strong> Bloques Frente de Todos y Frente Justicialista Cumplir- Proyecto de Ordenanza: Crea Mesa Local Intersectorial- Violencia Familiar y de G\u00e9nero.<\/p>\n<p>#<strong><u>Expte. <\/u><\/strong><strong><u>N\u00ba 7272\/21:<\/u><\/strong> N.P. C\u00e1mara de Comercio y Turismo de Villa Ventana: Reclamo por el estado de las calles.<\/p>\n<p>#<strong><u>Expte. <\/u><\/strong><strong><u>N\u00ba 7277\/21:<\/u><\/strong> Bloques Cambiemos Bs. As. y Juntos por el Cambio- Proyecto de Ordenanza: Crear el \u201cRegistro Municipal de quejas, reclamos y\/o sugerencias para el \u00c1rea de Salud\u201d.<\/p>\n<p>&nbsp;<\/p>\n<p><strong>3.-Dict\u00e1menes de las Comisiones<\/strong>:<\/p>\n<p>#<strong><u>Expte. <\/u><\/strong><strong><u>N\u00ba 150\/19:<\/u><\/strong> Secretar\u00eda de Turismo &#8211; Creaci\u00f3n de un Ente Instituto u otra forma de Organizaci\u00f3n P\u00fablica-Privada.<\/p>\n<p>#<strong><u>Expte. <\/u><\/strong><strong><u>N\u00ba 6911\/16:<\/u><\/strong> N.P.- Comisi\u00f3n Directiva Sociedad Germ\u00e1nica de Tornquist: Solicita declarar de Inter\u00e9s Patrimonial Hist\u00f3rica Cultural al edificio de la Instituci\u00f3n (Sita en Avda. Belgrano N\u00ba 137).<\/p>\n<p>#<strong><u>Expte. <\/u><\/strong><strong><u>N\u00ba 7033\/18:<\/u><\/strong> N.P. \u2013 Mujer Arte y Memoria: Ref. Proyecto de Ordenanza Consejo Municipal de las Mujeres.<\/p>\n<p>#<strong><u>Expte. <\/u><\/strong><strong><u>N\u00ba 7265\/21:<\/u><\/strong> N.P. Vecinos Barrio San Andr\u00e9s: Manifiestan disconformidad en temas inherentes al desarrollo del Barrio.<\/p>\n<p>#<strong><u>Expte. <\/u><\/strong><strong><u>N\u00ba 7269\/21:<\/u><\/strong> Bloque Cambiemos Bs. As. y Juntos por el Cambio \u2013 Pedido de Informe: Solicita a la Secretar\u00eda de Turismo Municipal informaci\u00f3n respecto al Parque Tem\u00e1tico \u201cExperimento Ventania\u201d.<\/p>\n<p>#<strong><u>Expte. <\/u><\/strong><strong><u>N\u00ba 7273\/21:<\/u><\/strong> Bloques Cambiemos Bs. As. y Juntos por el Cambio- Minuta de Comunicaci\u00f3n: En ref. a reanudar cumplimiento de Protocolos Sanitarios en la Administraci\u00f3n Municipal.&#8212;&#8212;&#8212;&#8212;&#8212;&#8212;&#8212;<\/p>\n<p>#<strong><u>Expte. <\/u><\/strong><strong><u>N\u00ba 7279\/21:<\/u><\/strong> N.P. Asociaci\u00f3n Cooperadora de la Unidad Sanitaria de Villa Ventana: Solicita declarar de Inter\u00e9s Municipal a la \u201cXII Carrera Aventura y Caminata Aer\u00f3bica de Salud Solidaria.&#8212;&#8212;&#8212;&#8211;<\/p>\n<p>#<strong><u>Expte. <\/u><\/strong><strong><u>N\u00ba 7281\/21:<\/u><\/strong> Bloques Cambiemos Bs. As. y Juntos por el Cambio- Proyecto de Resoluci\u00f3n: Declarar esencial educaci\u00f3n presencial niveles Inicial, Primario y Secundario.&#8212;&#8212;&#8212;&#8212;&#8212;&#8212;&#8212;&#8212;&#8212;&#8212;&#8211;<\/p>\n<p>#<strong><u>Expte. <\/u><\/strong><strong><u>N\u00ba 7282\/21:<\/u><\/strong> Bloques Frente de Todos y Frente Justicialista Cumplir- Proyecto de Resoluci\u00f3n: En ref. acceso al Programa \u201cAcompa\u00f1ar\u201d para promover la autonom\u00eda de personas en riesgo por motivos de g\u00e9nero.<\/p>\n<p>#<strong><u>Expte. <\/u><\/strong><strong><u>N\u00ba 7283\/21:<\/u><\/strong> N.P. Asociaci\u00f3n Cuerpo de Bomberos Voluntarios de Tornquist: En ref. Ordenanza N\u00ba 2692\/14- Cupo asignaci\u00f3n de vivienda a personal de Bomberos Voluntarios.<\/p>\n<p><strong>\u00a0<\/strong><\/p>\n<p><strong>4.- Proyectos Presentados.<\/strong>&#8212;&#8212;&#8212;&#8212;&#8212;&#8212;&#8212;&#8212;&#8212;&#8212;&#8212;&#8212;&#8212;&#8212;&#8212;&#8212;&#8212;&#8212;&#8212;&#8212;&#8212;&#8212;&#8212;&#8212;<\/p>\n<p><strong>\u00a0<\/strong><\/p>\n<p><strong>5.- Asuntos Particulares.<\/strong> &#8212;&#8212;&#8212;&#8212;&#8212;&#8212;&#8212;&#8212;&#8212;&#8212;&#8212;&#8212;&#8212;&#8212;&#8212;&#8212;&#8212;&#8212;&#8212;&#8212;&#8212;&#8212;&#8212;&#8212;&#8211;<\/p>\n<p>&nbsp;<\/p>\n<p><strong><u>DIA DE LA SESION:<\/u><\/strong> 18 de mayo de 2021.-<\/p>\n<p><strong><u>HORA DE COMIENZO:<\/u><\/strong> 20:00 Hs.-<\/p>\n<p>&nbsp;<\/p>\n<p>&nbsp;<\/p>\n<p>&nbsp;<\/p>\n<p>&nbsp;<\/p>\n<p><strong>\u00a0\u00a0\u00a0\u00a0\u00a0\u00a0\u00a0\u00a0\u00a0\u00a0\u00a0\u00a0\u00a0\u00a0 \u00a0<\/strong><strong>Jos\u00e9 M. Castro\u00a0\u00a0\u00a0\u00a0\u00a0\u00a0\u00a0\u00a0\u00a0\u00a0\u00a0\u00a0\u00a0\u00a0\u00a0 \u00a0\u00a0\u00a0\u00a0\u00a0\u00a0\u00a0\u00a0\u00a0\u00a0\u00a0\u00a0\u00a0\u00a0\u00a0\u00a0\u00a0\u00a0\u00a0\u00a0\u00a0\u00a0\u00a0\u00a0\u00a0Cristian Raising<\/strong><\/p>\n<p><strong>\u00a0\u00a0\u00a0\u00a0\u00a0\u00a0\u00a0\u00a0\u00a0 \u00a0\u00a0\u00a0\u00a0\u00a0\u00a0\u00a0\u00a0Secretario\u00a0\u00a0\u00a0\u00a0\u00a0 \u00a0\u00a0\u00a0\u00a0\u00a0\u00a0\u00a0\u00a0\u00a0\u00a0\u00a0\u00a0\u00a0\u00a0\u00a0\u00a0\u00a0\u00a0\u00a0\u00a0\u00a0\u00a0\u00a0\u00a0\u00a0\u00a0\u00a0\u00a0\u00a0\u00a0\u00a0\u00a0\u00a0\u00a0\u00a0\u00a0\u00a0\u00a0Vicepresidente 1\u00ba<\/strong><\/p>\n<p><strong>\u00a0\u00a0\u00a0\u00a0\u00a0\u00a0\u00a0\u00a0\u00a0\u00a0\u00a0\u00a0\u00a0\u00a0\u00a0\u00a0 \u00a0\u00a0\u00a0\u00a0\u00a0H.C.D.\u00a0\u00a0\u00a0\u00a0\u00a0\u00a0\u00a0\u00a0\u00a0\u00a0\u00a0\u00a0\u00a0\u00a0\u00a0\u00a0\u00a0\u00a0\u00a0\u00a0\u00a0\u00a0\u00a0\u00a0\u00a0\u00a0\u00a0\u00a0\u00a0\u00a0\u00a0\u00a0\u00a0\u00a0\u00a0\u00a0\u00a0\u00a0\u00a0\u00a0\u00a0\u00a0\u00a0\u00a0\u00a0\u00a0\u00a0\u00a0\u00a0\u00a0\u00a0\u00a0 <\/strong><strong>\u00a0\u00a0<\/strong><strong>\u00a0H.C.D.<\/strong><\/p>\n","protected":false},"excerpt":{"rendered":"<p>Orden del D\u00eda\u00a0 \u00a0 \u00a0 \u00a0 \u00a0 \u00a0 \u00a0 \u00a0 \u00a0 \u00a0 \u00a0 \u00a0 \u00a0 \u00a0 \u00a0 \u00a0 \u00a0 \u00a0 \u00a0 \u00a0 \u00a0 \u00a0 \u00a0 \u00a0 \u00a0 \u00a0 \u00a0 \u00a0 \u00a0 \u00a0 \u00a0 \u00a0 \u00a0 \u00a0 \u00a0 \u00a0 \u00a0\u00a0 1.- Aprobaci\u00f3n de las Actas N\u00ba 1162\/21 y 1163\/21.&#8212;&#8212;&#8212;&#8212;&#8212;&#8212;&#8212;&#8212;&#8212;&#8212;&#8212;&#8212;&#8212; 2.- Comunicaciones Oficiales: &#8212;&#8212;&#8212;&#8212;&#8212;&#8212;&#8212;&#8212;&#8212;&#8212;&#8212;&#8212;&#8212;&#8212;&#8212;&#8212;&#8212;&#8212;&#8212;&#8212;&#8212;&#8212;- #Expte. N\u00ba 07\/21: [&hellip;]<\/p>\n","protected":false},"author":3,"featured_media":0,"comment_status":"closed","ping_status":"closed","sticky":false,"template":"","format":"standard","meta":{"footnotes":""},"categories":[28],"tags":[],"class_list":["post-56979","post","type-post","status-publish","format-standard","hentry","category-municipales"],"yoast_head":"<!-- This site is optimized with the Yoast SEO plugin v25.9 - https:\/\/yoast.com\/wordpress\/plugins\/seo\/ -->\n<title>Sesiona el Concejo Deliberante de Tornquist - Noticias Radio Reflejos<\/title>\n<meta name=\"robots\" content=\"index, follow, max-snippet:-1, max-image-preview:large, max-video-preview:-1\" \/>\n<link rel=\"canonical\" href=\"https:\/\/www.noticiasradioreflejos.com.ar\/2021\/sesiona-el-concejo-deliberante-de-tornquist-2\/\" \/>\n<meta property=\"og:locale\" content=\"es_ES\" \/>\n<meta property=\"og:type\" content=\"article\" \/>\n<meta property=\"og:title\" content=\"Sesiona el Concejo Deliberante de Tornquist - Noticias Radio Reflejos\" \/>\n<meta property=\"og:description\" content=\"Orden del D\u00eda\u00a0 \u00a0 \u00a0 \u00a0 \u00a0 \u00a0 \u00a0 \u00a0 \u00a0 \u00a0 \u00a0 \u00a0 \u00a0 \u00a0 \u00a0 \u00a0 \u00a0 \u00a0 \u00a0 \u00a0 \u00a0 \u00a0 \u00a0 \u00a0 \u00a0 \u00a0 \u00a0 \u00a0 \u00a0 \u00a0 \u00a0 \u00a0 \u00a0 \u00a0 \u00a0 \u00a0 \u00a0\u00a0 1.- Aprobaci\u00f3n de las Actas N\u00ba 1162\/21 y 1163\/21.&#8212;&#8212;&#8212;&#8212;&#8212;&#8212;&#8212;&#8212;&#8212;&#8212;&#8212;&#8212;&#8212; 2.- Comunicaciones Oficiales: &#8212;&#8212;&#8212;&#8212;&#8212;&#8212;&#8212;&#8212;&#8212;&#8212;&#8212;&#8212;&#8212;&#8212;&#8212;&#8212;&#8212;&#8212;&#8212;&#8212;&#8212;&#8212;- #Expte. N\u00ba 07\/21: [&hellip;]\" \/>\n<meta property=\"og:url\" content=\"https:\/\/www.noticiasradioreflejos.com.ar\/2021\/sesiona-el-concejo-deliberante-de-tornquist-2\/\" \/>\n<meta property=\"og:site_name\" content=\"Noticias Radio Reflejos\" \/>\n<meta property=\"article:published_time\" content=\"2021-05-17T15:57:18+00:00\" \/>\n<meta property=\"og:image\" content=\"https:\/\/www.noticiasradioreflejos.com.ar\/2021\/wp-content\/uploads\/2021\/07\/logosol300x200.png\" \/>\n\t<meta property=\"og:image:width\" content=\"300\" \/>\n\t<meta property=\"og:image:height\" content=\"200\" \/>\n\t<meta property=\"og:image:type\" content=\"image\/png\" \/>\n<meta name=\"author\" content=\"Arnaldo Botto\" \/>\n<meta name=\"twitter:card\" content=\"summary_large_image\" \/>\n<script type=\"application\/ld+json\" class=\"yoast-schema-graph\">{\"@context\":\"https:\/\/schema.org\",\"@graph\":[{\"@type\":\"WebPage\",\"@id\":\"https:\/\/www.noticiasradioreflejos.com.ar\/2021\/sesiona-el-concejo-deliberante-de-tornquist-2\/\",\"url\":\"https:\/\/www.noticiasradioreflejos.com.ar\/2021\/sesiona-el-concejo-deliberante-de-tornquist-2\/\",\"name\":\"Sesiona el Concejo Deliberante de Tornquist - Noticias Radio Reflejos\",\"isPartOf\":{\"@id\":\"https:\/\/www.noticiasradioreflejos.com.ar\/2021\/#website\"},\"datePublished\":\"2021-05-17T15:57:18+00:00\",\"author\":{\"@id\":\"https:\/\/www.noticiasradioreflejos.com.ar\/2021\/#\/schema\/person\/ad82545263dcc5ec0996818884fd5fb1\"},\"breadcrumb\":{\"@id\":\"https:\/\/www.noticiasradioreflejos.com.ar\/2021\/sesiona-el-concejo-deliberante-de-tornquist-2\/#breadcrumb\"},\"inLanguage\":\"es\",\"potentialAction\":[{\"@type\":\"ReadAction\",\"target\":[\"https:\/\/www.noticiasradioreflejos.com.ar\/2021\/sesiona-el-concejo-deliberante-de-tornquist-2\/\"]}]},{\"@type\":\"BreadcrumbList\",\"@id\":\"https:\/\/www.noticiasradioreflejos.com.ar\/2021\/sesiona-el-concejo-deliberante-de-tornquist-2\/#breadcrumb\",\"itemListElement\":[{\"@type\":\"ListItem\",\"position\":1,\"name\":\"Portada\",\"item\":\"https:\/\/www.noticiasradioreflejos.com.ar\/2021\/\"},{\"@type\":\"ListItem\",\"position\":2,\"name\":\"Sesiona el Concejo Deliberante de Tornquist\"}]},{\"@type\":\"WebSite\",\"@id\":\"https:\/\/www.noticiasradioreflejos.com.ar\/2021\/#website\",\"url\":\"https:\/\/www.noticiasradioreflejos.com.ar\/2021\/\",\"name\":\"Noticias Radio Reflejos\",\"description\":\"Las noticias de mi comarca\",\"potentialAction\":[{\"@type\":\"SearchAction\",\"target\":{\"@type\":\"EntryPoint\",\"urlTemplate\":\"https:\/\/www.noticiasradioreflejos.com.ar\/2021\/?s={search_term_string}\"},\"query-input\":{\"@type\":\"PropertyValueSpecification\",\"valueRequired\":true,\"valueName\":\"search_term_string\"}}],\"inLanguage\":\"es\"},{\"@type\":\"Person\",\"@id\":\"https:\/\/www.noticiasradioreflejos.com.ar\/2021\/#\/schema\/person\/ad82545263dcc5ec0996818884fd5fb1\",\"name\":\"Arnaldo Botto\",\"image\":{\"@type\":\"ImageObject\",\"inLanguage\":\"es\",\"@id\":\"https:\/\/www.noticiasradioreflejos.com.ar\/2021\/#\/schema\/person\/image\/\",\"url\":\"https:\/\/secure.gravatar.com\/avatar\/55cb5e37c1efa326397366e6974cb338056df65cb50e7d64d1cf314e87504837?s=96&d=mm&r=g\",\"contentUrl\":\"https:\/\/secure.gravatar.com\/avatar\/55cb5e37c1efa326397366e6974cb338056df65cb50e7d64d1cf314e87504837?s=96&d=mm&r=g\",\"caption\":\"Arnaldo Botto\"},\"url\":\"https:\/\/www.noticiasradioreflejos.com.ar\/2021\/author\/arnaldo\/\"}]}<\/script>\n<!-- \/ Yoast SEO plugin. -->","yoast_head_json":{"title":"Sesiona el Concejo Deliberante de Tornquist - Noticias Radio Reflejos","robots":{"index":"index","follow":"follow","max-snippet":"max-snippet:-1","max-image-preview":"max-image-preview:large","max-video-preview":"max-video-preview:-1"},"canonical":"https:\/\/www.noticiasradioreflejos.com.ar\/2021\/sesiona-el-concejo-deliberante-de-tornquist-2\/","og_locale":"es_ES","og_type":"article","og_title":"Sesiona el Concejo Deliberante de Tornquist - Noticias Radio Reflejos","og_description":"Orden del D\u00eda\u00a0 \u00a0 \u00a0 \u00a0 \u00a0 \u00a0 \u00a0 \u00a0 \u00a0 \u00a0 \u00a0 \u00a0 \u00a0 \u00a0 \u00a0 \u00a0 \u00a0 \u00a0 \u00a0 \u00a0 \u00a0 \u00a0 \u00a0 \u00a0 \u00a0 \u00a0 \u00a0 \u00a0 \u00a0 \u00a0 \u00a0 \u00a0 \u00a0 \u00a0 \u00a0 \u00a0 \u00a0\u00a0 1.- Aprobaci\u00f3n de las Actas N\u00ba 1162\/21 y 1163\/21.&#8212;&#8212;&#8212;&#8212;&#8212;&#8212;&#8212;&#8212;&#8212;&#8212;&#8212;&#8212;&#8212; 2.- Comunicaciones Oficiales: &#8212;&#8212;&#8212;&#8212;&#8212;&#8212;&#8212;&#8212;&#8212;&#8212;&#8212;&#8212;&#8212;&#8212;&#8212;&#8212;&#8212;&#8212;&#8212;&#8212;&#8212;&#8212;- #Expte. N\u00ba 07\/21: [&hellip;]","og_url":"https:\/\/www.noticiasradioreflejos.com.ar\/2021\/sesiona-el-concejo-deliberante-de-tornquist-2\/","og_site_name":"Noticias Radio Reflejos","article_published_time":"2021-05-17T15:57:18+00:00","og_image":[{"width":300,"height":200,"url":"https:\/\/www.noticiasradioreflejos.com.ar\/2021\/wp-content\/uploads\/2021\/07\/logosol300x200.png","type":"image\/png"}],"author":"Arnaldo Botto","twitter_card":"summary_large_image","schema":{"@context":"https:\/\/schema.org","@graph":[{"@type":"WebPage","@id":"https:\/\/www.noticiasradioreflejos.com.ar\/2021\/sesiona-el-concejo-deliberante-de-tornquist-2\/","url":"https:\/\/www.noticiasradioreflejos.com.ar\/2021\/sesiona-el-concejo-deliberante-de-tornquist-2\/","name":"Sesiona el Concejo Deliberante de Tornquist - Noticias Radio Reflejos","isPartOf":{"@id":"https:\/\/www.noticiasradioreflejos.com.ar\/2021\/#website"},"datePublished":"2021-05-17T15:57:18+00:00","author":{"@id":"https:\/\/www.noticiasradioreflejos.com.ar\/2021\/#\/schema\/person\/ad82545263dcc5ec0996818884fd5fb1"},"breadcrumb":{"@id":"https:\/\/www.noticiasradioreflejos.com.ar\/2021\/sesiona-el-concejo-deliberante-de-tornquist-2\/#breadcrumb"},"inLanguage":"es","potentialAction":[{"@type":"ReadAction","target":["https:\/\/www.noticiasradioreflejos.com.ar\/2021\/sesiona-el-concejo-deliberante-de-tornquist-2\/"]}]},{"@type":"BreadcrumbList","@id":"https:\/\/www.noticiasradioreflejos.com.ar\/2021\/sesiona-el-concejo-deliberante-de-tornquist-2\/#breadcrumb","itemListElement":[{"@type":"ListItem","position":1,"name":"Portada","item":"https:\/\/www.noticiasradioreflejos.com.ar\/2021\/"},{"@type":"ListItem","position":2,"name":"Sesiona el Concejo Deliberante de Tornquist"}]},{"@type":"WebSite","@id":"https:\/\/www.noticiasradioreflejos.com.ar\/2021\/#website","url":"https:\/\/www.noticiasradioreflejos.com.ar\/2021\/","name":"Noticias Radio Reflejos","description":"Las noticias de mi comarca","potentialAction":[{"@type":"SearchAction","target":{"@type":"EntryPoint","urlTemplate":"https:\/\/www.noticiasradioreflejos.com.ar\/2021\/?s={search_term_string}"},"query-input":{"@type":"PropertyValueSpecification","valueRequired":true,"valueName":"search_term_string"}}],"inLanguage":"es"},{"@type":"Person","@id":"https:\/\/www.noticiasradioreflejos.com.ar\/2021\/#\/schema\/person\/ad82545263dcc5ec0996818884fd5fb1","name":"Arnaldo Botto","image":{"@type":"ImageObject","inLanguage":"es","@id":"https:\/\/www.noticiasradioreflejos.com.ar\/2021\/#\/schema\/person\/image\/","url":"https:\/\/secure.gravatar.com\/avatar\/55cb5e37c1efa326397366e6974cb338056df65cb50e7d64d1cf314e87504837?s=96&d=mm&r=g","contentUrl":"https:\/\/secure.gravatar.com\/avatar\/55cb5e37c1efa326397366e6974cb338056df65cb50e7d64d1cf314e87504837?s=96&d=mm&r=g","caption":"Arnaldo Botto"},"url":"https:\/\/www.noticiasradioreflejos.com.ar\/2021\/author\/arnaldo\/"}]}},"_links":{"self":[{"href":"https:\/\/www.noticiasradioreflejos.com.ar\/2021\/wp-json\/wp\/v2\/posts\/56979","targetHints":{"allow":["GET"]}}],"collection":[{"href":"https:\/\/www.noticiasradioreflejos.com.ar\/2021\/wp-json\/wp\/v2\/posts"}],"about":[{"href":"https:\/\/www.noticiasradioreflejos.com.ar\/2021\/wp-json\/wp\/v2\/types\/post"}],"author":[{"embeddable":true,"href":"https:\/\/www.noticiasradioreflejos.com.ar\/2021\/wp-json\/wp\/v2\/users\/3"}],"replies":[{"embeddable":true,"href":"https:\/\/www.noticiasradioreflejos.com.ar\/2021\/wp-json\/wp\/v2\/comments?post=56979"}],"version-history":[{"count":2,"href":"https:\/\/www.noticiasradioreflejos.com.ar\/2021\/wp-json\/wp\/v2\/posts\/56979\/revisions"}],"predecessor-version":[{"id":56981,"href":"https:\/\/www.noticiasradioreflejos.com.ar\/2021\/wp-json\/wp\/v2\/posts\/56979\/revisions\/56981"}],"wp:attachment":[{"href":"https:\/\/www.noticiasradioreflejos.com.ar\/2021\/wp-json\/wp\/v2\/media?parent=56979"}],"wp:term":[{"taxonomy":"category","embeddable":true,"href":"https:\/\/www.noticiasradioreflejos.com.ar\/2021\/wp-json\/wp\/v2\/categories?post=56979"},{"taxonomy":"post_tag","embeddable":true,"href":"https:\/\/www.noticiasradioreflejos.com.ar\/2021\/wp-json\/wp\/v2\/tags?post=56979"}],"curies":[{"name":"wp","href":"https:\/\/api.w.org\/{rel}","templated":true}]}}