{"id":56975,"date":"2021-05-17T15:32:47","date_gmt":"2021-05-17T15:32:47","guid":{"rendered":"http:\/\/www.noticiasradioreflejos.com.ar\/2021\/?p=56975"},"modified":"2021-05-17T15:33:39","modified_gmt":"2021-05-17T15:33:39","slug":"6o-semana-mundial-de-naciones-unidas-para-la-seguridad-vial","status":"publish","type":"post","link":"https:\/\/www.noticiasradioreflejos.com.ar\/2021\/6o-semana-mundial-de-naciones-unidas-para-la-seguridad-vial\/","title":{"rendered":"6\u00ba Semana Mundial de Naciones Unidas para la Seguridad Vial"},"content":{"rendered":"<p>Las Naciones Unidas celebran este a\u00f1o la <strong>6\u00aa Semana Mundial para la Seguridad Vial<\/strong>, con el lema <a href=\"#Streetsforlife #love30\u00aa #CallesparalaVida\">#Streetsforlife #love30\u00aa #CallesparalaVida<\/a>. Promueve que en las calles se establezca una velocidad m\u00e1xima de 30km\/h para salvar vidas al disminuir la velocidad al conducir, en especial la de los m\u00e1s vulnerables en el tr\u00e1nsito, y lograr ciudades m\u00e1s seguras, saludables, verdes y habitables.<!--more--><\/p>\n<p>Este objetivo se enmarca en las metas del nuevo Decenio para la Seguridad Vial 2021-2030, que busca reducir un 50% la mortalidad en el tr\u00e1nsito. Se estima que dos tercios de las muertes en las calles de las ciudades pueden evitarse con la reducci\u00f3n a 30 km\/h .<\/p>\n<p>Luchemos por la Vida y Madres del Dolor han sido convocadas a promover esta campa\u00f1a en nuestro pa\u00eds. Para ello, est\u00e1n realizando diferentes actividades:<\/p>\n<p>* lunes 17 de mayo a las 17 hs. en la Avenida Corrientes y Cerrito, CABA, caminata con exhibici\u00f3n de pancartas y banners;<\/p>\n<p>* martes 18 de mayo a las 18:00 hs. coloquio virtual internacional \u201cReducci\u00f3n 30 km\/h en calles. Ciudades para la Vida. La propuesta de Naciones Unidas y Organizaci\u00f3n Mundial de la Salud\u201d;<\/p>\n<p>* difusi\u00f3n en medios masivos de comunicaci\u00f3n y redes sociales de la Semana Mundial y sus objetivos;<\/p>\n<p>* petitorio a las autoridades responsables de cada ciudad del pa\u00eds invit\u00e1ndolos a sumarse a la 6\u00ba Semana Mundial, declararla de inter\u00e9s, firmar la carta mundial de adhesi\u00f3n y por sobre todo establecer la reducci\u00f3n a 30 km\/h en las calles;<\/p>\n<p>* env\u00edo de informaci\u00f3n e invitaci\u00f3n a ONG y educadores para sumarse a la Semana Mundial e implementar acciones por la reducci\u00f3n 30 km\/h en calles.<\/p>\n<p>&nbsp;<\/p>\n<p><a title=\"unnamed\" href=\"https:\/\/www.flickr.com\/photos\/182279889@N02\/51186269605\/in\/dateposted-public\/\" data-flickr-embed=\"true\"><img loading=\"lazy\" decoding=\"async\" src=\"https:\/\/live.staticflickr.com\/65535\/51186269605_e8fef2c985_c.jpg\" alt=\"unnamed\" width=\"520\" height=\"800\" \/><\/a><script async src=\"\/\/embedr.flickr.com\/assets\/client-code.js\" charset=\"utf-8\"><\/script><\/p>\n<p>&nbsp;<\/p>\n<p><strong>Est\u00e1n todos invitados a difundir y participar de estas actividades.<\/strong><\/p>\n<p><strong>Dr. Alberto Silveira Viviam Perrone<\/strong><\/p>\n<p><strong>Luchemos por la Vida Madres del Dolor<\/strong><\/p>\n","protected":false},"excerpt":{"rendered":"<p>Las Naciones Unidas celebran este a\u00f1o la 6\u00aa Semana Mundial para la Seguridad Vial, con el lema #Streetsforlife #love30\u00aa #CallesparalaVida. Promueve que en las calles se establezca una velocidad m\u00e1xima de 30km\/h para salvar vidas al disminuir la velocidad al conducir, en especial la de los m\u00e1s vulnerables en el tr\u00e1nsito, y lograr ciudades m\u00e1s [&hellip;]<\/p>\n","protected":false},"author":3,"featured_media":56976,"comment_status":"closed","ping_status":"closed","sticky":false,"template":"","format":"standard","meta":{"footnotes":""},"categories":[26],"tags":[],"class_list":["post-56975","post","type-post","status-publish","format-standard","has-post-thumbnail","hentry","category-sociedad"],"yoast_head":"<!-- This site is optimized with the Yoast SEO plugin v25.9 - https:\/\/yoast.com\/wordpress\/plugins\/seo\/ -->\n<title>6\u00ba Semana Mundial de Naciones Unidas para la Seguridad Vial - Noticias Radio Reflejos<\/title>\n<meta name=\"robots\" content=\"index, follow, max-snippet:-1, max-image-preview:large, max-video-preview:-1\" \/>\n<link rel=\"canonical\" href=\"https:\/\/www.noticiasradioreflejos.com.ar\/2021\/6o-semana-mundial-de-naciones-unidas-para-la-seguridad-vial\/\" \/>\n<meta property=\"og:locale\" content=\"es_ES\" \/>\n<meta property=\"og:type\" content=\"article\" \/>\n<meta property=\"og:title\" content=\"6\u00ba Semana Mundial de Naciones Unidas para la Seguridad Vial - Noticias Radio Reflejos\" \/>\n<meta property=\"og:description\" content=\"Las Naciones Unidas celebran este a\u00f1o la 6\u00aa Semana Mundial para la Seguridad Vial, con el lema #Streetsforlife #love30\u00aa #CallesparalaVida. Promueve que en las calles se establezca una velocidad m\u00e1xima de 30km\/h para salvar vidas al disminuir la velocidad al conducir, en especial la de los m\u00e1s vulnerables en el tr\u00e1nsito, y lograr ciudades m\u00e1s [&hellip;]\" \/>\n<meta property=\"og:url\" content=\"https:\/\/www.noticiasradioreflejos.com.ar\/2021\/6o-semana-mundial-de-naciones-unidas-para-la-seguridad-vial\/\" \/>\n<meta property=\"og:site_name\" content=\"Noticias Radio Reflejos\" \/>\n<meta property=\"article:published_time\" content=\"2021-05-17T15:32:47+00:00\" \/>\n<meta property=\"article:modified_time\" content=\"2021-05-17T15:33:39+00:00\" \/>\n<meta property=\"og:image\" content=\"https:\/\/www.noticiasradioreflejos.com.ar\/2021\/wp-content\/uploads\/2021\/05\/unnamed-1.jpg\" \/>\n\t<meta property=\"og:image:width\" content=\"372\" \/>\n\t<meta property=\"og:image:height\" content=\"371\" \/>\n\t<meta property=\"og:image:type\" content=\"image\/jpeg\" \/>\n<meta name=\"author\" content=\"Arnaldo Botto\" \/>\n<meta name=\"twitter:card\" content=\"summary_large_image\" \/>\n<script type=\"application\/ld+json\" class=\"yoast-schema-graph\">{\"@context\":\"https:\/\/schema.org\",\"@graph\":[{\"@type\":\"WebPage\",\"@id\":\"https:\/\/www.noticiasradioreflejos.com.ar\/2021\/6o-semana-mundial-de-naciones-unidas-para-la-seguridad-vial\/\",\"url\":\"https:\/\/www.noticiasradioreflejos.com.ar\/2021\/6o-semana-mundial-de-naciones-unidas-para-la-seguridad-vial\/\",\"name\":\"6\u00ba Semana Mundial de Naciones Unidas para la Seguridad Vial - Noticias Radio Reflejos\",\"isPartOf\":{\"@id\":\"https:\/\/www.noticiasradioreflejos.com.ar\/2021\/#website\"},\"primaryImageOfPage\":{\"@id\":\"https:\/\/www.noticiasradioreflejos.com.ar\/2021\/6o-semana-mundial-de-naciones-unidas-para-la-seguridad-vial\/#primaryimage\"},\"image\":{\"@id\":\"https:\/\/www.noticiasradioreflejos.com.ar\/2021\/6o-semana-mundial-de-naciones-unidas-para-la-seguridad-vial\/#primaryimage\"},\"thumbnailUrl\":\"https:\/\/www.noticiasradioreflejos.com.ar\/2021\/wp-content\/uploads\/2021\/05\/unnamed-1.jpg\",\"datePublished\":\"2021-05-17T15:32:47+00:00\",\"dateModified\":\"2021-05-17T15:33:39+00:00\",\"author\":{\"@id\":\"https:\/\/www.noticiasradioreflejos.com.ar\/2021\/#\/schema\/person\/ad82545263dcc5ec0996818884fd5fb1\"},\"breadcrumb\":{\"@id\":\"https:\/\/www.noticiasradioreflejos.com.ar\/2021\/6o-semana-mundial-de-naciones-unidas-para-la-seguridad-vial\/#breadcrumb\"},\"inLanguage\":\"es\",\"potentialAction\":[{\"@type\":\"ReadAction\",\"target\":[\"https:\/\/www.noticiasradioreflejos.com.ar\/2021\/6o-semana-mundial-de-naciones-unidas-para-la-seguridad-vial\/\"]}]},{\"@type\":\"ImageObject\",\"inLanguage\":\"es\",\"@id\":\"https:\/\/www.noticiasradioreflejos.com.ar\/2021\/6o-semana-mundial-de-naciones-unidas-para-la-seguridad-vial\/#primaryimage\",\"url\":\"https:\/\/www.noticiasradioreflejos.com.ar\/2021\/wp-content\/uploads\/2021\/05\/unnamed-1.jpg\",\"contentUrl\":\"https:\/\/www.noticiasradioreflejos.com.ar\/2021\/wp-content\/uploads\/2021\/05\/unnamed-1.jpg\",\"width\":372,\"height\":371},{\"@type\":\"BreadcrumbList\",\"@id\":\"https:\/\/www.noticiasradioreflejos.com.ar\/2021\/6o-semana-mundial-de-naciones-unidas-para-la-seguridad-vial\/#breadcrumb\",\"itemListElement\":[{\"@type\":\"ListItem\",\"position\":1,\"name\":\"Portada\",\"item\":\"https:\/\/www.noticiasradioreflejos.com.ar\/2021\/\"},{\"@type\":\"ListItem\",\"position\":2,\"name\":\"6\u00ba Semana Mundial de Naciones Unidas para la Seguridad Vial\"}]},{\"@type\":\"WebSite\",\"@id\":\"https:\/\/www.noticiasradioreflejos.com.ar\/2021\/#website\",\"url\":\"https:\/\/www.noticiasradioreflejos.com.ar\/2021\/\",\"name\":\"Noticias Radio Reflejos\",\"description\":\"Las noticias de mi comarca\",\"potentialAction\":[{\"@type\":\"SearchAction\",\"target\":{\"@type\":\"EntryPoint\",\"urlTemplate\":\"https:\/\/www.noticiasradioreflejos.com.ar\/2021\/?s={search_term_string}\"},\"query-input\":{\"@type\":\"PropertyValueSpecification\",\"valueRequired\":true,\"valueName\":\"search_term_string\"}}],\"inLanguage\":\"es\"},{\"@type\":\"Person\",\"@id\":\"https:\/\/www.noticiasradioreflejos.com.ar\/2021\/#\/schema\/person\/ad82545263dcc5ec0996818884fd5fb1\",\"name\":\"Arnaldo Botto\",\"image\":{\"@type\":\"ImageObject\",\"inLanguage\":\"es\",\"@id\":\"https:\/\/www.noticiasradioreflejos.com.ar\/2021\/#\/schema\/person\/image\/\",\"url\":\"https:\/\/secure.gravatar.com\/avatar\/55cb5e37c1efa326397366e6974cb338056df65cb50e7d64d1cf314e87504837?s=96&d=mm&r=g\",\"contentUrl\":\"https:\/\/secure.gravatar.com\/avatar\/55cb5e37c1efa326397366e6974cb338056df65cb50e7d64d1cf314e87504837?s=96&d=mm&r=g\",\"caption\":\"Arnaldo Botto\"},\"url\":\"https:\/\/www.noticiasradioreflejos.com.ar\/2021\/author\/arnaldo\/\"}]}<\/script>\n<!-- \/ Yoast SEO plugin. -->","yoast_head_json":{"title":"6\u00ba Semana Mundial de Naciones Unidas para la Seguridad Vial - Noticias Radio Reflejos","robots":{"index":"index","follow":"follow","max-snippet":"max-snippet:-1","max-image-preview":"max-image-preview:large","max-video-preview":"max-video-preview:-1"},"canonical":"https:\/\/www.noticiasradioreflejos.com.ar\/2021\/6o-semana-mundial-de-naciones-unidas-para-la-seguridad-vial\/","og_locale":"es_ES","og_type":"article","og_title":"6\u00ba Semana Mundial de Naciones Unidas para la Seguridad Vial - Noticias Radio Reflejos","og_description":"Las Naciones Unidas celebran este a\u00f1o la 6\u00aa Semana Mundial para la Seguridad Vial, con el lema #Streetsforlife #love30\u00aa #CallesparalaVida. Promueve que en las calles se establezca una velocidad m\u00e1xima de 30km\/h para salvar vidas al disminuir la velocidad al conducir, en especial la de los m\u00e1s vulnerables en el tr\u00e1nsito, y lograr ciudades m\u00e1s [&hellip;]","og_url":"https:\/\/www.noticiasradioreflejos.com.ar\/2021\/6o-semana-mundial-de-naciones-unidas-para-la-seguridad-vial\/","og_site_name":"Noticias Radio Reflejos","article_published_time":"2021-05-17T15:32:47+00:00","article_modified_time":"2021-05-17T15:33:39+00:00","og_image":[{"width":372,"height":371,"url":"https:\/\/www.noticiasradioreflejos.com.ar\/2021\/wp-content\/uploads\/2021\/05\/unnamed-1.jpg","type":"image\/jpeg"}],"author":"Arnaldo Botto","twitter_card":"summary_large_image","schema":{"@context":"https:\/\/schema.org","@graph":[{"@type":"WebPage","@id":"https:\/\/www.noticiasradioreflejos.com.ar\/2021\/6o-semana-mundial-de-naciones-unidas-para-la-seguridad-vial\/","url":"https:\/\/www.noticiasradioreflejos.com.ar\/2021\/6o-semana-mundial-de-naciones-unidas-para-la-seguridad-vial\/","name":"6\u00ba Semana Mundial de Naciones Unidas para la Seguridad Vial - Noticias Radio Reflejos","isPartOf":{"@id":"https:\/\/www.noticiasradioreflejos.com.ar\/2021\/#website"},"primaryImageOfPage":{"@id":"https:\/\/www.noticiasradioreflejos.com.ar\/2021\/6o-semana-mundial-de-naciones-unidas-para-la-seguridad-vial\/#primaryimage"},"image":{"@id":"https:\/\/www.noticiasradioreflejos.com.ar\/2021\/6o-semana-mundial-de-naciones-unidas-para-la-seguridad-vial\/#primaryimage"},"thumbnailUrl":"https:\/\/www.noticiasradioreflejos.com.ar\/2021\/wp-content\/uploads\/2021\/05\/unnamed-1.jpg","datePublished":"2021-05-17T15:32:47+00:00","dateModified":"2021-05-17T15:33:39+00:00","author":{"@id":"https:\/\/www.noticiasradioreflejos.com.ar\/2021\/#\/schema\/person\/ad82545263dcc5ec0996818884fd5fb1"},"breadcrumb":{"@id":"https:\/\/www.noticiasradioreflejos.com.ar\/2021\/6o-semana-mundial-de-naciones-unidas-para-la-seguridad-vial\/#breadcrumb"},"inLanguage":"es","potentialAction":[{"@type":"ReadAction","target":["https:\/\/www.noticiasradioreflejos.com.ar\/2021\/6o-semana-mundial-de-naciones-unidas-para-la-seguridad-vial\/"]}]},{"@type":"ImageObject","inLanguage":"es","@id":"https:\/\/www.noticiasradioreflejos.com.ar\/2021\/6o-semana-mundial-de-naciones-unidas-para-la-seguridad-vial\/#primaryimage","url":"https:\/\/www.noticiasradioreflejos.com.ar\/2021\/wp-content\/uploads\/2021\/05\/unnamed-1.jpg","contentUrl":"https:\/\/www.noticiasradioreflejos.com.ar\/2021\/wp-content\/uploads\/2021\/05\/unnamed-1.jpg","width":372,"height":371},{"@type":"BreadcrumbList","@id":"https:\/\/www.noticiasradioreflejos.com.ar\/2021\/6o-semana-mundial-de-naciones-unidas-para-la-seguridad-vial\/#breadcrumb","itemListElement":[{"@type":"ListItem","position":1,"name":"Portada","item":"https:\/\/www.noticiasradioreflejos.com.ar\/2021\/"},{"@type":"ListItem","position":2,"name":"6\u00ba Semana Mundial de Naciones Unidas para la Seguridad Vial"}]},{"@type":"WebSite","@id":"https:\/\/www.noticiasradioreflejos.com.ar\/2021\/#website","url":"https:\/\/www.noticiasradioreflejos.com.ar\/2021\/","name":"Noticias Radio Reflejos","description":"Las noticias de mi comarca","potentialAction":[{"@type":"SearchAction","target":{"@type":"EntryPoint","urlTemplate":"https:\/\/www.noticiasradioreflejos.com.ar\/2021\/?s={search_term_string}"},"query-input":{"@type":"PropertyValueSpecification","valueRequired":true,"valueName":"search_term_string"}}],"inLanguage":"es"},{"@type":"Person","@id":"https:\/\/www.noticiasradioreflejos.com.ar\/2021\/#\/schema\/person\/ad82545263dcc5ec0996818884fd5fb1","name":"Arnaldo Botto","image":{"@type":"ImageObject","inLanguage":"es","@id":"https:\/\/www.noticiasradioreflejos.com.ar\/2021\/#\/schema\/person\/image\/","url":"https:\/\/secure.gravatar.com\/avatar\/55cb5e37c1efa326397366e6974cb338056df65cb50e7d64d1cf314e87504837?s=96&d=mm&r=g","contentUrl":"https:\/\/secure.gravatar.com\/avatar\/55cb5e37c1efa326397366e6974cb338056df65cb50e7d64d1cf314e87504837?s=96&d=mm&r=g","caption":"Arnaldo Botto"},"url":"https:\/\/www.noticiasradioreflejos.com.ar\/2021\/author\/arnaldo\/"}]}},"_links":{"self":[{"href":"https:\/\/www.noticiasradioreflejos.com.ar\/2021\/wp-json\/wp\/v2\/posts\/56975","targetHints":{"allow":["GET"]}}],"collection":[{"href":"https:\/\/www.noticiasradioreflejos.com.ar\/2021\/wp-json\/wp\/v2\/posts"}],"about":[{"href":"https:\/\/www.noticiasradioreflejos.com.ar\/2021\/wp-json\/wp\/v2\/types\/post"}],"author":[{"embeddable":true,"href":"https:\/\/www.noticiasradioreflejos.com.ar\/2021\/wp-json\/wp\/v2\/users\/3"}],"replies":[{"embeddable":true,"href":"https:\/\/www.noticiasradioreflejos.com.ar\/2021\/wp-json\/wp\/v2\/comments?post=56975"}],"version-history":[{"count":2,"href":"https:\/\/www.noticiasradioreflejos.com.ar\/2021\/wp-json\/wp\/v2\/posts\/56975\/revisions"}],"predecessor-version":[{"id":56978,"href":"https:\/\/www.noticiasradioreflejos.com.ar\/2021\/wp-json\/wp\/v2\/posts\/56975\/revisions\/56978"}],"wp:featuredmedia":[{"embeddable":true,"href":"https:\/\/www.noticiasradioreflejos.com.ar\/2021\/wp-json\/wp\/v2\/media\/56976"}],"wp:attachment":[{"href":"https:\/\/www.noticiasradioreflejos.com.ar\/2021\/wp-json\/wp\/v2\/media?parent=56975"}],"wp:term":[{"taxonomy":"category","embeddable":true,"href":"https:\/\/www.noticiasradioreflejos.com.ar\/2021\/wp-json\/wp\/v2\/categories?post=56975"},{"taxonomy":"post_tag","embeddable":true,"href":"https:\/\/www.noticiasradioreflejos.com.ar\/2021\/wp-json\/wp\/v2\/tags?post=56975"}],"curies":[{"name":"wp","href":"https:\/\/api.w.org\/{rel}","templated":true}]}}