{"id":56963,"date":"2021-05-17T12:07:01","date_gmt":"2021-05-17T12:07:01","guid":{"rendered":"http:\/\/www.noticiasradioreflejos.com.ar\/2021\/?p=56963"},"modified":"2021-05-17T12:07:01","modified_gmt":"2021-05-17T12:07:01","slug":"medicos-bonaerenses-advierten-que-continua-siendo-critico-el-nivel-de-ocupacion-de-camas","status":"publish","type":"post","link":"https:\/\/www.noticiasradioreflejos.com.ar\/2021\/medicos-bonaerenses-advierten-que-continua-siendo-critico-el-nivel-de-ocupacion-de-camas\/","title":{"rendered":"M\u00e9dicos bonaerenses advierten que \u00abcontin\u00faa siendo cr\u00edtico\u00bb el nivel de ocupaci\u00f3n de camas"},"content":{"rendered":"<p>M\u00e9dicos y trabajadores nucleados en la Asociaci\u00f3n Sindical de Profesionales de la Salud de la Provincia de Buenos Aires (Cicop) advirtieron hoy sobre la \u00abmeseta alta de casos\u00bb de coronavirus que se registra en el distrito y sostuvieron que el nivel de ocupaci\u00f3n de camas que \u00abcontin\u00faa siendo cr\u00edtico\u00bb.<!--more--><\/p>\n<p>En ese marco, adelantaron que representantes del \u00c1rea Metropolitana de Buenos Aires se reunir\u00e1n esta semana para definir \u00abuna jornada de lucha por reclamos laborales y sanitarios\u00bb.<\/p>\n<p>As\u00ed lo se\u00f1al\u00f3 el gremio en un comunicado divulgado hoy, en el que agreg\u00f3 que los porcentajes de ocupaci\u00f3n de camas de terapia intensiva en algunas provincias y municipios tambi\u00e9n es \u00abcr\u00edtico\u00bb.<\/p>\n<p>En ese sentido, y de cara al pr\u00f3ximo vencimiento del \u00faltimo DNU del Gobierno nacional que impuso medidas para mitigar la propagaci\u00f3n de la segunda ola de coronavirus, Cicop advirti\u00f3 que \u00abla pandemia sigue en expansi\u00f3n\u00bb.<\/p>\n<p>Por ese motivo, pidi\u00f3 \u00abacelerar la vacunaci\u00f3n y fortalecer al equipo de salud\u00bb, teniendo en cuenta que los pr\u00f3ximos ser\u00e1n \u00ablos meses m\u00e1s fr\u00edos del a\u00f1o\u00bb y que, por lo tanto, podr\u00edan producir una mayor presi\u00f3n sobre el sistema sanitario y sus profesionales.<\/p>\n<p>De cara al pr\u00f3ximo vencimiento del DNU, el 21 de mayo, se\u00f1al\u00f3 que el cierre de actividades \u00abdebe ajustarse a la realidad epidemiol\u00f3gica de cada lugar para que junto a la inmunizaci\u00f3n de la poblaci\u00f3n objetivo permita aliviar un sistema de salud que ya lleva varias semanas al l\u00edmite de su capacidad\u00bb.<\/p>\n<p>Tambi\u00e9n insisti\u00f3 en el reclamo por la \u00abdeclaraci\u00f3n de utilidad p\u00fablica de las vacunas y la liberaci\u00f3n de las patentes para garantizar la necesaria inmunidad comunitaria\u00bb.<\/p><\/div>\n","protected":false},"excerpt":{"rendered":"<p>M\u00e9dicos y trabajadores nucleados en la Asociaci\u00f3n Sindical de Profesionales de la Salud de la Provincia de Buenos Aires (Cicop) advirtieron hoy sobre la \u00abmeseta alta de casos\u00bb de coronavirus que se registra en el distrito y sostuvieron que el nivel de ocupaci\u00f3n de camas que \u00abcontin\u00faa siendo cr\u00edtico\u00bb.<\/p>\n","protected":false},"author":3,"featured_media":0,"comment_status":"closed","ping_status":"closed","sticky":false,"template":"","format":"standard","meta":{"footnotes":""},"categories":[30],"tags":[],"class_list":["post-56963","post","type-post","status-publish","format-standard","hentry","category-salud"],"yoast_head":"<!-- This site is optimized with the Yoast SEO plugin v25.9 - https:\/\/yoast.com\/wordpress\/plugins\/seo\/ -->\n<title>M\u00e9dicos bonaerenses advierten que &quot;contin\u00faa siendo cr\u00edtico&quot; el nivel de ocupaci\u00f3n de camas - Noticias Radio Reflejos<\/title>\n<meta name=\"robots\" content=\"index, follow, max-snippet:-1, max-image-preview:large, max-video-preview:-1\" \/>\n<link rel=\"canonical\" href=\"https:\/\/www.noticiasradioreflejos.com.ar\/2021\/medicos-bonaerenses-advierten-que-continua-siendo-critico-el-nivel-de-ocupacion-de-camas\/\" \/>\n<meta property=\"og:locale\" content=\"es_ES\" \/>\n<meta property=\"og:type\" content=\"article\" \/>\n<meta property=\"og:title\" content=\"M\u00e9dicos bonaerenses advierten que &quot;contin\u00faa siendo cr\u00edtico&quot; el nivel de ocupaci\u00f3n de camas - Noticias Radio Reflejos\" \/>\n<meta property=\"og:description\" content=\"M\u00e9dicos y trabajadores nucleados en la Asociaci\u00f3n Sindical de Profesionales de la Salud de la Provincia de Buenos Aires (Cicop) advirtieron hoy sobre la \u00abmeseta alta de casos\u00bb de coronavirus que se registra en el distrito y sostuvieron que el nivel de ocupaci\u00f3n de camas que \u00abcontin\u00faa siendo cr\u00edtico\u00bb.\" \/>\n<meta property=\"og:url\" content=\"https:\/\/www.noticiasradioreflejos.com.ar\/2021\/medicos-bonaerenses-advierten-que-continua-siendo-critico-el-nivel-de-ocupacion-de-camas\/\" \/>\n<meta property=\"og:site_name\" content=\"Noticias Radio Reflejos\" \/>\n<meta property=\"article:published_time\" content=\"2021-05-17T12:07:01+00:00\" \/>\n<meta property=\"og:image\" content=\"https:\/\/www.noticiasradioreflejos.com.ar\/2021\/wp-content\/uploads\/2021\/07\/logosol300x200.png\" \/>\n\t<meta property=\"og:image:width\" content=\"300\" \/>\n\t<meta property=\"og:image:height\" content=\"200\" \/>\n\t<meta property=\"og:image:type\" content=\"image\/png\" \/>\n<meta name=\"author\" content=\"Arnaldo Botto\" \/>\n<meta name=\"twitter:card\" content=\"summary_large_image\" \/>\n<script type=\"application\/ld+json\" class=\"yoast-schema-graph\">{\"@context\":\"https:\/\/schema.org\",\"@graph\":[{\"@type\":\"WebPage\",\"@id\":\"https:\/\/www.noticiasradioreflejos.com.ar\/2021\/medicos-bonaerenses-advierten-que-continua-siendo-critico-el-nivel-de-ocupacion-de-camas\/\",\"url\":\"https:\/\/www.noticiasradioreflejos.com.ar\/2021\/medicos-bonaerenses-advierten-que-continua-siendo-critico-el-nivel-de-ocupacion-de-camas\/\",\"name\":\"M\u00e9dicos bonaerenses advierten que \\\"contin\u00faa siendo cr\u00edtico\\\" el nivel de ocupaci\u00f3n de camas - Noticias Radio Reflejos\",\"isPartOf\":{\"@id\":\"https:\/\/www.noticiasradioreflejos.com.ar\/2021\/#website\"},\"datePublished\":\"2021-05-17T12:07:01+00:00\",\"author\":{\"@id\":\"https:\/\/www.noticiasradioreflejos.com.ar\/2021\/#\/schema\/person\/ad82545263dcc5ec0996818884fd5fb1\"},\"breadcrumb\":{\"@id\":\"https:\/\/www.noticiasradioreflejos.com.ar\/2021\/medicos-bonaerenses-advierten-que-continua-siendo-critico-el-nivel-de-ocupacion-de-camas\/#breadcrumb\"},\"inLanguage\":\"es\",\"potentialAction\":[{\"@type\":\"ReadAction\",\"target\":[\"https:\/\/www.noticiasradioreflejos.com.ar\/2021\/medicos-bonaerenses-advierten-que-continua-siendo-critico-el-nivel-de-ocupacion-de-camas\/\"]}]},{\"@type\":\"BreadcrumbList\",\"@id\":\"https:\/\/www.noticiasradioreflejos.com.ar\/2021\/medicos-bonaerenses-advierten-que-continua-siendo-critico-el-nivel-de-ocupacion-de-camas\/#breadcrumb\",\"itemListElement\":[{\"@type\":\"ListItem\",\"position\":1,\"name\":\"Portada\",\"item\":\"https:\/\/www.noticiasradioreflejos.com.ar\/2021\/\"},{\"@type\":\"ListItem\",\"position\":2,\"name\":\"M\u00e9dicos bonaerenses advierten que \u00abcontin\u00faa siendo cr\u00edtico\u00bb el nivel de ocupaci\u00f3n de camas\"}]},{\"@type\":\"WebSite\",\"@id\":\"https:\/\/www.noticiasradioreflejos.com.ar\/2021\/#website\",\"url\":\"https:\/\/www.noticiasradioreflejos.com.ar\/2021\/\",\"name\":\"Noticias Radio Reflejos\",\"description\":\"Las noticias de mi comarca\",\"potentialAction\":[{\"@type\":\"SearchAction\",\"target\":{\"@type\":\"EntryPoint\",\"urlTemplate\":\"https:\/\/www.noticiasradioreflejos.com.ar\/2021\/?s={search_term_string}\"},\"query-input\":{\"@type\":\"PropertyValueSpecification\",\"valueRequired\":true,\"valueName\":\"search_term_string\"}}],\"inLanguage\":\"es\"},{\"@type\":\"Person\",\"@id\":\"https:\/\/www.noticiasradioreflejos.com.ar\/2021\/#\/schema\/person\/ad82545263dcc5ec0996818884fd5fb1\",\"name\":\"Arnaldo Botto\",\"image\":{\"@type\":\"ImageObject\",\"inLanguage\":\"es\",\"@id\":\"https:\/\/www.noticiasradioreflejos.com.ar\/2021\/#\/schema\/person\/image\/\",\"url\":\"https:\/\/secure.gravatar.com\/avatar\/55cb5e37c1efa326397366e6974cb338056df65cb50e7d64d1cf314e87504837?s=96&d=mm&r=g\",\"contentUrl\":\"https:\/\/secure.gravatar.com\/avatar\/55cb5e37c1efa326397366e6974cb338056df65cb50e7d64d1cf314e87504837?s=96&d=mm&r=g\",\"caption\":\"Arnaldo Botto\"},\"url\":\"https:\/\/www.noticiasradioreflejos.com.ar\/2021\/author\/arnaldo\/\"}]}<\/script>\n<!-- \/ Yoast SEO plugin. -->","yoast_head_json":{"title":"M\u00e9dicos bonaerenses advierten que \"contin\u00faa siendo cr\u00edtico\" el nivel de ocupaci\u00f3n de camas - Noticias Radio Reflejos","robots":{"index":"index","follow":"follow","max-snippet":"max-snippet:-1","max-image-preview":"max-image-preview:large","max-video-preview":"max-video-preview:-1"},"canonical":"https:\/\/www.noticiasradioreflejos.com.ar\/2021\/medicos-bonaerenses-advierten-que-continua-siendo-critico-el-nivel-de-ocupacion-de-camas\/","og_locale":"es_ES","og_type":"article","og_title":"M\u00e9dicos bonaerenses advierten que \"contin\u00faa siendo cr\u00edtico\" el nivel de ocupaci\u00f3n de camas - Noticias Radio Reflejos","og_description":"M\u00e9dicos y trabajadores nucleados en la Asociaci\u00f3n Sindical de Profesionales de la Salud de la Provincia de Buenos Aires (Cicop) advirtieron hoy sobre la \u00abmeseta alta de casos\u00bb de coronavirus que se registra en el distrito y sostuvieron que el nivel de ocupaci\u00f3n de camas que \u00abcontin\u00faa siendo cr\u00edtico\u00bb.","og_url":"https:\/\/www.noticiasradioreflejos.com.ar\/2021\/medicos-bonaerenses-advierten-que-continua-siendo-critico-el-nivel-de-ocupacion-de-camas\/","og_site_name":"Noticias Radio Reflejos","article_published_time":"2021-05-17T12:07:01+00:00","og_image":[{"width":300,"height":200,"url":"https:\/\/www.noticiasradioreflejos.com.ar\/2021\/wp-content\/uploads\/2021\/07\/logosol300x200.png","type":"image\/png"}],"author":"Arnaldo Botto","twitter_card":"summary_large_image","schema":{"@context":"https:\/\/schema.org","@graph":[{"@type":"WebPage","@id":"https:\/\/www.noticiasradioreflejos.com.ar\/2021\/medicos-bonaerenses-advierten-que-continua-siendo-critico-el-nivel-de-ocupacion-de-camas\/","url":"https:\/\/www.noticiasradioreflejos.com.ar\/2021\/medicos-bonaerenses-advierten-que-continua-siendo-critico-el-nivel-de-ocupacion-de-camas\/","name":"M\u00e9dicos bonaerenses advierten que \"contin\u00faa siendo cr\u00edtico\" el nivel de ocupaci\u00f3n de camas - Noticias Radio Reflejos","isPartOf":{"@id":"https:\/\/www.noticiasradioreflejos.com.ar\/2021\/#website"},"datePublished":"2021-05-17T12:07:01+00:00","author":{"@id":"https:\/\/www.noticiasradioreflejos.com.ar\/2021\/#\/schema\/person\/ad82545263dcc5ec0996818884fd5fb1"},"breadcrumb":{"@id":"https:\/\/www.noticiasradioreflejos.com.ar\/2021\/medicos-bonaerenses-advierten-que-continua-siendo-critico-el-nivel-de-ocupacion-de-camas\/#breadcrumb"},"inLanguage":"es","potentialAction":[{"@type":"ReadAction","target":["https:\/\/www.noticiasradioreflejos.com.ar\/2021\/medicos-bonaerenses-advierten-que-continua-siendo-critico-el-nivel-de-ocupacion-de-camas\/"]}]},{"@type":"BreadcrumbList","@id":"https:\/\/www.noticiasradioreflejos.com.ar\/2021\/medicos-bonaerenses-advierten-que-continua-siendo-critico-el-nivel-de-ocupacion-de-camas\/#breadcrumb","itemListElement":[{"@type":"ListItem","position":1,"name":"Portada","item":"https:\/\/www.noticiasradioreflejos.com.ar\/2021\/"},{"@type":"ListItem","position":2,"name":"M\u00e9dicos bonaerenses advierten que \u00abcontin\u00faa siendo cr\u00edtico\u00bb el nivel de ocupaci\u00f3n de camas"}]},{"@type":"WebSite","@id":"https:\/\/www.noticiasradioreflejos.com.ar\/2021\/#website","url":"https:\/\/www.noticiasradioreflejos.com.ar\/2021\/","name":"Noticias Radio Reflejos","description":"Las noticias de mi comarca","potentialAction":[{"@type":"SearchAction","target":{"@type":"EntryPoint","urlTemplate":"https:\/\/www.noticiasradioreflejos.com.ar\/2021\/?s={search_term_string}"},"query-input":{"@type":"PropertyValueSpecification","valueRequired":true,"valueName":"search_term_string"}}],"inLanguage":"es"},{"@type":"Person","@id":"https:\/\/www.noticiasradioreflejos.com.ar\/2021\/#\/schema\/person\/ad82545263dcc5ec0996818884fd5fb1","name":"Arnaldo Botto","image":{"@type":"ImageObject","inLanguage":"es","@id":"https:\/\/www.noticiasradioreflejos.com.ar\/2021\/#\/schema\/person\/image\/","url":"https:\/\/secure.gravatar.com\/avatar\/55cb5e37c1efa326397366e6974cb338056df65cb50e7d64d1cf314e87504837?s=96&d=mm&r=g","contentUrl":"https:\/\/secure.gravatar.com\/avatar\/55cb5e37c1efa326397366e6974cb338056df65cb50e7d64d1cf314e87504837?s=96&d=mm&r=g","caption":"Arnaldo Botto"},"url":"https:\/\/www.noticiasradioreflejos.com.ar\/2021\/author\/arnaldo\/"}]}},"_links":{"self":[{"href":"https:\/\/www.noticiasradioreflejos.com.ar\/2021\/wp-json\/wp\/v2\/posts\/56963","targetHints":{"allow":["GET"]}}],"collection":[{"href":"https:\/\/www.noticiasradioreflejos.com.ar\/2021\/wp-json\/wp\/v2\/posts"}],"about":[{"href":"https:\/\/www.noticiasradioreflejos.com.ar\/2021\/wp-json\/wp\/v2\/types\/post"}],"author":[{"embeddable":true,"href":"https:\/\/www.noticiasradioreflejos.com.ar\/2021\/wp-json\/wp\/v2\/users\/3"}],"replies":[{"embeddable":true,"href":"https:\/\/www.noticiasradioreflejos.com.ar\/2021\/wp-json\/wp\/v2\/comments?post=56963"}],"version-history":[{"count":1,"href":"https:\/\/www.noticiasradioreflejos.com.ar\/2021\/wp-json\/wp\/v2\/posts\/56963\/revisions"}],"predecessor-version":[{"id":56964,"href":"https:\/\/www.noticiasradioreflejos.com.ar\/2021\/wp-json\/wp\/v2\/posts\/56963\/revisions\/56964"}],"wp:attachment":[{"href":"https:\/\/www.noticiasradioreflejos.com.ar\/2021\/wp-json\/wp\/v2\/media?parent=56963"}],"wp:term":[{"taxonomy":"category","embeddable":true,"href":"https:\/\/www.noticiasradioreflejos.com.ar\/2021\/wp-json\/wp\/v2\/categories?post=56963"},{"taxonomy":"post_tag","embeddable":true,"href":"https:\/\/www.noticiasradioreflejos.com.ar\/2021\/wp-json\/wp\/v2\/tags?post=56963"}],"curies":[{"name":"wp","href":"https:\/\/api.w.org\/{rel}","templated":true}]}}