{"id":56956,"date":"2021-05-17T11:25:53","date_gmt":"2021-05-17T11:25:53","guid":{"rendered":"http:\/\/www.noticiasradioreflejos.com.ar\/2021\/?p=56956"},"modified":"2021-05-17T11:25:53","modified_gmt":"2021-05-17T11:25:53","slug":"desde-este-lunes-los-perros-de-razas-potencialmente-peligrosas-deberan-ser-registrados","status":"publish","type":"post","link":"https:\/\/www.noticiasradioreflejos.com.ar\/2021\/desde-este-lunes-los-perros-de-razas-potencialmente-peligrosas-deberan-ser-registrados\/","title":{"rendered":"Desde este lunes, los perros de razas potencialmente peligrosas deber\u00e1n ser registrados"},"content":{"rendered":"<div class=\"head-content\">\n<p>Las razas a inscribir en el registro son: rottweiler, pitbull terrier, dogo argentino, fila brasile\u00f1o, american staffordshire, staffordshire bull terrier, mastif, bullmastif, doberman, dogo de Burdeos, mast\u00edn napolitano, bull terrier, presa canario y akita inu.<\/p>\n<\/div>\n<p><!--more--><\/p>\n<div class=\"main-content-block\">\n<div class=\"main-box clearfix\">\n<div class=\"wrapper-main-section clearfix\">\n<div class=\"wrapper-editable-content\">\n<div class=\"editable-content clearfix\">\n<div id=\"image\" class=\"image\"><img decoding=\"async\" title=\"Quienes no las registren ser\u00e1n pasibles de sanciones que podr\u00e1n superar los 100 mil pesos.\" src=\"https:\/\/www.telam.com.ar\/advf\/imagenes\/2018\/02\/5a74db25cace7_1004x669.jpg\" alt=\"Quienes no las registren ser\u00e1n pasibles de sanciones que podr\u00e1n superar los 100 mil pesos.\" \/><\/p>\n<div class=\"epigrafe\">Quienes no las registren ser\u00e1n pasibles de sanciones que podr\u00e1n superar los 100 mil pesos.<\/div>\n<\/div>\n<p>Los perros de razas potencialmente peligrosas deber\u00e1n ser inscriptos desde este lunes en La Plata en un registro obligatorio que apunta a fomentar la tenencia responsable de esos animales.<\/p>\n<p>La iniciativa se enmarca en la ley provincial N\u00b014107 y la ordenanza comunal N\u00b09548.<\/p>\n<p>Las razas a inscribir en el registro son: rottweiler, pitbull terrier, dogo argentino, fila brasile\u00f1o, american staffordshire, staffordshire bull terrier, mastif, bullmastif, doberman, dogo de Burdeos, mast\u00edn napolitano, bull terrier, presa canario y akita inu.<\/p>\n<p>Seg\u00fan se inform\u00f3,\u00a0<strong>tambi\u00e9n se incluyen las razas consideradas peligrosas en el resto del mundo que a\u00fan no hubieren ingresado al pa\u00eds, as\u00ed como las cruzas de las nombradas.<\/strong><\/p>\n<p>Adem\u00e1s, se deben anotar a los perros de car\u00e1cter agresivo, potencia de la mand\u00edbula o musculatura que puedan causar la muerte o lesiones graves a personas u otros animales.<\/p>\n<p>De igual modo,<strong>\u00a0la normativa establece que se deben registrar los animales que, sin pertenecer a las tipolog\u00edas antes descriptas, hayan sido entrenados tanto para defensa como para ataque<\/strong>.<\/p>\n<blockquote><p>La inscripci\u00f3n, que ser\u00e1 de car\u00e1cter obligatoria y gratuita, se desarrollar\u00e1 desde ma\u00f1ana y hasta el 30 de julio<\/p><\/blockquote>\n<p>La inscripci\u00f3n, que ser\u00e1 de car\u00e1cter obligatoria y gratuita, se desarrollar\u00e1 desde ma\u00f1ana y hasta el 30 de julio.<\/p>\n<p><strong>Una vez finalizado el plazo, aquellos propietarios de las mencionadas razas o caracter\u00edsticas que no hayan regularizado su situaci\u00f3n, ser\u00e1n pasibles de sanciones que podr\u00e1n superar los 100 mil pesos.<\/strong><\/p>\n<div class=\"auth\">C\u00f3mo realizar el registro<\/div>\n<div id=\"image\" class=\"image\"><img decoding=\"async\" title=\"Los que hayan sido entrenados para la defensa o el ataque tambi\u00e9n deber\u00e1n inscribise.\" src=\"https:\/\/www.telam.com.ar\/advf\/imagenes\/2020\/11\/5fa5346806ff9_1004x566.jpg\" alt=\"Los que hayan sido entrenados para la defensa o el ataque tambi\u00e9n deber\u00e1n inscribise.\" \/><\/p>\n<div class=\"epigrafe\">Los que hayan sido entrenados para la defensa o el ataque tambi\u00e9n deber\u00e1n inscribise.<\/div>\n<\/div>\n<p>\u00abCualquier propietario de animal que est\u00e9 dentro de las razas potencialmente peligrosas, cruzas o sea agresivo debe estar registrado. El vecino en cuesti\u00f3n debe enviar un correo electr\u00f3nico con el asunto &#8216;Solicito registro PPP&#8217; a zoonosislaplata@gmail.com\u00bb, explic\u00f3 la directora de Zoonosis de la comuna, Paola Miceli.<\/p>\n<p>Asimismo, la funcionaria detall\u00f3 que una vez enviado el mail \u00abrecibir\u00e1n un correo electr\u00f3nico con un link del formulario drive para registrarse, lo cual, preferentemente, se debe hacer desde un celular porque se deben subir fotos de la mascota en cuesti\u00f3n\u00bb.<\/p>\n<p>Una vez concluido el registro online, los vecinos ser\u00e1n convocados para que profesionales veterinarios de la comuna le coloquen un microchip subcut\u00e1neo de identificaci\u00f3n a sus mascotas.<\/p>\n<p>\u00abSiguiendo este procedimiento, el Municipio posee una lectora a partir de la cual si el perro est\u00e1 en la calle o muerde a una persona, se pueden obtener los datos del animal y llegar a su propietario\u00bb, inform\u00f3 Miceli, y explic\u00f3 \u00abla colocaci\u00f3n del microchip es a trav\u00e9s de una jeringa, similar a un proceso de vacunaci\u00f3n\u00bb.<\/p>\n<p>En ese aspecto, se detall\u00f3 que aquellos perros que se inscriban en el registro se les brindar\u00e1 la vacunaci\u00f3n antirr\u00e1bica gratuita de cada a\u00f1o.<\/p>\n<p>Ante cualquier consulta,\u00a0<strong>los vecinos podr\u00e1n comunicarse con el \u00e1rea de Zoonosis llamando al 424- 4827 de lunes a viernes 9 a 15 horas.<\/strong><\/div>\n<\/div>\n<\/div>\n<\/div>\n<\/div>\n","protected":false},"excerpt":{"rendered":"<p>Las razas a inscribir en el registro son: rottweiler, pitbull terrier, dogo argentino, fila brasile\u00f1o, american staffordshire, staffordshire bull terrier, mastif, bullmastif, doberman, dogo de Burdeos, mast\u00edn napolitano, bull terrier, presa canario y akita inu.<\/p>\n","protected":false},"author":3,"featured_media":0,"comment_status":"closed","ping_status":"closed","sticky":false,"template":"","format":"standard","meta":{"footnotes":""},"categories":[24,26],"tags":[48],"class_list":["post-56956","post","type-post","status-publish","format-standard","hentry","category-politica","category-sociedad","tag-destacada"],"yoast_head":"<!-- This site is optimized with the Yoast SEO plugin v25.9 - https:\/\/yoast.com\/wordpress\/plugins\/seo\/ -->\n<title>Desde este lunes, los perros de razas potencialmente peligrosas deber\u00e1n ser registrados - Noticias Radio Reflejos<\/title>\n<meta name=\"robots\" content=\"index, follow, max-snippet:-1, max-image-preview:large, max-video-preview:-1\" \/>\n<link rel=\"canonical\" href=\"https:\/\/www.noticiasradioreflejos.com.ar\/2021\/desde-este-lunes-los-perros-de-razas-potencialmente-peligrosas-deberan-ser-registrados\/\" \/>\n<meta property=\"og:locale\" content=\"es_ES\" \/>\n<meta property=\"og:type\" content=\"article\" \/>\n<meta property=\"og:title\" content=\"Desde este lunes, los perros de razas potencialmente peligrosas deber\u00e1n ser registrados - Noticias Radio Reflejos\" \/>\n<meta property=\"og:description\" content=\"Las razas a inscribir en el registro son: rottweiler, pitbull terrier, dogo argentino, fila brasile\u00f1o, american staffordshire, staffordshire bull terrier, mastif, bullmastif, doberman, dogo de Burdeos, mast\u00edn napolitano, bull terrier, presa canario y akita inu.\" \/>\n<meta property=\"og:url\" content=\"https:\/\/www.noticiasradioreflejos.com.ar\/2021\/desde-este-lunes-los-perros-de-razas-potencialmente-peligrosas-deberan-ser-registrados\/\" \/>\n<meta property=\"og:site_name\" content=\"Noticias Radio Reflejos\" \/>\n<meta property=\"article:published_time\" content=\"2021-05-17T11:25:53+00:00\" \/>\n<meta property=\"og:image\" content=\"https:\/\/www.telam.com.ar\/advf\/imagenes\/2018\/02\/5a74db25cace7_1004x669.jpg\" \/>\n<meta name=\"author\" content=\"Arnaldo Botto\" \/>\n<meta name=\"twitter:card\" content=\"summary_large_image\" \/>\n<script type=\"application\/ld+json\" class=\"yoast-schema-graph\">{\"@context\":\"https:\/\/schema.org\",\"@graph\":[{\"@type\":\"WebPage\",\"@id\":\"https:\/\/www.noticiasradioreflejos.com.ar\/2021\/desde-este-lunes-los-perros-de-razas-potencialmente-peligrosas-deberan-ser-registrados\/\",\"url\":\"https:\/\/www.noticiasradioreflejos.com.ar\/2021\/desde-este-lunes-los-perros-de-razas-potencialmente-peligrosas-deberan-ser-registrados\/\",\"name\":\"Desde este lunes, los perros de razas potencialmente peligrosas deber\u00e1n ser registrados - Noticias Radio Reflejos\",\"isPartOf\":{\"@id\":\"https:\/\/www.noticiasradioreflejos.com.ar\/2021\/#website\"},\"primaryImageOfPage\":{\"@id\":\"https:\/\/www.noticiasradioreflejos.com.ar\/2021\/desde-este-lunes-los-perros-de-razas-potencialmente-peligrosas-deberan-ser-registrados\/#primaryimage\"},\"image\":{\"@id\":\"https:\/\/www.noticiasradioreflejos.com.ar\/2021\/desde-este-lunes-los-perros-de-razas-potencialmente-peligrosas-deberan-ser-registrados\/#primaryimage\"},\"thumbnailUrl\":\"https:\/\/www.telam.com.ar\/advf\/imagenes\/2018\/02\/5a74db25cace7_1004x669.jpg\",\"datePublished\":\"2021-05-17T11:25:53+00:00\",\"author\":{\"@id\":\"https:\/\/www.noticiasradioreflejos.com.ar\/2021\/#\/schema\/person\/ad82545263dcc5ec0996818884fd5fb1\"},\"breadcrumb\":{\"@id\":\"https:\/\/www.noticiasradioreflejos.com.ar\/2021\/desde-este-lunes-los-perros-de-razas-potencialmente-peligrosas-deberan-ser-registrados\/#breadcrumb\"},\"inLanguage\":\"es\",\"potentialAction\":[{\"@type\":\"ReadAction\",\"target\":[\"https:\/\/www.noticiasradioreflejos.com.ar\/2021\/desde-este-lunes-los-perros-de-razas-potencialmente-peligrosas-deberan-ser-registrados\/\"]}]},{\"@type\":\"ImageObject\",\"inLanguage\":\"es\",\"@id\":\"https:\/\/www.noticiasradioreflejos.com.ar\/2021\/desde-este-lunes-los-perros-de-razas-potencialmente-peligrosas-deberan-ser-registrados\/#primaryimage\",\"url\":\"https:\/\/www.telam.com.ar\/advf\/imagenes\/2018\/02\/5a74db25cace7_1004x669.jpg\",\"contentUrl\":\"https:\/\/www.telam.com.ar\/advf\/imagenes\/2018\/02\/5a74db25cace7_1004x669.jpg\"},{\"@type\":\"BreadcrumbList\",\"@id\":\"https:\/\/www.noticiasradioreflejos.com.ar\/2021\/desde-este-lunes-los-perros-de-razas-potencialmente-peligrosas-deberan-ser-registrados\/#breadcrumb\",\"itemListElement\":[{\"@type\":\"ListItem\",\"position\":1,\"name\":\"Portada\",\"item\":\"https:\/\/www.noticiasradioreflejos.com.ar\/2021\/\"},{\"@type\":\"ListItem\",\"position\":2,\"name\":\"Desde este lunes, los perros de razas potencialmente peligrosas deber\u00e1n ser registrados\"}]},{\"@type\":\"WebSite\",\"@id\":\"https:\/\/www.noticiasradioreflejos.com.ar\/2021\/#website\",\"url\":\"https:\/\/www.noticiasradioreflejos.com.ar\/2021\/\",\"name\":\"Noticias Radio Reflejos\",\"description\":\"Las noticias de mi comarca\",\"potentialAction\":[{\"@type\":\"SearchAction\",\"target\":{\"@type\":\"EntryPoint\",\"urlTemplate\":\"https:\/\/www.noticiasradioreflejos.com.ar\/2021\/?s={search_term_string}\"},\"query-input\":{\"@type\":\"PropertyValueSpecification\",\"valueRequired\":true,\"valueName\":\"search_term_string\"}}],\"inLanguage\":\"es\"},{\"@type\":\"Person\",\"@id\":\"https:\/\/www.noticiasradioreflejos.com.ar\/2021\/#\/schema\/person\/ad82545263dcc5ec0996818884fd5fb1\",\"name\":\"Arnaldo Botto\",\"image\":{\"@type\":\"ImageObject\",\"inLanguage\":\"es\",\"@id\":\"https:\/\/www.noticiasradioreflejos.com.ar\/2021\/#\/schema\/person\/image\/\",\"url\":\"https:\/\/secure.gravatar.com\/avatar\/55cb5e37c1efa326397366e6974cb338056df65cb50e7d64d1cf314e87504837?s=96&d=mm&r=g\",\"contentUrl\":\"https:\/\/secure.gravatar.com\/avatar\/55cb5e37c1efa326397366e6974cb338056df65cb50e7d64d1cf314e87504837?s=96&d=mm&r=g\",\"caption\":\"Arnaldo Botto\"},\"url\":\"https:\/\/www.noticiasradioreflejos.com.ar\/2021\/author\/arnaldo\/\"}]}<\/script>\n<!-- \/ Yoast SEO plugin. -->","yoast_head_json":{"title":"Desde este lunes, los perros de razas potencialmente peligrosas deber\u00e1n ser registrados - Noticias Radio Reflejos","robots":{"index":"index","follow":"follow","max-snippet":"max-snippet:-1","max-image-preview":"max-image-preview:large","max-video-preview":"max-video-preview:-1"},"canonical":"https:\/\/www.noticiasradioreflejos.com.ar\/2021\/desde-este-lunes-los-perros-de-razas-potencialmente-peligrosas-deberan-ser-registrados\/","og_locale":"es_ES","og_type":"article","og_title":"Desde este lunes, los perros de razas potencialmente peligrosas deber\u00e1n ser registrados - Noticias Radio Reflejos","og_description":"Las razas a inscribir en el registro son: rottweiler, pitbull terrier, dogo argentino, fila brasile\u00f1o, american staffordshire, staffordshire bull terrier, mastif, bullmastif, doberman, dogo de Burdeos, mast\u00edn napolitano, bull terrier, presa canario y akita inu.","og_url":"https:\/\/www.noticiasradioreflejos.com.ar\/2021\/desde-este-lunes-los-perros-de-razas-potencialmente-peligrosas-deberan-ser-registrados\/","og_site_name":"Noticias Radio Reflejos","article_published_time":"2021-05-17T11:25:53+00:00","og_image":[{"url":"https:\/\/www.telam.com.ar\/advf\/imagenes\/2018\/02\/5a74db25cace7_1004x669.jpg","type":"","width":"","height":""}],"author":"Arnaldo Botto","twitter_card":"summary_large_image","schema":{"@context":"https:\/\/schema.org","@graph":[{"@type":"WebPage","@id":"https:\/\/www.noticiasradioreflejos.com.ar\/2021\/desde-este-lunes-los-perros-de-razas-potencialmente-peligrosas-deberan-ser-registrados\/","url":"https:\/\/www.noticiasradioreflejos.com.ar\/2021\/desde-este-lunes-los-perros-de-razas-potencialmente-peligrosas-deberan-ser-registrados\/","name":"Desde este lunes, los perros de razas potencialmente peligrosas deber\u00e1n ser registrados - Noticias Radio Reflejos","isPartOf":{"@id":"https:\/\/www.noticiasradioreflejos.com.ar\/2021\/#website"},"primaryImageOfPage":{"@id":"https:\/\/www.noticiasradioreflejos.com.ar\/2021\/desde-este-lunes-los-perros-de-razas-potencialmente-peligrosas-deberan-ser-registrados\/#primaryimage"},"image":{"@id":"https:\/\/www.noticiasradioreflejos.com.ar\/2021\/desde-este-lunes-los-perros-de-razas-potencialmente-peligrosas-deberan-ser-registrados\/#primaryimage"},"thumbnailUrl":"https:\/\/www.telam.com.ar\/advf\/imagenes\/2018\/02\/5a74db25cace7_1004x669.jpg","datePublished":"2021-05-17T11:25:53+00:00","author":{"@id":"https:\/\/www.noticiasradioreflejos.com.ar\/2021\/#\/schema\/person\/ad82545263dcc5ec0996818884fd5fb1"},"breadcrumb":{"@id":"https:\/\/www.noticiasradioreflejos.com.ar\/2021\/desde-este-lunes-los-perros-de-razas-potencialmente-peligrosas-deberan-ser-registrados\/#breadcrumb"},"inLanguage":"es","potentialAction":[{"@type":"ReadAction","target":["https:\/\/www.noticiasradioreflejos.com.ar\/2021\/desde-este-lunes-los-perros-de-razas-potencialmente-peligrosas-deberan-ser-registrados\/"]}]},{"@type":"ImageObject","inLanguage":"es","@id":"https:\/\/www.noticiasradioreflejos.com.ar\/2021\/desde-este-lunes-los-perros-de-razas-potencialmente-peligrosas-deberan-ser-registrados\/#primaryimage","url":"https:\/\/www.telam.com.ar\/advf\/imagenes\/2018\/02\/5a74db25cace7_1004x669.jpg","contentUrl":"https:\/\/www.telam.com.ar\/advf\/imagenes\/2018\/02\/5a74db25cace7_1004x669.jpg"},{"@type":"BreadcrumbList","@id":"https:\/\/www.noticiasradioreflejos.com.ar\/2021\/desde-este-lunes-los-perros-de-razas-potencialmente-peligrosas-deberan-ser-registrados\/#breadcrumb","itemListElement":[{"@type":"ListItem","position":1,"name":"Portada","item":"https:\/\/www.noticiasradioreflejos.com.ar\/2021\/"},{"@type":"ListItem","position":2,"name":"Desde este lunes, los perros de razas potencialmente peligrosas deber\u00e1n ser registrados"}]},{"@type":"WebSite","@id":"https:\/\/www.noticiasradioreflejos.com.ar\/2021\/#website","url":"https:\/\/www.noticiasradioreflejos.com.ar\/2021\/","name":"Noticias Radio Reflejos","description":"Las noticias de mi comarca","potentialAction":[{"@type":"SearchAction","target":{"@type":"EntryPoint","urlTemplate":"https:\/\/www.noticiasradioreflejos.com.ar\/2021\/?s={search_term_string}"},"query-input":{"@type":"PropertyValueSpecification","valueRequired":true,"valueName":"search_term_string"}}],"inLanguage":"es"},{"@type":"Person","@id":"https:\/\/www.noticiasradioreflejos.com.ar\/2021\/#\/schema\/person\/ad82545263dcc5ec0996818884fd5fb1","name":"Arnaldo Botto","image":{"@type":"ImageObject","inLanguage":"es","@id":"https:\/\/www.noticiasradioreflejos.com.ar\/2021\/#\/schema\/person\/image\/","url":"https:\/\/secure.gravatar.com\/avatar\/55cb5e37c1efa326397366e6974cb338056df65cb50e7d64d1cf314e87504837?s=96&d=mm&r=g","contentUrl":"https:\/\/secure.gravatar.com\/avatar\/55cb5e37c1efa326397366e6974cb338056df65cb50e7d64d1cf314e87504837?s=96&d=mm&r=g","caption":"Arnaldo Botto"},"url":"https:\/\/www.noticiasradioreflejos.com.ar\/2021\/author\/arnaldo\/"}]}},"_links":{"self":[{"href":"https:\/\/www.noticiasradioreflejos.com.ar\/2021\/wp-json\/wp\/v2\/posts\/56956","targetHints":{"allow":["GET"]}}],"collection":[{"href":"https:\/\/www.noticiasradioreflejos.com.ar\/2021\/wp-json\/wp\/v2\/posts"}],"about":[{"href":"https:\/\/www.noticiasradioreflejos.com.ar\/2021\/wp-json\/wp\/v2\/types\/post"}],"author":[{"embeddable":true,"href":"https:\/\/www.noticiasradioreflejos.com.ar\/2021\/wp-json\/wp\/v2\/users\/3"}],"replies":[{"embeddable":true,"href":"https:\/\/www.noticiasradioreflejos.com.ar\/2021\/wp-json\/wp\/v2\/comments?post=56956"}],"version-history":[{"count":1,"href":"https:\/\/www.noticiasradioreflejos.com.ar\/2021\/wp-json\/wp\/v2\/posts\/56956\/revisions"}],"predecessor-version":[{"id":56958,"href":"https:\/\/www.noticiasradioreflejos.com.ar\/2021\/wp-json\/wp\/v2\/posts\/56956\/revisions\/56958"}],"wp:attachment":[{"href":"https:\/\/www.noticiasradioreflejos.com.ar\/2021\/wp-json\/wp\/v2\/media?parent=56956"}],"wp:term":[{"taxonomy":"category","embeddable":true,"href":"https:\/\/www.noticiasradioreflejos.com.ar\/2021\/wp-json\/wp\/v2\/categories?post=56956"},{"taxonomy":"post_tag","embeddable":true,"href":"https:\/\/www.noticiasradioreflejos.com.ar\/2021\/wp-json\/wp\/v2\/tags?post=56956"}],"curies":[{"name":"wp","href":"https:\/\/api.w.org\/{rel}","templated":true}]}}