{"id":56953,"date":"2021-05-17T11:22:07","date_gmt":"2021-05-17T11:22:07","guid":{"rendered":"http:\/\/www.noticiasradioreflejos.com.ar\/2021\/?p=56953"},"modified":"2021-05-17T11:22:07","modified_gmt":"2021-05-17T11:22:07","slug":"responsabilidad-de-los-productores-educacion-y-politicas-publicas-las-claves-para-el-reciclaje","status":"publish","type":"post","link":"https:\/\/www.noticiasradioreflejos.com.ar\/2021\/responsabilidad-de-los-productores-educacion-y-politicas-publicas-las-claves-para-el-reciclaje\/","title":{"rendered":"Responsabilidad de los productores, educaci\u00f3n y pol\u00edticas p\u00fablicas, las claves para el reciclaje"},"content":{"rendered":"<div class=\"head-content\">\n<p>\u00abEn Argentina se producen aproximadamente 930.000 toneladas de envases pl\u00e1sticos al a\u00f1o\u00bb remarc\u00f3 el fundador de \u00abCreando Conciencia\u00bb una ONG que propone nuevas soluciones para la problem\u00e1tica de los residuos en el pa\u00eds.<\/p>\n<\/div>\n<p><!--more--><\/p>\n<div class=\"main-content-block\">\n<div class=\"main-box clearfix\">\n<div class=\"wrapper-main-section clearfix\">\n<div class=\"wrapper-editable-content\">\n<div class=\"editable-content clearfix\">\n<div id=\"image\" class=\"image\"><img decoding=\"async\" title=\"En Argentina se producen aproximadamente 930.000 toneladas de envases pl\u00e1sticos al a\u00f1o.\" src=\"https:\/\/www.telam.com.ar\/advf\/imagenes\/2018\/05\/5afce2df97e1d_1004x565.jpg\" alt=\"En Argentina se producen aproximadamente 930.000 toneladas de envases pl\u00e1sticos al a\u00f1o.\" \/><\/p>\n<div class=\"epigrafe\">En Argentina se producen aproximadamente 930.000 toneladas de envases pl\u00e1sticos al a\u00f1o.<\/div>\n<\/div>\n<p>La ley de Responsabilidad Extendida del Productor, educaci\u00f3n de los consumidores y pol\u00edticas p\u00fablicas\u00a0<strong>son algunas de las acciones que organizaciones socioambientales<\/strong>\u00a0proponen para solucionar la problem\u00e1tica de los residuos urbanos en el pa\u00eds en el D\u00eda Mundial del Reciclaje, que se celebra este lunes.<\/p>\n<p>\u00abEstamos mejor que hace una d\u00e9cada, existen pol\u00edticas p\u00fablicas, organizaciones y el compromiso de la comunidad. Con eso no alcanza, falta mucho. Dado que los vol\u00famenes y h\u00e1bitos de consumo y el formato de producci\u00f3n no cambian, el reciclaje es solo un granito de arena si no est\u00e1 acompa\u00f1ado de pol\u00edticas integrales\u00bb,\u00a0<strong>dijo a T\u00e9lam Ramiro Mart\u00ednez, uno de los fundadores de la ONG Creando Conciencia y presidente de la Confederaci\u00f3n Argentina de Trabajadores Cooperativos Asociados.<\/strong><\/p>\n<p><strong>Creando Conciencia<\/strong>\u00a0es una organizaci\u00f3n que se ocupa de recolectar, separar, transformar los residuos en nuevos productos y venderlos.<\/p>\n<p>Desarrollaron una gama de mobiliario urbano hecho con madera pl\u00e1stica reciclada (bancos, mesas, huertas, etc.), un kit de \u00fatiles escolares dise\u00f1ados a partir del telgopor reciclado (regla, comp\u00e1s, etc.) y otros productos como mates y perchas, siempre realizados por sus integrantes a partir del pl\u00e1stico reciclado por ellos mismos.<\/p>\n<p>\u00abSigue faltando mucho. Nosotros procesamos entre 300 a 370 toneladas por mes, con eso vive una cooperativa de 70 trabajadores. Solamente un municipio promedio del AMBA dispone en la Planta Norte III del Ceamse de 380 toneladas por d\u00eda\u00bb, afirm\u00f3 Mart\u00ednez.<\/p>\n<blockquote><p>\u00abSigue faltando mucho. Nosotros procesamos entre 300 a 370 toneladas por mes, con eso vive una cooperativa de 70 trabajadores\u00bb<\/p>\n<div class=\"sign\">RAMIRO MART\u00cdNEZ<\/div>\n<\/blockquote>\n<p><strong>Mercedes Orozco, Coordinadora del Departamento de Producci\u00f3n y Consultor\u00eda de la ONG Eco House<\/strong>, explic\u00f3 que en cuanto al reciclaje \u00aben cada provincia y municipio la situaci\u00f3n es muy distinta\u00bb.<\/p>\n<p>\u00abA nivel pa\u00eds, el material que se recicla es bajo a comparaci\u00f3n de lo que se podr\u00eda. Muchos materiales secos que terminan en rellenos sanitarios, basurales a cielo abierto o en la v\u00eda p\u00fablica son potencialmente reciclables\u00bb, asegur\u00f3.<\/p>\n<p>Seg\u00fan calcularon las organizaciones,\u00a0<strong>en Argentina se producen aproximadamente 930.000 toneladas de envases pl\u00e1sticos al a\u00f1o.<\/strong><\/p>\n<div id=\"image\" class=\"image\"><img decoding=\"async\" title=\"Creando Conciencia es una organizaci\u00f3n que se ocupa de recolectar, separar, transformar los residuos en nuevos productos y venderlos.\" src=\"https:\/\/www.telam.com.ar\/advf\/imagenes\/2016\/09\/57d056bc7f537_1004x564.jpg\" alt=\"Creando Conciencia es una organizaci\u00f3n que se ocupa de recolectar, separar, transformar los residuos en nuevos productos y venderlos.\" \/><\/p>\n<div class=\"epigrafe\">Creando Conciencia es una organizaci\u00f3n que se ocupa de recolectar, separar, transformar los residuos en nuevos productos y venderlos.<\/div>\n<\/div>\n<p>\u00abLas dos empresas que monopolizan el mercado dicen que trabajan con el 12% del material recuperado, el restante 88% da vuelta por el pa\u00eds\u00bb, asegur\u00f3 Mart\u00ednez y agreg\u00f3 que \u00abdebe existir una decisi\u00f3n pol\u00edtica desde el erario p\u00fablico para determinar una cantidad presupuestaria para comprometer a la reinserci\u00f3n\u00bb.<\/p>\n<p>\u00abTrabajar sobre los residuos es m\u00e1s costoso que trabajar con el material virgen.Hay que clasificarlos, limpiarlo y reprocresarlo, tiene una l\u00ednea de costo m\u00e1s alta. No hay que ver la cuesti\u00f3n econ\u00f3mica nada m\u00e1s, estamos hablando de la salud del planeta\u00bb, asever\u00f3 el integrante de Creando Conciencia.<\/p>\n<p>Para ello,\u00a0<strong>desde las organizaciones se propuso una Ley de Responsabilidad Extendida al productor,<\/strong>\u00a0que se encuentra en el Congreso, que obligue a que los fabricantes de productos con envases pl\u00e1sticos se hagan cargo de la gesti\u00f3n de esos residuos.<\/p>\n<p>\u00abEl primer paso es lo que llega a nuestras manos, los productores tienen responsabilidad. Luego en los ciudadanos, las oficinas o los comercios separar en origen hace mucha diferencia\u00bb, explic\u00f3 Orozco.<\/p>\n<blockquote><p>\u00abEl primer paso es lo que llega a nuestras manos, los productores tienen responsabilidad. Luego en los ciudadanos, las oficinas o los comercios separar en origen hace mucha diferencia\u00bb<\/p>\n<div class=\"sign\">MERCEDES OROZCO<\/div>\n<\/blockquote>\n<p>\u00abEn otros pa\u00edses, por cada vez que vos generas un envase hay una tasa verde que se tributa al Estado para que las organizaciones hagan el reciclado. Le cobran al generador por ese producto. Hay que comprometer a los generadores de pl\u00e1sticos, hasta ahora s\u00f3lo la culpa recae en los consumidores\u00bb, asever\u00f3 Mart\u00ednez.<\/p>\n<p><strong>La 1\u00aa Fiesta Provincial del Reciclaje<\/strong>, que desarrollar\u00e1 el Municipio de Laprida, se llevar\u00e1 a cabo, en forma virtual, del 17 al 21 de mayo, organizada por el Honorable Senado de la Provincia de Buenos Aires, el Organismo Provincial para el Desarrollo Sostenible (OPDS) de la provincia y el propio Municipio.<\/p>\n<p><strong>Hoy existen 400 cooperativas de gesti\u00f3n de residuos secos en el pa\u00eds<\/strong>, por eso el objetivo es intercambiar experiencias, retos y nuevas oportunidades que impone la gesti\u00f3n de los Residuos S\u00f3lidos Urbanos en el marco de la Econom\u00eda Circular.<\/p>\n<p>\u00abLa gravedad de la situaci\u00f3n nos fue poniendo el momento complicado en el que estamos en frente de nuestros ojos.\u00a0<strong>Durante la cuarentena, se dio que las personas estuvieron m\u00e1s en sus casas y empezaron a agudizar la mirada sobre los residuos que generan\u00bb<\/strong>, asegur\u00f3 la integrante de Eco House.<\/p>\n<p>\u00abNecesitamos cambios individuales y estructurales. Que los ciudadanos nos comprometamos, porque eso suma al cambio, y desde lo integral dar los medios para poder realizar el reciclaje\u00bb, concluy\u00f3 Orozco.<\/p><\/div>\n<\/div>\n<\/div>\n<\/div>\n<\/div>\n","protected":false},"excerpt":{"rendered":"<p>\u00abEn Argentina se producen aproximadamente 930.000 toneladas de envases pl\u00e1sticos al a\u00f1o\u00bb remarc\u00f3 el fundador de \u00abCreando Conciencia\u00bb una ONG que propone nuevas soluciones para la problem\u00e1tica de los residuos en el pa\u00eds.<\/p>\n","protected":false},"author":3,"featured_media":0,"comment_status":"closed","ping_status":"closed","sticky":false,"template":"","format":"standard","meta":{"footnotes":""},"categories":[24,26],"tags":[],"class_list":["post-56953","post","type-post","status-publish","format-standard","hentry","category-politica","category-sociedad"],"yoast_head":"<!-- This site is optimized with the Yoast SEO plugin v25.9 - https:\/\/yoast.com\/wordpress\/plugins\/seo\/ -->\n<title>Responsabilidad de los productores, educaci\u00f3n y pol\u00edticas p\u00fablicas, las claves para el reciclaje - Noticias Radio Reflejos<\/title>\n<meta name=\"robots\" content=\"index, follow, max-snippet:-1, max-image-preview:large, max-video-preview:-1\" \/>\n<link rel=\"canonical\" href=\"https:\/\/www.noticiasradioreflejos.com.ar\/2021\/responsabilidad-de-los-productores-educacion-y-politicas-publicas-las-claves-para-el-reciclaje\/\" \/>\n<meta property=\"og:locale\" content=\"es_ES\" \/>\n<meta property=\"og:type\" content=\"article\" \/>\n<meta property=\"og:title\" content=\"Responsabilidad de los productores, educaci\u00f3n y pol\u00edticas p\u00fablicas, las claves para el reciclaje - Noticias Radio Reflejos\" \/>\n<meta property=\"og:description\" content=\"\u00abEn Argentina se producen aproximadamente 930.000 toneladas de envases pl\u00e1sticos al a\u00f1o\u00bb remarc\u00f3 el fundador de \u00abCreando Conciencia\u00bb una ONG que propone nuevas soluciones para la problem\u00e1tica de los residuos en el pa\u00eds.\" \/>\n<meta property=\"og:url\" content=\"https:\/\/www.noticiasradioreflejos.com.ar\/2021\/responsabilidad-de-los-productores-educacion-y-politicas-publicas-las-claves-para-el-reciclaje\/\" \/>\n<meta property=\"og:site_name\" content=\"Noticias Radio Reflejos\" \/>\n<meta property=\"article:published_time\" content=\"2021-05-17T11:22:07+00:00\" \/>\n<meta property=\"og:image\" content=\"https:\/\/www.telam.com.ar\/advf\/imagenes\/2018\/05\/5afce2df97e1d_1004x565.jpg\" \/>\n<meta name=\"author\" content=\"Arnaldo Botto\" \/>\n<meta name=\"twitter:card\" content=\"summary_large_image\" \/>\n<script type=\"application\/ld+json\" class=\"yoast-schema-graph\">{\"@context\":\"https:\/\/schema.org\",\"@graph\":[{\"@type\":\"WebPage\",\"@id\":\"https:\/\/www.noticiasradioreflejos.com.ar\/2021\/responsabilidad-de-los-productores-educacion-y-politicas-publicas-las-claves-para-el-reciclaje\/\",\"url\":\"https:\/\/www.noticiasradioreflejos.com.ar\/2021\/responsabilidad-de-los-productores-educacion-y-politicas-publicas-las-claves-para-el-reciclaje\/\",\"name\":\"Responsabilidad de los productores, educaci\u00f3n y pol\u00edticas p\u00fablicas, las claves para el reciclaje - Noticias Radio Reflejos\",\"isPartOf\":{\"@id\":\"https:\/\/www.noticiasradioreflejos.com.ar\/2021\/#website\"},\"primaryImageOfPage\":{\"@id\":\"https:\/\/www.noticiasradioreflejos.com.ar\/2021\/responsabilidad-de-los-productores-educacion-y-politicas-publicas-las-claves-para-el-reciclaje\/#primaryimage\"},\"image\":{\"@id\":\"https:\/\/www.noticiasradioreflejos.com.ar\/2021\/responsabilidad-de-los-productores-educacion-y-politicas-publicas-las-claves-para-el-reciclaje\/#primaryimage\"},\"thumbnailUrl\":\"https:\/\/www.telam.com.ar\/advf\/imagenes\/2018\/05\/5afce2df97e1d_1004x565.jpg\",\"datePublished\":\"2021-05-17T11:22:07+00:00\",\"author\":{\"@id\":\"https:\/\/www.noticiasradioreflejos.com.ar\/2021\/#\/schema\/person\/ad82545263dcc5ec0996818884fd5fb1\"},\"breadcrumb\":{\"@id\":\"https:\/\/www.noticiasradioreflejos.com.ar\/2021\/responsabilidad-de-los-productores-educacion-y-politicas-publicas-las-claves-para-el-reciclaje\/#breadcrumb\"},\"inLanguage\":\"es\",\"potentialAction\":[{\"@type\":\"ReadAction\",\"target\":[\"https:\/\/www.noticiasradioreflejos.com.ar\/2021\/responsabilidad-de-los-productores-educacion-y-politicas-publicas-las-claves-para-el-reciclaje\/\"]}]},{\"@type\":\"ImageObject\",\"inLanguage\":\"es\",\"@id\":\"https:\/\/www.noticiasradioreflejos.com.ar\/2021\/responsabilidad-de-los-productores-educacion-y-politicas-publicas-las-claves-para-el-reciclaje\/#primaryimage\",\"url\":\"https:\/\/www.telam.com.ar\/advf\/imagenes\/2018\/05\/5afce2df97e1d_1004x565.jpg\",\"contentUrl\":\"https:\/\/www.telam.com.ar\/advf\/imagenes\/2018\/05\/5afce2df97e1d_1004x565.jpg\"},{\"@type\":\"BreadcrumbList\",\"@id\":\"https:\/\/www.noticiasradioreflejos.com.ar\/2021\/responsabilidad-de-los-productores-educacion-y-politicas-publicas-las-claves-para-el-reciclaje\/#breadcrumb\",\"itemListElement\":[{\"@type\":\"ListItem\",\"position\":1,\"name\":\"Portada\",\"item\":\"https:\/\/www.noticiasradioreflejos.com.ar\/2021\/\"},{\"@type\":\"ListItem\",\"position\":2,\"name\":\"Responsabilidad de los productores, educaci\u00f3n y pol\u00edticas p\u00fablicas, las claves para el reciclaje\"}]},{\"@type\":\"WebSite\",\"@id\":\"https:\/\/www.noticiasradioreflejos.com.ar\/2021\/#website\",\"url\":\"https:\/\/www.noticiasradioreflejos.com.ar\/2021\/\",\"name\":\"Noticias Radio Reflejos\",\"description\":\"Las noticias de mi comarca\",\"potentialAction\":[{\"@type\":\"SearchAction\",\"target\":{\"@type\":\"EntryPoint\",\"urlTemplate\":\"https:\/\/www.noticiasradioreflejos.com.ar\/2021\/?s={search_term_string}\"},\"query-input\":{\"@type\":\"PropertyValueSpecification\",\"valueRequired\":true,\"valueName\":\"search_term_string\"}}],\"inLanguage\":\"es\"},{\"@type\":\"Person\",\"@id\":\"https:\/\/www.noticiasradioreflejos.com.ar\/2021\/#\/schema\/person\/ad82545263dcc5ec0996818884fd5fb1\",\"name\":\"Arnaldo Botto\",\"image\":{\"@type\":\"ImageObject\",\"inLanguage\":\"es\",\"@id\":\"https:\/\/www.noticiasradioreflejos.com.ar\/2021\/#\/schema\/person\/image\/\",\"url\":\"https:\/\/secure.gravatar.com\/avatar\/55cb5e37c1efa326397366e6974cb338056df65cb50e7d64d1cf314e87504837?s=96&d=mm&r=g\",\"contentUrl\":\"https:\/\/secure.gravatar.com\/avatar\/55cb5e37c1efa326397366e6974cb338056df65cb50e7d64d1cf314e87504837?s=96&d=mm&r=g\",\"caption\":\"Arnaldo Botto\"},\"url\":\"https:\/\/www.noticiasradioreflejos.com.ar\/2021\/author\/arnaldo\/\"}]}<\/script>\n<!-- \/ Yoast SEO plugin. -->","yoast_head_json":{"title":"Responsabilidad de los productores, educaci\u00f3n y pol\u00edticas p\u00fablicas, las claves para el reciclaje - Noticias Radio Reflejos","robots":{"index":"index","follow":"follow","max-snippet":"max-snippet:-1","max-image-preview":"max-image-preview:large","max-video-preview":"max-video-preview:-1"},"canonical":"https:\/\/www.noticiasradioreflejos.com.ar\/2021\/responsabilidad-de-los-productores-educacion-y-politicas-publicas-las-claves-para-el-reciclaje\/","og_locale":"es_ES","og_type":"article","og_title":"Responsabilidad de los productores, educaci\u00f3n y pol\u00edticas p\u00fablicas, las claves para el reciclaje - Noticias Radio Reflejos","og_description":"\u00abEn Argentina se producen aproximadamente 930.000 toneladas de envases pl\u00e1sticos al a\u00f1o\u00bb remarc\u00f3 el fundador de \u00abCreando Conciencia\u00bb una ONG que propone nuevas soluciones para la problem\u00e1tica de los residuos en el pa\u00eds.","og_url":"https:\/\/www.noticiasradioreflejos.com.ar\/2021\/responsabilidad-de-los-productores-educacion-y-politicas-publicas-las-claves-para-el-reciclaje\/","og_site_name":"Noticias Radio Reflejos","article_published_time":"2021-05-17T11:22:07+00:00","og_image":[{"url":"https:\/\/www.telam.com.ar\/advf\/imagenes\/2018\/05\/5afce2df97e1d_1004x565.jpg","type":"","width":"","height":""}],"author":"Arnaldo Botto","twitter_card":"summary_large_image","schema":{"@context":"https:\/\/schema.org","@graph":[{"@type":"WebPage","@id":"https:\/\/www.noticiasradioreflejos.com.ar\/2021\/responsabilidad-de-los-productores-educacion-y-politicas-publicas-las-claves-para-el-reciclaje\/","url":"https:\/\/www.noticiasradioreflejos.com.ar\/2021\/responsabilidad-de-los-productores-educacion-y-politicas-publicas-las-claves-para-el-reciclaje\/","name":"Responsabilidad de los productores, educaci\u00f3n y pol\u00edticas p\u00fablicas, las claves para el reciclaje - Noticias Radio Reflejos","isPartOf":{"@id":"https:\/\/www.noticiasradioreflejos.com.ar\/2021\/#website"},"primaryImageOfPage":{"@id":"https:\/\/www.noticiasradioreflejos.com.ar\/2021\/responsabilidad-de-los-productores-educacion-y-politicas-publicas-las-claves-para-el-reciclaje\/#primaryimage"},"image":{"@id":"https:\/\/www.noticiasradioreflejos.com.ar\/2021\/responsabilidad-de-los-productores-educacion-y-politicas-publicas-las-claves-para-el-reciclaje\/#primaryimage"},"thumbnailUrl":"https:\/\/www.telam.com.ar\/advf\/imagenes\/2018\/05\/5afce2df97e1d_1004x565.jpg","datePublished":"2021-05-17T11:22:07+00:00","author":{"@id":"https:\/\/www.noticiasradioreflejos.com.ar\/2021\/#\/schema\/person\/ad82545263dcc5ec0996818884fd5fb1"},"breadcrumb":{"@id":"https:\/\/www.noticiasradioreflejos.com.ar\/2021\/responsabilidad-de-los-productores-educacion-y-politicas-publicas-las-claves-para-el-reciclaje\/#breadcrumb"},"inLanguage":"es","potentialAction":[{"@type":"ReadAction","target":["https:\/\/www.noticiasradioreflejos.com.ar\/2021\/responsabilidad-de-los-productores-educacion-y-politicas-publicas-las-claves-para-el-reciclaje\/"]}]},{"@type":"ImageObject","inLanguage":"es","@id":"https:\/\/www.noticiasradioreflejos.com.ar\/2021\/responsabilidad-de-los-productores-educacion-y-politicas-publicas-las-claves-para-el-reciclaje\/#primaryimage","url":"https:\/\/www.telam.com.ar\/advf\/imagenes\/2018\/05\/5afce2df97e1d_1004x565.jpg","contentUrl":"https:\/\/www.telam.com.ar\/advf\/imagenes\/2018\/05\/5afce2df97e1d_1004x565.jpg"},{"@type":"BreadcrumbList","@id":"https:\/\/www.noticiasradioreflejos.com.ar\/2021\/responsabilidad-de-los-productores-educacion-y-politicas-publicas-las-claves-para-el-reciclaje\/#breadcrumb","itemListElement":[{"@type":"ListItem","position":1,"name":"Portada","item":"https:\/\/www.noticiasradioreflejos.com.ar\/2021\/"},{"@type":"ListItem","position":2,"name":"Responsabilidad de los productores, educaci\u00f3n y pol\u00edticas p\u00fablicas, las claves para el reciclaje"}]},{"@type":"WebSite","@id":"https:\/\/www.noticiasradioreflejos.com.ar\/2021\/#website","url":"https:\/\/www.noticiasradioreflejos.com.ar\/2021\/","name":"Noticias Radio Reflejos","description":"Las noticias de mi comarca","potentialAction":[{"@type":"SearchAction","target":{"@type":"EntryPoint","urlTemplate":"https:\/\/www.noticiasradioreflejos.com.ar\/2021\/?s={search_term_string}"},"query-input":{"@type":"PropertyValueSpecification","valueRequired":true,"valueName":"search_term_string"}}],"inLanguage":"es"},{"@type":"Person","@id":"https:\/\/www.noticiasradioreflejos.com.ar\/2021\/#\/schema\/person\/ad82545263dcc5ec0996818884fd5fb1","name":"Arnaldo Botto","image":{"@type":"ImageObject","inLanguage":"es","@id":"https:\/\/www.noticiasradioreflejos.com.ar\/2021\/#\/schema\/person\/image\/","url":"https:\/\/secure.gravatar.com\/avatar\/55cb5e37c1efa326397366e6974cb338056df65cb50e7d64d1cf314e87504837?s=96&d=mm&r=g","contentUrl":"https:\/\/secure.gravatar.com\/avatar\/55cb5e37c1efa326397366e6974cb338056df65cb50e7d64d1cf314e87504837?s=96&d=mm&r=g","caption":"Arnaldo Botto"},"url":"https:\/\/www.noticiasradioreflejos.com.ar\/2021\/author\/arnaldo\/"}]}},"_links":{"self":[{"href":"https:\/\/www.noticiasradioreflejos.com.ar\/2021\/wp-json\/wp\/v2\/posts\/56953","targetHints":{"allow":["GET"]}}],"collection":[{"href":"https:\/\/www.noticiasradioreflejos.com.ar\/2021\/wp-json\/wp\/v2\/posts"}],"about":[{"href":"https:\/\/www.noticiasradioreflejos.com.ar\/2021\/wp-json\/wp\/v2\/types\/post"}],"author":[{"embeddable":true,"href":"https:\/\/www.noticiasradioreflejos.com.ar\/2021\/wp-json\/wp\/v2\/users\/3"}],"replies":[{"embeddable":true,"href":"https:\/\/www.noticiasradioreflejos.com.ar\/2021\/wp-json\/wp\/v2\/comments?post=56953"}],"version-history":[{"count":1,"href":"https:\/\/www.noticiasradioreflejos.com.ar\/2021\/wp-json\/wp\/v2\/posts\/56953\/revisions"}],"predecessor-version":[{"id":56955,"href":"https:\/\/www.noticiasradioreflejos.com.ar\/2021\/wp-json\/wp\/v2\/posts\/56953\/revisions\/56955"}],"wp:attachment":[{"href":"https:\/\/www.noticiasradioreflejos.com.ar\/2021\/wp-json\/wp\/v2\/media?parent=56953"}],"wp:term":[{"taxonomy":"category","embeddable":true,"href":"https:\/\/www.noticiasradioreflejos.com.ar\/2021\/wp-json\/wp\/v2\/categories?post=56953"},{"taxonomy":"post_tag","embeddable":true,"href":"https:\/\/www.noticiasradioreflejos.com.ar\/2021\/wp-json\/wp\/v2\/tags?post=56953"}],"curies":[{"name":"wp","href":"https:\/\/api.w.org\/{rel}","templated":true}]}}