{"id":56950,"date":"2021-05-17T11:17:03","date_gmt":"2021-05-17T11:17:03","guid":{"rendered":"http:\/\/www.noticiasradioreflejos.com.ar\/2021\/?p=56950"},"modified":"2021-05-17T11:18:20","modified_gmt":"2021-05-17T11:18:20","slug":"murio-de-coronavirus-el-tenor-que-cantaba-desde-su-balcon-en-almagro","status":"publish","type":"post","link":"https:\/\/www.noticiasradioreflejos.com.ar\/2021\/murio-de-coronavirus-el-tenor-que-cantaba-desde-su-balcon-en-almagro\/","title":{"rendered":"Muri\u00f3 de coronavirus el tenor que cantaba desde su balc\u00f3n en Almagro"},"content":{"rendered":"<p>El cantor, quien al inicio de la pandemia cantaba desde su balc\u00f3n y era conocido como \u201cel tenor de los balcones\u201d, fue despedido con un gran aplauso por los vecinos de su barrio.<!--more--><\/p>\n<div class=\"addthis_custom_sharing\" data-url=\"https:\/\/www.telam.com.ar\/notas\/202105\/554392-murio-de-coronavirus-el-tenor-que-cantaba-desde-su-balcon-en-almagro.html\" data-title=\"Muri\u00f3 de coronavirus el tenor que cantaba desde su balc\u00f3n en Almagro\" data-description=\"El cantor, quien al inicio de la pandemia cantaba desde su balc\u00f3n y era conocido como &amp;ldquo;el tenor de los balcones&amp;rdquo;, fue despedido con un gran aplauso por los vecinos de su barrio.\">\n<div id=\"atstbx\" class=\"at-resp-share-element at-style-responsive addthis-smartlayers addthis-animated at4-show\" role=\"region\" aria-labelledby=\"at-00ce89b7-e2fa-42ff-9340-6ef6bc68db56\">\n<p><img decoding=\"async\" title=\"Julio Irigoyen (Facebook julio.irigoyen.56)\" src=\"https:\/\/www.telam.com.ar\/advf\/imagenes\/2021\/05\/60a16b4eb558e_1004x565.jpg\" alt=\"Julio Irigoyen (Facebook julio.irigoyen.56)\" \/><\/p>\n<div class=\"epigrafe\">Julio Irigoyen (Facebook julio.irigoyen.56)<\/div>\n<\/div>\n<p>El cantor\u00a0<strong>Julio Irigoyen<\/strong>, quien al inicio de la pandemia cantaba desde su balc\u00f3n y era conocido como\u00a0<strong>\u201cel tenor de los balcones\u201d<\/strong>\u00a0o\u00a0<strong>el tenor de Almagro\u00bb<\/strong>, muri\u00f3 tras contagiarse de coronavirus, y\u00a0<strong>fue despedido con un gran aplauso por los vecinos del barrio porte\u00f1o<\/strong>\u00a0que se acercaron al edificio en que viv\u00eda.<\/p>\n<p>Irigoyen\u00a0<strong>se hab\u00eda convertido en un s\u00edmbolo de la cuarentena, desde que decidi\u00f3 acompa\u00f1ar y entretener a partir de su voz a las personas que viv\u00edan cerca de su casa<\/strong>\u00a0durante los primeros meses del aislamiento estricto el a\u00f1o pasado.<\/p>\n<p><iframe loading=\"lazy\" title=\"YouTube video player\" src=\"https:\/\/www.youtube.com\/embed\/C_Qx56_FAwo\" width=\"560\" height=\"315\" frameborder=\"0\" allowfullscreen=\"allowfullscreen\"><\/iframe><\/p>\n<div class=\"addthis_custom_sharing\" data-url=\"https:\/\/www.telam.com.ar\/notas\/202105\/554392-murio-de-coronavirus-el-tenor-que-cantaba-desde-su-balcon-en-almagro.html\" data-title=\"Muri\u00f3 de coronavirus el tenor que cantaba desde su balc\u00f3n en Almagro\" data-description=\"El cantor, quien al inicio de la pandemia cantaba desde su balc\u00f3n y era conocido como &amp;ldquo;el tenor de los balcones&amp;rdquo;, fue despedido con un gran aplauso por los vecinos de su barrio.\">\n<div class=\"addthis_custom_sharing\" data-url=\"https:\/\/www.telam.com.ar\/notas\/202105\/554392-murio-de-coronavirus-el-tenor-que-cantaba-desde-su-balcon-en-almagro.html\" data-title=\"Muri\u00f3 de coronavirus el tenor que cantaba desde su balc\u00f3n en Almagro\" data-description=\"El cantor, quien al inicio de la pandemia cantaba desde su balc\u00f3n y era conocido como &amp;ldquo;el tenor de los balcones&amp;rdquo;, fue despedido con un gran aplauso por los vecinos de su barrio.\">\n<div class=\"epigrafe\">Julio Irigoyen<\/div>\n<p>A partir de ese momento fue entrevistado por varios medios de comunicaci\u00f3n, por sus \u00abmini-recitales\u00bb desde su balc\u00f3n, todos los d\u00edas a las 18.<\/p>\n<p>Los vecinos comenzaron a filmarlo e Irigoyen se volvi\u00f3 viral;\u00a0<strong>su repertorio abarcaba desde el \u201cAve Mar\u00eda\u201d hasta el Himno nacional<\/strong>.<\/p>\n<p>En el \u00faltimo tiempo, Julio hab\u00eda comenzado a dar recitales virtuales, que transmit\u00eda a trav\u00e9s de sus redes sociales.<\/p>\n<\/div>\n<\/div>\n<p>&nbsp;<\/p>\n<div class=\"addthis_custom_sharing\" data-url=\"https:\/\/www.telam.com.ar\/notas\/202105\/554392-murio-de-coronavirus-el-tenor-que-cantaba-desde-su-balcon-en-almagro.html\" data-title=\"Muri\u00f3 de coronavirus el tenor que cantaba desde su balc\u00f3n en Almagro\" data-description=\"El cantor, quien al inicio de la pandemia cantaba desde su balc\u00f3n y era conocido como &amp;ldquo;el tenor de los balcones&amp;rdquo;, fue despedido con un gran aplauso por los vecinos de su barrio.\">\n<div class=\"addthis_custom_sharing\" data-url=\"https:\/\/www.telam.com.ar\/notas\/202105\/554392-murio-de-coronavirus-el-tenor-que-cantaba-desde-su-balcon-en-almagro.html\" data-title=\"Muri\u00f3 de coronavirus el tenor que cantaba desde su balc\u00f3n en Almagro\" data-description=\"El cantor, quien al inicio de la pandemia cantaba desde su balc\u00f3n y era conocido como &amp;ldquo;el tenor de los balcones&amp;rdquo;, fue despedido con un gran aplauso por los vecinos de su barrio.\">\n<div class=\"jeg_video_container jeg_video_content\"><iframe loading=\"lazy\" title=\"Valeria Lynch &amp; Julio Irigoyen - Fuera de mi vida\" width=\"500\" height=\"281\" src=\"https:\/\/www.youtube.com\/embed\/hxMVpevrGRE?feature=oembed\" frameborder=\"0\" allow=\"accelerometer; autoplay; clipboard-write; encrypted-media; gyroscope; picture-in-picture; web-share\" referrerpolicy=\"strict-origin-when-cross-origin\" allowfullscreen><\/iframe><\/div>\n<div class=\"epigrafe\">Irigoyen, con Valeria Lynch, hace una d\u00e9cada<\/div>\n<p>Tanto \u00e9l como toda su familia contrajeron coronavirus y\u00a0<strong>el tenor falleci\u00f3 debido a complicaciones derivadas de la enfermedad<\/strong>. Al enterarse de la noticia a trav\u00e9s de un comunicado, los vecinos de la zona se acercaron al edificio para aplaudir en homenaje a Irigoyen.<\/p>\n<p>Al escucharlos,\u00a0<strong>la esposa y los hijos del tenor salieron al balc\u00f3n y, conmovidos, agradecieron el reconocimiento a un hombre que aport\u00f3 calidez desde su voz en los tiempos m\u00e1s duros del aislamiento<\/strong>.<\/p>\n<\/div>\n<\/div>\n<\/div>\n","protected":false},"excerpt":{"rendered":"<p>El cantor, quien al inicio de la pandemia cantaba desde su balc\u00f3n y era conocido como \u201cel tenor de los balcones\u201d, fue despedido con un gran aplauso por los vecinos de su barrio.<\/p>\n","protected":false},"author":3,"featured_media":0,"comment_status":"closed","ping_status":"closed","sticky":false,"template":"","format":"standard","meta":{"footnotes":""},"categories":[26],"tags":[],"class_list":["post-56950","post","type-post","status-publish","format-standard","hentry","category-sociedad"],"yoast_head":"<!-- This site is optimized with the Yoast SEO plugin v25.9 - https:\/\/yoast.com\/wordpress\/plugins\/seo\/ -->\n<title>Muri\u00f3 de coronavirus el tenor que cantaba desde su balc\u00f3n en Almagro - Noticias Radio Reflejos<\/title>\n<meta name=\"robots\" content=\"index, follow, max-snippet:-1, max-image-preview:large, max-video-preview:-1\" \/>\n<link rel=\"canonical\" href=\"https:\/\/www.noticiasradioreflejos.com.ar\/2021\/murio-de-coronavirus-el-tenor-que-cantaba-desde-su-balcon-en-almagro\/\" \/>\n<meta property=\"og:locale\" content=\"es_ES\" \/>\n<meta property=\"og:type\" content=\"article\" \/>\n<meta property=\"og:title\" content=\"Muri\u00f3 de coronavirus el tenor que cantaba desde su balc\u00f3n en Almagro - Noticias Radio Reflejos\" \/>\n<meta property=\"og:description\" content=\"El cantor, quien al inicio de la pandemia cantaba desde su balc\u00f3n y era conocido como \u201cel tenor de los balcones\u201d, fue despedido con un gran aplauso por los vecinos de su barrio.\" \/>\n<meta property=\"og:url\" content=\"https:\/\/www.noticiasradioreflejos.com.ar\/2021\/murio-de-coronavirus-el-tenor-que-cantaba-desde-su-balcon-en-almagro\/\" \/>\n<meta property=\"og:site_name\" content=\"Noticias Radio Reflejos\" \/>\n<meta property=\"article:published_time\" content=\"2021-05-17T11:17:03+00:00\" \/>\n<meta property=\"article:modified_time\" content=\"2021-05-17T11:18:20+00:00\" \/>\n<meta property=\"og:image\" content=\"https:\/\/www.telam.com.ar\/advf\/imagenes\/2021\/05\/60a16b4eb558e_1004x565.jpg\" \/>\n<meta name=\"author\" content=\"Arnaldo Botto\" \/>\n<meta name=\"twitter:card\" content=\"summary_large_image\" \/>\n<script type=\"application\/ld+json\" class=\"yoast-schema-graph\">{\"@context\":\"https:\/\/schema.org\",\"@graph\":[{\"@type\":\"WebPage\",\"@id\":\"https:\/\/www.noticiasradioreflejos.com.ar\/2021\/murio-de-coronavirus-el-tenor-que-cantaba-desde-su-balcon-en-almagro\/\",\"url\":\"https:\/\/www.noticiasradioreflejos.com.ar\/2021\/murio-de-coronavirus-el-tenor-que-cantaba-desde-su-balcon-en-almagro\/\",\"name\":\"Muri\u00f3 de coronavirus el tenor que cantaba desde su balc\u00f3n en Almagro - Noticias Radio Reflejos\",\"isPartOf\":{\"@id\":\"https:\/\/www.noticiasradioreflejos.com.ar\/2021\/#website\"},\"primaryImageOfPage\":{\"@id\":\"https:\/\/www.noticiasradioreflejos.com.ar\/2021\/murio-de-coronavirus-el-tenor-que-cantaba-desde-su-balcon-en-almagro\/#primaryimage\"},\"image\":{\"@id\":\"https:\/\/www.noticiasradioreflejos.com.ar\/2021\/murio-de-coronavirus-el-tenor-que-cantaba-desde-su-balcon-en-almagro\/#primaryimage\"},\"thumbnailUrl\":\"https:\/\/www.telam.com.ar\/advf\/imagenes\/2021\/05\/60a16b4eb558e_1004x565.jpg\",\"datePublished\":\"2021-05-17T11:17:03+00:00\",\"dateModified\":\"2021-05-17T11:18:20+00:00\",\"author\":{\"@id\":\"https:\/\/www.noticiasradioreflejos.com.ar\/2021\/#\/schema\/person\/ad82545263dcc5ec0996818884fd5fb1\"},\"breadcrumb\":{\"@id\":\"https:\/\/www.noticiasradioreflejos.com.ar\/2021\/murio-de-coronavirus-el-tenor-que-cantaba-desde-su-balcon-en-almagro\/#breadcrumb\"},\"inLanguage\":\"es\",\"potentialAction\":[{\"@type\":\"ReadAction\",\"target\":[\"https:\/\/www.noticiasradioreflejos.com.ar\/2021\/murio-de-coronavirus-el-tenor-que-cantaba-desde-su-balcon-en-almagro\/\"]}]},{\"@type\":\"ImageObject\",\"inLanguage\":\"es\",\"@id\":\"https:\/\/www.noticiasradioreflejos.com.ar\/2021\/murio-de-coronavirus-el-tenor-que-cantaba-desde-su-balcon-en-almagro\/#primaryimage\",\"url\":\"https:\/\/www.telam.com.ar\/advf\/imagenes\/2021\/05\/60a16b4eb558e_1004x565.jpg\",\"contentUrl\":\"https:\/\/www.telam.com.ar\/advf\/imagenes\/2021\/05\/60a16b4eb558e_1004x565.jpg\"},{\"@type\":\"BreadcrumbList\",\"@id\":\"https:\/\/www.noticiasradioreflejos.com.ar\/2021\/murio-de-coronavirus-el-tenor-que-cantaba-desde-su-balcon-en-almagro\/#breadcrumb\",\"itemListElement\":[{\"@type\":\"ListItem\",\"position\":1,\"name\":\"Portada\",\"item\":\"https:\/\/www.noticiasradioreflejos.com.ar\/2021\/\"},{\"@type\":\"ListItem\",\"position\":2,\"name\":\"Muri\u00f3 de coronavirus el tenor que cantaba desde su balc\u00f3n en Almagro\"}]},{\"@type\":\"WebSite\",\"@id\":\"https:\/\/www.noticiasradioreflejos.com.ar\/2021\/#website\",\"url\":\"https:\/\/www.noticiasradioreflejos.com.ar\/2021\/\",\"name\":\"Noticias Radio Reflejos\",\"description\":\"Las noticias de mi comarca\",\"potentialAction\":[{\"@type\":\"SearchAction\",\"target\":{\"@type\":\"EntryPoint\",\"urlTemplate\":\"https:\/\/www.noticiasradioreflejos.com.ar\/2021\/?s={search_term_string}\"},\"query-input\":{\"@type\":\"PropertyValueSpecification\",\"valueRequired\":true,\"valueName\":\"search_term_string\"}}],\"inLanguage\":\"es\"},{\"@type\":\"Person\",\"@id\":\"https:\/\/www.noticiasradioreflejos.com.ar\/2021\/#\/schema\/person\/ad82545263dcc5ec0996818884fd5fb1\",\"name\":\"Arnaldo Botto\",\"image\":{\"@type\":\"ImageObject\",\"inLanguage\":\"es\",\"@id\":\"https:\/\/www.noticiasradioreflejos.com.ar\/2021\/#\/schema\/person\/image\/\",\"url\":\"https:\/\/secure.gravatar.com\/avatar\/55cb5e37c1efa326397366e6974cb338056df65cb50e7d64d1cf314e87504837?s=96&d=mm&r=g\",\"contentUrl\":\"https:\/\/secure.gravatar.com\/avatar\/55cb5e37c1efa326397366e6974cb338056df65cb50e7d64d1cf314e87504837?s=96&d=mm&r=g\",\"caption\":\"Arnaldo Botto\"},\"url\":\"https:\/\/www.noticiasradioreflejos.com.ar\/2021\/author\/arnaldo\/\"}]}<\/script>\n<!-- \/ Yoast SEO plugin. -->","yoast_head_json":{"title":"Muri\u00f3 de coronavirus el tenor que cantaba desde su balc\u00f3n en Almagro - Noticias Radio Reflejos","robots":{"index":"index","follow":"follow","max-snippet":"max-snippet:-1","max-image-preview":"max-image-preview:large","max-video-preview":"max-video-preview:-1"},"canonical":"https:\/\/www.noticiasradioreflejos.com.ar\/2021\/murio-de-coronavirus-el-tenor-que-cantaba-desde-su-balcon-en-almagro\/","og_locale":"es_ES","og_type":"article","og_title":"Muri\u00f3 de coronavirus el tenor que cantaba desde su balc\u00f3n en Almagro - Noticias Radio Reflejos","og_description":"El cantor, quien al inicio de la pandemia cantaba desde su balc\u00f3n y era conocido como \u201cel tenor de los balcones\u201d, fue despedido con un gran aplauso por los vecinos de su barrio.","og_url":"https:\/\/www.noticiasradioreflejos.com.ar\/2021\/murio-de-coronavirus-el-tenor-que-cantaba-desde-su-balcon-en-almagro\/","og_site_name":"Noticias Radio Reflejos","article_published_time":"2021-05-17T11:17:03+00:00","article_modified_time":"2021-05-17T11:18:20+00:00","og_image":[{"url":"https:\/\/www.telam.com.ar\/advf\/imagenes\/2021\/05\/60a16b4eb558e_1004x565.jpg","type":"","width":"","height":""}],"author":"Arnaldo Botto","twitter_card":"summary_large_image","schema":{"@context":"https:\/\/schema.org","@graph":[{"@type":"WebPage","@id":"https:\/\/www.noticiasradioreflejos.com.ar\/2021\/murio-de-coronavirus-el-tenor-que-cantaba-desde-su-balcon-en-almagro\/","url":"https:\/\/www.noticiasradioreflejos.com.ar\/2021\/murio-de-coronavirus-el-tenor-que-cantaba-desde-su-balcon-en-almagro\/","name":"Muri\u00f3 de coronavirus el tenor que cantaba desde su balc\u00f3n en Almagro - Noticias Radio Reflejos","isPartOf":{"@id":"https:\/\/www.noticiasradioreflejos.com.ar\/2021\/#website"},"primaryImageOfPage":{"@id":"https:\/\/www.noticiasradioreflejos.com.ar\/2021\/murio-de-coronavirus-el-tenor-que-cantaba-desde-su-balcon-en-almagro\/#primaryimage"},"image":{"@id":"https:\/\/www.noticiasradioreflejos.com.ar\/2021\/murio-de-coronavirus-el-tenor-que-cantaba-desde-su-balcon-en-almagro\/#primaryimage"},"thumbnailUrl":"https:\/\/www.telam.com.ar\/advf\/imagenes\/2021\/05\/60a16b4eb558e_1004x565.jpg","datePublished":"2021-05-17T11:17:03+00:00","dateModified":"2021-05-17T11:18:20+00:00","author":{"@id":"https:\/\/www.noticiasradioreflejos.com.ar\/2021\/#\/schema\/person\/ad82545263dcc5ec0996818884fd5fb1"},"breadcrumb":{"@id":"https:\/\/www.noticiasradioreflejos.com.ar\/2021\/murio-de-coronavirus-el-tenor-que-cantaba-desde-su-balcon-en-almagro\/#breadcrumb"},"inLanguage":"es","potentialAction":[{"@type":"ReadAction","target":["https:\/\/www.noticiasradioreflejos.com.ar\/2021\/murio-de-coronavirus-el-tenor-que-cantaba-desde-su-balcon-en-almagro\/"]}]},{"@type":"ImageObject","inLanguage":"es","@id":"https:\/\/www.noticiasradioreflejos.com.ar\/2021\/murio-de-coronavirus-el-tenor-que-cantaba-desde-su-balcon-en-almagro\/#primaryimage","url":"https:\/\/www.telam.com.ar\/advf\/imagenes\/2021\/05\/60a16b4eb558e_1004x565.jpg","contentUrl":"https:\/\/www.telam.com.ar\/advf\/imagenes\/2021\/05\/60a16b4eb558e_1004x565.jpg"},{"@type":"BreadcrumbList","@id":"https:\/\/www.noticiasradioreflejos.com.ar\/2021\/murio-de-coronavirus-el-tenor-que-cantaba-desde-su-balcon-en-almagro\/#breadcrumb","itemListElement":[{"@type":"ListItem","position":1,"name":"Portada","item":"https:\/\/www.noticiasradioreflejos.com.ar\/2021\/"},{"@type":"ListItem","position":2,"name":"Muri\u00f3 de coronavirus el tenor que cantaba desde su balc\u00f3n en Almagro"}]},{"@type":"WebSite","@id":"https:\/\/www.noticiasradioreflejos.com.ar\/2021\/#website","url":"https:\/\/www.noticiasradioreflejos.com.ar\/2021\/","name":"Noticias Radio Reflejos","description":"Las noticias de mi comarca","potentialAction":[{"@type":"SearchAction","target":{"@type":"EntryPoint","urlTemplate":"https:\/\/www.noticiasradioreflejos.com.ar\/2021\/?s={search_term_string}"},"query-input":{"@type":"PropertyValueSpecification","valueRequired":true,"valueName":"search_term_string"}}],"inLanguage":"es"},{"@type":"Person","@id":"https:\/\/www.noticiasradioreflejos.com.ar\/2021\/#\/schema\/person\/ad82545263dcc5ec0996818884fd5fb1","name":"Arnaldo Botto","image":{"@type":"ImageObject","inLanguage":"es","@id":"https:\/\/www.noticiasradioreflejos.com.ar\/2021\/#\/schema\/person\/image\/","url":"https:\/\/secure.gravatar.com\/avatar\/55cb5e37c1efa326397366e6974cb338056df65cb50e7d64d1cf314e87504837?s=96&d=mm&r=g","contentUrl":"https:\/\/secure.gravatar.com\/avatar\/55cb5e37c1efa326397366e6974cb338056df65cb50e7d64d1cf314e87504837?s=96&d=mm&r=g","caption":"Arnaldo Botto"},"url":"https:\/\/www.noticiasradioreflejos.com.ar\/2021\/author\/arnaldo\/"}]}},"_links":{"self":[{"href":"https:\/\/www.noticiasradioreflejos.com.ar\/2021\/wp-json\/wp\/v2\/posts\/56950","targetHints":{"allow":["GET"]}}],"collection":[{"href":"https:\/\/www.noticiasradioreflejos.com.ar\/2021\/wp-json\/wp\/v2\/posts"}],"about":[{"href":"https:\/\/www.noticiasradioreflejos.com.ar\/2021\/wp-json\/wp\/v2\/types\/post"}],"author":[{"embeddable":true,"href":"https:\/\/www.noticiasradioreflejos.com.ar\/2021\/wp-json\/wp\/v2\/users\/3"}],"replies":[{"embeddable":true,"href":"https:\/\/www.noticiasradioreflejos.com.ar\/2021\/wp-json\/wp\/v2\/comments?post=56950"}],"version-history":[{"count":1,"href":"https:\/\/www.noticiasradioreflejos.com.ar\/2021\/wp-json\/wp\/v2\/posts\/56950\/revisions"}],"predecessor-version":[{"id":56951,"href":"https:\/\/www.noticiasradioreflejos.com.ar\/2021\/wp-json\/wp\/v2\/posts\/56950\/revisions\/56951"}],"wp:attachment":[{"href":"https:\/\/www.noticiasradioreflejos.com.ar\/2021\/wp-json\/wp\/v2\/media?parent=56950"}],"wp:term":[{"taxonomy":"category","embeddable":true,"href":"https:\/\/www.noticiasradioreflejos.com.ar\/2021\/wp-json\/wp\/v2\/categories?post=56950"},{"taxonomy":"post_tag","embeddable":true,"href":"https:\/\/www.noticiasradioreflejos.com.ar\/2021\/wp-json\/wp\/v2\/tags?post=56950"}],"curies":[{"name":"wp","href":"https:\/\/api.w.org\/{rel}","templated":true}]}}