{"id":56938,"date":"2021-05-15T21:13:44","date_gmt":"2021-05-15T21:13:44","guid":{"rendered":"http:\/\/www.noticiasradioreflejos.com.ar\/2021\/?p=56938"},"modified":"2021-05-15T21:19:18","modified_gmt":"2021-05-15T21:19:18","slug":"chupacabras-o-raton-aparecio-un-vacuno-mutilado-en-un-campo-de-tornquist","status":"publish","type":"post","link":"https:\/\/www.noticiasradioreflejos.com.ar\/2021\/chupacabras-o-raton-aparecio-un-vacuno-mutilado-en-un-campo-de-tornquist\/","title":{"rendered":"Chupacabras o rat\u00f3n? : Apareci\u00f3 un vacuno mutilado en un campo de Tornquist"},"content":{"rendered":"<p>En el establecimiento de Domingo Bilbao cercano a la ciudad por Ruta Nacional 33. El ternero de unos 200 kilos presenta mutilaciones en su cabeza.<!--more--><\/p>\n<p>Este viernes por la tarde, en el establecimiento rural, propiedad de Domingo Bilbao por ruta nacional 33 a pocos kil\u00f3metros de Tornquist, apareci\u00f3 muerto un ternero de unos 200 kilos mutilado en su cabeza y a hace pensar en el famoso \u201cChupacabras\u201d o quiz\u00e1s en un rat\u00f3n, como ocurri\u00f3 en otras provincias.<\/p>\n<p>&nbsp;<\/p>\n<p>Seg\u00fan cont\u00f3 a nuestro medio el propietario del campo, el animal no fue atacado por otros, ni presenta disparos aunque se ven a la perfecci\u00f3n los cortes casi quir\u00fargicos de la quijada y lafalta de la lengua y los ojos.<\/p>\n<p>&nbsp;<\/p>\n<p>Bilbao, manifest\u00f3 que aunque ley\u00f3 mucho sobre la famosa criatura no ha escuchado casos similares en el partido aunque no descarta que hubiese ocurrido.<\/p>\n<p>&nbsp;<\/p>\n<p>El ternero se encontraba cerca del alambrado a la vera de la ruta pero nada indicar\u00eda que alguien ingres\u00f3 a robar porque se lo hubiesen llevado, afirm\u00f3.<\/p>\n<p>&nbsp;<\/p>\n<p>El sitio Info campo, realiz\u00f3 un reporte en c\u00f3rdoba(2018), la cr\u00f3nica daba cuenta de que un animal hab\u00eda aparecido con similares caracter\u00edsticas aunque Senasa determin\u00f3 que el causante de las mutilaciones era un rat\u00f3n vulgarmente conocido como \u201cel hocicudo rojizo\u201d.<\/p>\n<p>&nbsp;<\/p>\n<p>Esa vez fue en un campo situado en la localidad de Jovita. Una vaquillona apareci\u00f3 muerta con extra\u00f1os cortes en su cabeza y cuerpo. Seg\u00fan la productora, pese a que lleva varios d\u00edas sin vida, lo llamativo es que\u201cla rodean moscas y la carne no se agusana\u201d.<\/p>\n<p>&nbsp;<\/p>\n<p>A\u00f1os atr\u00e1s cuando ocurrieron muchos casos de vacas mutiladas. Desde la Universidad Nacional de R\u00edo Cuarto se comprob\u00f3 que los ejemplares ten\u00edan \u201ccortes netos en la piel\u201d por lo que se descart\u00f3 que hubieran sido producidos por predadores. Sin embargo, el Senasa, con base en un informe de la universidad de Tandil, apunt\u00f3 contra el rat\u00f3n hocicudo rojizo como el autor de las mutilaciones.<\/p>\n<p><a href=\"https:\/\/flic.kr\/p\/2kYGp1U\"><img loading=\"lazy\" decoding=\"async\" src=\"https:\/\/live.staticflickr.com\/65535\/51181076816_8dcaff603a_z.jpg\" alt=\"7e2f65063c3c4346b0309f490d594dc6-1.jpg_864\" width=\"480\" height=\"640\" \/><\/a><\/p>\n<p>Por ejemplo en la localidad de San Pablo, provincia de San Luis fueron hallados terneros mutilados en un campo. Un medio local consult\u00f3 con el presidente del Centro de Ganaderos de Tilisarao, quien le dijo que \u201cnunca vio casos similares y no logra comprender qu\u00e9 pas\u00f3\u201c.<\/p>\n<p>&nbsp;<\/p>\n<p>\u201cNo sabemos si es un chupacabras o algo que no existe. Si fuese un animal como un puma yo calcular\u00eda que podr\u00eda presentarse otra escena. No hay rastros de sangre, no hay nada\u201d, se\u00f1al\u00f3.<\/p>\n<p>&nbsp;<\/p>\n<p>Otro hallazgo se produjo en un establecimiento a 20 km de Sierra Grande, provincia de R\u00edo Negro.\u201cAl animal le faltaba la lengua, ten\u00eda cortes perfectos como de bistur\u00ed alrededor del ojo y tambi\u00e9n cauterizado. Adem\u00e1s hubo extracci\u00f3n de sus partes genitales y todo el contorno del ano, como as\u00ed tambi\u00e9n, cortes limpios en su oreja\u201d detallo un productor.<\/p>\n<p><a href=\"https:\/\/flic.kr\/p\/2kYCTAZ\"><img loading=\"lazy\" decoding=\"async\" src=\"https:\/\/live.staticflickr.com\/65535\/51180392537_12270d1b1d.jpg\" alt=\"3bdc802883244f40bd6dccdeba17701a.jpg_1152\" width=\"500\" height=\"375\" \/><\/a><\/p>\n<p>Foto: El animal que apareci\u00f3 mutilado en el campo de Domingo Bilbo<br \/>\n<img loading=\"lazy\" decoding=\"async\" src=\"http:\/\/www.noticiasradioreflejos.com.ar\/2021\/wp-content\/uploads\/2021\/05\/8a2caecf5df5406e83cf45eff07f0305.jpg_864.jpg\" alt=\"\" width=\"864\" height=\"1152\" class=\"alignnone size-full wp-image-56939\" \/><\/p>\n<p>Noticias Tornquist \u00a9 2021<\/p>\n","protected":false},"excerpt":{"rendered":"<p>En el establecimiento de Domingo Bilbao cercano a la ciudad por Ruta Nacional 33. El ternero de unos 200 kilos presenta mutilaciones en su cabeza.<\/p>\n","protected":false},"author":3,"featured_media":0,"comment_status":"closed","ping_status":"closed","sticky":false,"template":"","format":"standard","meta":{"footnotes":""},"categories":[26],"tags":[48],"class_list":["post-56938","post","type-post","status-publish","format-standard","hentry","category-sociedad","tag-destacada"],"yoast_head":"<!-- This site is optimized with the Yoast SEO plugin v25.9 - https:\/\/yoast.com\/wordpress\/plugins\/seo\/ -->\n<title>Chupacabras o rat\u00f3n? : Apareci\u00f3 un vacuno mutilado en un campo de Tornquist - Noticias Radio Reflejos<\/title>\n<meta name=\"robots\" content=\"index, follow, max-snippet:-1, max-image-preview:large, max-video-preview:-1\" \/>\n<link rel=\"canonical\" href=\"https:\/\/www.noticiasradioreflejos.com.ar\/2021\/chupacabras-o-raton-aparecio-un-vacuno-mutilado-en-un-campo-de-tornquist\/\" \/>\n<meta property=\"og:locale\" content=\"es_ES\" \/>\n<meta property=\"og:type\" content=\"article\" \/>\n<meta property=\"og:title\" content=\"Chupacabras o rat\u00f3n? : Apareci\u00f3 un vacuno mutilado en un campo de Tornquist - Noticias Radio Reflejos\" \/>\n<meta property=\"og:description\" content=\"En el establecimiento de Domingo Bilbao cercano a la ciudad por Ruta Nacional 33. El ternero de unos 200 kilos presenta mutilaciones en su cabeza.\" \/>\n<meta property=\"og:url\" content=\"https:\/\/www.noticiasradioreflejos.com.ar\/2021\/chupacabras-o-raton-aparecio-un-vacuno-mutilado-en-un-campo-de-tornquist\/\" \/>\n<meta property=\"og:site_name\" content=\"Noticias Radio Reflejos\" \/>\n<meta property=\"article:published_time\" content=\"2021-05-15T21:13:44+00:00\" \/>\n<meta property=\"article:modified_time\" content=\"2021-05-15T21:19:18+00:00\" \/>\n<meta property=\"og:image\" content=\"http:\/\/www.noticiasradioreflejos.com.ar\/2021\/wp-content\/uploads\/2021\/05\/8a2caecf5df5406e83cf45eff07f0305.jpg_864.jpg\" \/>\n<meta name=\"author\" content=\"Arnaldo Botto\" \/>\n<meta name=\"twitter:card\" content=\"summary_large_image\" \/>\n<script type=\"application\/ld+json\" class=\"yoast-schema-graph\">{\"@context\":\"https:\/\/schema.org\",\"@graph\":[{\"@type\":\"WebPage\",\"@id\":\"https:\/\/www.noticiasradioreflejos.com.ar\/2021\/chupacabras-o-raton-aparecio-un-vacuno-mutilado-en-un-campo-de-tornquist\/\",\"url\":\"https:\/\/www.noticiasradioreflejos.com.ar\/2021\/chupacabras-o-raton-aparecio-un-vacuno-mutilado-en-un-campo-de-tornquist\/\",\"name\":\"Chupacabras o rat\u00f3n? : Apareci\u00f3 un vacuno mutilado en un campo de Tornquist - Noticias Radio Reflejos\",\"isPartOf\":{\"@id\":\"https:\/\/www.noticiasradioreflejos.com.ar\/2021\/#website\"},\"primaryImageOfPage\":{\"@id\":\"https:\/\/www.noticiasradioreflejos.com.ar\/2021\/chupacabras-o-raton-aparecio-un-vacuno-mutilado-en-un-campo-de-tornquist\/#primaryimage\"},\"image\":{\"@id\":\"https:\/\/www.noticiasradioreflejos.com.ar\/2021\/chupacabras-o-raton-aparecio-un-vacuno-mutilado-en-un-campo-de-tornquist\/#primaryimage\"},\"thumbnailUrl\":\"http:\/\/www.noticiasradioreflejos.com.ar\/2021\/wp-content\/uploads\/2021\/05\/8a2caecf5df5406e83cf45eff07f0305.jpg_864.jpg\",\"datePublished\":\"2021-05-15T21:13:44+00:00\",\"dateModified\":\"2021-05-15T21:19:18+00:00\",\"author\":{\"@id\":\"https:\/\/www.noticiasradioreflejos.com.ar\/2021\/#\/schema\/person\/ad82545263dcc5ec0996818884fd5fb1\"},\"breadcrumb\":{\"@id\":\"https:\/\/www.noticiasradioreflejos.com.ar\/2021\/chupacabras-o-raton-aparecio-un-vacuno-mutilado-en-un-campo-de-tornquist\/#breadcrumb\"},\"inLanguage\":\"es\",\"potentialAction\":[{\"@type\":\"ReadAction\",\"target\":[\"https:\/\/www.noticiasradioreflejos.com.ar\/2021\/chupacabras-o-raton-aparecio-un-vacuno-mutilado-en-un-campo-de-tornquist\/\"]}]},{\"@type\":\"ImageObject\",\"inLanguage\":\"es\",\"@id\":\"https:\/\/www.noticiasradioreflejos.com.ar\/2021\/chupacabras-o-raton-aparecio-un-vacuno-mutilado-en-un-campo-de-tornquist\/#primaryimage\",\"url\":\"\",\"contentUrl\":\"\"},{\"@type\":\"BreadcrumbList\",\"@id\":\"https:\/\/www.noticiasradioreflejos.com.ar\/2021\/chupacabras-o-raton-aparecio-un-vacuno-mutilado-en-un-campo-de-tornquist\/#breadcrumb\",\"itemListElement\":[{\"@type\":\"ListItem\",\"position\":1,\"name\":\"Portada\",\"item\":\"https:\/\/www.noticiasradioreflejos.com.ar\/2021\/\"},{\"@type\":\"ListItem\",\"position\":2,\"name\":\"Chupacabras o rat\u00f3n? : Apareci\u00f3 un vacuno mutilado en un campo de Tornquist\"}]},{\"@type\":\"WebSite\",\"@id\":\"https:\/\/www.noticiasradioreflejos.com.ar\/2021\/#website\",\"url\":\"https:\/\/www.noticiasradioreflejos.com.ar\/2021\/\",\"name\":\"Noticias Radio Reflejos\",\"description\":\"Las noticias de mi comarca\",\"potentialAction\":[{\"@type\":\"SearchAction\",\"target\":{\"@type\":\"EntryPoint\",\"urlTemplate\":\"https:\/\/www.noticiasradioreflejos.com.ar\/2021\/?s={search_term_string}\"},\"query-input\":{\"@type\":\"PropertyValueSpecification\",\"valueRequired\":true,\"valueName\":\"search_term_string\"}}],\"inLanguage\":\"es\"},{\"@type\":\"Person\",\"@id\":\"https:\/\/www.noticiasradioreflejos.com.ar\/2021\/#\/schema\/person\/ad82545263dcc5ec0996818884fd5fb1\",\"name\":\"Arnaldo Botto\",\"image\":{\"@type\":\"ImageObject\",\"inLanguage\":\"es\",\"@id\":\"https:\/\/www.noticiasradioreflejos.com.ar\/2021\/#\/schema\/person\/image\/\",\"url\":\"https:\/\/secure.gravatar.com\/avatar\/55cb5e37c1efa326397366e6974cb338056df65cb50e7d64d1cf314e87504837?s=96&d=mm&r=g\",\"contentUrl\":\"https:\/\/secure.gravatar.com\/avatar\/55cb5e37c1efa326397366e6974cb338056df65cb50e7d64d1cf314e87504837?s=96&d=mm&r=g\",\"caption\":\"Arnaldo Botto\"},\"url\":\"https:\/\/www.noticiasradioreflejos.com.ar\/2021\/author\/arnaldo\/\"}]}<\/script>\n<!-- \/ Yoast SEO plugin. -->","yoast_head_json":{"title":"Chupacabras o rat\u00f3n? : Apareci\u00f3 un vacuno mutilado en un campo de Tornquist - Noticias Radio Reflejos","robots":{"index":"index","follow":"follow","max-snippet":"max-snippet:-1","max-image-preview":"max-image-preview:large","max-video-preview":"max-video-preview:-1"},"canonical":"https:\/\/www.noticiasradioreflejos.com.ar\/2021\/chupacabras-o-raton-aparecio-un-vacuno-mutilado-en-un-campo-de-tornquist\/","og_locale":"es_ES","og_type":"article","og_title":"Chupacabras o rat\u00f3n? : Apareci\u00f3 un vacuno mutilado en un campo de Tornquist - Noticias Radio Reflejos","og_description":"En el establecimiento de Domingo Bilbao cercano a la ciudad por Ruta Nacional 33. El ternero de unos 200 kilos presenta mutilaciones en su cabeza.","og_url":"https:\/\/www.noticiasradioreflejos.com.ar\/2021\/chupacabras-o-raton-aparecio-un-vacuno-mutilado-en-un-campo-de-tornquist\/","og_site_name":"Noticias Radio Reflejos","article_published_time":"2021-05-15T21:13:44+00:00","article_modified_time":"2021-05-15T21:19:18+00:00","og_image":[{"url":"http:\/\/www.noticiasradioreflejos.com.ar\/2021\/wp-content\/uploads\/2021\/05\/8a2caecf5df5406e83cf45eff07f0305.jpg_864.jpg","type":"","width":"","height":""}],"author":"Arnaldo Botto","twitter_card":"summary_large_image","schema":{"@context":"https:\/\/schema.org","@graph":[{"@type":"WebPage","@id":"https:\/\/www.noticiasradioreflejos.com.ar\/2021\/chupacabras-o-raton-aparecio-un-vacuno-mutilado-en-un-campo-de-tornquist\/","url":"https:\/\/www.noticiasradioreflejos.com.ar\/2021\/chupacabras-o-raton-aparecio-un-vacuno-mutilado-en-un-campo-de-tornquist\/","name":"Chupacabras o rat\u00f3n? : Apareci\u00f3 un vacuno mutilado en un campo de Tornquist - Noticias Radio Reflejos","isPartOf":{"@id":"https:\/\/www.noticiasradioreflejos.com.ar\/2021\/#website"},"primaryImageOfPage":{"@id":"https:\/\/www.noticiasradioreflejos.com.ar\/2021\/chupacabras-o-raton-aparecio-un-vacuno-mutilado-en-un-campo-de-tornquist\/#primaryimage"},"image":{"@id":"https:\/\/www.noticiasradioreflejos.com.ar\/2021\/chupacabras-o-raton-aparecio-un-vacuno-mutilado-en-un-campo-de-tornquist\/#primaryimage"},"thumbnailUrl":"http:\/\/www.noticiasradioreflejos.com.ar\/2021\/wp-content\/uploads\/2021\/05\/8a2caecf5df5406e83cf45eff07f0305.jpg_864.jpg","datePublished":"2021-05-15T21:13:44+00:00","dateModified":"2021-05-15T21:19:18+00:00","author":{"@id":"https:\/\/www.noticiasradioreflejos.com.ar\/2021\/#\/schema\/person\/ad82545263dcc5ec0996818884fd5fb1"},"breadcrumb":{"@id":"https:\/\/www.noticiasradioreflejos.com.ar\/2021\/chupacabras-o-raton-aparecio-un-vacuno-mutilado-en-un-campo-de-tornquist\/#breadcrumb"},"inLanguage":"es","potentialAction":[{"@type":"ReadAction","target":["https:\/\/www.noticiasradioreflejos.com.ar\/2021\/chupacabras-o-raton-aparecio-un-vacuno-mutilado-en-un-campo-de-tornquist\/"]}]},{"@type":"ImageObject","inLanguage":"es","@id":"https:\/\/www.noticiasradioreflejos.com.ar\/2021\/chupacabras-o-raton-aparecio-un-vacuno-mutilado-en-un-campo-de-tornquist\/#primaryimage","url":"","contentUrl":""},{"@type":"BreadcrumbList","@id":"https:\/\/www.noticiasradioreflejos.com.ar\/2021\/chupacabras-o-raton-aparecio-un-vacuno-mutilado-en-un-campo-de-tornquist\/#breadcrumb","itemListElement":[{"@type":"ListItem","position":1,"name":"Portada","item":"https:\/\/www.noticiasradioreflejos.com.ar\/2021\/"},{"@type":"ListItem","position":2,"name":"Chupacabras o rat\u00f3n? : Apareci\u00f3 un vacuno mutilado en un campo de Tornquist"}]},{"@type":"WebSite","@id":"https:\/\/www.noticiasradioreflejos.com.ar\/2021\/#website","url":"https:\/\/www.noticiasradioreflejos.com.ar\/2021\/","name":"Noticias Radio Reflejos","description":"Las noticias de mi comarca","potentialAction":[{"@type":"SearchAction","target":{"@type":"EntryPoint","urlTemplate":"https:\/\/www.noticiasradioreflejos.com.ar\/2021\/?s={search_term_string}"},"query-input":{"@type":"PropertyValueSpecification","valueRequired":true,"valueName":"search_term_string"}}],"inLanguage":"es"},{"@type":"Person","@id":"https:\/\/www.noticiasradioreflejos.com.ar\/2021\/#\/schema\/person\/ad82545263dcc5ec0996818884fd5fb1","name":"Arnaldo Botto","image":{"@type":"ImageObject","inLanguage":"es","@id":"https:\/\/www.noticiasradioreflejos.com.ar\/2021\/#\/schema\/person\/image\/","url":"https:\/\/secure.gravatar.com\/avatar\/55cb5e37c1efa326397366e6974cb338056df65cb50e7d64d1cf314e87504837?s=96&d=mm&r=g","contentUrl":"https:\/\/secure.gravatar.com\/avatar\/55cb5e37c1efa326397366e6974cb338056df65cb50e7d64d1cf314e87504837?s=96&d=mm&r=g","caption":"Arnaldo Botto"},"url":"https:\/\/www.noticiasradioreflejos.com.ar\/2021\/author\/arnaldo\/"}]}},"_links":{"self":[{"href":"https:\/\/www.noticiasradioreflejos.com.ar\/2021\/wp-json\/wp\/v2\/posts\/56938","targetHints":{"allow":["GET"]}}],"collection":[{"href":"https:\/\/www.noticiasradioreflejos.com.ar\/2021\/wp-json\/wp\/v2\/posts"}],"about":[{"href":"https:\/\/www.noticiasradioreflejos.com.ar\/2021\/wp-json\/wp\/v2\/types\/post"}],"author":[{"embeddable":true,"href":"https:\/\/www.noticiasradioreflejos.com.ar\/2021\/wp-json\/wp\/v2\/users\/3"}],"replies":[{"embeddable":true,"href":"https:\/\/www.noticiasradioreflejos.com.ar\/2021\/wp-json\/wp\/v2\/comments?post=56938"}],"version-history":[{"count":1,"href":"https:\/\/www.noticiasradioreflejos.com.ar\/2021\/wp-json\/wp\/v2\/posts\/56938\/revisions"}],"predecessor-version":[{"id":56940,"href":"https:\/\/www.noticiasradioreflejos.com.ar\/2021\/wp-json\/wp\/v2\/posts\/56938\/revisions\/56940"}],"wp:attachment":[{"href":"https:\/\/www.noticiasradioreflejos.com.ar\/2021\/wp-json\/wp\/v2\/media?parent=56938"}],"wp:term":[{"taxonomy":"category","embeddable":true,"href":"https:\/\/www.noticiasradioreflejos.com.ar\/2021\/wp-json\/wp\/v2\/categories?post=56938"},{"taxonomy":"post_tag","embeddable":true,"href":"https:\/\/www.noticiasradioreflejos.com.ar\/2021\/wp-json\/wp\/v2\/tags?post=56938"}],"curies":[{"name":"wp","href":"https:\/\/api.w.org\/{rel}","templated":true}]}}